{"id":288,"date":"2022-06-29T19:12:10","date_gmt":"2022-06-29T19:12:10","guid":{"rendered":"https:\/\/lepoint-actu.tg\/?p=288"},"modified":"2022-06-29T19:12:10","modified_gmt":"2022-06-29T19:12:10","slug":"togo-les-membres-de-la-ceni-outilles-sur-le-processus-de-decentralisation","status":"publish","type":"post","link":"https:\/\/lepoint-actu.tg\/index.php\/2022\/06\/29\/togo-les-membres-de-la-ceni-outilles-sur-le-processus-de-decentralisation\/","title":{"rendered":"Togo: Les membres de la CENI outill\u00e9s sur le processus de d\u00e9centralisation"},"content":{"rendered":"\n<p><\/p>\n\n\n\n<p>\u00ab R\u00f4le et responsabilit\u00e9 de la CENI dans le processus de d\u00e9centralisation\u00bb. C&rsquo;est le th\u00e8me objet d&rsquo;un atelier de renforcement de capacit\u00e9s des nouveaux membres de la Commission \u00e9lectorale nationale ind\u00e9pendante(CENI). Ouverte par le minist\u00e8re de l&rsquo;administration territoriale le 28 juin 2022, cette assise de quatre jours (28 juin au 1er juillet 2022) \u00e0 Atakpam\u00e9 est l&rsquo;occasion pour les nouveaux membres de l&rsquo;institution en charge des \u00e9lections de se ressourcer sur leur r\u00f4le et responsabilit\u00e9.<\/p>\n\n\n\n<p>En effet, \u00e9lus le 04 avril 2022, les membres de la CENI ont la lourde mission d\u2019organiser et de superviser les \u00e9lections \u00e0 venir, notamment l\u2019\u00e9lection des conseillers r\u00e9gionaux.<\/p>\n\n\n\n<p>\u00ab La s\u00e9curisation des \u00e9lections \u00bb, \u00ab La CENI : missions, composition, organisation et fonctionnement \u00bb, \u00ab Le travail en \u00e9quipe au sein de la CENI \u00bb, \u00ab \u00c9lections r\u00e9gionales 2023 et perspectives \u00bb, \u00ab Les fondamentaux juridiques du contentieux \u00e9lectoral \u00bb, \u00ab Les proc\u00e9dures comptables et financi\u00e8res de la CENI \u00bb, \u00ab Le cycle \u00e9lectoral \u00bb, \u00ab D\u00e9fi de la logistique et s\u00e9curisation des op\u00e9rations \u00e9lectorales \u00bb sont, entre autres, les th\u00e9matiques qui seront pr\u00e9sent\u00e9es au cours de cet atelier d&rsquo;Atakpam\u00e9.<\/p>\n\n\n\n<p>Pour Aw\u00e9d\u00e9ou Tchass\u00e9, repr\u00e9sentant du ministre d&rsquo;\u00c9tat, ministre en charge de l&rsquo;administration territoriale, cette formation est importante car elle aura le m\u00e9rite de situer davantage les nouveaux membres de la CENI sur les missions qui les incombent \u00e0 une p\u00e9riode aussi capitale de l&rsquo;histoire du pays.<\/p>\n\n\n\n<p>Les diff\u00e9rentes th\u00e9matiques seront pr\u00e9sent\u00e9es par d\u2019\u00e9minentes t\u00eates grises, notamment Yempab Nam-Tchougouli, membre de la Cour constitutionnelle, Ouro-Bossi Tchacondoh, pr\u00e9sident du Centre d\u2019observation et de promotion de l\u2019Etat de droit (COPED), Edouard Logozo, expert logistique et finances aupr\u00e8s de la CENI, entre autres.<\/p>\n\n\n\n<p>Le pr\u00e9sident de la CENI, Dago Yabr\u00e9, a, au d\u00e9but des travaux, invit\u00e9 ses coll\u00e8gues \u00e0 l\u2019assiduit\u00e9.<\/p>\n\n\n\n<p>La c\u00e9r\u00e9monie d\u2019ouverture des travaux a connu la pr\u00e9sence du pr\u00e9fet de l&rsquo;Ogou, du secr\u00e9taire g\u00e9n\u00e9ral de la commune Ogou 1, repr\u00e9sentant le Maire de ladite commune.<\/p>\n\n\n\n<p><strong><em>La r\u00e9daction avec cellule communication CENI<\/em><\/strong><\/p>\n","protected":false},"excerpt":{"rendered":"<p>\u00ab R\u00f4le et responsabilit\u00e9 de la CENI dans le processus de d\u00e9centralisation\u00bb. C&rsquo;est le th\u00e8me objet d&rsquo;un atelier de renforcement<\/p>\n","protected":false},"author":2,"featured_media":289,"comment_status":"open","ping_status":"closed","sticky":false,"template":"","format":"standard","meta":{"footnotes":""},"categories":[3],"tags":[],"class_list":["post-288","post","type-post","status-publish","format-standard","has-post-thumbnail","hentry","category-politique"],"yoast_head":"<!-- This site is optimized with the Yoast SEO plugin v23.9 - https:\/\/yoast.com\/wordpress\/plugins\/seo\/ -->\n<title>Togo: Les membres de la CENI outill\u00e9s sur le processus de d\u00e9centralisation -<\/title>\n<meta name=\"robots\" content=\"index, follow, max-snippet:-1, max-image-preview:large, max-video-preview:-1\" \/>\n<link rel=\"canonical\" href=\"https:\/\/lepoint-actu.tg\/index.php\/2022\/06\/29\/togo-les-membres-de-la-ceni-outilles-sur-le-processus-de-decentralisation\/\" \/>\n<meta property=\"og:locale\" content=\"fr_FR\" \/>\n<meta property=\"og:type\" content=\"article\" \/>\n<meta property=\"og:title\" content=\"Togo: Les membres de la CENI outill\u00e9s sur le processus de d\u00e9centralisation -\" \/>\n<meta property=\"og:description\" content=\"\u00ab R\u00f4le et responsabilit\u00e9 de la CENI dans le processus de d\u00e9centralisation\u00bb. C&rsquo;est le th\u00e8me objet d&rsquo;un atelier de renforcement\" \/>\n<meta property=\"og:url\" content=\"https:\/\/lepoint-actu.tg\/index.php\/2022\/06\/29\/togo-les-membres-de-la-ceni-outilles-sur-le-processus-de-decentralisation\/\" \/>\n<meta property=\"article:published_time\" content=\"2022-06-29T19:12:10+00:00\" \/>\n<meta property=\"og:image\" content=\"https:\/\/lepoint-actu.tg\/wp-content\/uploads\/2022\/06\/CENI_Formation_Atakpame.jpg\" \/>\n\t<meta property=\"og:image:width\" content=\"454\" \/>\n\t<meta property=\"og:image:height\" content=\"115\" \/>\n\t<meta property=\"og:image:type\" content=\"image\/jpeg\" \/>\n<meta name=\"author\" content=\"La Redaction\" \/>\n<meta name=\"twitter:card\" content=\"summary_large_image\" \/>\n<meta name=\"twitter:label1\" content=\"\u00c9crit par\" \/>\n\t<meta name=\"twitter:data1\" content=\"La Redaction\" \/>\n\t<meta name=\"twitter:label2\" content=\"Dur\u00e9e de lecture estim\u00e9e\" \/>\n\t<meta name=\"twitter:data2\" content=\"2 minutes\" \/>\n<script type=\"application\/ld+json\" class=\"yoast-schema-graph\">{\"@context\":\"https:\/\/schema.org\",\"@graph\":[{\"@type\":\"WebPage\",\"@id\":\"https:\/\/lepoint-actu.tg\/index.php\/2022\/06\/29\/togo-les-membres-de-la-ceni-outilles-sur-le-processus-de-decentralisation\/\",\"url\":\"https:\/\/lepoint-actu.tg\/index.php\/2022\/06\/29\/togo-les-membres-de-la-ceni-outilles-sur-le-processus-de-decentralisation\/\",\"name\":\"Togo: Les membres de la CENI outill\u00e9s sur le processus de d\u00e9centralisation -\",\"isPartOf\":{\"@id\":\"https:\/\/lepoint-actu.tg\/#website\"},\"primaryImageOfPage\":{\"@id\":\"https:\/\/lepoint-actu.tg\/index.php\/2022\/06\/29\/togo-les-membres-de-la-ceni-outilles-sur-le-processus-de-decentralisation\/#primaryimage\"},\"image\":{\"@id\":\"https:\/\/lepoint-actu.tg\/index.php\/2022\/06\/29\/togo-les-membres-de-la-ceni-outilles-sur-le-processus-de-decentralisation\/#primaryimage\"},\"thumbnailUrl\":\"https:\/\/lepoint-actu.tg\/wp-content\/uploads\/2022\/06\/CENI_Formation_Atakpame.jpg\",\"datePublished\":\"2022-06-29T19:12:10+00:00\",\"dateModified\":\"2022-06-29T19:12:10+00:00\",\"author\":{\"@id\":\"https:\/\/lepoint-actu.tg\/#\/schema\/person\/e4026d66cbdc205cab83e169ab7eaca1\"},\"breadcrumb\":{\"@id\":\"https:\/\/lepoint-actu.tg\/index.php\/2022\/06\/29\/togo-les-membres-de-la-ceni-outilles-sur-le-processus-de-decentralisation\/#breadcrumb\"},\"inLanguage\":\"fr-FR\",\"potentialAction\":[{\"@type\":\"ReadAction\",\"target\":[\"https:\/\/lepoint-actu.tg\/index.php\/2022\/06\/29\/togo-les-membres-de-la-ceni-outilles-sur-le-processus-de-decentralisation\/\"]}]},{\"@type\":\"ImageObject\",\"inLanguage\":\"fr-FR\",\"@id\":\"https:\/\/lepoint-actu.tg\/index.php\/2022\/06\/29\/togo-les-membres-de-la-ceni-outilles-sur-le-processus-de-decentralisation\/#primaryimage\",\"url\":\"https:\/\/lepoint-actu.tg\/wp-content\/uploads\/2022\/06\/CENI_Formation_Atakpame.jpg\",\"contentUrl\":\"https:\/\/lepoint-actu.tg\/wp-content\/uploads\/2022\/06\/CENI_Formation_Atakpame.jpg\",\"width\":454,\"height\":115},{\"@type\":\"BreadcrumbList\",\"@id\":\"https:\/\/lepoint-actu.tg\/index.php\/2022\/06\/29\/togo-les-membres-de-la-ceni-outilles-sur-le-processus-de-decentralisation\/#breadcrumb\",\"itemListElement\":[{\"@type\":\"ListItem\",\"position\":1,\"name\":\"Accueil\",\"item\":\"https:\/\/lepoint-actu.tg\/\"},{\"@type\":\"ListItem\",\"position\":2,\"name\":\"Togo: Les membres de la CENI outill\u00e9s sur le processus de d\u00e9centralisation\"}]},{\"@type\":\"WebSite\",\"@id\":\"https:\/\/lepoint-actu.tg\/#website\",\"url\":\"https:\/\/lepoint-actu.tg\/\",\"name\":\"\",\"description\":\"R\u00e9c\u00e9piss\u00e9 N\u00b00022\/HAAC\/12-2020\/pL\/P, lepointactu07@gmail.com\",\"potentialAction\":[{\"@type\":\"SearchAction\",\"target\":{\"@type\":\"EntryPoint\",\"urlTemplate\":\"https:\/\/lepoint-actu.tg\/?s={search_term_string}\"},\"query-input\":{\"@type\":\"PropertyValueSpecification\",\"valueRequired\":true,\"valueName\":\"search_term_string\"}}],\"inLanguage\":\"fr-FR\"},{\"@type\":\"Person\",\"@id\":\"https:\/\/lepoint-actu.tg\/#\/schema\/person\/e4026d66cbdc205cab83e169ab7eaca1\",\"name\":\"La Redaction\",\"image\":{\"@type\":\"ImageObject\",\"inLanguage\":\"fr-FR\",\"@id\":\"https:\/\/lepoint-actu.tg\/#\/schema\/person\/image\/\",\"url\":\"https:\/\/secure.gravatar.com\/avatar\/1682a0ff7e2c36efa51c5d262eea092000ec1ce420118e6261440956730308c2?s=96&d=mm&r=g\",\"contentUrl\":\"https:\/\/secure.gravatar.com\/avatar\/1682a0ff7e2c36efa51c5d262eea092000ec1ce420118e6261440956730308c2?s=96&d=mm&r=g\",\"caption\":\"La Redaction\"},\"url\":\"https:\/\/lepoint-actu.tg\/index.php\/author\/raymondsama\/\"}]}<\/script>\n<!-- \/ Yoast SEO plugin. -->","yoast_head_json":{"title":"Togo: Les membres de la CENI outill\u00e9s sur le processus de d\u00e9centralisation -","robots":{"index":"index","follow":"follow","max-snippet":"max-snippet:-1","max-image-preview":"max-image-preview:large","max-video-preview":"max-video-preview:-1"},"canonical":"https:\/\/lepoint-actu.tg\/index.php\/2022\/06\/29\/togo-les-membres-de-la-ceni-outilles-sur-le-processus-de-decentralisation\/","og_locale":"fr_FR","og_type":"article","og_title":"Togo: Les membres de la CENI outill\u00e9s sur le processus de d\u00e9centralisation -","og_description":"\u00ab R\u00f4le et responsabilit\u00e9 de la CENI dans le processus de d\u00e9centralisation\u00bb. C&rsquo;est le th\u00e8me objet d&rsquo;un atelier de renforcement","og_url":"https:\/\/lepoint-actu.tg\/index.php\/2022\/06\/29\/togo-les-membres-de-la-ceni-outilles-sur-le-processus-de-decentralisation\/","article_published_time":"2022-06-29T19:12:10+00:00","og_image":[{"width":454,"height":115,"url":"https:\/\/lepoint-actu.tg\/wp-content\/uploads\/2022\/06\/CENI_Formation_Atakpame.jpg","type":"image\/jpeg"}],"author":"La Redaction","twitter_card":"summary_large_image","twitter_misc":{"\u00c9crit par":"La Redaction","Dur\u00e9e de lecture estim\u00e9e":"2 minutes"},"schema":{"@context":"https:\/\/schema.org","@graph":[{"@type":"WebPage","@id":"https:\/\/lepoint-actu.tg\/index.php\/2022\/06\/29\/togo-les-membres-de-la-ceni-outilles-sur-le-processus-de-decentralisation\/","url":"https:\/\/lepoint-actu.tg\/index.php\/2022\/06\/29\/togo-les-membres-de-la-ceni-outilles-sur-le-processus-de-decentralisation\/","name":"Togo: Les membres de la CENI outill\u00e9s sur le processus de d\u00e9centralisation -","isPartOf":{"@id":"https:\/\/lepoint-actu.tg\/#website"},"primaryImageOfPage":{"@id":"https:\/\/lepoint-actu.tg\/index.php\/2022\/06\/29\/togo-les-membres-de-la-ceni-outilles-sur-le-processus-de-decentralisation\/#primaryimage"},"image":{"@id":"https:\/\/lepoint-actu.tg\/index.php\/2022\/06\/29\/togo-les-membres-de-la-ceni-outilles-sur-le-processus-de-decentralisation\/#primaryimage"},"thumbnailUrl":"https:\/\/lepoint-actu.tg\/wp-content\/uploads\/2022\/06\/CENI_Formation_Atakpame.jpg","datePublished":"2022-06-29T19:12:10+00:00","dateModified":"2022-06-29T19:12:10+00:00","author":{"@id":"https:\/\/lepoint-actu.tg\/#\/schema\/person\/e4026d66cbdc205cab83e169ab7eaca1"},"breadcrumb":{"@id":"https:\/\/lepoint-actu.tg\/index.php\/2022\/06\/29\/togo-les-membres-de-la-ceni-outilles-sur-le-processus-de-decentralisation\/#breadcrumb"},"inLanguage":"fr-FR","potentialAction":[{"@type":"ReadAction","target":["https:\/\/lepoint-actu.tg\/index.php\/2022\/06\/29\/togo-les-membres-de-la-ceni-outilles-sur-le-processus-de-decentralisation\/"]}]},{"@type":"ImageObject","inLanguage":"fr-FR","@id":"https:\/\/lepoint-actu.tg\/index.php\/2022\/06\/29\/togo-les-membres-de-la-ceni-outilles-sur-le-processus-de-decentralisation\/#primaryimage","url":"https:\/\/lepoint-actu.tg\/wp-content\/uploads\/2022\/06\/CENI_Formation_Atakpame.jpg","contentUrl":"https:\/\/lepoint-actu.tg\/wp-content\/uploads\/2022\/06\/CENI_Formation_Atakpame.jpg","width":454,"height":115},{"@type":"BreadcrumbList","@id":"https:\/\/lepoint-actu.tg\/index.php\/2022\/06\/29\/togo-les-membres-de-la-ceni-outilles-sur-le-processus-de-decentralisation\/#breadcrumb","itemListElement":[{"@type":"ListItem","position":1,"name":"Accueil","item":"https:\/\/lepoint-actu.tg\/"},{"@type":"ListItem","position":2,"name":"Togo: Les membres de la CENI outill\u00e9s sur le processus de d\u00e9centralisation"}]},{"@type":"WebSite","@id":"https:\/\/lepoint-actu.tg\/#website","url":"https:\/\/lepoint-actu.tg\/","name":"","description":"R\u00e9c\u00e9piss\u00e9 N\u00b00022\/HAAC\/12-2020\/pL\/P, lepointactu07@gmail.com","potentialAction":[{"@type":"SearchAction","target":{"@type":"EntryPoint","urlTemplate":"https:\/\/lepoint-actu.tg\/?s={search_term_string}"},"query-input":{"@type":"PropertyValueSpecification","valueRequired":true,"valueName":"search_term_string"}}],"inLanguage":"fr-FR"},{"@type":"Person","@id":"https:\/\/lepoint-actu.tg\/#\/schema\/person\/e4026d66cbdc205cab83e169ab7eaca1","name":"La Redaction","image":{"@type":"ImageObject","inLanguage":"fr-FR","@id":"https:\/\/lepoint-actu.tg\/#\/schema\/person\/image\/","url":"https:\/\/secure.gravatar.com\/avatar\/1682a0ff7e2c36efa51c5d262eea092000ec1ce420118e6261440956730308c2?s=96&d=mm&r=g","contentUrl":"https:\/\/secure.gravatar.com\/avatar\/1682a0ff7e2c36efa51c5d262eea092000ec1ce420118e6261440956730308c2?s=96&d=mm&r=g","caption":"La Redaction"},"url":"https:\/\/lepoint-actu.tg\/index.php\/author\/raymondsama\/"}]}},"_links":{"self":[{"href":"https:\/\/lepoint-actu.tg\/index.php\/wp-json\/wp\/v2\/posts\/288","targetHints":{"allow":["GET"]}}],"collection":[{"href":"https:\/\/lepoint-actu.tg\/index.php\/wp-json\/wp\/v2\/posts"}],"about":[{"href":"https:\/\/lepoint-actu.tg\/index.php\/wp-json\/wp\/v2\/types\/post"}],"author":[{"embeddable":true,"href":"https:\/\/lepoint-actu.tg\/index.php\/wp-json\/wp\/v2\/users\/2"}],"replies":[{"embeddable":true,"href":"https:\/\/lepoint-actu.tg\/index.php\/wp-json\/wp\/v2\/comments?post=288"}],"version-history":[{"count":1,"href":"https:\/\/lepoint-actu.tg\/index.php\/wp-json\/wp\/v2\/posts\/288\/revisions"}],"predecessor-version":[{"id":290,"href":"https:\/\/lepoint-actu.tg\/index.php\/wp-json\/wp\/v2\/posts\/288\/revisions\/290"}],"wp:featuredmedia":[{"embeddable":true,"href":"https:\/\/lepoint-actu.tg\/index.php\/wp-json\/wp\/v2\/media\/289"}],"wp:attachment":[{"href":"https:\/\/lepoint-actu.tg\/index.php\/wp-json\/wp\/v2\/media?parent=288"}],"wp:term":[{"taxonomy":"category","embeddable":true,"href":"https:\/\/lepoint-actu.tg\/index.php\/wp-json\/wp\/v2\/categories?post=288"},{"taxonomy":"post_tag","embeddable":true,"href":"https:\/\/lepoint-actu.tg\/index.php\/wp-json\/wp\/v2\/tags?post=288"}],"curies":[{"name":"wp","href":"https:\/\/api.w.org\/{rel}","templated":true}]}}