{"id":2912,"date":"2024-03-14T15:38:35","date_gmt":"2024-03-14T15:38:35","guid":{"rendered":"https:\/\/lepoint-actu.tg\/?p=2912"},"modified":"2024-03-14T15:38:37","modified_gmt":"2024-03-14T15:38:37","slug":"finance-climat-objet-dune-assise-regionale-a-lome","status":"publish","type":"post","link":"https:\/\/lepoint-actu.tg\/index.php\/2024\/03\/14\/finance-climat-objet-dune-assise-regionale-a-lome\/","title":{"rendered":"Finance Climat objet d\u2019une assise r\u00e9gionale \u00e0 Lom\u00e9"},"content":{"rendered":"\n<p><br>A Lom\u00e9, a eu lieu, du 12 au 13 mars, une rencontre r\u00e9gionale sur la finance climat. Les travaux ont \u00e9t\u00e9 ouverts par le ministre de l&rsquo;environnement et des ressources foresti\u00e8res, Foli-Bazi Katari<br>Pendant deux jours, des experts et des acteurs du domaine de la finance climat, de l\u2019environnement, se sont r\u00e9unis pour discuter de l&rsquo;acc\u00e8s \u00e0 la finance climatique dans la r\u00e9gion.<br>Cette assise qui, a pour un des objectifs de d\u00e9finir des strat\u00e9gies efficaces pour mobiliser des financements en faveur des secteurs agricoles des diff\u00e9rents pays de la r\u00e9gion, a permis aux participants, selon les informations, de renforcer les capacit\u00e9s institutionnelles des \u00c9tats membres de la Communaut\u00e9 \u00c9conomique des \u00c9tats de l&rsquo;Afrique de l&rsquo;Ouest (CEDEAO) en mati\u00e8re d&rsquo;acc\u00e8s \u00e0 la finance climatique.<br>\u00ab\u00a0Il s&rsquo;agit de r\u00e9pondre\u00a0\u00bb, renseigne la commission de la CEDEAO pour qui le financement de la lutte climatique reste une priorit\u00e9 de son agenda, \u00ab\u00a0\u00e0 des d\u00e9fis comme l&rsquo;indisponibilit\u00e9 croissante de l&rsquo;eau pour l&rsquo;agriculture et l&rsquo;\u00e9levage, ainsi que la hausse des temp\u00e9ratures, qui impactent directement les activit\u00e9s agricoles\u00a0\u00bb.<br>S\u2019agissant de la position du Togo, Foli-Bazi Katari a soulign\u00e9 l&rsquo;engagement continu du pays dans cette lutte depuis 1995, ann\u00e9e de ratification des premiers textes internationaux. Il a \u00e9galement mis en avant les efforts du pays, comme la mise en place en 2022 d&rsquo;une strat\u00e9gie visant \u00e0 renforcer son engagement en mati\u00e8re de lutte contre le changement climatique.<br>Une bonne initiative \u00e0 p\u00e9renniser\u00a0!<\/p>\n\n\n\n<p><strong><em>Ali Legrand<\/em><\/strong> <\/p>\n","protected":false},"excerpt":{"rendered":"<p>A Lom\u00e9, a eu lieu, du 12 au 13 mars, une rencontre r\u00e9gionale sur la finance climat. Les travaux ont<\/p>\n","protected":false},"author":2,"featured_media":2913,"comment_status":"open","ping_status":"closed","sticky":false,"template":"","format":"standard","meta":{"footnotes":""},"categories":[6],"tags":[],"class_list":["post-2912","post","type-post","status-publish","format-standard","has-post-thumbnail","hentry","category-environnement"],"yoast_head":"<!-- This site is optimized with the Yoast SEO plugin v23.9 - https:\/\/yoast.com\/wordpress\/plugins\/seo\/ -->\n<title>Finance Climat objet d\u2019une assise r\u00e9gionale \u00e0 Lom\u00e9 -<\/title>\n<meta name=\"robots\" content=\"index, follow, max-snippet:-1, max-image-preview:large, max-video-preview:-1\" \/>\n<link rel=\"canonical\" href=\"https:\/\/lepoint-actu.tg\/index.php\/2024\/03\/14\/finance-climat-objet-dune-assise-regionale-a-lome\/\" \/>\n<meta property=\"og:locale\" content=\"fr_FR\" \/>\n<meta property=\"og:type\" content=\"article\" \/>\n<meta property=\"og:title\" content=\"Finance Climat objet d\u2019une assise r\u00e9gionale \u00e0 Lom\u00e9 -\" \/>\n<meta property=\"og:description\" content=\"A Lom\u00e9, a eu lieu, du 12 au 13 mars, une rencontre r\u00e9gionale sur la finance climat. Les travaux ont\" \/>\n<meta property=\"og:url\" content=\"https:\/\/lepoint-actu.tg\/index.php\/2024\/03\/14\/finance-climat-objet-dune-assise-regionale-a-lome\/\" \/>\n<meta property=\"article:published_time\" content=\"2024-03-14T15:38:35+00:00\" \/>\n<meta property=\"article:modified_time\" content=\"2024-03-14T15:38:37+00:00\" \/>\n<meta property=\"og:image\" content=\"https:\/\/lepoint-actu.tg\/wp-content\/uploads\/2024\/03\/finance-climat.jpg\" \/>\n\t<meta property=\"og:image:width\" content=\"826\" \/>\n\t<meta property=\"og:image:height\" content=\"550\" \/>\n\t<meta property=\"og:image:type\" content=\"image\/jpeg\" \/>\n<meta name=\"author\" content=\"La Redaction\" \/>\n<meta name=\"twitter:card\" content=\"summary_large_image\" \/>\n<meta name=\"twitter:label1\" content=\"\u00c9crit par\" \/>\n\t<meta name=\"twitter:data1\" content=\"La Redaction\" \/>\n\t<meta name=\"twitter:label2\" content=\"Dur\u00e9e de lecture estim\u00e9e\" \/>\n\t<meta name=\"twitter:data2\" content=\"1 minute\" \/>\n<script type=\"application\/ld+json\" class=\"yoast-schema-graph\">{\"@context\":\"https:\/\/schema.org\",\"@graph\":[{\"@type\":\"WebPage\",\"@id\":\"https:\/\/lepoint-actu.tg\/index.php\/2024\/03\/14\/finance-climat-objet-dune-assise-regionale-a-lome\/\",\"url\":\"https:\/\/lepoint-actu.tg\/index.php\/2024\/03\/14\/finance-climat-objet-dune-assise-regionale-a-lome\/\",\"name\":\"Finance Climat objet d\u2019une assise r\u00e9gionale \u00e0 Lom\u00e9 -\",\"isPartOf\":{\"@id\":\"https:\/\/lepoint-actu.tg\/#website\"},\"primaryImageOfPage\":{\"@id\":\"https:\/\/lepoint-actu.tg\/index.php\/2024\/03\/14\/finance-climat-objet-dune-assise-regionale-a-lome\/#primaryimage\"},\"image\":{\"@id\":\"https:\/\/lepoint-actu.tg\/index.php\/2024\/03\/14\/finance-climat-objet-dune-assise-regionale-a-lome\/#primaryimage\"},\"thumbnailUrl\":\"https:\/\/lepoint-actu.tg\/wp-content\/uploads\/2024\/03\/finance-climat.jpg\",\"datePublished\":\"2024-03-14T15:38:35+00:00\",\"dateModified\":\"2024-03-14T15:38:37+00:00\",\"author\":{\"@id\":\"https:\/\/lepoint-actu.tg\/#\/schema\/person\/e4026d66cbdc205cab83e169ab7eaca1\"},\"breadcrumb\":{\"@id\":\"https:\/\/lepoint-actu.tg\/index.php\/2024\/03\/14\/finance-climat-objet-dune-assise-regionale-a-lome\/#breadcrumb\"},\"inLanguage\":\"fr-FR\",\"potentialAction\":[{\"@type\":\"ReadAction\",\"target\":[\"https:\/\/lepoint-actu.tg\/index.php\/2024\/03\/14\/finance-climat-objet-dune-assise-regionale-a-lome\/\"]}]},{\"@type\":\"ImageObject\",\"inLanguage\":\"fr-FR\",\"@id\":\"https:\/\/lepoint-actu.tg\/index.php\/2024\/03\/14\/finance-climat-objet-dune-assise-regionale-a-lome\/#primaryimage\",\"url\":\"https:\/\/lepoint-actu.tg\/wp-content\/uploads\/2024\/03\/finance-climat.jpg\",\"contentUrl\":\"https:\/\/lepoint-actu.tg\/wp-content\/uploads\/2024\/03\/finance-climat.jpg\",\"width\":826,\"height\":550},{\"@type\":\"BreadcrumbList\",\"@id\":\"https:\/\/lepoint-actu.tg\/index.php\/2024\/03\/14\/finance-climat-objet-dune-assise-regionale-a-lome\/#breadcrumb\",\"itemListElement\":[{\"@type\":\"ListItem\",\"position\":1,\"name\":\"Accueil\",\"item\":\"https:\/\/lepoint-actu.tg\/\"},{\"@type\":\"ListItem\",\"position\":2,\"name\":\"Finance Climat objet d\u2019une assise r\u00e9gionale \u00e0 Lom\u00e9\"}]},{\"@type\":\"WebSite\",\"@id\":\"https:\/\/lepoint-actu.tg\/#website\",\"url\":\"https:\/\/lepoint-actu.tg\/\",\"name\":\"\",\"description\":\"R\u00e9c\u00e9piss\u00e9 N\u00b00022\/HAAC\/12-2020\/pL\/P, lepointactu07@gmail.com\",\"potentialAction\":[{\"@type\":\"SearchAction\",\"target\":{\"@type\":\"EntryPoint\",\"urlTemplate\":\"https:\/\/lepoint-actu.tg\/?s={search_term_string}\"},\"query-input\":{\"@type\":\"PropertyValueSpecification\",\"valueRequired\":true,\"valueName\":\"search_term_string\"}}],\"inLanguage\":\"fr-FR\"},{\"@type\":\"Person\",\"@id\":\"https:\/\/lepoint-actu.tg\/#\/schema\/person\/e4026d66cbdc205cab83e169ab7eaca1\",\"name\":\"La Redaction\",\"image\":{\"@type\":\"ImageObject\",\"inLanguage\":\"fr-FR\",\"@id\":\"https:\/\/lepoint-actu.tg\/#\/schema\/person\/image\/\",\"url\":\"https:\/\/secure.gravatar.com\/avatar\/1682a0ff7e2c36efa51c5d262eea092000ec1ce420118e6261440956730308c2?s=96&d=mm&r=g\",\"contentUrl\":\"https:\/\/secure.gravatar.com\/avatar\/1682a0ff7e2c36efa51c5d262eea092000ec1ce420118e6261440956730308c2?s=96&d=mm&r=g\",\"caption\":\"La Redaction\"},\"url\":\"https:\/\/lepoint-actu.tg\/index.php\/author\/raymondsama\/\"}]}<\/script>\n<!-- \/ Yoast SEO plugin. -->","yoast_head_json":{"title":"Finance Climat objet d\u2019une assise r\u00e9gionale \u00e0 Lom\u00e9 -","robots":{"index":"index","follow":"follow","max-snippet":"max-snippet:-1","max-image-preview":"max-image-preview:large","max-video-preview":"max-video-preview:-1"},"canonical":"https:\/\/lepoint-actu.tg\/index.php\/2024\/03\/14\/finance-climat-objet-dune-assise-regionale-a-lome\/","og_locale":"fr_FR","og_type":"article","og_title":"Finance Climat objet d\u2019une assise r\u00e9gionale \u00e0 Lom\u00e9 -","og_description":"A Lom\u00e9, a eu lieu, du 12 au 13 mars, une rencontre r\u00e9gionale sur la finance climat. Les travaux ont","og_url":"https:\/\/lepoint-actu.tg\/index.php\/2024\/03\/14\/finance-climat-objet-dune-assise-regionale-a-lome\/","article_published_time":"2024-03-14T15:38:35+00:00","article_modified_time":"2024-03-14T15:38:37+00:00","og_image":[{"width":826,"height":550,"url":"https:\/\/lepoint-actu.tg\/wp-content\/uploads\/2024\/03\/finance-climat.jpg","type":"image\/jpeg"}],"author":"La Redaction","twitter_card":"summary_large_image","twitter_misc":{"\u00c9crit par":"La Redaction","Dur\u00e9e de lecture estim\u00e9e":"1 minute"},"schema":{"@context":"https:\/\/schema.org","@graph":[{"@type":"WebPage","@id":"https:\/\/lepoint-actu.tg\/index.php\/2024\/03\/14\/finance-climat-objet-dune-assise-regionale-a-lome\/","url":"https:\/\/lepoint-actu.tg\/index.php\/2024\/03\/14\/finance-climat-objet-dune-assise-regionale-a-lome\/","name":"Finance Climat objet d\u2019une assise r\u00e9gionale \u00e0 Lom\u00e9 -","isPartOf":{"@id":"https:\/\/lepoint-actu.tg\/#website"},"primaryImageOfPage":{"@id":"https:\/\/lepoint-actu.tg\/index.php\/2024\/03\/14\/finance-climat-objet-dune-assise-regionale-a-lome\/#primaryimage"},"image":{"@id":"https:\/\/lepoint-actu.tg\/index.php\/2024\/03\/14\/finance-climat-objet-dune-assise-regionale-a-lome\/#primaryimage"},"thumbnailUrl":"https:\/\/lepoint-actu.tg\/wp-content\/uploads\/2024\/03\/finance-climat.jpg","datePublished":"2024-03-14T15:38:35+00:00","dateModified":"2024-03-14T15:38:37+00:00","author":{"@id":"https:\/\/lepoint-actu.tg\/#\/schema\/person\/e4026d66cbdc205cab83e169ab7eaca1"},"breadcrumb":{"@id":"https:\/\/lepoint-actu.tg\/index.php\/2024\/03\/14\/finance-climat-objet-dune-assise-regionale-a-lome\/#breadcrumb"},"inLanguage":"fr-FR","potentialAction":[{"@type":"ReadAction","target":["https:\/\/lepoint-actu.tg\/index.php\/2024\/03\/14\/finance-climat-objet-dune-assise-regionale-a-lome\/"]}]},{"@type":"ImageObject","inLanguage":"fr-FR","@id":"https:\/\/lepoint-actu.tg\/index.php\/2024\/03\/14\/finance-climat-objet-dune-assise-regionale-a-lome\/#primaryimage","url":"https:\/\/lepoint-actu.tg\/wp-content\/uploads\/2024\/03\/finance-climat.jpg","contentUrl":"https:\/\/lepoint-actu.tg\/wp-content\/uploads\/2024\/03\/finance-climat.jpg","width":826,"height":550},{"@type":"BreadcrumbList","@id":"https:\/\/lepoint-actu.tg\/index.php\/2024\/03\/14\/finance-climat-objet-dune-assise-regionale-a-lome\/#breadcrumb","itemListElement":[{"@type":"ListItem","position":1,"name":"Accueil","item":"https:\/\/lepoint-actu.tg\/"},{"@type":"ListItem","position":2,"name":"Finance Climat objet d\u2019une assise r\u00e9gionale \u00e0 Lom\u00e9"}]},{"@type":"WebSite","@id":"https:\/\/lepoint-actu.tg\/#website","url":"https:\/\/lepoint-actu.tg\/","name":"","description":"R\u00e9c\u00e9piss\u00e9 N\u00b00022\/HAAC\/12-2020\/pL\/P, lepointactu07@gmail.com","potentialAction":[{"@type":"SearchAction","target":{"@type":"EntryPoint","urlTemplate":"https:\/\/lepoint-actu.tg\/?s={search_term_string}"},"query-input":{"@type":"PropertyValueSpecification","valueRequired":true,"valueName":"search_term_string"}}],"inLanguage":"fr-FR"},{"@type":"Person","@id":"https:\/\/lepoint-actu.tg\/#\/schema\/person\/e4026d66cbdc205cab83e169ab7eaca1","name":"La Redaction","image":{"@type":"ImageObject","inLanguage":"fr-FR","@id":"https:\/\/lepoint-actu.tg\/#\/schema\/person\/image\/","url":"https:\/\/secure.gravatar.com\/avatar\/1682a0ff7e2c36efa51c5d262eea092000ec1ce420118e6261440956730308c2?s=96&d=mm&r=g","contentUrl":"https:\/\/secure.gravatar.com\/avatar\/1682a0ff7e2c36efa51c5d262eea092000ec1ce420118e6261440956730308c2?s=96&d=mm&r=g","caption":"La Redaction"},"url":"https:\/\/lepoint-actu.tg\/index.php\/author\/raymondsama\/"}]}},"_links":{"self":[{"href":"https:\/\/lepoint-actu.tg\/index.php\/wp-json\/wp\/v2\/posts\/2912","targetHints":{"allow":["GET"]}}],"collection":[{"href":"https:\/\/lepoint-actu.tg\/index.php\/wp-json\/wp\/v2\/posts"}],"about":[{"href":"https:\/\/lepoint-actu.tg\/index.php\/wp-json\/wp\/v2\/types\/post"}],"author":[{"embeddable":true,"href":"https:\/\/lepoint-actu.tg\/index.php\/wp-json\/wp\/v2\/users\/2"}],"replies":[{"embeddable":true,"href":"https:\/\/lepoint-actu.tg\/index.php\/wp-json\/wp\/v2\/comments?post=2912"}],"version-history":[{"count":1,"href":"https:\/\/lepoint-actu.tg\/index.php\/wp-json\/wp\/v2\/posts\/2912\/revisions"}],"predecessor-version":[{"id":2914,"href":"https:\/\/lepoint-actu.tg\/index.php\/wp-json\/wp\/v2\/posts\/2912\/revisions\/2914"}],"wp:featuredmedia":[{"embeddable":true,"href":"https:\/\/lepoint-actu.tg\/index.php\/wp-json\/wp\/v2\/media\/2913"}],"wp:attachment":[{"href":"https:\/\/lepoint-actu.tg\/index.php\/wp-json\/wp\/v2\/media?parent=2912"}],"wp:term":[{"taxonomy":"category","embeddable":true,"href":"https:\/\/lepoint-actu.tg\/index.php\/wp-json\/wp\/v2\/categories?post=2912"},{"taxonomy":"post_tag","embeddable":true,"href":"https:\/\/lepoint-actu.tg\/index.php\/wp-json\/wp\/v2\/tags?post=2912"}],"curies":[{"name":"wp","href":"https:\/\/api.w.org\/{rel}","templated":true}]}}