{"id":294,"date":"2022-06-30T23:57:04","date_gmt":"2022-06-30T23:57:04","guid":{"rendered":"https:\/\/lepoint-actu.tg\/?p=294"},"modified":"2022-06-30T23:57:07","modified_gmt":"2022-06-30T23:57:07","slug":"le-developpement-inclusif-des-personnes-handicapees-au-coeur-dune-reflexion-a-lome","status":"publish","type":"post","link":"https:\/\/lepoint-actu.tg\/index.php\/2022\/06\/30\/le-developpement-inclusif-des-personnes-handicapees-au-coeur-dune-reflexion-a-lome\/","title":{"rendered":"Le d\u00e9veloppement inclusif des personnes handicap\u00e9es au c\u0153ur d&rsquo;une r\u00e9flexion \u00e0 Lom\u00e9"},"content":{"rendered":"\n<p><\/p>\n\n\n\n<p>Plusieurs acteurs \u0153uvrant en faveur des personnes vivant avec un handicap \u00e9taient en r\u00e9flexion courant la journ\u00e9e du jeudi 30 juin 2022 \u00e0 Lom\u00e9. Ce sont des acteurs venus de diff\u00e9rents pays d\u2019Afrique et de la R\u00e9publique F\u00e9d\u00e9rale d\u2019Allemagne dans le cadre \u201cd\u2019un forum de r\u00e9flexion sur le plaidoyer pour l\u2019inclusion des personnes handicap\u00e9es \u00bb. Ce forum est initi\u00e9 par l\u2019ONG chr\u00e9tienne Christian Blind Mission (CBM).<\/p>\n\n\n\n<p>La rencontre a permis aux premiers responsables de cette organisation chr\u00e9tienne allemande de faire l\u2019\u00e9tat des lieux relativement \u00e0 la situation des personnes handicap\u00e9es au Togo. Les recommandations issues de ces assises devront impacter les politiques publiques de d\u00e9veloppement pour plus d\u2019inclusions des personnes handicap\u00e9es dans les prochaines ann\u00e9es, renseigne-t-on.<\/p>\n\n\n\n<p>Selon l\u2019Organisation Mondiale pour la Sant\u00e9 (OMS), une personne sur sept est identifi\u00e9e comme personne handicap\u00e9e dans le monde. Au Togo, une \u00e9tude r\u00e9alis\u00e9 en 2015 par l\u2019institut nationale de la statistique et des \u00e9tudes \u00e9conomiques et d\u00e9mographique (INSEED) indique que 2% de la population est handicap\u00e9e soit 152 502 personne.<\/p>\n\n\n\n<p>Selon les organisateurs, la question du handicape doit \u00eatre consid\u00e9r\u00e9e sous le prisme des droits de l\u2019homme dans la mesure o\u00f9 il est \u00e9tablit que ces derniers font partie des plus vuln\u00e9rables et des discrimin\u00e9es au monde. C\u2019est Cette situation qui justifie la tenue de ce forum \u00e0 Lom\u00e9 en vue d\u2019aider les d\u00e9cideurs \u00e0 \u0153uvrer davantage en faveur des personnes handicap\u00e9es. \u00ab Nous nous r\u00e9jouissons donc que ce forum r\u00e9unisse tous les acteurs engag\u00e9s dans la r\u00e9alisation du d\u00e9veloppement inclusif des personnes handicap\u00e9es au Togo afin de prendre des r\u00e9solutions pour renforcer nos actions tous ensembles pour l\u2019inclusion de personnes handicap\u00e9es dans toutes les sph\u00e8res de notre soci\u00e9t\u00e9 \u00bb, a d\u00e9clar\u00e9 Dr Rainer Brockhaus, fondateur de CBM<\/p>\n\n\n\n<p>L\u2019\u00e9valuation des avanc\u00e9es au Togo en termes d\u2019inclusion des personnes handicap\u00e9es, le partage sur les exp\u00e9riences en termes de plaidoyer pour l\u2019inclusion des personnes handicap\u00e9es en Allemagne, les perspectives pour plus d\u2019inclusion des personnes handicap\u00e9es au Togo dans les diff\u00e9rentes actions de d\u00e9veloppement sont les points phares de cette rencontre.<\/p>\n\n\n\n<p>Le gouvernement togolais trouve en cette action de la CBM, une occasion qui vient renforcer les actions de l\u2019\u00c9tat en faveur des personnes handicap\u00e9es dans le pays. \u00ab Les couches vuln\u00e9rables, en g\u00e9n\u00e9rales les personnes handicap\u00e9es en particuliers, constituent des priorit\u00e9s quant aux mesures de pr\u00e9vention et aux actions de prise en charge \u00e0 mettre en place pour leurs assurer une vie sociale \u00e9quitable \u00bb, a d\u00e9clar\u00e9 Gani Koffi, Directeur de cabinet du minist\u00e8re de l\u2019action sociale, de la promotion de la Femme et de l\u2019alphab\u00e9tisation. \u00abLe pr\u00e9sent atelier de plaidoyer vient renforcer les m\u00e9canismes d\u2019inclusion d\u00e9j\u00e0 mis en place par le gouvernement. Toutes ces mesures ont pour objectif de r\u00e9pondre aux pr\u00e9occupation des couches vuln\u00e9rables dont les personnes handicap\u00e9es, afin de favoriser leur peine et effective participation au processus de d\u00e9veloppement et \u00e0 l\u2019\u00e9dification d\u2019une nation davantage inclusive \u00bb, a- t-il ajout\u00e9.<\/p>\n\n\n\n<p>CBM est une organisation chr\u00e9tienne \u00e0 but non lucratif qui \u0153uvre depuis plus d\u2019un si\u00e8cle aux cot\u00e9s des personnes handicap\u00e9es dans plusieurs pays, dont le Togo, \u00e0 travers le monde. Elle d\u00e9veloppe des actions au Togo depuis 35 ans pour l\u2019\u00e9panouissement des personnes handicap\u00e9es avec la collaboration du gouvernement. Sa mission est, entre autres, de supprimer les barri\u00e8res qui marginalisent les personnes handicap\u00e9es, briser le cycle de pauvret\u00e9.<\/p>\n\n\n\n<p><strong><em>La r\u00e9daction<\/em><\/strong><\/p>\n","protected":false},"excerpt":{"rendered":"<p>Plusieurs acteurs \u0153uvrant en faveur des personnes vivant avec un handicap \u00e9taient en r\u00e9flexion courant la journ\u00e9e du jeudi 30<\/p>\n","protected":false},"author":2,"featured_media":295,"comment_status":"open","ping_status":"closed","sticky":false,"template":"","format":"standard","meta":{"footnotes":""},"categories":[1],"tags":[],"class_list":["post-294","post","type-post","status-publish","format-standard","has-post-thumbnail","hentry","category-societe"],"yoast_head":"<!-- This site is optimized with the Yoast SEO plugin v23.9 - https:\/\/yoast.com\/wordpress\/plugins\/seo\/ -->\n<title>Le d\u00e9veloppement inclusif des personnes handicap\u00e9es au c\u0153ur d&#039;une r\u00e9flexion \u00e0 Lom\u00e9 -<\/title>\n<meta name=\"robots\" content=\"index, follow, max-snippet:-1, max-image-preview:large, max-video-preview:-1\" \/>\n<link rel=\"canonical\" href=\"https:\/\/lepoint-actu.tg\/index.php\/2022\/06\/30\/le-developpement-inclusif-des-personnes-handicapees-au-coeur-dune-reflexion-a-lome\/\" \/>\n<meta property=\"og:locale\" content=\"fr_FR\" \/>\n<meta property=\"og:type\" content=\"article\" \/>\n<meta property=\"og:title\" content=\"Le d\u00e9veloppement inclusif des personnes handicap\u00e9es au c\u0153ur d&#039;une r\u00e9flexion \u00e0 Lom\u00e9 -\" \/>\n<meta property=\"og:description\" content=\"Plusieurs acteurs \u0153uvrant en faveur des personnes vivant avec un handicap \u00e9taient en r\u00e9flexion courant la journ\u00e9e du jeudi 30\" \/>\n<meta property=\"og:url\" content=\"https:\/\/lepoint-actu.tg\/index.php\/2022\/06\/30\/le-developpement-inclusif-des-personnes-handicapees-au-coeur-dune-reflexion-a-lome\/\" \/>\n<meta property=\"article:published_time\" content=\"2022-06-30T23:57:04+00:00\" \/>\n<meta property=\"article:modified_time\" content=\"2022-06-30T23:57:07+00:00\" \/>\n<meta property=\"og:image\" content=\"https:\/\/lepoint-actu.tg\/wp-content\/uploads\/2022\/06\/mmmmmcc-696x487-1.jpg\" \/>\n\t<meta property=\"og:image:width\" content=\"696\" \/>\n\t<meta property=\"og:image:height\" content=\"487\" \/>\n\t<meta property=\"og:image:type\" content=\"image\/jpeg\" \/>\n<meta name=\"author\" content=\"La Redaction\" \/>\n<meta name=\"twitter:card\" content=\"summary_large_image\" \/>\n<meta name=\"twitter:label1\" content=\"\u00c9crit par\" \/>\n\t<meta name=\"twitter:data1\" content=\"La Redaction\" \/>\n\t<meta name=\"twitter:label2\" content=\"Dur\u00e9e de lecture estim\u00e9e\" \/>\n\t<meta name=\"twitter:data2\" content=\"3 minutes\" \/>\n<script type=\"application\/ld+json\" class=\"yoast-schema-graph\">{\"@context\":\"https:\/\/schema.org\",\"@graph\":[{\"@type\":\"WebPage\",\"@id\":\"https:\/\/lepoint-actu.tg\/index.php\/2022\/06\/30\/le-developpement-inclusif-des-personnes-handicapees-au-coeur-dune-reflexion-a-lome\/\",\"url\":\"https:\/\/lepoint-actu.tg\/index.php\/2022\/06\/30\/le-developpement-inclusif-des-personnes-handicapees-au-coeur-dune-reflexion-a-lome\/\",\"name\":\"Le d\u00e9veloppement inclusif des personnes handicap\u00e9es au c\u0153ur d'une r\u00e9flexion \u00e0 Lom\u00e9 -\",\"isPartOf\":{\"@id\":\"https:\/\/lepoint-actu.tg\/#website\"},\"primaryImageOfPage\":{\"@id\":\"https:\/\/lepoint-actu.tg\/index.php\/2022\/06\/30\/le-developpement-inclusif-des-personnes-handicapees-au-coeur-dune-reflexion-a-lome\/#primaryimage\"},\"image\":{\"@id\":\"https:\/\/lepoint-actu.tg\/index.php\/2022\/06\/30\/le-developpement-inclusif-des-personnes-handicapees-au-coeur-dune-reflexion-a-lome\/#primaryimage\"},\"thumbnailUrl\":\"https:\/\/lepoint-actu.tg\/wp-content\/uploads\/2022\/06\/mmmmmcc-696x487-1.jpg\",\"datePublished\":\"2022-06-30T23:57:04+00:00\",\"dateModified\":\"2022-06-30T23:57:07+00:00\",\"author\":{\"@id\":\"https:\/\/lepoint-actu.tg\/#\/schema\/person\/e4026d66cbdc205cab83e169ab7eaca1\"},\"breadcrumb\":{\"@id\":\"https:\/\/lepoint-actu.tg\/index.php\/2022\/06\/30\/le-developpement-inclusif-des-personnes-handicapees-au-coeur-dune-reflexion-a-lome\/#breadcrumb\"},\"inLanguage\":\"fr-FR\",\"potentialAction\":[{\"@type\":\"ReadAction\",\"target\":[\"https:\/\/lepoint-actu.tg\/index.php\/2022\/06\/30\/le-developpement-inclusif-des-personnes-handicapees-au-coeur-dune-reflexion-a-lome\/\"]}]},{\"@type\":\"ImageObject\",\"inLanguage\":\"fr-FR\",\"@id\":\"https:\/\/lepoint-actu.tg\/index.php\/2022\/06\/30\/le-developpement-inclusif-des-personnes-handicapees-au-coeur-dune-reflexion-a-lome\/#primaryimage\",\"url\":\"https:\/\/lepoint-actu.tg\/wp-content\/uploads\/2022\/06\/mmmmmcc-696x487-1.jpg\",\"contentUrl\":\"https:\/\/lepoint-actu.tg\/wp-content\/uploads\/2022\/06\/mmmmmcc-696x487-1.jpg\",\"width\":696,\"height\":487},{\"@type\":\"BreadcrumbList\",\"@id\":\"https:\/\/lepoint-actu.tg\/index.php\/2022\/06\/30\/le-developpement-inclusif-des-personnes-handicapees-au-coeur-dune-reflexion-a-lome\/#breadcrumb\",\"itemListElement\":[{\"@type\":\"ListItem\",\"position\":1,\"name\":\"Accueil\",\"item\":\"https:\/\/lepoint-actu.tg\/\"},{\"@type\":\"ListItem\",\"position\":2,\"name\":\"Le d\u00e9veloppement inclusif des personnes handicap\u00e9es au c\u0153ur d&rsquo;une r\u00e9flexion \u00e0 Lom\u00e9\"}]},{\"@type\":\"WebSite\",\"@id\":\"https:\/\/lepoint-actu.tg\/#website\",\"url\":\"https:\/\/lepoint-actu.tg\/\",\"name\":\"\",\"description\":\"R\u00e9c\u00e9piss\u00e9 N\u00b00022\/HAAC\/12-2020\/pL\/P, lepointactu07@gmail.com\",\"potentialAction\":[{\"@type\":\"SearchAction\",\"target\":{\"@type\":\"EntryPoint\",\"urlTemplate\":\"https:\/\/lepoint-actu.tg\/?s={search_term_string}\"},\"query-input\":{\"@type\":\"PropertyValueSpecification\",\"valueRequired\":true,\"valueName\":\"search_term_string\"}}],\"inLanguage\":\"fr-FR\"},{\"@type\":\"Person\",\"@id\":\"https:\/\/lepoint-actu.tg\/#\/schema\/person\/e4026d66cbdc205cab83e169ab7eaca1\",\"name\":\"La Redaction\",\"image\":{\"@type\":\"ImageObject\",\"inLanguage\":\"fr-FR\",\"@id\":\"https:\/\/lepoint-actu.tg\/#\/schema\/person\/image\/\",\"url\":\"https:\/\/secure.gravatar.com\/avatar\/1682a0ff7e2c36efa51c5d262eea092000ec1ce420118e6261440956730308c2?s=96&d=mm&r=g\",\"contentUrl\":\"https:\/\/secure.gravatar.com\/avatar\/1682a0ff7e2c36efa51c5d262eea092000ec1ce420118e6261440956730308c2?s=96&d=mm&r=g\",\"caption\":\"La Redaction\"},\"url\":\"https:\/\/lepoint-actu.tg\/index.php\/author\/raymondsama\/\"}]}<\/script>\n<!-- \/ Yoast SEO plugin. -->","yoast_head_json":{"title":"Le d\u00e9veloppement inclusif des personnes handicap\u00e9es au c\u0153ur d'une r\u00e9flexion \u00e0 Lom\u00e9 -","robots":{"index":"index","follow":"follow","max-snippet":"max-snippet:-1","max-image-preview":"max-image-preview:large","max-video-preview":"max-video-preview:-1"},"canonical":"https:\/\/lepoint-actu.tg\/index.php\/2022\/06\/30\/le-developpement-inclusif-des-personnes-handicapees-au-coeur-dune-reflexion-a-lome\/","og_locale":"fr_FR","og_type":"article","og_title":"Le d\u00e9veloppement inclusif des personnes handicap\u00e9es au c\u0153ur d'une r\u00e9flexion \u00e0 Lom\u00e9 -","og_description":"Plusieurs acteurs \u0153uvrant en faveur des personnes vivant avec un handicap \u00e9taient en r\u00e9flexion courant la journ\u00e9e du jeudi 30","og_url":"https:\/\/lepoint-actu.tg\/index.php\/2022\/06\/30\/le-developpement-inclusif-des-personnes-handicapees-au-coeur-dune-reflexion-a-lome\/","article_published_time":"2022-06-30T23:57:04+00:00","article_modified_time":"2022-06-30T23:57:07+00:00","og_image":[{"width":696,"height":487,"url":"https:\/\/lepoint-actu.tg\/wp-content\/uploads\/2022\/06\/mmmmmcc-696x487-1.jpg","type":"image\/jpeg"}],"author":"La Redaction","twitter_card":"summary_large_image","twitter_misc":{"\u00c9crit par":"La Redaction","Dur\u00e9e de lecture estim\u00e9e":"3 minutes"},"schema":{"@context":"https:\/\/schema.org","@graph":[{"@type":"WebPage","@id":"https:\/\/lepoint-actu.tg\/index.php\/2022\/06\/30\/le-developpement-inclusif-des-personnes-handicapees-au-coeur-dune-reflexion-a-lome\/","url":"https:\/\/lepoint-actu.tg\/index.php\/2022\/06\/30\/le-developpement-inclusif-des-personnes-handicapees-au-coeur-dune-reflexion-a-lome\/","name":"Le d\u00e9veloppement inclusif des personnes handicap\u00e9es au c\u0153ur d'une r\u00e9flexion \u00e0 Lom\u00e9 -","isPartOf":{"@id":"https:\/\/lepoint-actu.tg\/#website"},"primaryImageOfPage":{"@id":"https:\/\/lepoint-actu.tg\/index.php\/2022\/06\/30\/le-developpement-inclusif-des-personnes-handicapees-au-coeur-dune-reflexion-a-lome\/#primaryimage"},"image":{"@id":"https:\/\/lepoint-actu.tg\/index.php\/2022\/06\/30\/le-developpement-inclusif-des-personnes-handicapees-au-coeur-dune-reflexion-a-lome\/#primaryimage"},"thumbnailUrl":"https:\/\/lepoint-actu.tg\/wp-content\/uploads\/2022\/06\/mmmmmcc-696x487-1.jpg","datePublished":"2022-06-30T23:57:04+00:00","dateModified":"2022-06-30T23:57:07+00:00","author":{"@id":"https:\/\/lepoint-actu.tg\/#\/schema\/person\/e4026d66cbdc205cab83e169ab7eaca1"},"breadcrumb":{"@id":"https:\/\/lepoint-actu.tg\/index.php\/2022\/06\/30\/le-developpement-inclusif-des-personnes-handicapees-au-coeur-dune-reflexion-a-lome\/#breadcrumb"},"inLanguage":"fr-FR","potentialAction":[{"@type":"ReadAction","target":["https:\/\/lepoint-actu.tg\/index.php\/2022\/06\/30\/le-developpement-inclusif-des-personnes-handicapees-au-coeur-dune-reflexion-a-lome\/"]}]},{"@type":"ImageObject","inLanguage":"fr-FR","@id":"https:\/\/lepoint-actu.tg\/index.php\/2022\/06\/30\/le-developpement-inclusif-des-personnes-handicapees-au-coeur-dune-reflexion-a-lome\/#primaryimage","url":"https:\/\/lepoint-actu.tg\/wp-content\/uploads\/2022\/06\/mmmmmcc-696x487-1.jpg","contentUrl":"https:\/\/lepoint-actu.tg\/wp-content\/uploads\/2022\/06\/mmmmmcc-696x487-1.jpg","width":696,"height":487},{"@type":"BreadcrumbList","@id":"https:\/\/lepoint-actu.tg\/index.php\/2022\/06\/30\/le-developpement-inclusif-des-personnes-handicapees-au-coeur-dune-reflexion-a-lome\/#breadcrumb","itemListElement":[{"@type":"ListItem","position":1,"name":"Accueil","item":"https:\/\/lepoint-actu.tg\/"},{"@type":"ListItem","position":2,"name":"Le d\u00e9veloppement inclusif des personnes handicap\u00e9es au c\u0153ur d&rsquo;une r\u00e9flexion \u00e0 Lom\u00e9"}]},{"@type":"WebSite","@id":"https:\/\/lepoint-actu.tg\/#website","url":"https:\/\/lepoint-actu.tg\/","name":"","description":"R\u00e9c\u00e9piss\u00e9 N\u00b00022\/HAAC\/12-2020\/pL\/P, lepointactu07@gmail.com","potentialAction":[{"@type":"SearchAction","target":{"@type":"EntryPoint","urlTemplate":"https:\/\/lepoint-actu.tg\/?s={search_term_string}"},"query-input":{"@type":"PropertyValueSpecification","valueRequired":true,"valueName":"search_term_string"}}],"inLanguage":"fr-FR"},{"@type":"Person","@id":"https:\/\/lepoint-actu.tg\/#\/schema\/person\/e4026d66cbdc205cab83e169ab7eaca1","name":"La Redaction","image":{"@type":"ImageObject","inLanguage":"fr-FR","@id":"https:\/\/lepoint-actu.tg\/#\/schema\/person\/image\/","url":"https:\/\/secure.gravatar.com\/avatar\/1682a0ff7e2c36efa51c5d262eea092000ec1ce420118e6261440956730308c2?s=96&d=mm&r=g","contentUrl":"https:\/\/secure.gravatar.com\/avatar\/1682a0ff7e2c36efa51c5d262eea092000ec1ce420118e6261440956730308c2?s=96&d=mm&r=g","caption":"La Redaction"},"url":"https:\/\/lepoint-actu.tg\/index.php\/author\/raymondsama\/"}]}},"_links":{"self":[{"href":"https:\/\/lepoint-actu.tg\/index.php\/wp-json\/wp\/v2\/posts\/294","targetHints":{"allow":["GET"]}}],"collection":[{"href":"https:\/\/lepoint-actu.tg\/index.php\/wp-json\/wp\/v2\/posts"}],"about":[{"href":"https:\/\/lepoint-actu.tg\/index.php\/wp-json\/wp\/v2\/types\/post"}],"author":[{"embeddable":true,"href":"https:\/\/lepoint-actu.tg\/index.php\/wp-json\/wp\/v2\/users\/2"}],"replies":[{"embeddable":true,"href":"https:\/\/lepoint-actu.tg\/index.php\/wp-json\/wp\/v2\/comments?post=294"}],"version-history":[{"count":1,"href":"https:\/\/lepoint-actu.tg\/index.php\/wp-json\/wp\/v2\/posts\/294\/revisions"}],"predecessor-version":[{"id":296,"href":"https:\/\/lepoint-actu.tg\/index.php\/wp-json\/wp\/v2\/posts\/294\/revisions\/296"}],"wp:featuredmedia":[{"embeddable":true,"href":"https:\/\/lepoint-actu.tg\/index.php\/wp-json\/wp\/v2\/media\/295"}],"wp:attachment":[{"href":"https:\/\/lepoint-actu.tg\/index.php\/wp-json\/wp\/v2\/media?parent=294"}],"wp:term":[{"taxonomy":"category","embeddable":true,"href":"https:\/\/lepoint-actu.tg\/index.php\/wp-json\/wp\/v2\/categories?post=294"},{"taxonomy":"post_tag","embeddable":true,"href":"https:\/\/lepoint-actu.tg\/index.php\/wp-json\/wp\/v2\/tags?post=294"}],"curies":[{"name":"wp","href":"https:\/\/api.w.org\/{rel}","templated":true}]}}