{"id":2944,"date":"2024-03-25T11:29:41","date_gmt":"2024-03-25T11:29:41","guid":{"rendered":"https:\/\/lepoint-actu.tg\/?p=2944"},"modified":"2024-03-26T11:36:21","modified_gmt":"2024-03-26T11:36:21","slug":"defis-climatiques-les-recommandations-de-lanamet","status":"publish","type":"post","link":"https:\/\/lepoint-actu.tg\/index.php\/2024\/03\/25\/defis-climatiques-les-recommandations-de-lanamet\/","title":{"rendered":"D\u00e9fis climatiques\/Les recommandations de l\u2019ANAMET"},"content":{"rendered":"\n<p>Au Togo, comme dans nombre de pays africains actuellement, la chaleur d\u00e9passe son r\u00f4le saisonnier et impacte profond\u00e9ment le quotidien de tous en affectant la production agricole et la consommation d\u2019\u00e9nergie. L\u2019Agence nationale de la m\u00e9t\u00e9orologie (ANAMET) apr\u00e8s des analyses fait des recommandations.<\/p>\n\n\n\n<figure class=\"wp-block-image size-full\"><img loading=\"lazy\" decoding=\"async\" width=\"450\" height=\"280\" src=\"https:\/\/lepoint-actu.tg\/wp-content\/uploads\/2024\/02\/f77a4ccd1f.jpg\" alt=\"\" class=\"wp-image-2847\" srcset=\"https:\/\/lepoint-actu.tg\/wp-content\/uploads\/2024\/02\/f77a4ccd1f.jpg 450w, https:\/\/lepoint-actu.tg\/wp-content\/uploads\/2024\/02\/f77a4ccd1f-300x187.jpg 300w\" sizes=\"auto, (max-width: 450px) 100vw, 450px\" \/><\/figure>\n\n\n\n<p>En effet, lors d\u2019une rencontre \u00e0 Kpalim\u00e9, l\u2019Agence nationale de la m\u00e9t\u00e9orologie (ANAMET) a averti les agriculteurs sur la r\u00e9duction du cycle des cultures cette ann\u00e9e due \u00e0 la chaleur, ce qui compromet \u00e0 la fois la quantit\u00e9 et la qualit\u00e9 des r\u00e9coltes. Selon Agniga Kossi Tcha, Chef de division en agrom\u00e9t\u00e9orologie \u00e0 l\u2019ANAMET, l\u2019augmentation des temp\u00e9ratures favorise le d\u00e9veloppement de maladies et d\u2019ennemis des cultures, entra\u00eenant des pertes de rendements. \u00ab Plus il fait chaud, plus le cycle des cultures est r\u00e9duit puisque la plante, dans sa croissance, a besoin d\u2019un certain nombre de temp\u00e9ratures pour passer d\u2019une phase \u00e0 une autre. Et donc, lorsqu\u2019il fait plus chaud, \u00e7a veut dire que la plante arrive rapidement \u00e0 boucler son cycle. C\u2019est une maturit\u00e9 pr\u00e9coce et ceci a de l\u2019impact sur la production, que ce soit en termes de quantit\u00e9 ou en termes de qualit\u00e9. En termes de qualit\u00e9 parce que, la temp\u00e9rature favorise le d\u00e9veloppement de certains ennemis de culture ou certaines maladies qui impactent, comme les n\u00e9matodes qui attaquent l\u2019igname et qui pourrissent. Donc c\u2019est aussi l\u2019effet de la temp\u00e9rature. \u00bb, a-t-il expliqu\u00e9 selon le confr\u00e8re vert-togo. Aussi poursuit-il, \u00ab Les situations de cumul pluviom\u00e9trique d\u00e9ficitaire laissent pr\u00e9voir des risques de d\u00e9ficit hydrique. Et ce d\u00e9ficit pourrait entraver la mise en place et la croissance des plantes et favoriser le d\u00e9veloppement des ravageurs de culture. Et, c\u2019est quand il y a ce stress hydrique que la chenille l\u00e9gionnaire d\u2019automne fait beaucoup de d\u00e9g\u00e2ts \u00bb.<br><strong>Une hausse de la consommation \u00e9nerg\u00e9tique<\/strong><br>Outre l\u2019agriculture, les effets de la chaleur se font sentir dans d\u2019autres secteurs, tels que l\u2019\u00e9nergie. Avec des temp\u00e9ratures plus \u00e9lev\u00e9es, la demande en \u00e9lectricit\u00e9 augmente, principalement due \u00e0 l\u2019utilisation accrue de la climatisation. <\/p>\n\n\n\n<figure class=\"wp-block-image size-full\"><img loading=\"lazy\" decoding=\"async\" width=\"650\" height=\"919\" src=\"https:\/\/lepoint-actu.tg\/wp-content\/uploads\/2024\/02\/4M_A4.jpg\" alt=\"\" class=\"wp-image-2841\" srcset=\"https:\/\/lepoint-actu.tg\/wp-content\/uploads\/2024\/02\/4M_A4.jpg 650w, https:\/\/lepoint-actu.tg\/wp-content\/uploads\/2024\/02\/4M_A4-212x300.jpg 212w\" sizes=\"auto, (max-width: 650px) 100vw, 650px\" \/><\/figure>\n\n\n\n<p>Cette hausse de la consommation entra\u00eene non seulement des d\u00e9penses suppl\u00e9mentaires pour les m\u00e9nages, mais \u00e9galement des d\u00e9fis pour les infrastructures \u00e9nerg\u00e9tiques.<br>En outre, l\u2019impact de la chaleur ne se limite pas aux aspects \u00e9conomiques. Les maladies, qu\u2019elles soient humaines ou animales, ont tendance \u00e0 prolif\u00e9rer avec l\u2019augmentation des temp\u00e9ratures. Le lien entre l\u2019activit\u00e9 humaine et le r\u00e9chauffement climatique est de plus en plus \u00e9vident, soulignant l\u2019urgence d\u2019adopter des mesures pour att\u00e9nuer ces effets n\u00e9fastes et construire un avenir plus r\u00e9silient.<br><strong>Recommandations<\/strong><br>L\u2019ANAMET a \u00e9mis plusieurs recommandations pour faire face aux d\u00e9fis climatiques. Il est conseill\u00e9 d\u2019adopter des pratiques agricoles diversifi\u00e9es pour faire face \u00e0 l\u2019instabilit\u00e9 climatique, de favoriser les cultures \u00e0 cycle court et \u00e0 haut rendement, et de renforcer la surveillance et la lutte contre les ravageurs agricoles. De plus, il est crucial de promouvoir l\u2019assurance agricole pour att\u00e9nuer les pertes dues \u00e0 la s\u00e9cheresse, de veiller \u00e0 la s\u00e9curit\u00e9 alimentaire dans les zones \u00e0 risque, et d\u2019assurer la gestion rationnelle des ressources en eau. La pr\u00e9vention des inondations est \u00e9galement une priorit\u00e9, impliquant l\u2019\u00e9vitement des zones inondables, le curage des caniveaux et la destruction des sites larvaires pour r\u00e9duire la prolif\u00e9ration des moustiques. En outre, il est recommand\u00e9 de soutenir l\u2019adoption de techniques climato-intelligentes et d\u2019am\u00e9liorer l\u2019acc\u00e8s des agriculteurs aux semences am\u00e9lior\u00e9es, aux \u00e9quipements agricoles et aux financements. La diffusion et la communication de la pr\u00e9vision saisonni\u00e8re aux communaut\u00e9s, notamment par le biais des m\u00e9dias, sont \u00e9galement soulign\u00e9es comme des mesures importantes pour renforcer la r\u00e9silience face aux changements climatiques.<br><strong><em>La r\u00e9daction<\/em><\/strong><\/p>\n","protected":false},"excerpt":{"rendered":"<p>Au Togo, comme dans nombre de pays africains actuellement, la chaleur d\u00e9passe son r\u00f4le saisonnier et impacte profond\u00e9ment le quotidien<\/p>\n","protected":false},"author":2,"featured_media":2947,"comment_status":"open","ping_status":"closed","sticky":false,"template":"","format":"standard","meta":{"footnotes":""},"categories":[6],"tags":[],"class_list":["post-2944","post","type-post","status-publish","format-standard","has-post-thumbnail","hentry","category-environnement"],"yoast_head":"<!-- This site is optimized with the Yoast SEO plugin v23.9 - https:\/\/yoast.com\/wordpress\/plugins\/seo\/ -->\n<title>D\u00e9fis climatiques\/Les recommandations de l\u2019ANAMET -<\/title>\n<meta name=\"robots\" content=\"index, follow, max-snippet:-1, max-image-preview:large, max-video-preview:-1\" \/>\n<link rel=\"canonical\" href=\"https:\/\/lepoint-actu.tg\/index.php\/2024\/03\/25\/defis-climatiques-les-recommandations-de-lanamet\/\" \/>\n<meta property=\"og:locale\" content=\"fr_FR\" \/>\n<meta property=\"og:type\" content=\"article\" \/>\n<meta property=\"og:title\" content=\"D\u00e9fis climatiques\/Les recommandations de l\u2019ANAMET -\" \/>\n<meta property=\"og:description\" content=\"Au Togo, comme dans nombre de pays africains actuellement, la chaleur d\u00e9passe son r\u00f4le saisonnier et impacte profond\u00e9ment le quotidien\" \/>\n<meta property=\"og:url\" content=\"https:\/\/lepoint-actu.tg\/index.php\/2024\/03\/25\/defis-climatiques-les-recommandations-de-lanamet\/\" \/>\n<meta property=\"article:published_time\" content=\"2024-03-25T11:29:41+00:00\" \/>\n<meta property=\"article:modified_time\" content=\"2024-03-26T11:36:21+00:00\" \/>\n<meta property=\"og:image\" content=\"https:\/\/lepoint-actu.tg\/wp-content\/uploads\/2024\/03\/pluie-2.jpg\" \/>\n\t<meta property=\"og:image:width\" content=\"275\" \/>\n\t<meta property=\"og:image:height\" content=\"183\" \/>\n\t<meta property=\"og:image:type\" content=\"image\/jpeg\" \/>\n<meta name=\"author\" content=\"La Redaction\" \/>\n<meta name=\"twitter:card\" content=\"summary_large_image\" \/>\n<meta name=\"twitter:label1\" content=\"\u00c9crit par\" \/>\n\t<meta name=\"twitter:data1\" content=\"La Redaction\" \/>\n\t<meta name=\"twitter:label2\" content=\"Dur\u00e9e de lecture estim\u00e9e\" \/>\n\t<meta name=\"twitter:data2\" content=\"3 minutes\" \/>\n<script type=\"application\/ld+json\" class=\"yoast-schema-graph\">{\"@context\":\"https:\/\/schema.org\",\"@graph\":[{\"@type\":\"WebPage\",\"@id\":\"https:\/\/lepoint-actu.tg\/index.php\/2024\/03\/25\/defis-climatiques-les-recommandations-de-lanamet\/\",\"url\":\"https:\/\/lepoint-actu.tg\/index.php\/2024\/03\/25\/defis-climatiques-les-recommandations-de-lanamet\/\",\"name\":\"D\u00e9fis climatiques\/Les recommandations de l\u2019ANAMET -\",\"isPartOf\":{\"@id\":\"https:\/\/lepoint-actu.tg\/#website\"},\"primaryImageOfPage\":{\"@id\":\"https:\/\/lepoint-actu.tg\/index.php\/2024\/03\/25\/defis-climatiques-les-recommandations-de-lanamet\/#primaryimage\"},\"image\":{\"@id\":\"https:\/\/lepoint-actu.tg\/index.php\/2024\/03\/25\/defis-climatiques-les-recommandations-de-lanamet\/#primaryimage\"},\"thumbnailUrl\":\"https:\/\/lepoint-actu.tg\/wp-content\/uploads\/2024\/03\/pluie-2.jpg\",\"datePublished\":\"2024-03-25T11:29:41+00:00\",\"dateModified\":\"2024-03-26T11:36:21+00:00\",\"author\":{\"@id\":\"https:\/\/lepoint-actu.tg\/#\/schema\/person\/e4026d66cbdc205cab83e169ab7eaca1\"},\"breadcrumb\":{\"@id\":\"https:\/\/lepoint-actu.tg\/index.php\/2024\/03\/25\/defis-climatiques-les-recommandations-de-lanamet\/#breadcrumb\"},\"inLanguage\":\"fr-FR\",\"potentialAction\":[{\"@type\":\"ReadAction\",\"target\":[\"https:\/\/lepoint-actu.tg\/index.php\/2024\/03\/25\/defis-climatiques-les-recommandations-de-lanamet\/\"]}]},{\"@type\":\"ImageObject\",\"inLanguage\":\"fr-FR\",\"@id\":\"https:\/\/lepoint-actu.tg\/index.php\/2024\/03\/25\/defis-climatiques-les-recommandations-de-lanamet\/#primaryimage\",\"url\":\"https:\/\/lepoint-actu.tg\/wp-content\/uploads\/2024\/03\/pluie-2.jpg\",\"contentUrl\":\"https:\/\/lepoint-actu.tg\/wp-content\/uploads\/2024\/03\/pluie-2.jpg\",\"width\":275,\"height\":183},{\"@type\":\"BreadcrumbList\",\"@id\":\"https:\/\/lepoint-actu.tg\/index.php\/2024\/03\/25\/defis-climatiques-les-recommandations-de-lanamet\/#breadcrumb\",\"itemListElement\":[{\"@type\":\"ListItem\",\"position\":1,\"name\":\"Accueil\",\"item\":\"https:\/\/lepoint-actu.tg\/\"},{\"@type\":\"ListItem\",\"position\":2,\"name\":\"D\u00e9fis climatiques\/Les recommandations de l\u2019ANAMET\"}]},{\"@type\":\"WebSite\",\"@id\":\"https:\/\/lepoint-actu.tg\/#website\",\"url\":\"https:\/\/lepoint-actu.tg\/\",\"name\":\"\",\"description\":\"R\u00e9c\u00e9piss\u00e9 N\u00b00022\/HAAC\/12-2020\/pL\/P, lepointactu07@gmail.com\",\"potentialAction\":[{\"@type\":\"SearchAction\",\"target\":{\"@type\":\"EntryPoint\",\"urlTemplate\":\"https:\/\/lepoint-actu.tg\/?s={search_term_string}\"},\"query-input\":{\"@type\":\"PropertyValueSpecification\",\"valueRequired\":true,\"valueName\":\"search_term_string\"}}],\"inLanguage\":\"fr-FR\"},{\"@type\":\"Person\",\"@id\":\"https:\/\/lepoint-actu.tg\/#\/schema\/person\/e4026d66cbdc205cab83e169ab7eaca1\",\"name\":\"La Redaction\",\"image\":{\"@type\":\"ImageObject\",\"inLanguage\":\"fr-FR\",\"@id\":\"https:\/\/lepoint-actu.tg\/#\/schema\/person\/image\/\",\"url\":\"https:\/\/secure.gravatar.com\/avatar\/1682a0ff7e2c36efa51c5d262eea092000ec1ce420118e6261440956730308c2?s=96&d=mm&r=g\",\"contentUrl\":\"https:\/\/secure.gravatar.com\/avatar\/1682a0ff7e2c36efa51c5d262eea092000ec1ce420118e6261440956730308c2?s=96&d=mm&r=g\",\"caption\":\"La Redaction\"},\"url\":\"https:\/\/lepoint-actu.tg\/index.php\/author\/raymondsama\/\"}]}<\/script>\n<!-- \/ Yoast SEO plugin. -->","yoast_head_json":{"title":"D\u00e9fis climatiques\/Les recommandations de l\u2019ANAMET -","robots":{"index":"index","follow":"follow","max-snippet":"max-snippet:-1","max-image-preview":"max-image-preview:large","max-video-preview":"max-video-preview:-1"},"canonical":"https:\/\/lepoint-actu.tg\/index.php\/2024\/03\/25\/defis-climatiques-les-recommandations-de-lanamet\/","og_locale":"fr_FR","og_type":"article","og_title":"D\u00e9fis climatiques\/Les recommandations de l\u2019ANAMET -","og_description":"Au Togo, comme dans nombre de pays africains actuellement, la chaleur d\u00e9passe son r\u00f4le saisonnier et impacte profond\u00e9ment le quotidien","og_url":"https:\/\/lepoint-actu.tg\/index.php\/2024\/03\/25\/defis-climatiques-les-recommandations-de-lanamet\/","article_published_time":"2024-03-25T11:29:41+00:00","article_modified_time":"2024-03-26T11:36:21+00:00","og_image":[{"width":275,"height":183,"url":"https:\/\/lepoint-actu.tg\/wp-content\/uploads\/2024\/03\/pluie-2.jpg","type":"image\/jpeg"}],"author":"La Redaction","twitter_card":"summary_large_image","twitter_misc":{"\u00c9crit par":"La Redaction","Dur\u00e9e de lecture estim\u00e9e":"3 minutes"},"schema":{"@context":"https:\/\/schema.org","@graph":[{"@type":"WebPage","@id":"https:\/\/lepoint-actu.tg\/index.php\/2024\/03\/25\/defis-climatiques-les-recommandations-de-lanamet\/","url":"https:\/\/lepoint-actu.tg\/index.php\/2024\/03\/25\/defis-climatiques-les-recommandations-de-lanamet\/","name":"D\u00e9fis climatiques\/Les recommandations de l\u2019ANAMET -","isPartOf":{"@id":"https:\/\/lepoint-actu.tg\/#website"},"primaryImageOfPage":{"@id":"https:\/\/lepoint-actu.tg\/index.php\/2024\/03\/25\/defis-climatiques-les-recommandations-de-lanamet\/#primaryimage"},"image":{"@id":"https:\/\/lepoint-actu.tg\/index.php\/2024\/03\/25\/defis-climatiques-les-recommandations-de-lanamet\/#primaryimage"},"thumbnailUrl":"https:\/\/lepoint-actu.tg\/wp-content\/uploads\/2024\/03\/pluie-2.jpg","datePublished":"2024-03-25T11:29:41+00:00","dateModified":"2024-03-26T11:36:21+00:00","author":{"@id":"https:\/\/lepoint-actu.tg\/#\/schema\/person\/e4026d66cbdc205cab83e169ab7eaca1"},"breadcrumb":{"@id":"https:\/\/lepoint-actu.tg\/index.php\/2024\/03\/25\/defis-climatiques-les-recommandations-de-lanamet\/#breadcrumb"},"inLanguage":"fr-FR","potentialAction":[{"@type":"ReadAction","target":["https:\/\/lepoint-actu.tg\/index.php\/2024\/03\/25\/defis-climatiques-les-recommandations-de-lanamet\/"]}]},{"@type":"ImageObject","inLanguage":"fr-FR","@id":"https:\/\/lepoint-actu.tg\/index.php\/2024\/03\/25\/defis-climatiques-les-recommandations-de-lanamet\/#primaryimage","url":"https:\/\/lepoint-actu.tg\/wp-content\/uploads\/2024\/03\/pluie-2.jpg","contentUrl":"https:\/\/lepoint-actu.tg\/wp-content\/uploads\/2024\/03\/pluie-2.jpg","width":275,"height":183},{"@type":"BreadcrumbList","@id":"https:\/\/lepoint-actu.tg\/index.php\/2024\/03\/25\/defis-climatiques-les-recommandations-de-lanamet\/#breadcrumb","itemListElement":[{"@type":"ListItem","position":1,"name":"Accueil","item":"https:\/\/lepoint-actu.tg\/"},{"@type":"ListItem","position":2,"name":"D\u00e9fis climatiques\/Les recommandations de l\u2019ANAMET"}]},{"@type":"WebSite","@id":"https:\/\/lepoint-actu.tg\/#website","url":"https:\/\/lepoint-actu.tg\/","name":"","description":"R\u00e9c\u00e9piss\u00e9 N\u00b00022\/HAAC\/12-2020\/pL\/P, lepointactu07@gmail.com","potentialAction":[{"@type":"SearchAction","target":{"@type":"EntryPoint","urlTemplate":"https:\/\/lepoint-actu.tg\/?s={search_term_string}"},"query-input":{"@type":"PropertyValueSpecification","valueRequired":true,"valueName":"search_term_string"}}],"inLanguage":"fr-FR"},{"@type":"Person","@id":"https:\/\/lepoint-actu.tg\/#\/schema\/person\/e4026d66cbdc205cab83e169ab7eaca1","name":"La Redaction","image":{"@type":"ImageObject","inLanguage":"fr-FR","@id":"https:\/\/lepoint-actu.tg\/#\/schema\/person\/image\/","url":"https:\/\/secure.gravatar.com\/avatar\/1682a0ff7e2c36efa51c5d262eea092000ec1ce420118e6261440956730308c2?s=96&d=mm&r=g","contentUrl":"https:\/\/secure.gravatar.com\/avatar\/1682a0ff7e2c36efa51c5d262eea092000ec1ce420118e6261440956730308c2?s=96&d=mm&r=g","caption":"La Redaction"},"url":"https:\/\/lepoint-actu.tg\/index.php\/author\/raymondsama\/"}]}},"_links":{"self":[{"href":"https:\/\/lepoint-actu.tg\/index.php\/wp-json\/wp\/v2\/posts\/2944","targetHints":{"allow":["GET"]}}],"collection":[{"href":"https:\/\/lepoint-actu.tg\/index.php\/wp-json\/wp\/v2\/posts"}],"about":[{"href":"https:\/\/lepoint-actu.tg\/index.php\/wp-json\/wp\/v2\/types\/post"}],"author":[{"embeddable":true,"href":"https:\/\/lepoint-actu.tg\/index.php\/wp-json\/wp\/v2\/users\/2"}],"replies":[{"embeddable":true,"href":"https:\/\/lepoint-actu.tg\/index.php\/wp-json\/wp\/v2\/comments?post=2944"}],"version-history":[{"count":1,"href":"https:\/\/lepoint-actu.tg\/index.php\/wp-json\/wp\/v2\/posts\/2944\/revisions"}],"predecessor-version":[{"id":2948,"href":"https:\/\/lepoint-actu.tg\/index.php\/wp-json\/wp\/v2\/posts\/2944\/revisions\/2948"}],"wp:featuredmedia":[{"embeddable":true,"href":"https:\/\/lepoint-actu.tg\/index.php\/wp-json\/wp\/v2\/media\/2947"}],"wp:attachment":[{"href":"https:\/\/lepoint-actu.tg\/index.php\/wp-json\/wp\/v2\/media?parent=2944"}],"wp:term":[{"taxonomy":"category","embeddable":true,"href":"https:\/\/lepoint-actu.tg\/index.php\/wp-json\/wp\/v2\/categories?post=2944"},{"taxonomy":"post_tag","embeddable":true,"href":"https:\/\/lepoint-actu.tg\/index.php\/wp-json\/wp\/v2\/tags?post=2944"}],"curies":[{"name":"wp","href":"https:\/\/api.w.org\/{rel}","templated":true}]}}