{"id":2954,"date":"2024-03-22T11:44:10","date_gmt":"2024-03-22T11:44:10","guid":{"rendered":"https:\/\/lepoint-actu.tg\/?p=2954"},"modified":"2024-03-26T11:53:52","modified_gmt":"2024-03-26T11:53:52","slug":"un-geant-concert-live-de-lartiste-king-mensah-dimanche-prochain-a-agoe-nyive-1","status":"publish","type":"post","link":"https:\/\/lepoint-actu.tg\/index.php\/2024\/03\/22\/un-geant-concert-live-de-lartiste-king-mensah-dimanche-prochain-a-agoe-nyive-1\/","title":{"rendered":"Un g\u00e9ant concert live de l\u2019artiste King Mensah dimanche prochain \u00e0 Ago\u00e8-Nyiv\u00e9 1"},"content":{"rendered":"\n<p><\/p>\n\n\n\n<p>Promouvoir et consommer les produits togolais sans distinction aucune, offrir aux populations une occasion exceptionnelle de se rassembler et de partager des moments de joie et de convivialit\u00e9. La commune d\u2019 Ago\u00e8-Nyiv\u00e9 1 avec \u00e0 sa t\u00eate le maire Kovi Akoet\u00e9 Adanbounou reste mobilis\u00e9 et en cette p\u00e9riode de f\u00eate pascale offre un concert live in\u00e9dit aux populations le 31 mars 2024. C\u2019est le monument vivant de la musique togolaise, King Mensah avec toute son \u00e9quipe et plein d\u2019autres artistes qui donneront la joie au public.<\/p>\n\n\n\n<figure class=\"wp-block-image size-full\"><img loading=\"lazy\" decoding=\"async\" width=\"768\" height=\"337\" src=\"https:\/\/lepoint-actu.tg\/wp-content\/uploads\/2024\/03\/IMG_20240321_111019_136-768x337-1.jpg\" alt=\"\" class=\"wp-image-2956\" srcset=\"https:\/\/lepoint-actu.tg\/wp-content\/uploads\/2024\/03\/IMG_20240321_111019_136-768x337-1.jpg 768w, https:\/\/lepoint-actu.tg\/wp-content\/uploads\/2024\/03\/IMG_20240321_111019_136-768x337-1-300x132.jpg 300w\" sizes=\"auto, (max-width: 768px) 100vw, 768px\" \/><\/figure>\n\n\n\n<p>Si en janvier dernier, le maire de la commune d\u2019Ago\u00e8-Nyiv\u00e9 1, Kovi Akoet\u00e9 Adanbounou, a pris une d\u00e9cision en nommant le roi de la musique togolaise, King Papavi Mensah, conseiller \u00e0 la culture et aux loisirs de sa commune, c\u2019est dans un esprit d\u2019union pour le bien des populations. Dans la suite de cette d\u00e9cision, un concert g\u00e9ant enti\u00e8rement live avec en t\u00eate l\u2019artiste King Mensah, est pr\u00e9vu le dimanche 31 mars 2024, sur le terrain du Lyc\u00e9e Ago\u00e8-centre.<br>Ce concert qui s\u2019inscrit dans une s\u00e9rie d\u2019initiatives entreprises par la municipalit\u00e9 pour promouvoir la culture, l\u2019art et le bien-\u00eatre de ses citoyens est une initiative visant \u00e0 mettre en valeur la riche culture musicale du Togo. Avec la participation d\u2019une pl\u00e9thore d\u2019artistes togolais renomm\u00e9s, ce concert promet d\u2019\u00eatre un spectacle haut en couleur et en \u00e9motion, offrant une exp\u00e9rience musicale in\u00e9gal\u00e9e. Le concert s\u2019annonce aussi comme un moment fort dans la vie culturelle du Togo, r\u00e9unissant autour de la musique des milliers de personnes venues de tous horizons pour c\u00e9l\u00e9brer la diversit\u00e9 et la richesse de leur patrimoine. \u00ab On ne peut penser au d\u00e9veloppement d\u2019un pays ou d\u2019une commune sans les arts et la culture. La nomination de King Mensah comme Conseiller en charge des arts et de la culture au sein de mon cabinet r\u00e9pond \u00e0 des objectifs pr\u00e9cis: planifier le d\u00e9veloppement culturel et faire la promotion des artistes togolais d\u2019ici et d\u2019ailleurs. Le concert est organis\u00e9 en honneur de King Mensah. <\/p>\n\n\n\n<figure class=\"wp-block-image size-full\"><img loading=\"lazy\" decoding=\"async\" width=\"833\" height=\"833\" src=\"https:\/\/lepoint-actu.tg\/wp-content\/uploads\/2024\/02\/EOY_ADS_80x80px-1.jpg\" alt=\"\" class=\"wp-image-2839\" srcset=\"https:\/\/lepoint-actu.tg\/wp-content\/uploads\/2024\/02\/EOY_ADS_80x80px-1.jpg 833w, https:\/\/lepoint-actu.tg\/wp-content\/uploads\/2024\/02\/EOY_ADS_80x80px-1-300x300.jpg 300w, https:\/\/lepoint-actu.tg\/wp-content\/uploads\/2024\/02\/EOY_ADS_80x80px-1-150x150.jpg 150w, https:\/\/lepoint-actu.tg\/wp-content\/uploads\/2024\/02\/EOY_ADS_80x80px-1-768x768.jpg 768w\" sizes=\"auto, (max-width: 833px) 100vw, 833px\" \/><\/figure>\n\n\n\n<p>En dehors de sa mission de Conseiller, il m\u2019accompagnera comme Ambassadeur sur le plan international. Nous voulons faire d\u2019Ago\u00e8-Nyiv\u00e9 1 une commune de r\u00e9f\u00e9rence \u00bb, a d\u00e9clar\u00e9 le maire de la commune Ago\u00e8-Nyiv\u00e9, Kovi Adanbounou. En offrant ce concert gratuit \u00e0 la population, le Maire Kovi Adanbounou souhaite \u00e9galement offrir \u00e0 la jeunesse togolaise l\u2019opportunit\u00e9 de vivre des moments de bonheur pendant la p\u00e9riode de P\u00e2ques. \u00ab Le concert lance mes activit\u00e9s aupr\u00e8s de la commune. Il s\u2019agit de se pr\u00e9senter au public. Il y aura beaucoup d\u2019artistes pour la premi\u00e8re partie. Aussi, il faut savoir qu\u2019\u00e0 partir de ce concert, nous rentrerons dans la production. Nous avons beaucoup de projets pour cette commune. Notre leitmotiv, celui de faire d\u2019elle la capitale de la musique togolaise, pourquoi pas de l\u2019Afrique est toujours d\u2019actualit\u00e9 \u00bb, a rappel\u00e9 King Mensah. La population est donc invit\u00e9e \u00e0 faire nombreux le d\u00e9placement du terrain du Lyc\u00e9e d\u2019Ago\u00e8-Nyiv\u00e9 Centre pour suivre en live ce concert in\u00e9dit plac\u00e9 sous le signe de la musique, de la convivialit\u00e9 et de l\u2019unit\u00e9. Le maire Kovi Adanbounou et l\u2019ensemble de l\u2019\u00e9quipe municipale travaillent activement pour garantir le bon d\u00e9roulement de ce concert m\u00e9morable qui restera grav\u00e9 dans les m\u00e9moires de tous ceux qui auront eu la chance d\u2019y assister.<br>Les populations sont invit\u00e9es \u00e0 sortir massivement le dimanche 31 mars 2024 pour savourer le go\u00fbt unique de la musique togolaise.<br><strong><em>Ali Legrand<\/em><\/strong><\/p>\n","protected":false},"excerpt":{"rendered":"<p>Promouvoir et consommer les produits togolais sans distinction aucune, offrir aux populations une occasion exceptionnelle de se rassembler et de<\/p>\n","protected":false},"author":2,"featured_media":2959,"comment_status":"open","ping_status":"closed","sticky":false,"template":"","format":"standard","meta":{"footnotes":""},"categories":[1],"tags":[],"class_list":["post-2954","post","type-post","status-publish","format-standard","has-post-thumbnail","hentry","category-societe"],"yoast_head":"<!-- This site is optimized with the Yoast SEO plugin v23.9 - https:\/\/yoast.com\/wordpress\/plugins\/seo\/ -->\n<title>Un g\u00e9ant concert live de l\u2019artiste King Mensah dimanche prochain \u00e0 Ago\u00e8-Nyiv\u00e9 1 -<\/title>\n<meta name=\"robots\" content=\"index, follow, max-snippet:-1, max-image-preview:large, max-video-preview:-1\" \/>\n<link rel=\"canonical\" href=\"https:\/\/lepoint-actu.tg\/index.php\/2024\/03\/22\/un-geant-concert-live-de-lartiste-king-mensah-dimanche-prochain-a-agoe-nyive-1\/\" \/>\n<meta property=\"og:locale\" content=\"fr_FR\" \/>\n<meta property=\"og:type\" content=\"article\" \/>\n<meta property=\"og:title\" content=\"Un g\u00e9ant concert live de l\u2019artiste King Mensah dimanche prochain \u00e0 Ago\u00e8-Nyiv\u00e9 1 -\" \/>\n<meta property=\"og:description\" content=\"Promouvoir et consommer les produits togolais sans distinction aucune, offrir aux populations une occasion exceptionnelle de se rassembler et de\" \/>\n<meta property=\"og:url\" content=\"https:\/\/lepoint-actu.tg\/index.php\/2024\/03\/22\/un-geant-concert-live-de-lartiste-king-mensah-dimanche-prochain-a-agoe-nyive-1\/\" \/>\n<meta property=\"article:published_time\" content=\"2024-03-22T11:44:10+00:00\" \/>\n<meta property=\"article:modified_time\" content=\"2024-03-26T11:53:52+00:00\" \/>\n<meta property=\"og:image\" content=\"https:\/\/lepoint-actu.tg\/wp-content\/uploads\/2024\/03\/Screenshot_20240326-114916_1.jpg\" \/>\n\t<meta property=\"og:image:width\" content=\"509\" \/>\n\t<meta property=\"og:image:height\" content=\"261\" \/>\n\t<meta property=\"og:image:type\" content=\"image\/jpeg\" \/>\n<meta name=\"author\" content=\"La Redaction\" \/>\n<meta name=\"twitter:card\" content=\"summary_large_image\" \/>\n<meta name=\"twitter:label1\" content=\"\u00c9crit par\" \/>\n\t<meta name=\"twitter:data1\" content=\"La Redaction\" \/>\n\t<meta name=\"twitter:label2\" content=\"Dur\u00e9e de lecture estim\u00e9e\" \/>\n\t<meta name=\"twitter:data2\" content=\"3 minutes\" \/>\n<script type=\"application\/ld+json\" class=\"yoast-schema-graph\">{\"@context\":\"https:\/\/schema.org\",\"@graph\":[{\"@type\":\"WebPage\",\"@id\":\"https:\/\/lepoint-actu.tg\/index.php\/2024\/03\/22\/un-geant-concert-live-de-lartiste-king-mensah-dimanche-prochain-a-agoe-nyive-1\/\",\"url\":\"https:\/\/lepoint-actu.tg\/index.php\/2024\/03\/22\/un-geant-concert-live-de-lartiste-king-mensah-dimanche-prochain-a-agoe-nyive-1\/\",\"name\":\"Un g\u00e9ant concert live de l\u2019artiste King Mensah dimanche prochain \u00e0 Ago\u00e8-Nyiv\u00e9 1 -\",\"isPartOf\":{\"@id\":\"https:\/\/lepoint-actu.tg\/#website\"},\"primaryImageOfPage\":{\"@id\":\"https:\/\/lepoint-actu.tg\/index.php\/2024\/03\/22\/un-geant-concert-live-de-lartiste-king-mensah-dimanche-prochain-a-agoe-nyive-1\/#primaryimage\"},\"image\":{\"@id\":\"https:\/\/lepoint-actu.tg\/index.php\/2024\/03\/22\/un-geant-concert-live-de-lartiste-king-mensah-dimanche-prochain-a-agoe-nyive-1\/#primaryimage\"},\"thumbnailUrl\":\"https:\/\/lepoint-actu.tg\/wp-content\/uploads\/2024\/03\/Screenshot_20240326-114916_1.jpg\",\"datePublished\":\"2024-03-22T11:44:10+00:00\",\"dateModified\":\"2024-03-26T11:53:52+00:00\",\"author\":{\"@id\":\"https:\/\/lepoint-actu.tg\/#\/schema\/person\/e4026d66cbdc205cab83e169ab7eaca1\"},\"breadcrumb\":{\"@id\":\"https:\/\/lepoint-actu.tg\/index.php\/2024\/03\/22\/un-geant-concert-live-de-lartiste-king-mensah-dimanche-prochain-a-agoe-nyive-1\/#breadcrumb\"},\"inLanguage\":\"fr-FR\",\"potentialAction\":[{\"@type\":\"ReadAction\",\"target\":[\"https:\/\/lepoint-actu.tg\/index.php\/2024\/03\/22\/un-geant-concert-live-de-lartiste-king-mensah-dimanche-prochain-a-agoe-nyive-1\/\"]}]},{\"@type\":\"ImageObject\",\"inLanguage\":\"fr-FR\",\"@id\":\"https:\/\/lepoint-actu.tg\/index.php\/2024\/03\/22\/un-geant-concert-live-de-lartiste-king-mensah-dimanche-prochain-a-agoe-nyive-1\/#primaryimage\",\"url\":\"https:\/\/lepoint-actu.tg\/wp-content\/uploads\/2024\/03\/Screenshot_20240326-114916_1.jpg\",\"contentUrl\":\"https:\/\/lepoint-actu.tg\/wp-content\/uploads\/2024\/03\/Screenshot_20240326-114916_1.jpg\",\"width\":509,\"height\":261},{\"@type\":\"BreadcrumbList\",\"@id\":\"https:\/\/lepoint-actu.tg\/index.php\/2024\/03\/22\/un-geant-concert-live-de-lartiste-king-mensah-dimanche-prochain-a-agoe-nyive-1\/#breadcrumb\",\"itemListElement\":[{\"@type\":\"ListItem\",\"position\":1,\"name\":\"Accueil\",\"item\":\"https:\/\/lepoint-actu.tg\/\"},{\"@type\":\"ListItem\",\"position\":2,\"name\":\"Un g\u00e9ant concert live de l\u2019artiste King Mensah dimanche prochain \u00e0 Ago\u00e8-Nyiv\u00e9 1\"}]},{\"@type\":\"WebSite\",\"@id\":\"https:\/\/lepoint-actu.tg\/#website\",\"url\":\"https:\/\/lepoint-actu.tg\/\",\"name\":\"\",\"description\":\"R\u00e9c\u00e9piss\u00e9 N\u00b00022\/HAAC\/12-2020\/pL\/P, lepointactu07@gmail.com\",\"potentialAction\":[{\"@type\":\"SearchAction\",\"target\":{\"@type\":\"EntryPoint\",\"urlTemplate\":\"https:\/\/lepoint-actu.tg\/?s={search_term_string}\"},\"query-input\":{\"@type\":\"PropertyValueSpecification\",\"valueRequired\":true,\"valueName\":\"search_term_string\"}}],\"inLanguage\":\"fr-FR\"},{\"@type\":\"Person\",\"@id\":\"https:\/\/lepoint-actu.tg\/#\/schema\/person\/e4026d66cbdc205cab83e169ab7eaca1\",\"name\":\"La Redaction\",\"image\":{\"@type\":\"ImageObject\",\"inLanguage\":\"fr-FR\",\"@id\":\"https:\/\/lepoint-actu.tg\/#\/schema\/person\/image\/\",\"url\":\"https:\/\/secure.gravatar.com\/avatar\/1682a0ff7e2c36efa51c5d262eea092000ec1ce420118e6261440956730308c2?s=96&d=mm&r=g\",\"contentUrl\":\"https:\/\/secure.gravatar.com\/avatar\/1682a0ff7e2c36efa51c5d262eea092000ec1ce420118e6261440956730308c2?s=96&d=mm&r=g\",\"caption\":\"La Redaction\"},\"url\":\"https:\/\/lepoint-actu.tg\/index.php\/author\/raymondsama\/\"}]}<\/script>\n<!-- \/ Yoast SEO plugin. -->","yoast_head_json":{"title":"Un g\u00e9ant concert live de l\u2019artiste King Mensah dimanche prochain \u00e0 Ago\u00e8-Nyiv\u00e9 1 -","robots":{"index":"index","follow":"follow","max-snippet":"max-snippet:-1","max-image-preview":"max-image-preview:large","max-video-preview":"max-video-preview:-1"},"canonical":"https:\/\/lepoint-actu.tg\/index.php\/2024\/03\/22\/un-geant-concert-live-de-lartiste-king-mensah-dimanche-prochain-a-agoe-nyive-1\/","og_locale":"fr_FR","og_type":"article","og_title":"Un g\u00e9ant concert live de l\u2019artiste King Mensah dimanche prochain \u00e0 Ago\u00e8-Nyiv\u00e9 1 -","og_description":"Promouvoir et consommer les produits togolais sans distinction aucune, offrir aux populations une occasion exceptionnelle de se rassembler et de","og_url":"https:\/\/lepoint-actu.tg\/index.php\/2024\/03\/22\/un-geant-concert-live-de-lartiste-king-mensah-dimanche-prochain-a-agoe-nyive-1\/","article_published_time":"2024-03-22T11:44:10+00:00","article_modified_time":"2024-03-26T11:53:52+00:00","og_image":[{"width":509,"height":261,"url":"https:\/\/lepoint-actu.tg\/wp-content\/uploads\/2024\/03\/Screenshot_20240326-114916_1.jpg","type":"image\/jpeg"}],"author":"La Redaction","twitter_card":"summary_large_image","twitter_misc":{"\u00c9crit par":"La Redaction","Dur\u00e9e de lecture estim\u00e9e":"3 minutes"},"schema":{"@context":"https:\/\/schema.org","@graph":[{"@type":"WebPage","@id":"https:\/\/lepoint-actu.tg\/index.php\/2024\/03\/22\/un-geant-concert-live-de-lartiste-king-mensah-dimanche-prochain-a-agoe-nyive-1\/","url":"https:\/\/lepoint-actu.tg\/index.php\/2024\/03\/22\/un-geant-concert-live-de-lartiste-king-mensah-dimanche-prochain-a-agoe-nyive-1\/","name":"Un g\u00e9ant concert live de l\u2019artiste King Mensah dimanche prochain \u00e0 Ago\u00e8-Nyiv\u00e9 1 -","isPartOf":{"@id":"https:\/\/lepoint-actu.tg\/#website"},"primaryImageOfPage":{"@id":"https:\/\/lepoint-actu.tg\/index.php\/2024\/03\/22\/un-geant-concert-live-de-lartiste-king-mensah-dimanche-prochain-a-agoe-nyive-1\/#primaryimage"},"image":{"@id":"https:\/\/lepoint-actu.tg\/index.php\/2024\/03\/22\/un-geant-concert-live-de-lartiste-king-mensah-dimanche-prochain-a-agoe-nyive-1\/#primaryimage"},"thumbnailUrl":"https:\/\/lepoint-actu.tg\/wp-content\/uploads\/2024\/03\/Screenshot_20240326-114916_1.jpg","datePublished":"2024-03-22T11:44:10+00:00","dateModified":"2024-03-26T11:53:52+00:00","author":{"@id":"https:\/\/lepoint-actu.tg\/#\/schema\/person\/e4026d66cbdc205cab83e169ab7eaca1"},"breadcrumb":{"@id":"https:\/\/lepoint-actu.tg\/index.php\/2024\/03\/22\/un-geant-concert-live-de-lartiste-king-mensah-dimanche-prochain-a-agoe-nyive-1\/#breadcrumb"},"inLanguage":"fr-FR","potentialAction":[{"@type":"ReadAction","target":["https:\/\/lepoint-actu.tg\/index.php\/2024\/03\/22\/un-geant-concert-live-de-lartiste-king-mensah-dimanche-prochain-a-agoe-nyive-1\/"]}]},{"@type":"ImageObject","inLanguage":"fr-FR","@id":"https:\/\/lepoint-actu.tg\/index.php\/2024\/03\/22\/un-geant-concert-live-de-lartiste-king-mensah-dimanche-prochain-a-agoe-nyive-1\/#primaryimage","url":"https:\/\/lepoint-actu.tg\/wp-content\/uploads\/2024\/03\/Screenshot_20240326-114916_1.jpg","contentUrl":"https:\/\/lepoint-actu.tg\/wp-content\/uploads\/2024\/03\/Screenshot_20240326-114916_1.jpg","width":509,"height":261},{"@type":"BreadcrumbList","@id":"https:\/\/lepoint-actu.tg\/index.php\/2024\/03\/22\/un-geant-concert-live-de-lartiste-king-mensah-dimanche-prochain-a-agoe-nyive-1\/#breadcrumb","itemListElement":[{"@type":"ListItem","position":1,"name":"Accueil","item":"https:\/\/lepoint-actu.tg\/"},{"@type":"ListItem","position":2,"name":"Un g\u00e9ant concert live de l\u2019artiste King Mensah dimanche prochain \u00e0 Ago\u00e8-Nyiv\u00e9 1"}]},{"@type":"WebSite","@id":"https:\/\/lepoint-actu.tg\/#website","url":"https:\/\/lepoint-actu.tg\/","name":"","description":"R\u00e9c\u00e9piss\u00e9 N\u00b00022\/HAAC\/12-2020\/pL\/P, lepointactu07@gmail.com","potentialAction":[{"@type":"SearchAction","target":{"@type":"EntryPoint","urlTemplate":"https:\/\/lepoint-actu.tg\/?s={search_term_string}"},"query-input":{"@type":"PropertyValueSpecification","valueRequired":true,"valueName":"search_term_string"}}],"inLanguage":"fr-FR"},{"@type":"Person","@id":"https:\/\/lepoint-actu.tg\/#\/schema\/person\/e4026d66cbdc205cab83e169ab7eaca1","name":"La Redaction","image":{"@type":"ImageObject","inLanguage":"fr-FR","@id":"https:\/\/lepoint-actu.tg\/#\/schema\/person\/image\/","url":"https:\/\/secure.gravatar.com\/avatar\/1682a0ff7e2c36efa51c5d262eea092000ec1ce420118e6261440956730308c2?s=96&d=mm&r=g","contentUrl":"https:\/\/secure.gravatar.com\/avatar\/1682a0ff7e2c36efa51c5d262eea092000ec1ce420118e6261440956730308c2?s=96&d=mm&r=g","caption":"La Redaction"},"url":"https:\/\/lepoint-actu.tg\/index.php\/author\/raymondsama\/"}]}},"_links":{"self":[{"href":"https:\/\/lepoint-actu.tg\/index.php\/wp-json\/wp\/v2\/posts\/2954","targetHints":{"allow":["GET"]}}],"collection":[{"href":"https:\/\/lepoint-actu.tg\/index.php\/wp-json\/wp\/v2\/posts"}],"about":[{"href":"https:\/\/lepoint-actu.tg\/index.php\/wp-json\/wp\/v2\/types\/post"}],"author":[{"embeddable":true,"href":"https:\/\/lepoint-actu.tg\/index.php\/wp-json\/wp\/v2\/users\/2"}],"replies":[{"embeddable":true,"href":"https:\/\/lepoint-actu.tg\/index.php\/wp-json\/wp\/v2\/comments?post=2954"}],"version-history":[{"count":1,"href":"https:\/\/lepoint-actu.tg\/index.php\/wp-json\/wp\/v2\/posts\/2954\/revisions"}],"predecessor-version":[{"id":2957,"href":"https:\/\/lepoint-actu.tg\/index.php\/wp-json\/wp\/v2\/posts\/2954\/revisions\/2957"}],"wp:featuredmedia":[{"embeddable":true,"href":"https:\/\/lepoint-actu.tg\/index.php\/wp-json\/wp\/v2\/media\/2959"}],"wp:attachment":[{"href":"https:\/\/lepoint-actu.tg\/index.php\/wp-json\/wp\/v2\/media?parent=2954"}],"wp:term":[{"taxonomy":"category","embeddable":true,"href":"https:\/\/lepoint-actu.tg\/index.php\/wp-json\/wp\/v2\/categories?post=2954"},{"taxonomy":"post_tag","embeddable":true,"href":"https:\/\/lepoint-actu.tg\/index.php\/wp-json\/wp\/v2\/tags?post=2954"}],"curies":[{"name":"wp","href":"https:\/\/api.w.org\/{rel}","templated":true}]}}