{"id":2968,"date":"2024-03-30T07:36:19","date_gmt":"2024-03-30T07:36:19","guid":{"rendered":"https:\/\/lepoint-actu.tg\/?p=2968"},"modified":"2024-03-30T07:36:20","modified_gmt":"2024-03-30T07:36:20","slug":"contre-inondations-le-waca-resip-au-chevet-des-prefectures-des-lacs-et-autres","status":"publish","type":"post","link":"https:\/\/lepoint-actu.tg\/index.php\/2024\/03\/30\/contre-inondations-le-waca-resip-au-chevet-des-prefectures-des-lacs-et-autres\/","title":{"rendered":"Contre inondations, le WACA ReSip au chevet des pr\u00e9fectures des Lacs et autres"},"content":{"rendered":"\n<p><br>Au Togo, l\u2019Agence nationale de gestion de l&rsquo;environnement (ANGE) et le programme de r\u00e9silience c\u00f4ti\u00e8re (WACA ReSIP) consultent cette semaine les populations du sud c\u00f4tier, en pr\u00e9lude \u00e0 des travaux de construction d\u2019ouvrages de lutte contre les inondations dans la zone. Les repr\u00e9sentants \u00e9taient notamment \u00e0 Agbodrafo, An\u00e9ho et \u00e0 Glidji, les lundi et mardi.<br>L&rsquo;initiative, pour un co\u00fbt pr\u00e9visionnel total de 2,8 milliards FCFA, consistera notamment en des travaux de curage, de dragage, de protection des berges, d&rsquo;am\u00e9nagement de bassins, de canaux et de construction de caniveaux. Les travaux, qui concernent les pr\u00e9fectures de Vo, Bas-Mono, Zio et des Lacs, sont pilot\u00e9s par le minist\u00e8re de l&rsquo;Environnement et des Ressources Foresti\u00e8res.<br><strong>Impact environnemental et social, objet d\u2019une attention particuli\u00e8re<\/strong><br>Mercredi 27 mars 2024, une d\u00e9l\u00e9gation de l&rsquo;ANGE \u00e9tait \u00e0 An\u00e9ho et Glidji. Objectif est de consulter les populations concern\u00e9es.<\/p>\n\n\n\n<figure class=\"wp-block-image size-full\"><img loading=\"lazy\" decoding=\"async\" width=\"940\" height=\"529\" src=\"https:\/\/lepoint-actu.tg\/wp-content\/uploads\/2024\/03\/1-waca.png\" alt=\"\" class=\"wp-image-2970\" srcset=\"https:\/\/lepoint-actu.tg\/wp-content\/uploads\/2024\/03\/1-waca.png 940w, https:\/\/lepoint-actu.tg\/wp-content\/uploads\/2024\/03\/1-waca-300x169.png 300w, https:\/\/lepoint-actu.tg\/wp-content\/uploads\/2024\/03\/1-waca-768x432.png 768w\" sizes=\"auto, (max-width: 940px) 100vw, 940px\" \/><\/figure>\n\n\n\n<p><br>\u00ab Il faut partager avec les populations par rapport aux localisations des investissements et aux impacts locaux que ces investissements vont provoquer, leur vie, qui est qui, son impact. \u00bb, selon le coordonnateur national du projet Waka ReSIP, Dr. Adourahim Alimi Asimiou. Pour le responsable du programme appuy\u00e9 par la Banque mondiale, ces consultations populaires permettront l&rsquo;ex\u00e9cution des travaux r\u00e9pondant aux r\u00e9alit\u00e9s des b\u00e9n\u00e9ficiaires. C\u2019est pourquoi ces \u00e9changes vont permettre \u00ab un plan d&rsquo;action de r\u00e9installation qui va permettre d&rsquo;indemniser ceux qui auraient perdu leurs biens ou ceux qui, pour raisons des travaux\u2026, vont \u00eatre oblig\u00e9s de se d\u00e9placer. \u00bb<\/p>\n\n\n\n<p><strong><em>Ali Legrand <\/em><\/strong><\/p>\n","protected":false},"excerpt":{"rendered":"<p>Au Togo, l\u2019Agence nationale de gestion de l&rsquo;environnement (ANGE) et le programme de r\u00e9silience c\u00f4ti\u00e8re (WACA ReSIP) consultent cette semaine<\/p>\n","protected":false},"author":2,"featured_media":2969,"comment_status":"open","ping_status":"closed","sticky":false,"template":"","format":"standard","meta":{"footnotes":""},"categories":[6],"tags":[],"class_list":["post-2968","post","type-post","status-publish","format-standard","has-post-thumbnail","hentry","category-environnement"],"yoast_head":"<!-- This site is optimized with the Yoast SEO plugin v23.9 - https:\/\/yoast.com\/wordpress\/plugins\/seo\/ -->\n<title>Contre inondations, le WACA ReSip au chevet des pr\u00e9fectures des Lacs et autres -<\/title>\n<meta name=\"robots\" content=\"index, follow, max-snippet:-1, max-image-preview:large, max-video-preview:-1\" \/>\n<link rel=\"canonical\" href=\"https:\/\/lepoint-actu.tg\/index.php\/2024\/03\/30\/contre-inondations-le-waca-resip-au-chevet-des-prefectures-des-lacs-et-autres\/\" \/>\n<meta property=\"og:locale\" content=\"fr_FR\" \/>\n<meta property=\"og:type\" content=\"article\" \/>\n<meta property=\"og:title\" content=\"Contre inondations, le WACA ReSip au chevet des pr\u00e9fectures des Lacs et autres -\" \/>\n<meta property=\"og:description\" content=\"Au Togo, l\u2019Agence nationale de gestion de l&rsquo;environnement (ANGE) et le programme de r\u00e9silience c\u00f4ti\u00e8re (WACA ReSIP) consultent cette semaine\" \/>\n<meta property=\"og:url\" content=\"https:\/\/lepoint-actu.tg\/index.php\/2024\/03\/30\/contre-inondations-le-waca-resip-au-chevet-des-prefectures-des-lacs-et-autres\/\" \/>\n<meta property=\"article:published_time\" content=\"2024-03-30T07:36:19+00:00\" \/>\n<meta property=\"article:modified_time\" content=\"2024-03-30T07:36:20+00:00\" \/>\n<meta property=\"og:image\" content=\"https:\/\/lepoint-actu.tg\/wp-content\/uploads\/2024\/03\/Screenshot_20240330-072844_1.jpg\" \/>\n\t<meta property=\"og:image:width\" content=\"505\" \/>\n\t<meta property=\"og:image:height\" content=\"448\" \/>\n\t<meta property=\"og:image:type\" content=\"image\/jpeg\" \/>\n<meta name=\"author\" content=\"La Redaction\" \/>\n<meta name=\"twitter:card\" content=\"summary_large_image\" \/>\n<meta name=\"twitter:label1\" content=\"\u00c9crit par\" \/>\n\t<meta name=\"twitter:data1\" content=\"La Redaction\" \/>\n\t<meta name=\"twitter:label2\" content=\"Dur\u00e9e de lecture estim\u00e9e\" \/>\n\t<meta name=\"twitter:data2\" content=\"1 minute\" \/>\n<script type=\"application\/ld+json\" class=\"yoast-schema-graph\">{\"@context\":\"https:\/\/schema.org\",\"@graph\":[{\"@type\":\"WebPage\",\"@id\":\"https:\/\/lepoint-actu.tg\/index.php\/2024\/03\/30\/contre-inondations-le-waca-resip-au-chevet-des-prefectures-des-lacs-et-autres\/\",\"url\":\"https:\/\/lepoint-actu.tg\/index.php\/2024\/03\/30\/contre-inondations-le-waca-resip-au-chevet-des-prefectures-des-lacs-et-autres\/\",\"name\":\"Contre inondations, le WACA ReSip au chevet des pr\u00e9fectures des Lacs et autres -\",\"isPartOf\":{\"@id\":\"https:\/\/lepoint-actu.tg\/#website\"},\"primaryImageOfPage\":{\"@id\":\"https:\/\/lepoint-actu.tg\/index.php\/2024\/03\/30\/contre-inondations-le-waca-resip-au-chevet-des-prefectures-des-lacs-et-autres\/#primaryimage\"},\"image\":{\"@id\":\"https:\/\/lepoint-actu.tg\/index.php\/2024\/03\/30\/contre-inondations-le-waca-resip-au-chevet-des-prefectures-des-lacs-et-autres\/#primaryimage\"},\"thumbnailUrl\":\"https:\/\/lepoint-actu.tg\/wp-content\/uploads\/2024\/03\/Screenshot_20240330-072844_1.jpg\",\"datePublished\":\"2024-03-30T07:36:19+00:00\",\"dateModified\":\"2024-03-30T07:36:20+00:00\",\"author\":{\"@id\":\"https:\/\/lepoint-actu.tg\/#\/schema\/person\/e4026d66cbdc205cab83e169ab7eaca1\"},\"breadcrumb\":{\"@id\":\"https:\/\/lepoint-actu.tg\/index.php\/2024\/03\/30\/contre-inondations-le-waca-resip-au-chevet-des-prefectures-des-lacs-et-autres\/#breadcrumb\"},\"inLanguage\":\"fr-FR\",\"potentialAction\":[{\"@type\":\"ReadAction\",\"target\":[\"https:\/\/lepoint-actu.tg\/index.php\/2024\/03\/30\/contre-inondations-le-waca-resip-au-chevet-des-prefectures-des-lacs-et-autres\/\"]}]},{\"@type\":\"ImageObject\",\"inLanguage\":\"fr-FR\",\"@id\":\"https:\/\/lepoint-actu.tg\/index.php\/2024\/03\/30\/contre-inondations-le-waca-resip-au-chevet-des-prefectures-des-lacs-et-autres\/#primaryimage\",\"url\":\"https:\/\/lepoint-actu.tg\/wp-content\/uploads\/2024\/03\/Screenshot_20240330-072844_1.jpg\",\"contentUrl\":\"https:\/\/lepoint-actu.tg\/wp-content\/uploads\/2024\/03\/Screenshot_20240330-072844_1.jpg\",\"width\":505,\"height\":448},{\"@type\":\"BreadcrumbList\",\"@id\":\"https:\/\/lepoint-actu.tg\/index.php\/2024\/03\/30\/contre-inondations-le-waca-resip-au-chevet-des-prefectures-des-lacs-et-autres\/#breadcrumb\",\"itemListElement\":[{\"@type\":\"ListItem\",\"position\":1,\"name\":\"Accueil\",\"item\":\"https:\/\/lepoint-actu.tg\/\"},{\"@type\":\"ListItem\",\"position\":2,\"name\":\"Contre inondations, le WACA ReSip au chevet des pr\u00e9fectures des Lacs et autres\"}]},{\"@type\":\"WebSite\",\"@id\":\"https:\/\/lepoint-actu.tg\/#website\",\"url\":\"https:\/\/lepoint-actu.tg\/\",\"name\":\"\",\"description\":\"R\u00e9c\u00e9piss\u00e9 N\u00b00022\/HAAC\/12-2020\/pL\/P, lepointactu07@gmail.com\",\"potentialAction\":[{\"@type\":\"SearchAction\",\"target\":{\"@type\":\"EntryPoint\",\"urlTemplate\":\"https:\/\/lepoint-actu.tg\/?s={search_term_string}\"},\"query-input\":{\"@type\":\"PropertyValueSpecification\",\"valueRequired\":true,\"valueName\":\"search_term_string\"}}],\"inLanguage\":\"fr-FR\"},{\"@type\":\"Person\",\"@id\":\"https:\/\/lepoint-actu.tg\/#\/schema\/person\/e4026d66cbdc205cab83e169ab7eaca1\",\"name\":\"La Redaction\",\"image\":{\"@type\":\"ImageObject\",\"inLanguage\":\"fr-FR\",\"@id\":\"https:\/\/lepoint-actu.tg\/#\/schema\/person\/image\/\",\"url\":\"https:\/\/secure.gravatar.com\/avatar\/1682a0ff7e2c36efa51c5d262eea092000ec1ce420118e6261440956730308c2?s=96&d=mm&r=g\",\"contentUrl\":\"https:\/\/secure.gravatar.com\/avatar\/1682a0ff7e2c36efa51c5d262eea092000ec1ce420118e6261440956730308c2?s=96&d=mm&r=g\",\"caption\":\"La Redaction\"},\"url\":\"https:\/\/lepoint-actu.tg\/index.php\/author\/raymondsama\/\"}]}<\/script>\n<!-- \/ Yoast SEO plugin. -->","yoast_head_json":{"title":"Contre inondations, le WACA ReSip au chevet des pr\u00e9fectures des Lacs et autres -","robots":{"index":"index","follow":"follow","max-snippet":"max-snippet:-1","max-image-preview":"max-image-preview:large","max-video-preview":"max-video-preview:-1"},"canonical":"https:\/\/lepoint-actu.tg\/index.php\/2024\/03\/30\/contre-inondations-le-waca-resip-au-chevet-des-prefectures-des-lacs-et-autres\/","og_locale":"fr_FR","og_type":"article","og_title":"Contre inondations, le WACA ReSip au chevet des pr\u00e9fectures des Lacs et autres -","og_description":"Au Togo, l\u2019Agence nationale de gestion de l&rsquo;environnement (ANGE) et le programme de r\u00e9silience c\u00f4ti\u00e8re (WACA ReSIP) consultent cette semaine","og_url":"https:\/\/lepoint-actu.tg\/index.php\/2024\/03\/30\/contre-inondations-le-waca-resip-au-chevet-des-prefectures-des-lacs-et-autres\/","article_published_time":"2024-03-30T07:36:19+00:00","article_modified_time":"2024-03-30T07:36:20+00:00","og_image":[{"width":505,"height":448,"url":"https:\/\/lepoint-actu.tg\/wp-content\/uploads\/2024\/03\/Screenshot_20240330-072844_1.jpg","type":"image\/jpeg"}],"author":"La Redaction","twitter_card":"summary_large_image","twitter_misc":{"\u00c9crit par":"La Redaction","Dur\u00e9e de lecture estim\u00e9e":"1 minute"},"schema":{"@context":"https:\/\/schema.org","@graph":[{"@type":"WebPage","@id":"https:\/\/lepoint-actu.tg\/index.php\/2024\/03\/30\/contre-inondations-le-waca-resip-au-chevet-des-prefectures-des-lacs-et-autres\/","url":"https:\/\/lepoint-actu.tg\/index.php\/2024\/03\/30\/contre-inondations-le-waca-resip-au-chevet-des-prefectures-des-lacs-et-autres\/","name":"Contre inondations, le WACA ReSip au chevet des pr\u00e9fectures des Lacs et autres -","isPartOf":{"@id":"https:\/\/lepoint-actu.tg\/#website"},"primaryImageOfPage":{"@id":"https:\/\/lepoint-actu.tg\/index.php\/2024\/03\/30\/contre-inondations-le-waca-resip-au-chevet-des-prefectures-des-lacs-et-autres\/#primaryimage"},"image":{"@id":"https:\/\/lepoint-actu.tg\/index.php\/2024\/03\/30\/contre-inondations-le-waca-resip-au-chevet-des-prefectures-des-lacs-et-autres\/#primaryimage"},"thumbnailUrl":"https:\/\/lepoint-actu.tg\/wp-content\/uploads\/2024\/03\/Screenshot_20240330-072844_1.jpg","datePublished":"2024-03-30T07:36:19+00:00","dateModified":"2024-03-30T07:36:20+00:00","author":{"@id":"https:\/\/lepoint-actu.tg\/#\/schema\/person\/e4026d66cbdc205cab83e169ab7eaca1"},"breadcrumb":{"@id":"https:\/\/lepoint-actu.tg\/index.php\/2024\/03\/30\/contre-inondations-le-waca-resip-au-chevet-des-prefectures-des-lacs-et-autres\/#breadcrumb"},"inLanguage":"fr-FR","potentialAction":[{"@type":"ReadAction","target":["https:\/\/lepoint-actu.tg\/index.php\/2024\/03\/30\/contre-inondations-le-waca-resip-au-chevet-des-prefectures-des-lacs-et-autres\/"]}]},{"@type":"ImageObject","inLanguage":"fr-FR","@id":"https:\/\/lepoint-actu.tg\/index.php\/2024\/03\/30\/contre-inondations-le-waca-resip-au-chevet-des-prefectures-des-lacs-et-autres\/#primaryimage","url":"https:\/\/lepoint-actu.tg\/wp-content\/uploads\/2024\/03\/Screenshot_20240330-072844_1.jpg","contentUrl":"https:\/\/lepoint-actu.tg\/wp-content\/uploads\/2024\/03\/Screenshot_20240330-072844_1.jpg","width":505,"height":448},{"@type":"BreadcrumbList","@id":"https:\/\/lepoint-actu.tg\/index.php\/2024\/03\/30\/contre-inondations-le-waca-resip-au-chevet-des-prefectures-des-lacs-et-autres\/#breadcrumb","itemListElement":[{"@type":"ListItem","position":1,"name":"Accueil","item":"https:\/\/lepoint-actu.tg\/"},{"@type":"ListItem","position":2,"name":"Contre inondations, le WACA ReSip au chevet des pr\u00e9fectures des Lacs et autres"}]},{"@type":"WebSite","@id":"https:\/\/lepoint-actu.tg\/#website","url":"https:\/\/lepoint-actu.tg\/","name":"","description":"R\u00e9c\u00e9piss\u00e9 N\u00b00022\/HAAC\/12-2020\/pL\/P, lepointactu07@gmail.com","potentialAction":[{"@type":"SearchAction","target":{"@type":"EntryPoint","urlTemplate":"https:\/\/lepoint-actu.tg\/?s={search_term_string}"},"query-input":{"@type":"PropertyValueSpecification","valueRequired":true,"valueName":"search_term_string"}}],"inLanguage":"fr-FR"},{"@type":"Person","@id":"https:\/\/lepoint-actu.tg\/#\/schema\/person\/e4026d66cbdc205cab83e169ab7eaca1","name":"La Redaction","image":{"@type":"ImageObject","inLanguage":"fr-FR","@id":"https:\/\/lepoint-actu.tg\/#\/schema\/person\/image\/","url":"https:\/\/secure.gravatar.com\/avatar\/1682a0ff7e2c36efa51c5d262eea092000ec1ce420118e6261440956730308c2?s=96&d=mm&r=g","contentUrl":"https:\/\/secure.gravatar.com\/avatar\/1682a0ff7e2c36efa51c5d262eea092000ec1ce420118e6261440956730308c2?s=96&d=mm&r=g","caption":"La Redaction"},"url":"https:\/\/lepoint-actu.tg\/index.php\/author\/raymondsama\/"}]}},"_links":{"self":[{"href":"https:\/\/lepoint-actu.tg\/index.php\/wp-json\/wp\/v2\/posts\/2968","targetHints":{"allow":["GET"]}}],"collection":[{"href":"https:\/\/lepoint-actu.tg\/index.php\/wp-json\/wp\/v2\/posts"}],"about":[{"href":"https:\/\/lepoint-actu.tg\/index.php\/wp-json\/wp\/v2\/types\/post"}],"author":[{"embeddable":true,"href":"https:\/\/lepoint-actu.tg\/index.php\/wp-json\/wp\/v2\/users\/2"}],"replies":[{"embeddable":true,"href":"https:\/\/lepoint-actu.tg\/index.php\/wp-json\/wp\/v2\/comments?post=2968"}],"version-history":[{"count":1,"href":"https:\/\/lepoint-actu.tg\/index.php\/wp-json\/wp\/v2\/posts\/2968\/revisions"}],"predecessor-version":[{"id":2971,"href":"https:\/\/lepoint-actu.tg\/index.php\/wp-json\/wp\/v2\/posts\/2968\/revisions\/2971"}],"wp:featuredmedia":[{"embeddable":true,"href":"https:\/\/lepoint-actu.tg\/index.php\/wp-json\/wp\/v2\/media\/2969"}],"wp:attachment":[{"href":"https:\/\/lepoint-actu.tg\/index.php\/wp-json\/wp\/v2\/media?parent=2968"}],"wp:term":[{"taxonomy":"category","embeddable":true,"href":"https:\/\/lepoint-actu.tg\/index.php\/wp-json\/wp\/v2\/categories?post=2968"},{"taxonomy":"post_tag","embeddable":true,"href":"https:\/\/lepoint-actu.tg\/index.php\/wp-json\/wp\/v2\/tags?post=2968"}],"curies":[{"name":"wp","href":"https:\/\/api.w.org\/{rel}","templated":true}]}}