{"id":3024,"date":"2024-04-15T19:27:09","date_gmt":"2024-04-15T19:27:09","guid":{"rendered":"https:\/\/lepoint-actu.tg\/?p=3024"},"modified":"2024-04-15T19:28:40","modified_gmt":"2024-04-15T19:28:40","slug":"unir-ogou-maintient-le-cap-de-la-mobilisation","status":"publish","type":"post","link":"https:\/\/lepoint-actu.tg\/index.php\/2024\/04\/15\/unir-ogou-maintient-le-cap-de-la-mobilisation\/","title":{"rendered":"UNIR Ogou maintient le cap de la mobilisation"},"content":{"rendered":"\n<p><br>L\u2019op\u00e9ration de charme entam\u00e9e samedi dernier dans le cadre des \u00e9lections l\u00e9gislatives et r\u00e9gionales du 29 avril 2024 continue de la belle des mani\u00e8res, calme et coh\u00e9sion, dans l\u2019ensemble des coins du pays. Pour le parti Union pour la R\u00e9publique (UNIR, parti au pouvoir), dans la pr\u00e9fecture de l\u2019Ogou, o\u00f9 la mobilisation demeure au rendez-vous, les \u00e9lecteurs disent \u00eatre pr\u00eats pour lui accorder massivement leurs voix.<\/p>\n\n\n\n<figure class=\"wp-block-image size-full\"><img loading=\"lazy\" decoding=\"async\" width=\"672\" height=\"991\" src=\"https:\/\/lepoint-actu.tg\/wp-content\/uploads\/2024\/04\/Screenshot_20240415-183404_1.jpg\" alt=\"\" class=\"wp-image-3026\" srcset=\"https:\/\/lepoint-actu.tg\/wp-content\/uploads\/2024\/04\/Screenshot_20240415-183404_1.jpg 672w, https:\/\/lepoint-actu.tg\/wp-content\/uploads\/2024\/04\/Screenshot_20240415-183404_1-203x300.jpg 203w\" sizes=\"auto, (max-width: 672px) 100vw, 672px\" \/><\/figure>\n\n\n\n<p><br>Conseils pour garder en lieu s\u00fbr les cartes d\u2019\u00e9lecteur afin de les retrouver au moment venu, sensibilisation sur les valeurs de paix, de coh\u00e9sion sociale et sur moult initiatives de d\u00e9veloppement du parti au pouvoir et de son Pr\u00e9sident Faure Gnassingb\u00e9 sont les points qui ont meubl\u00e9 et qui meubles diff\u00e9rentes caravanes suivies de meetings dans plusieurs localit\u00e9s des communes Ogou4 et Ogou2 les 14 et 15 avril. A Atakpam\u00e9, dans la Commune Ogou1 et \u00e0 Gl\u00e9\u00ef dans la zone de l\u2019Ogou 3, les op\u00e9rations de porte \u00e0 porte, des rencontres en petits groupes entre cadres et populations sont des strat\u00e9gies soigneusement men\u00e9es apr\u00e8s la grande journ\u00e9e de samedi o\u00f9 la campagne a \u00e9t\u00e9 lanc\u00e9e pompeusement.<br>Tout comme les populations de la commune Ogou4 qui se sont massivement mobilis\u00e9es \u00e0 Homa, Ountivou et Carrefour&nbsp;; Propta, K\u00e8l\u00e8kp\u00e8, Kator\u00e9, Akpar\u00e9, Datcha, entre autres pour le compte de l\u2019Ogou 2 ont \u00e9galement vibr\u00e9 au rythme de caravanes, danses du terroir. Les populations exprimant en toute fiert\u00e9 leur gratitude au chef de l\u2019Etat lors de l\u2019ouverture de cette campagne comptant pour les \u00e9lections du 29 avril rassurent.<\/p>\n\n\n\n<figure class=\"wp-block-image size-full\"><img loading=\"lazy\" decoding=\"async\" width=\"672\" height=\"512\" src=\"https:\/\/lepoint-actu.tg\/wp-content\/uploads\/2024\/04\/Screenshot_20240415-182107_1.jpg\" alt=\"\" class=\"wp-image-3025\" srcset=\"https:\/\/lepoint-actu.tg\/wp-content\/uploads\/2024\/04\/Screenshot_20240415-182107_1.jpg 672w, https:\/\/lepoint-actu.tg\/wp-content\/uploads\/2024\/04\/Screenshot_20240415-182107_1-300x229.jpg 300w\" sizes=\"auto, (max-width: 672px) 100vw, 672px\" \/><\/figure>\n\n\n\n<p><br>\u00ab&nbsp;UNIR n\u2019a pas de concurrent ici dans notre pr\u00e9fecture (dans l\u2019Ogou, ndlr) et nous sommes d\u00e9j\u00e0 pr\u00eats pour le vote m\u00eame si c\u2019est demain&nbsp;\u00bb, estiment en substance les populations dans un \u00e9lan d\u2019enthousiasme.<\/p>\n\n\n\n<p><strong><em>Ali Legrand <\/em><\/strong><\/p>\n","protected":false},"excerpt":{"rendered":"<p>L\u2019op\u00e9ration de charme entam\u00e9e samedi dernier dans le cadre des \u00e9lections l\u00e9gislatives et r\u00e9gionales du 29 avril 2024 continue de<\/p>\n","protected":false},"author":2,"featured_media":3025,"comment_status":"open","ping_status":"closed","sticky":false,"template":"","format":"standard","meta":{"footnotes":""},"categories":[1],"tags":[],"class_list":["post-3024","post","type-post","status-publish","format-standard","has-post-thumbnail","hentry","category-societe"],"yoast_head":"<!-- This site is optimized with the Yoast SEO plugin v23.9 - https:\/\/yoast.com\/wordpress\/plugins\/seo\/ -->\n<title>UNIR Ogou maintient le cap de la mobilisation -<\/title>\n<meta name=\"robots\" content=\"index, follow, max-snippet:-1, max-image-preview:large, max-video-preview:-1\" \/>\n<link rel=\"canonical\" href=\"https:\/\/lepoint-actu.tg\/index.php\/2024\/04\/15\/unir-ogou-maintient-le-cap-de-la-mobilisation\/\" \/>\n<meta property=\"og:locale\" content=\"fr_FR\" \/>\n<meta property=\"og:type\" content=\"article\" \/>\n<meta property=\"og:title\" content=\"UNIR Ogou maintient le cap de la mobilisation -\" \/>\n<meta property=\"og:description\" content=\"L\u2019op\u00e9ration de charme entam\u00e9e samedi dernier dans le cadre des \u00e9lections l\u00e9gislatives et r\u00e9gionales du 29 avril 2024 continue de\" \/>\n<meta property=\"og:url\" content=\"https:\/\/lepoint-actu.tg\/index.php\/2024\/04\/15\/unir-ogou-maintient-le-cap-de-la-mobilisation\/\" \/>\n<meta property=\"article:published_time\" content=\"2024-04-15T19:27:09+00:00\" \/>\n<meta property=\"article:modified_time\" content=\"2024-04-15T19:28:40+00:00\" \/>\n<meta property=\"og:image\" content=\"https:\/\/lepoint-actu.tg\/wp-content\/uploads\/2024\/04\/Screenshot_20240415-182107_1.jpg\" \/>\n\t<meta property=\"og:image:width\" content=\"672\" \/>\n\t<meta property=\"og:image:height\" content=\"512\" \/>\n\t<meta property=\"og:image:type\" content=\"image\/jpeg\" \/>\n<meta name=\"author\" content=\"La Redaction\" \/>\n<meta name=\"twitter:card\" content=\"summary_large_image\" \/>\n<meta name=\"twitter:label1\" content=\"\u00c9crit par\" \/>\n\t<meta name=\"twitter:data1\" content=\"La Redaction\" \/>\n\t<meta name=\"twitter:label2\" content=\"Dur\u00e9e de lecture estim\u00e9e\" \/>\n\t<meta name=\"twitter:data2\" content=\"2 minutes\" \/>\n<script type=\"application\/ld+json\" class=\"yoast-schema-graph\">{\"@context\":\"https:\/\/schema.org\",\"@graph\":[{\"@type\":\"WebPage\",\"@id\":\"https:\/\/lepoint-actu.tg\/index.php\/2024\/04\/15\/unir-ogou-maintient-le-cap-de-la-mobilisation\/\",\"url\":\"https:\/\/lepoint-actu.tg\/index.php\/2024\/04\/15\/unir-ogou-maintient-le-cap-de-la-mobilisation\/\",\"name\":\"UNIR Ogou maintient le cap de la mobilisation -\",\"isPartOf\":{\"@id\":\"https:\/\/lepoint-actu.tg\/#website\"},\"primaryImageOfPage\":{\"@id\":\"https:\/\/lepoint-actu.tg\/index.php\/2024\/04\/15\/unir-ogou-maintient-le-cap-de-la-mobilisation\/#primaryimage\"},\"image\":{\"@id\":\"https:\/\/lepoint-actu.tg\/index.php\/2024\/04\/15\/unir-ogou-maintient-le-cap-de-la-mobilisation\/#primaryimage\"},\"thumbnailUrl\":\"https:\/\/lepoint-actu.tg\/wp-content\/uploads\/2024\/04\/Screenshot_20240415-182107_1.jpg\",\"datePublished\":\"2024-04-15T19:27:09+00:00\",\"dateModified\":\"2024-04-15T19:28:40+00:00\",\"author\":{\"@id\":\"https:\/\/lepoint-actu.tg\/#\/schema\/person\/e4026d66cbdc205cab83e169ab7eaca1\"},\"breadcrumb\":{\"@id\":\"https:\/\/lepoint-actu.tg\/index.php\/2024\/04\/15\/unir-ogou-maintient-le-cap-de-la-mobilisation\/#breadcrumb\"},\"inLanguage\":\"fr-FR\",\"potentialAction\":[{\"@type\":\"ReadAction\",\"target\":[\"https:\/\/lepoint-actu.tg\/index.php\/2024\/04\/15\/unir-ogou-maintient-le-cap-de-la-mobilisation\/\"]}]},{\"@type\":\"ImageObject\",\"inLanguage\":\"fr-FR\",\"@id\":\"https:\/\/lepoint-actu.tg\/index.php\/2024\/04\/15\/unir-ogou-maintient-le-cap-de-la-mobilisation\/#primaryimage\",\"url\":\"https:\/\/lepoint-actu.tg\/wp-content\/uploads\/2024\/04\/Screenshot_20240415-182107_1.jpg\",\"contentUrl\":\"https:\/\/lepoint-actu.tg\/wp-content\/uploads\/2024\/04\/Screenshot_20240415-182107_1.jpg\",\"width\":672,\"height\":512},{\"@type\":\"BreadcrumbList\",\"@id\":\"https:\/\/lepoint-actu.tg\/index.php\/2024\/04\/15\/unir-ogou-maintient-le-cap-de-la-mobilisation\/#breadcrumb\",\"itemListElement\":[{\"@type\":\"ListItem\",\"position\":1,\"name\":\"Accueil\",\"item\":\"https:\/\/lepoint-actu.tg\/\"},{\"@type\":\"ListItem\",\"position\":2,\"name\":\"UNIR Ogou maintient le cap de la mobilisation\"}]},{\"@type\":\"WebSite\",\"@id\":\"https:\/\/lepoint-actu.tg\/#website\",\"url\":\"https:\/\/lepoint-actu.tg\/\",\"name\":\"\",\"description\":\"R\u00e9c\u00e9piss\u00e9 N\u00b00022\/HAAC\/12-2020\/pL\/P, lepointactu07@gmail.com\",\"potentialAction\":[{\"@type\":\"SearchAction\",\"target\":{\"@type\":\"EntryPoint\",\"urlTemplate\":\"https:\/\/lepoint-actu.tg\/?s={search_term_string}\"},\"query-input\":{\"@type\":\"PropertyValueSpecification\",\"valueRequired\":true,\"valueName\":\"search_term_string\"}}],\"inLanguage\":\"fr-FR\"},{\"@type\":\"Person\",\"@id\":\"https:\/\/lepoint-actu.tg\/#\/schema\/person\/e4026d66cbdc205cab83e169ab7eaca1\",\"name\":\"La Redaction\",\"image\":{\"@type\":\"ImageObject\",\"inLanguage\":\"fr-FR\",\"@id\":\"https:\/\/lepoint-actu.tg\/#\/schema\/person\/image\/\",\"url\":\"https:\/\/secure.gravatar.com\/avatar\/1682a0ff7e2c36efa51c5d262eea092000ec1ce420118e6261440956730308c2?s=96&d=mm&r=g\",\"contentUrl\":\"https:\/\/secure.gravatar.com\/avatar\/1682a0ff7e2c36efa51c5d262eea092000ec1ce420118e6261440956730308c2?s=96&d=mm&r=g\",\"caption\":\"La Redaction\"},\"url\":\"https:\/\/lepoint-actu.tg\/index.php\/author\/raymondsama\/\"}]}<\/script>\n<!-- \/ Yoast SEO plugin. -->","yoast_head_json":{"title":"UNIR Ogou maintient le cap de la mobilisation -","robots":{"index":"index","follow":"follow","max-snippet":"max-snippet:-1","max-image-preview":"max-image-preview:large","max-video-preview":"max-video-preview:-1"},"canonical":"https:\/\/lepoint-actu.tg\/index.php\/2024\/04\/15\/unir-ogou-maintient-le-cap-de-la-mobilisation\/","og_locale":"fr_FR","og_type":"article","og_title":"UNIR Ogou maintient le cap de la mobilisation -","og_description":"L\u2019op\u00e9ration de charme entam\u00e9e samedi dernier dans le cadre des \u00e9lections l\u00e9gislatives et r\u00e9gionales du 29 avril 2024 continue de","og_url":"https:\/\/lepoint-actu.tg\/index.php\/2024\/04\/15\/unir-ogou-maintient-le-cap-de-la-mobilisation\/","article_published_time":"2024-04-15T19:27:09+00:00","article_modified_time":"2024-04-15T19:28:40+00:00","og_image":[{"width":672,"height":512,"url":"https:\/\/lepoint-actu.tg\/wp-content\/uploads\/2024\/04\/Screenshot_20240415-182107_1.jpg","type":"image\/jpeg"}],"author":"La Redaction","twitter_card":"summary_large_image","twitter_misc":{"\u00c9crit par":"La Redaction","Dur\u00e9e de lecture estim\u00e9e":"2 minutes"},"schema":{"@context":"https:\/\/schema.org","@graph":[{"@type":"WebPage","@id":"https:\/\/lepoint-actu.tg\/index.php\/2024\/04\/15\/unir-ogou-maintient-le-cap-de-la-mobilisation\/","url":"https:\/\/lepoint-actu.tg\/index.php\/2024\/04\/15\/unir-ogou-maintient-le-cap-de-la-mobilisation\/","name":"UNIR Ogou maintient le cap de la mobilisation -","isPartOf":{"@id":"https:\/\/lepoint-actu.tg\/#website"},"primaryImageOfPage":{"@id":"https:\/\/lepoint-actu.tg\/index.php\/2024\/04\/15\/unir-ogou-maintient-le-cap-de-la-mobilisation\/#primaryimage"},"image":{"@id":"https:\/\/lepoint-actu.tg\/index.php\/2024\/04\/15\/unir-ogou-maintient-le-cap-de-la-mobilisation\/#primaryimage"},"thumbnailUrl":"https:\/\/lepoint-actu.tg\/wp-content\/uploads\/2024\/04\/Screenshot_20240415-182107_1.jpg","datePublished":"2024-04-15T19:27:09+00:00","dateModified":"2024-04-15T19:28:40+00:00","author":{"@id":"https:\/\/lepoint-actu.tg\/#\/schema\/person\/e4026d66cbdc205cab83e169ab7eaca1"},"breadcrumb":{"@id":"https:\/\/lepoint-actu.tg\/index.php\/2024\/04\/15\/unir-ogou-maintient-le-cap-de-la-mobilisation\/#breadcrumb"},"inLanguage":"fr-FR","potentialAction":[{"@type":"ReadAction","target":["https:\/\/lepoint-actu.tg\/index.php\/2024\/04\/15\/unir-ogou-maintient-le-cap-de-la-mobilisation\/"]}]},{"@type":"ImageObject","inLanguage":"fr-FR","@id":"https:\/\/lepoint-actu.tg\/index.php\/2024\/04\/15\/unir-ogou-maintient-le-cap-de-la-mobilisation\/#primaryimage","url":"https:\/\/lepoint-actu.tg\/wp-content\/uploads\/2024\/04\/Screenshot_20240415-182107_1.jpg","contentUrl":"https:\/\/lepoint-actu.tg\/wp-content\/uploads\/2024\/04\/Screenshot_20240415-182107_1.jpg","width":672,"height":512},{"@type":"BreadcrumbList","@id":"https:\/\/lepoint-actu.tg\/index.php\/2024\/04\/15\/unir-ogou-maintient-le-cap-de-la-mobilisation\/#breadcrumb","itemListElement":[{"@type":"ListItem","position":1,"name":"Accueil","item":"https:\/\/lepoint-actu.tg\/"},{"@type":"ListItem","position":2,"name":"UNIR Ogou maintient le cap de la mobilisation"}]},{"@type":"WebSite","@id":"https:\/\/lepoint-actu.tg\/#website","url":"https:\/\/lepoint-actu.tg\/","name":"","description":"R\u00e9c\u00e9piss\u00e9 N\u00b00022\/HAAC\/12-2020\/pL\/P, lepointactu07@gmail.com","potentialAction":[{"@type":"SearchAction","target":{"@type":"EntryPoint","urlTemplate":"https:\/\/lepoint-actu.tg\/?s={search_term_string}"},"query-input":{"@type":"PropertyValueSpecification","valueRequired":true,"valueName":"search_term_string"}}],"inLanguage":"fr-FR"},{"@type":"Person","@id":"https:\/\/lepoint-actu.tg\/#\/schema\/person\/e4026d66cbdc205cab83e169ab7eaca1","name":"La Redaction","image":{"@type":"ImageObject","inLanguage":"fr-FR","@id":"https:\/\/lepoint-actu.tg\/#\/schema\/person\/image\/","url":"https:\/\/secure.gravatar.com\/avatar\/1682a0ff7e2c36efa51c5d262eea092000ec1ce420118e6261440956730308c2?s=96&d=mm&r=g","contentUrl":"https:\/\/secure.gravatar.com\/avatar\/1682a0ff7e2c36efa51c5d262eea092000ec1ce420118e6261440956730308c2?s=96&d=mm&r=g","caption":"La Redaction"},"url":"https:\/\/lepoint-actu.tg\/index.php\/author\/raymondsama\/"}]}},"_links":{"self":[{"href":"https:\/\/lepoint-actu.tg\/index.php\/wp-json\/wp\/v2\/posts\/3024","targetHints":{"allow":["GET"]}}],"collection":[{"href":"https:\/\/lepoint-actu.tg\/index.php\/wp-json\/wp\/v2\/posts"}],"about":[{"href":"https:\/\/lepoint-actu.tg\/index.php\/wp-json\/wp\/v2\/types\/post"}],"author":[{"embeddable":true,"href":"https:\/\/lepoint-actu.tg\/index.php\/wp-json\/wp\/v2\/users\/2"}],"replies":[{"embeddable":true,"href":"https:\/\/lepoint-actu.tg\/index.php\/wp-json\/wp\/v2\/comments?post=3024"}],"version-history":[{"count":2,"href":"https:\/\/lepoint-actu.tg\/index.php\/wp-json\/wp\/v2\/posts\/3024\/revisions"}],"predecessor-version":[{"id":3028,"href":"https:\/\/lepoint-actu.tg\/index.php\/wp-json\/wp\/v2\/posts\/3024\/revisions\/3028"}],"wp:featuredmedia":[{"embeddable":true,"href":"https:\/\/lepoint-actu.tg\/index.php\/wp-json\/wp\/v2\/media\/3025"}],"wp:attachment":[{"href":"https:\/\/lepoint-actu.tg\/index.php\/wp-json\/wp\/v2\/media?parent=3024"}],"wp:term":[{"taxonomy":"category","embeddable":true,"href":"https:\/\/lepoint-actu.tg\/index.php\/wp-json\/wp\/v2\/categories?post=3024"},{"taxonomy":"post_tag","embeddable":true,"href":"https:\/\/lepoint-actu.tg\/index.php\/wp-json\/wp\/v2\/tags?post=3024"}],"curies":[{"name":"wp","href":"https:\/\/api.w.org\/{rel}","templated":true}]}}