{"id":3033,"date":"2024-04-15T19:51:40","date_gmt":"2024-04-15T19:51:40","guid":{"rendered":"https:\/\/lepoint-actu.tg\/?p=3033"},"modified":"2024-04-15T19:51:41","modified_gmt":"2024-04-15T19:51:41","slug":"une-croissance-projetee-a-34-en-2024-pour-lafrique","status":"publish","type":"post","link":"https:\/\/lepoint-actu.tg\/index.php\/2024\/04\/15\/une-croissance-projetee-a-34-en-2024-pour-lafrique\/","title":{"rendered":"Une croissance projet\u00e9e \u00e0 3,4% en 2024 pour l\u2019Afrique"},"content":{"rendered":"\n<p><br>Selon la Banque mondiale, dans son dernier rapport sur l\u2019\u00e9conomie en Afrique, \u00ab\u00a0Africa\u2019s Pulse\u00a0\u00bb, publi\u00e9 courant semaine derni\u00e8re, cette ann\u00e9e 2024 devrait \u00eatre marqu\u00e9e par un rebond de la croissance \u00e0 3,4 % en 2024 et \u00e0 3,8 % en 2025. Ce qui marquera une l\u00e9g\u00e8re progression par rapport aux 2,6 % enregistr\u00e9s en 2023.<br>Il y aura une inflation qui restera \u00e9lev\u00e9e, bien qu\u2019en baisse selon la Banque mondiale.<br>Pour l\u2019institution de Bretton Woods, au Togo, les pr\u00e9visions sont globalement plus positives. Le taux de croissance devrait ralentir l\u00e9g\u00e8rement en 2024 pour atteindre 5,1 % sous l\u2019effet des efforts d&rsquo;assainissement budg\u00e9taire, de la faiblesse de la demande ext\u00e9rieure et de l&rsquo;incertitude r\u00e9gionale. Les autorit\u00e9s publiques esp\u00e8rent une poursuite de la tendance baissi\u00e8re en ce qui concerne l\u2019inflation.<\/p>\n\n\n\n<p><strong><em>Valentine Bia <\/em><\/strong><\/p>\n","protected":false},"excerpt":{"rendered":"<p>Selon la Banque mondiale, dans son dernier rapport sur l\u2019\u00e9conomie en Afrique, \u00ab\u00a0Africa\u2019s Pulse\u00a0\u00bb, publi\u00e9 courant semaine derni\u00e8re, cette ann\u00e9e<\/p>\n","protected":false},"author":2,"featured_media":3034,"comment_status":"open","ping_status":"closed","sticky":false,"template":"","format":"standard","meta":{"footnotes":""},"categories":[4],"tags":[],"class_list":["post-3033","post","type-post","status-publish","format-standard","has-post-thumbnail","hentry","category-economie"],"yoast_head":"<!-- This site is optimized with the Yoast SEO plugin v23.9 - https:\/\/yoast.com\/wordpress\/plugins\/seo\/ -->\n<title>Une croissance projet\u00e9e \u00e0 3,4% en 2024 pour l\u2019Afrique -<\/title>\n<meta name=\"robots\" content=\"index, follow, max-snippet:-1, max-image-preview:large, max-video-preview:-1\" \/>\n<link rel=\"canonical\" href=\"https:\/\/lepoint-actu.tg\/index.php\/2024\/04\/15\/une-croissance-projetee-a-34-en-2024-pour-lafrique\/\" \/>\n<meta property=\"og:locale\" content=\"fr_FR\" \/>\n<meta property=\"og:type\" content=\"article\" \/>\n<meta property=\"og:title\" content=\"Une croissance projet\u00e9e \u00e0 3,4% en 2024 pour l\u2019Afrique -\" \/>\n<meta property=\"og:description\" content=\"Selon la Banque mondiale, dans son dernier rapport sur l\u2019\u00e9conomie en Afrique, \u00ab\u00a0Africa\u2019s Pulse\u00a0\u00bb, publi\u00e9 courant semaine derni\u00e8re, cette ann\u00e9e\" \/>\n<meta property=\"og:url\" content=\"https:\/\/lepoint-actu.tg\/index.php\/2024\/04\/15\/une-croissance-projetee-a-34-en-2024-pour-lafrique\/\" \/>\n<meta property=\"article:published_time\" content=\"2024-04-15T19:51:40+00:00\" \/>\n<meta property=\"article:modified_time\" content=\"2024-04-15T19:51:41+00:00\" \/>\n<meta property=\"og:image\" content=\"https:\/\/lepoint-actu.tg\/wp-content\/uploads\/2024\/04\/bm-imag.jpg\" \/>\n\t<meta property=\"og:image:width\" content=\"275\" \/>\n\t<meta property=\"og:image:height\" content=\"183\" \/>\n\t<meta property=\"og:image:type\" content=\"image\/jpeg\" \/>\n<meta name=\"author\" content=\"La Redaction\" \/>\n<meta name=\"twitter:card\" content=\"summary_large_image\" \/>\n<meta name=\"twitter:label1\" content=\"\u00c9crit par\" \/>\n\t<meta name=\"twitter:data1\" content=\"La Redaction\" \/>\n\t<meta name=\"twitter:label2\" content=\"Dur\u00e9e de lecture estim\u00e9e\" \/>\n\t<meta name=\"twitter:data2\" content=\"1 minute\" \/>\n<script type=\"application\/ld+json\" class=\"yoast-schema-graph\">{\"@context\":\"https:\/\/schema.org\",\"@graph\":[{\"@type\":\"WebPage\",\"@id\":\"https:\/\/lepoint-actu.tg\/index.php\/2024\/04\/15\/une-croissance-projetee-a-34-en-2024-pour-lafrique\/\",\"url\":\"https:\/\/lepoint-actu.tg\/index.php\/2024\/04\/15\/une-croissance-projetee-a-34-en-2024-pour-lafrique\/\",\"name\":\"Une croissance projet\u00e9e \u00e0 3,4% en 2024 pour l\u2019Afrique -\",\"isPartOf\":{\"@id\":\"https:\/\/lepoint-actu.tg\/#website\"},\"primaryImageOfPage\":{\"@id\":\"https:\/\/lepoint-actu.tg\/index.php\/2024\/04\/15\/une-croissance-projetee-a-34-en-2024-pour-lafrique\/#primaryimage\"},\"image\":{\"@id\":\"https:\/\/lepoint-actu.tg\/index.php\/2024\/04\/15\/une-croissance-projetee-a-34-en-2024-pour-lafrique\/#primaryimage\"},\"thumbnailUrl\":\"https:\/\/lepoint-actu.tg\/wp-content\/uploads\/2024\/04\/bm-imag.jpg\",\"datePublished\":\"2024-04-15T19:51:40+00:00\",\"dateModified\":\"2024-04-15T19:51:41+00:00\",\"author\":{\"@id\":\"https:\/\/lepoint-actu.tg\/#\/schema\/person\/e4026d66cbdc205cab83e169ab7eaca1\"},\"breadcrumb\":{\"@id\":\"https:\/\/lepoint-actu.tg\/index.php\/2024\/04\/15\/une-croissance-projetee-a-34-en-2024-pour-lafrique\/#breadcrumb\"},\"inLanguage\":\"fr-FR\",\"potentialAction\":[{\"@type\":\"ReadAction\",\"target\":[\"https:\/\/lepoint-actu.tg\/index.php\/2024\/04\/15\/une-croissance-projetee-a-34-en-2024-pour-lafrique\/\"]}]},{\"@type\":\"ImageObject\",\"inLanguage\":\"fr-FR\",\"@id\":\"https:\/\/lepoint-actu.tg\/index.php\/2024\/04\/15\/une-croissance-projetee-a-34-en-2024-pour-lafrique\/#primaryimage\",\"url\":\"https:\/\/lepoint-actu.tg\/wp-content\/uploads\/2024\/04\/bm-imag.jpg\",\"contentUrl\":\"https:\/\/lepoint-actu.tg\/wp-content\/uploads\/2024\/04\/bm-imag.jpg\",\"width\":275,\"height\":183},{\"@type\":\"BreadcrumbList\",\"@id\":\"https:\/\/lepoint-actu.tg\/index.php\/2024\/04\/15\/une-croissance-projetee-a-34-en-2024-pour-lafrique\/#breadcrumb\",\"itemListElement\":[{\"@type\":\"ListItem\",\"position\":1,\"name\":\"Accueil\",\"item\":\"https:\/\/lepoint-actu.tg\/\"},{\"@type\":\"ListItem\",\"position\":2,\"name\":\"Une croissance projet\u00e9e \u00e0 3,4% en 2024 pour l\u2019Afrique\"}]},{\"@type\":\"WebSite\",\"@id\":\"https:\/\/lepoint-actu.tg\/#website\",\"url\":\"https:\/\/lepoint-actu.tg\/\",\"name\":\"\",\"description\":\"R\u00e9c\u00e9piss\u00e9 N\u00b00022\/HAAC\/12-2020\/pL\/P, lepointactu07@gmail.com\",\"potentialAction\":[{\"@type\":\"SearchAction\",\"target\":{\"@type\":\"EntryPoint\",\"urlTemplate\":\"https:\/\/lepoint-actu.tg\/?s={search_term_string}\"},\"query-input\":{\"@type\":\"PropertyValueSpecification\",\"valueRequired\":true,\"valueName\":\"search_term_string\"}}],\"inLanguage\":\"fr-FR\"},{\"@type\":\"Person\",\"@id\":\"https:\/\/lepoint-actu.tg\/#\/schema\/person\/e4026d66cbdc205cab83e169ab7eaca1\",\"name\":\"La Redaction\",\"image\":{\"@type\":\"ImageObject\",\"inLanguage\":\"fr-FR\",\"@id\":\"https:\/\/lepoint-actu.tg\/#\/schema\/person\/image\/\",\"url\":\"https:\/\/secure.gravatar.com\/avatar\/1682a0ff7e2c36efa51c5d262eea092000ec1ce420118e6261440956730308c2?s=96&d=mm&r=g\",\"contentUrl\":\"https:\/\/secure.gravatar.com\/avatar\/1682a0ff7e2c36efa51c5d262eea092000ec1ce420118e6261440956730308c2?s=96&d=mm&r=g\",\"caption\":\"La Redaction\"},\"url\":\"https:\/\/lepoint-actu.tg\/index.php\/author\/raymondsama\/\"}]}<\/script>\n<!-- \/ Yoast SEO plugin. -->","yoast_head_json":{"title":"Une croissance projet\u00e9e \u00e0 3,4% en 2024 pour l\u2019Afrique -","robots":{"index":"index","follow":"follow","max-snippet":"max-snippet:-1","max-image-preview":"max-image-preview:large","max-video-preview":"max-video-preview:-1"},"canonical":"https:\/\/lepoint-actu.tg\/index.php\/2024\/04\/15\/une-croissance-projetee-a-34-en-2024-pour-lafrique\/","og_locale":"fr_FR","og_type":"article","og_title":"Une croissance projet\u00e9e \u00e0 3,4% en 2024 pour l\u2019Afrique -","og_description":"Selon la Banque mondiale, dans son dernier rapport sur l\u2019\u00e9conomie en Afrique, \u00ab\u00a0Africa\u2019s Pulse\u00a0\u00bb, publi\u00e9 courant semaine derni\u00e8re, cette ann\u00e9e","og_url":"https:\/\/lepoint-actu.tg\/index.php\/2024\/04\/15\/une-croissance-projetee-a-34-en-2024-pour-lafrique\/","article_published_time":"2024-04-15T19:51:40+00:00","article_modified_time":"2024-04-15T19:51:41+00:00","og_image":[{"width":275,"height":183,"url":"https:\/\/lepoint-actu.tg\/wp-content\/uploads\/2024\/04\/bm-imag.jpg","type":"image\/jpeg"}],"author":"La Redaction","twitter_card":"summary_large_image","twitter_misc":{"\u00c9crit par":"La Redaction","Dur\u00e9e de lecture estim\u00e9e":"1 minute"},"schema":{"@context":"https:\/\/schema.org","@graph":[{"@type":"WebPage","@id":"https:\/\/lepoint-actu.tg\/index.php\/2024\/04\/15\/une-croissance-projetee-a-34-en-2024-pour-lafrique\/","url":"https:\/\/lepoint-actu.tg\/index.php\/2024\/04\/15\/une-croissance-projetee-a-34-en-2024-pour-lafrique\/","name":"Une croissance projet\u00e9e \u00e0 3,4% en 2024 pour l\u2019Afrique -","isPartOf":{"@id":"https:\/\/lepoint-actu.tg\/#website"},"primaryImageOfPage":{"@id":"https:\/\/lepoint-actu.tg\/index.php\/2024\/04\/15\/une-croissance-projetee-a-34-en-2024-pour-lafrique\/#primaryimage"},"image":{"@id":"https:\/\/lepoint-actu.tg\/index.php\/2024\/04\/15\/une-croissance-projetee-a-34-en-2024-pour-lafrique\/#primaryimage"},"thumbnailUrl":"https:\/\/lepoint-actu.tg\/wp-content\/uploads\/2024\/04\/bm-imag.jpg","datePublished":"2024-04-15T19:51:40+00:00","dateModified":"2024-04-15T19:51:41+00:00","author":{"@id":"https:\/\/lepoint-actu.tg\/#\/schema\/person\/e4026d66cbdc205cab83e169ab7eaca1"},"breadcrumb":{"@id":"https:\/\/lepoint-actu.tg\/index.php\/2024\/04\/15\/une-croissance-projetee-a-34-en-2024-pour-lafrique\/#breadcrumb"},"inLanguage":"fr-FR","potentialAction":[{"@type":"ReadAction","target":["https:\/\/lepoint-actu.tg\/index.php\/2024\/04\/15\/une-croissance-projetee-a-34-en-2024-pour-lafrique\/"]}]},{"@type":"ImageObject","inLanguage":"fr-FR","@id":"https:\/\/lepoint-actu.tg\/index.php\/2024\/04\/15\/une-croissance-projetee-a-34-en-2024-pour-lafrique\/#primaryimage","url":"https:\/\/lepoint-actu.tg\/wp-content\/uploads\/2024\/04\/bm-imag.jpg","contentUrl":"https:\/\/lepoint-actu.tg\/wp-content\/uploads\/2024\/04\/bm-imag.jpg","width":275,"height":183},{"@type":"BreadcrumbList","@id":"https:\/\/lepoint-actu.tg\/index.php\/2024\/04\/15\/une-croissance-projetee-a-34-en-2024-pour-lafrique\/#breadcrumb","itemListElement":[{"@type":"ListItem","position":1,"name":"Accueil","item":"https:\/\/lepoint-actu.tg\/"},{"@type":"ListItem","position":2,"name":"Une croissance projet\u00e9e \u00e0 3,4% en 2024 pour l\u2019Afrique"}]},{"@type":"WebSite","@id":"https:\/\/lepoint-actu.tg\/#website","url":"https:\/\/lepoint-actu.tg\/","name":"","description":"R\u00e9c\u00e9piss\u00e9 N\u00b00022\/HAAC\/12-2020\/pL\/P, lepointactu07@gmail.com","potentialAction":[{"@type":"SearchAction","target":{"@type":"EntryPoint","urlTemplate":"https:\/\/lepoint-actu.tg\/?s={search_term_string}"},"query-input":{"@type":"PropertyValueSpecification","valueRequired":true,"valueName":"search_term_string"}}],"inLanguage":"fr-FR"},{"@type":"Person","@id":"https:\/\/lepoint-actu.tg\/#\/schema\/person\/e4026d66cbdc205cab83e169ab7eaca1","name":"La Redaction","image":{"@type":"ImageObject","inLanguage":"fr-FR","@id":"https:\/\/lepoint-actu.tg\/#\/schema\/person\/image\/","url":"https:\/\/secure.gravatar.com\/avatar\/1682a0ff7e2c36efa51c5d262eea092000ec1ce420118e6261440956730308c2?s=96&d=mm&r=g","contentUrl":"https:\/\/secure.gravatar.com\/avatar\/1682a0ff7e2c36efa51c5d262eea092000ec1ce420118e6261440956730308c2?s=96&d=mm&r=g","caption":"La Redaction"},"url":"https:\/\/lepoint-actu.tg\/index.php\/author\/raymondsama\/"}]}},"_links":{"self":[{"href":"https:\/\/lepoint-actu.tg\/index.php\/wp-json\/wp\/v2\/posts\/3033","targetHints":{"allow":["GET"]}}],"collection":[{"href":"https:\/\/lepoint-actu.tg\/index.php\/wp-json\/wp\/v2\/posts"}],"about":[{"href":"https:\/\/lepoint-actu.tg\/index.php\/wp-json\/wp\/v2\/types\/post"}],"author":[{"embeddable":true,"href":"https:\/\/lepoint-actu.tg\/index.php\/wp-json\/wp\/v2\/users\/2"}],"replies":[{"embeddable":true,"href":"https:\/\/lepoint-actu.tg\/index.php\/wp-json\/wp\/v2\/comments?post=3033"}],"version-history":[{"count":1,"href":"https:\/\/lepoint-actu.tg\/index.php\/wp-json\/wp\/v2\/posts\/3033\/revisions"}],"predecessor-version":[{"id":3035,"href":"https:\/\/lepoint-actu.tg\/index.php\/wp-json\/wp\/v2\/posts\/3033\/revisions\/3035"}],"wp:featuredmedia":[{"embeddable":true,"href":"https:\/\/lepoint-actu.tg\/index.php\/wp-json\/wp\/v2\/media\/3034"}],"wp:attachment":[{"href":"https:\/\/lepoint-actu.tg\/index.php\/wp-json\/wp\/v2\/media?parent=3033"}],"wp:term":[{"taxonomy":"category","embeddable":true,"href":"https:\/\/lepoint-actu.tg\/index.php\/wp-json\/wp\/v2\/categories?post=3033"},{"taxonomy":"post_tag","embeddable":true,"href":"https:\/\/lepoint-actu.tg\/index.php\/wp-json\/wp\/v2\/tags?post=3033"}],"curies":[{"name":"wp","href":"https:\/\/api.w.org\/{rel}","templated":true}]}}