{"id":3039,"date":"2024-04-15T20:11:18","date_gmt":"2024-04-15T20:11:18","guid":{"rendered":"https:\/\/lepoint-actu.tg\/?p=3039"},"modified":"2024-04-15T20:11:19","modified_gmt":"2024-04-15T20:11:19","slug":"pour-les-scrutins-prochains-unir-bassar-se-dit-prete","status":"publish","type":"post","link":"https:\/\/lepoint-actu.tg\/index.php\/2024\/04\/15\/pour-les-scrutins-prochains-unir-bassar-se-dit-prete\/","title":{"rendered":"Pour les scrutins prochains\/UNIR Bassar se dit pr\u00eate"},"content":{"rendered":"\n<p><br>\u00ab Le vote du 29 avril est un vote de reconnaissance, un vote qui permettra de continuer par garantir la paix, la stabilit\u00e9 et le vivre ensemble (\u2026)\u00a0\u00bb, estime Yawank\u00e9 Wak\u00e9 Gbati, t\u00eate de liste UNIR pour les l\u00e9gislatives dans Bassar.<br>Selon notre confr\u00e8re le message, lundi 15 avril 2024, jour 3 de la campagne \u00e9lectorale pour le double scrutin du 29 avril prochain, les candidats UNIR (Union pour la R\u00e9publique) \u00e0 Bassar, majorit\u00e9 au pouvoir, ont poursuivi la mobilisation des \u00e9lecteurs et des populations pour un vote utile. Et un vote utile pour eux, c\u2019est bien celui de leur parti UNIR. Dans les 03 communes de la pr\u00e9fecture de Bassar, Yawank\u00e9 Wak\u00e9 Gbati, Bonfoh Loukman, Tchabor\u00e9 Hatimi, Ouadja Binantifam, Gnandi Kondi, Gaffo Y\u00e9l\u00e9 ont circul\u00e9 dans les quartiers afin d\u2019entretenir les populations sur les valeurs qui caract\u00e9risent le parti UNIR et surtoutt l\u2019int\u00e9r\u00eat de porter son vote sur le parti.<br>\u00ab Le vote du 29 avril est un vote de reconnaissance, un vote qui permettra de continuer par garantir la paix, la stabilit\u00e9 et le vivre ensemble. Un vote pour permettre au pr\u00e9sident de la r\u00e9publique, son Excellence Faure Essozimna Gnassingb\u00e9 de continuer par d\u00e9rouler son programme pour nos vaillants agriculteurs qui ont connu un changement notable dans leurs activit\u00e9s avec l\u2019introduction des FOPAT, pour les enseignants avec la valorisation de leur travail d\u2019enseignant caract\u00e9ris\u00e9e par l\u2019am\u00e9lioration de leurs conditions de vie et de travail, pour les \u00e9tudiants avec la multiplication des centres de formation qui garantissent un lendemain meilleur au sortir de l\u2019universit\u00e9, etc\u2026 \u00bb, a fait savoir Yawank\u00e9 Wak\u00e9 Gbati, t\u00eate de liste UNIR pour les l\u00e9gislatives dans Bassar.<br>Les autres intervenants, \u00e0 savoir Tchabor\u00e9 Hatimi, Bonfoh Loukman, Gaffo Y\u00e9l\u00e9, Ouadja Binantifam ont tour \u00e0 tour invit\u00e9 les populations \u00e0 s\u2019assurer d\u2019avoir leur carte d\u2019\u00e9lecteur et de l\u2019avoir le jour \u2019\u2019j\u2019\u2019. <br>\u00ab Vous \u00eates notre soutien, le pr\u00e9sident de la r\u00e9publique, son Excellence Faure Essozimna Gnassingb\u00e9 sait qu\u2019il peut compter sur vous \u00e0 tous les moments et n\u2019importe o\u00f9. Nous devons prouver au chef de l\u2019Etat qu\u2019effectivement il peut compter sur nous en se d\u00e9placement massivement le 29 avril prochain pour voter UNIR. Rien ne doit nous emp\u00eacher de le faire. Le chef de l\u2019Etat a dit et vous avez tous entendu, que pour lui, aucun sacrifice n\u2019est trop grand, lorsqu\u2019il s\u2019agit de se battre pour la cause de sa population. C\u2019est dire combien, il ne dort pas \u00e0 cause de nous. Aidons-le \u00e0 nous aider \u00bb, a rench\u00e9ri Tchabor\u00e9 Hatimi.<\/p>\n\n\n\n<figure class=\"wp-block-image size-full\"><img loading=\"lazy\" decoding=\"async\" width=\"696\" height=\"522\" src=\"https:\/\/lepoint-actu.tg\/wp-content\/uploads\/2024\/04\/IMG-20240415-WA0078-696x522-1.jpg\" alt=\"\" class=\"wp-image-3041\" srcset=\"https:\/\/lepoint-actu.tg\/wp-content\/uploads\/2024\/04\/IMG-20240415-WA0078-696x522-1.jpg 696w, https:\/\/lepoint-actu.tg\/wp-content\/uploads\/2024\/04\/IMG-20240415-WA0078-696x522-1-300x225.jpg 300w\" sizes=\"auto, (max-width: 696px) 100vw, 696px\" \/><\/figure>\n\n\n\n<p><br>Pour Bonfoh Loukman, candidat pour les r\u00e9gionales toujours dans Bassar, \u00ab les populations doivent prouver qu\u2019elles sont derri\u00e8re son Excellence Faure Essozimana Gnassingb\u00e9 en allant le 29 avril prochain voter UNIR \u00e0 100% \u00bb.<br>\u00ab N\u2019\u00e9coutez pas les vendeurs d\u2019illusions qui disent ce qu\u2019ils ne peuvent pas r\u00e9aliser. Nous devons prouver \u00e0 nos adversaires que nous , populations de Bassar, nous savons \u00eatre reconnaissants. Le chef de l\u2019Etat, son Excellence Faure Esssozimna Gnassingb\u00e9 a de l\u2019amour pour les gens de Bassar. Il nous l\u2019a prouv\u00e9 \u00e0 plusieurs reprises. En allant voter UNIR le 29 avril prochain, c\u2019est marquer sa reconnaissance envers le chef de l\u2019Etat et l\u2019encourager \u00e0 continuer par nous aider et nous soutenir au plan agricole, commerciale et s\u00e9curitaire \u00bb, a laiss\u00e9 entendre Bonfoh Loukman.<br>Dans diff\u00e9rents quartiers o\u00f9 ils sont pass\u00e9s, les portes paroles des populations ont rassur\u00e9 les candidats de leur mobilisation pour voter UNIR \u00ab afin de dire merci \u00e0 Faure Gnassingb\u00e9, pour sa politique de paix, de la stabilit\u00e9 et du vivre ensemble \u00bb.<br>Les rencontres ont \u00e9t\u00e9 agr\u00e9ment\u00e9es par diff\u00e9rentes danses du terroir.<br><strong><em>Avec le messager-actu.tg<\/em><\/strong><\/p>\n","protected":false},"excerpt":{"rendered":"<p>\u00ab Le vote du 29 avril est un vote de reconnaissance, un vote qui permettra de continuer par garantir la<\/p>\n","protected":false},"author":2,"featured_media":3040,"comment_status":"open","ping_status":"closed","sticky":false,"template":"","format":"standard","meta":{"footnotes":""},"categories":[3],"tags":[],"class_list":["post-3039","post","type-post","status-publish","format-standard","has-post-thumbnail","hentry","category-politique"],"yoast_head":"<!-- This site is optimized with the Yoast SEO plugin v23.9 - https:\/\/yoast.com\/wordpress\/plugins\/seo\/ -->\n<title>Pour les scrutins prochains\/UNIR Bassar se dit pr\u00eate -<\/title>\n<meta name=\"robots\" content=\"index, follow, max-snippet:-1, max-image-preview:large, max-video-preview:-1\" \/>\n<link rel=\"canonical\" href=\"https:\/\/lepoint-actu.tg\/index.php\/2024\/04\/15\/pour-les-scrutins-prochains-unir-bassar-se-dit-prete\/\" \/>\n<meta property=\"og:locale\" content=\"fr_FR\" \/>\n<meta property=\"og:type\" content=\"article\" \/>\n<meta property=\"og:title\" content=\"Pour les scrutins prochains\/UNIR Bassar se dit pr\u00eate -\" \/>\n<meta property=\"og:description\" content=\"\u00ab Le vote du 29 avril est un vote de reconnaissance, un vote qui permettra de continuer par garantir la\" \/>\n<meta property=\"og:url\" content=\"https:\/\/lepoint-actu.tg\/index.php\/2024\/04\/15\/pour-les-scrutins-prochains-unir-bassar-se-dit-prete\/\" \/>\n<meta property=\"article:published_time\" content=\"2024-04-15T20:11:18+00:00\" \/>\n<meta property=\"article:modified_time\" content=\"2024-04-15T20:11:19+00:00\" \/>\n<meta property=\"og:image\" content=\"https:\/\/lepoint-actu.tg\/wp-content\/uploads\/2024\/04\/IMG-20240415-WA0068-696x305-1.jpg\" \/>\n\t<meta property=\"og:image:width\" content=\"696\" \/>\n\t<meta property=\"og:image:height\" content=\"305\" \/>\n\t<meta property=\"og:image:type\" content=\"image\/jpeg\" \/>\n<meta name=\"author\" content=\"La Redaction\" \/>\n<meta name=\"twitter:card\" content=\"summary_large_image\" \/>\n<meta name=\"twitter:label1\" content=\"\u00c9crit par\" \/>\n\t<meta name=\"twitter:data1\" content=\"La Redaction\" \/>\n\t<meta name=\"twitter:label2\" content=\"Dur\u00e9e de lecture estim\u00e9e\" \/>\n\t<meta name=\"twitter:data2\" content=\"3 minutes\" \/>\n<script type=\"application\/ld+json\" class=\"yoast-schema-graph\">{\"@context\":\"https:\/\/schema.org\",\"@graph\":[{\"@type\":\"WebPage\",\"@id\":\"https:\/\/lepoint-actu.tg\/index.php\/2024\/04\/15\/pour-les-scrutins-prochains-unir-bassar-se-dit-prete\/\",\"url\":\"https:\/\/lepoint-actu.tg\/index.php\/2024\/04\/15\/pour-les-scrutins-prochains-unir-bassar-se-dit-prete\/\",\"name\":\"Pour les scrutins prochains\/UNIR Bassar se dit pr\u00eate -\",\"isPartOf\":{\"@id\":\"https:\/\/lepoint-actu.tg\/#website\"},\"primaryImageOfPage\":{\"@id\":\"https:\/\/lepoint-actu.tg\/index.php\/2024\/04\/15\/pour-les-scrutins-prochains-unir-bassar-se-dit-prete\/#primaryimage\"},\"image\":{\"@id\":\"https:\/\/lepoint-actu.tg\/index.php\/2024\/04\/15\/pour-les-scrutins-prochains-unir-bassar-se-dit-prete\/#primaryimage\"},\"thumbnailUrl\":\"https:\/\/lepoint-actu.tg\/wp-content\/uploads\/2024\/04\/IMG-20240415-WA0068-696x305-1.jpg\",\"datePublished\":\"2024-04-15T20:11:18+00:00\",\"dateModified\":\"2024-04-15T20:11:19+00:00\",\"author\":{\"@id\":\"https:\/\/lepoint-actu.tg\/#\/schema\/person\/e4026d66cbdc205cab83e169ab7eaca1\"},\"breadcrumb\":{\"@id\":\"https:\/\/lepoint-actu.tg\/index.php\/2024\/04\/15\/pour-les-scrutins-prochains-unir-bassar-se-dit-prete\/#breadcrumb\"},\"inLanguage\":\"fr-FR\",\"potentialAction\":[{\"@type\":\"ReadAction\",\"target\":[\"https:\/\/lepoint-actu.tg\/index.php\/2024\/04\/15\/pour-les-scrutins-prochains-unir-bassar-se-dit-prete\/\"]}]},{\"@type\":\"ImageObject\",\"inLanguage\":\"fr-FR\",\"@id\":\"https:\/\/lepoint-actu.tg\/index.php\/2024\/04\/15\/pour-les-scrutins-prochains-unir-bassar-se-dit-prete\/#primaryimage\",\"url\":\"https:\/\/lepoint-actu.tg\/wp-content\/uploads\/2024\/04\/IMG-20240415-WA0068-696x305-1.jpg\",\"contentUrl\":\"https:\/\/lepoint-actu.tg\/wp-content\/uploads\/2024\/04\/IMG-20240415-WA0068-696x305-1.jpg\",\"width\":696,\"height\":305},{\"@type\":\"BreadcrumbList\",\"@id\":\"https:\/\/lepoint-actu.tg\/index.php\/2024\/04\/15\/pour-les-scrutins-prochains-unir-bassar-se-dit-prete\/#breadcrumb\",\"itemListElement\":[{\"@type\":\"ListItem\",\"position\":1,\"name\":\"Accueil\",\"item\":\"https:\/\/lepoint-actu.tg\/\"},{\"@type\":\"ListItem\",\"position\":2,\"name\":\"Pour les scrutins prochains\/UNIR Bassar se dit pr\u00eate\"}]},{\"@type\":\"WebSite\",\"@id\":\"https:\/\/lepoint-actu.tg\/#website\",\"url\":\"https:\/\/lepoint-actu.tg\/\",\"name\":\"\",\"description\":\"R\u00e9c\u00e9piss\u00e9 N\u00b00022\/HAAC\/12-2020\/pL\/P, lepointactu07@gmail.com\",\"potentialAction\":[{\"@type\":\"SearchAction\",\"target\":{\"@type\":\"EntryPoint\",\"urlTemplate\":\"https:\/\/lepoint-actu.tg\/?s={search_term_string}\"},\"query-input\":{\"@type\":\"PropertyValueSpecification\",\"valueRequired\":true,\"valueName\":\"search_term_string\"}}],\"inLanguage\":\"fr-FR\"},{\"@type\":\"Person\",\"@id\":\"https:\/\/lepoint-actu.tg\/#\/schema\/person\/e4026d66cbdc205cab83e169ab7eaca1\",\"name\":\"La Redaction\",\"image\":{\"@type\":\"ImageObject\",\"inLanguage\":\"fr-FR\",\"@id\":\"https:\/\/lepoint-actu.tg\/#\/schema\/person\/image\/\",\"url\":\"https:\/\/secure.gravatar.com\/avatar\/1682a0ff7e2c36efa51c5d262eea092000ec1ce420118e6261440956730308c2?s=96&d=mm&r=g\",\"contentUrl\":\"https:\/\/secure.gravatar.com\/avatar\/1682a0ff7e2c36efa51c5d262eea092000ec1ce420118e6261440956730308c2?s=96&d=mm&r=g\",\"caption\":\"La Redaction\"},\"url\":\"https:\/\/lepoint-actu.tg\/index.php\/author\/raymondsama\/\"}]}<\/script>\n<!-- \/ Yoast SEO plugin. -->","yoast_head_json":{"title":"Pour les scrutins prochains\/UNIR Bassar se dit pr\u00eate -","robots":{"index":"index","follow":"follow","max-snippet":"max-snippet:-1","max-image-preview":"max-image-preview:large","max-video-preview":"max-video-preview:-1"},"canonical":"https:\/\/lepoint-actu.tg\/index.php\/2024\/04\/15\/pour-les-scrutins-prochains-unir-bassar-se-dit-prete\/","og_locale":"fr_FR","og_type":"article","og_title":"Pour les scrutins prochains\/UNIR Bassar se dit pr\u00eate -","og_description":"\u00ab Le vote du 29 avril est un vote de reconnaissance, un vote qui permettra de continuer par garantir la","og_url":"https:\/\/lepoint-actu.tg\/index.php\/2024\/04\/15\/pour-les-scrutins-prochains-unir-bassar-se-dit-prete\/","article_published_time":"2024-04-15T20:11:18+00:00","article_modified_time":"2024-04-15T20:11:19+00:00","og_image":[{"width":696,"height":305,"url":"https:\/\/lepoint-actu.tg\/wp-content\/uploads\/2024\/04\/IMG-20240415-WA0068-696x305-1.jpg","type":"image\/jpeg"}],"author":"La Redaction","twitter_card":"summary_large_image","twitter_misc":{"\u00c9crit par":"La Redaction","Dur\u00e9e de lecture estim\u00e9e":"3 minutes"},"schema":{"@context":"https:\/\/schema.org","@graph":[{"@type":"WebPage","@id":"https:\/\/lepoint-actu.tg\/index.php\/2024\/04\/15\/pour-les-scrutins-prochains-unir-bassar-se-dit-prete\/","url":"https:\/\/lepoint-actu.tg\/index.php\/2024\/04\/15\/pour-les-scrutins-prochains-unir-bassar-se-dit-prete\/","name":"Pour les scrutins prochains\/UNIR Bassar se dit pr\u00eate -","isPartOf":{"@id":"https:\/\/lepoint-actu.tg\/#website"},"primaryImageOfPage":{"@id":"https:\/\/lepoint-actu.tg\/index.php\/2024\/04\/15\/pour-les-scrutins-prochains-unir-bassar-se-dit-prete\/#primaryimage"},"image":{"@id":"https:\/\/lepoint-actu.tg\/index.php\/2024\/04\/15\/pour-les-scrutins-prochains-unir-bassar-se-dit-prete\/#primaryimage"},"thumbnailUrl":"https:\/\/lepoint-actu.tg\/wp-content\/uploads\/2024\/04\/IMG-20240415-WA0068-696x305-1.jpg","datePublished":"2024-04-15T20:11:18+00:00","dateModified":"2024-04-15T20:11:19+00:00","author":{"@id":"https:\/\/lepoint-actu.tg\/#\/schema\/person\/e4026d66cbdc205cab83e169ab7eaca1"},"breadcrumb":{"@id":"https:\/\/lepoint-actu.tg\/index.php\/2024\/04\/15\/pour-les-scrutins-prochains-unir-bassar-se-dit-prete\/#breadcrumb"},"inLanguage":"fr-FR","potentialAction":[{"@type":"ReadAction","target":["https:\/\/lepoint-actu.tg\/index.php\/2024\/04\/15\/pour-les-scrutins-prochains-unir-bassar-se-dit-prete\/"]}]},{"@type":"ImageObject","inLanguage":"fr-FR","@id":"https:\/\/lepoint-actu.tg\/index.php\/2024\/04\/15\/pour-les-scrutins-prochains-unir-bassar-se-dit-prete\/#primaryimage","url":"https:\/\/lepoint-actu.tg\/wp-content\/uploads\/2024\/04\/IMG-20240415-WA0068-696x305-1.jpg","contentUrl":"https:\/\/lepoint-actu.tg\/wp-content\/uploads\/2024\/04\/IMG-20240415-WA0068-696x305-1.jpg","width":696,"height":305},{"@type":"BreadcrumbList","@id":"https:\/\/lepoint-actu.tg\/index.php\/2024\/04\/15\/pour-les-scrutins-prochains-unir-bassar-se-dit-prete\/#breadcrumb","itemListElement":[{"@type":"ListItem","position":1,"name":"Accueil","item":"https:\/\/lepoint-actu.tg\/"},{"@type":"ListItem","position":2,"name":"Pour les scrutins prochains\/UNIR Bassar se dit pr\u00eate"}]},{"@type":"WebSite","@id":"https:\/\/lepoint-actu.tg\/#website","url":"https:\/\/lepoint-actu.tg\/","name":"","description":"R\u00e9c\u00e9piss\u00e9 N\u00b00022\/HAAC\/12-2020\/pL\/P, lepointactu07@gmail.com","potentialAction":[{"@type":"SearchAction","target":{"@type":"EntryPoint","urlTemplate":"https:\/\/lepoint-actu.tg\/?s={search_term_string}"},"query-input":{"@type":"PropertyValueSpecification","valueRequired":true,"valueName":"search_term_string"}}],"inLanguage":"fr-FR"},{"@type":"Person","@id":"https:\/\/lepoint-actu.tg\/#\/schema\/person\/e4026d66cbdc205cab83e169ab7eaca1","name":"La Redaction","image":{"@type":"ImageObject","inLanguage":"fr-FR","@id":"https:\/\/lepoint-actu.tg\/#\/schema\/person\/image\/","url":"https:\/\/secure.gravatar.com\/avatar\/1682a0ff7e2c36efa51c5d262eea092000ec1ce420118e6261440956730308c2?s=96&d=mm&r=g","contentUrl":"https:\/\/secure.gravatar.com\/avatar\/1682a0ff7e2c36efa51c5d262eea092000ec1ce420118e6261440956730308c2?s=96&d=mm&r=g","caption":"La Redaction"},"url":"https:\/\/lepoint-actu.tg\/index.php\/author\/raymondsama\/"}]}},"_links":{"self":[{"href":"https:\/\/lepoint-actu.tg\/index.php\/wp-json\/wp\/v2\/posts\/3039","targetHints":{"allow":["GET"]}}],"collection":[{"href":"https:\/\/lepoint-actu.tg\/index.php\/wp-json\/wp\/v2\/posts"}],"about":[{"href":"https:\/\/lepoint-actu.tg\/index.php\/wp-json\/wp\/v2\/types\/post"}],"author":[{"embeddable":true,"href":"https:\/\/lepoint-actu.tg\/index.php\/wp-json\/wp\/v2\/users\/2"}],"replies":[{"embeddable":true,"href":"https:\/\/lepoint-actu.tg\/index.php\/wp-json\/wp\/v2\/comments?post=3039"}],"version-history":[{"count":1,"href":"https:\/\/lepoint-actu.tg\/index.php\/wp-json\/wp\/v2\/posts\/3039\/revisions"}],"predecessor-version":[{"id":3042,"href":"https:\/\/lepoint-actu.tg\/index.php\/wp-json\/wp\/v2\/posts\/3039\/revisions\/3042"}],"wp:featuredmedia":[{"embeddable":true,"href":"https:\/\/lepoint-actu.tg\/index.php\/wp-json\/wp\/v2\/media\/3040"}],"wp:attachment":[{"href":"https:\/\/lepoint-actu.tg\/index.php\/wp-json\/wp\/v2\/media?parent=3039"}],"wp:term":[{"taxonomy":"category","embeddable":true,"href":"https:\/\/lepoint-actu.tg\/index.php\/wp-json\/wp\/v2\/categories?post=3039"},{"taxonomy":"post_tag","embeddable":true,"href":"https:\/\/lepoint-actu.tg\/index.php\/wp-json\/wp\/v2\/tags?post=3039"}],"curies":[{"name":"wp","href":"https:\/\/api.w.org\/{rel}","templated":true}]}}