{"id":3091,"date":"2024-04-21T17:48:24","date_gmt":"2024-04-21T17:48:24","guid":{"rendered":"https:\/\/lepoint-actu.tg\/?p=3091"},"modified":"2024-04-22T18:06:30","modified_gmt":"2024-04-22T18:06:30","slug":"vers-linevitable-choix-unir-dans-logou","status":"publish","type":"post","link":"https:\/\/lepoint-actu.tg\/index.php\/2024\/04\/21\/vers-linevitable-choix-unir-dans-logou\/","title":{"rendered":"Vers l\u2019in\u00e9vitable choix UNIR dans l\u2019Ogou"},"content":{"rendered":"\n<p><br>Apr\u00e8s une semaine de campagne \u00e9lectorale, le bilan \u00e0 mi-parcours laisse voir une forte mobilisation des populations dans la pr\u00e9fecture de l\u2019Ogou qui adh\u00e8rent massivement aux id\u00e9ologies du parti Union pour la R\u00e9publique (UNIR) et \u00e0 la politique de son Pr\u00e9sident Faure Gnassingb\u00e9. C\u2019est sans aucun doute gr\u00e2ce aux r\u00e9alisations sur le terrain ces derni\u00e8res ann\u00e9es et gr\u00e2ce une campagne active que m\u00e8nent militants et candidats dudit parti depuis le 13 avril dans la localit\u00e9.<br><strong>L\u2019\u00e9veil des espoirs<\/strong><br>\u00ab Au c\u0153ur de l\u2019Ogou, UNIR \u00e9veille les espoirs, les sentiers autrefois tortueux sont devenus des voies bitum\u00e9es et \u00e9clair\u00e9es \u00bb, racontent en substance diff\u00e9rents acteurs du secteur commercial, du monde agricole, artisanal, fonctionnaire, entre autres.<br>\u00ab C\u2019est un parti de tous les jours, c\u2019est comme un creuset familial o\u00f9 chacun trouve \u00e0 faire, o\u00f9 chacun arrive \u00e0 tirer son \u00e9pingle du jeu\u00a0\u00bb, voil\u00e0 des expressions utilis\u00e9es par plusieurs artisans et commer\u00e7ants essentiellement pour qui, \u00ab\u00a0gr\u00e2ce \u00e0 UNIR et \u00e0 la politique de d\u00e9veloppement inclusif du Chef de l\u2019Etat Faure Gnassingb\u00e9 nous avons des structures qui financent nos activit\u00e9s\u00a0\u00bb.<\/p>\n\n\n\n<figure class=\"wp-block-image size-large\"><img loading=\"lazy\" decoding=\"async\" width=\"656\" height=\"1024\" src=\"https:\/\/lepoint-actu.tg\/wp-content\/uploads\/2024\/04\/Screenshot_20240418-122256_1-656x1024.jpg\" alt=\"\" class=\"wp-image-3074\" srcset=\"https:\/\/lepoint-actu.tg\/wp-content\/uploads\/2024\/04\/Screenshot_20240418-122256_1-656x1024.jpg 656w, https:\/\/lepoint-actu.tg\/wp-content\/uploads\/2024\/04\/Screenshot_20240418-122256_1-192x300.jpg 192w, https:\/\/lepoint-actu.tg\/wp-content\/uploads\/2024\/04\/Screenshot_20240418-122256_1.jpg 672w\" sizes=\"auto, (max-width: 656px) 100vw, 656px\" \/><\/figure>\n\n\n\n<p> \u00ab\u00a0Qu\u2019il s\u2019agisse des p\u00e9riodes \u00e9lectorales ou des moments ou ann\u00e9es sans \u00e9lection, UNIR demeure une famille sur le terrain pour le d\u00e9veloppent de tout le pays de par ses actions\u00a0\u00bb, mart\u00e8le a-t-on.<br><strong>Meetings, campagnes de proximit\u00e9<\/strong><br>Les populations en toute conscience disent oui \u00e0 UNIR. Ceci \u00e0 l\u2019issu des meetings et lors des op\u00e9rations de porte-\u00e0-porte qui sont des strat\u00e9gies adopt\u00e9es par les candidats et cadres UNIR dans l\u2019Ogou aussi bien dans la ville d\u2019Atakpam\u00e9 que dans les diff\u00e9rentes communes et diff\u00e9rents quartiers, villages.<br>Mme Yawa Kouigan, t\u00eate de liste de l\u2019UNIR pour les l\u00e9gislatives dans cette circonscription et sa suite (autres candidats aussi bien pour les \u00e9lections l\u00e9gislatives que pour les r\u00e9gionales) attirent de nombreux sympathisants lors de ces meetings. Il s\u2019agit des rassemblements de grande ampleur qui ont lieu un peu partout sur le territoire de la pr\u00e9fecture pendant lesquels tous les candidats UNIR sont pr\u00e9sent\u00e9s aux publics. Des explications sont donn\u00e9es sur les modalit\u00e9s du double scrutin \u00e0 venir.<br>\u00ab\u00a0Cette liste est tr\u00e8s repr\u00e9sentative de notre pr\u00e9fecture. Et la ministre Florence Yawa Kouigan est un atout de poids \u00e0 sa t\u00eate\u00a0\u00bb, s\u2019est f\u00e9licit\u00e9e une participante d\u00e8s le premier jour d\u2019ouverture de la campagne.<br>La ministre en charge de la Communication et porte-parole du gouvernement, cadre du parti UNIR et sa suite ont vant\u00e9 d\u00e8s l\u2019ouverture de cette campagne la politique du pr\u00e9sident Faure Gnassingb\u00e9, affirmant que l\u2019Ogou b\u00e9n\u00e9ficie d\u2019une attention particuli\u00e8re. Ils ont \u00e9galement \u00e9voqu\u00e9 les r\u00e9centes r\u00e9formes constitutionnelles sans oublier de faire valoir que les candidats UNIR \u00e9taient les \u00e9missaires du chef de l\u2019\u00c9tat, soucieux du d\u00e9veloppement de l\u2019Ogou. Organis\u00e9s en plusieurs \u00e9quipes, candidats et cadres UNIR Ogou lors de cette campagne ne font pas les choses \u00e0 moiti\u00e9. Durant cette premi\u00e8re semaine, les op\u00e9rations de porte-\u00e0-porte \u00e9taient \u00e9galement au rendez-vous. \u00ab\u00a0Nous sommes pr\u00eats pour le vote, m\u00eame si c\u2019est aujourd\u2019hui et nous n\u2019avons autre choix qu\u2019UNIR\u00a0\u00bb, peut-on retenir des cris de joie lors de nombreux meetings et op\u00e9rations de porte-\u00e0-porte. Il s\u2019agit des signaux qui augurent un large pl\u00e9biscite du parti UNIR dans la pr\u00e9fecture de l\u2019Ogou.<br>La derni\u00e8re semaine de cette op\u00e9ration de charme qui finit le 27 avril prochain sera davantage d\u00e9cisive\u00a0!<br>A suivre\u00a0!<\/p>\n\n\n\n<p><strong><em>Ali Legrand <\/em><\/strong><\/p>\n","protected":false},"excerpt":{"rendered":"<p>Apr\u00e8s une semaine de campagne \u00e9lectorale, le bilan \u00e0 mi-parcours laisse voir une forte mobilisation des populations dans la pr\u00e9fecture<\/p>\n","protected":false},"author":2,"featured_media":3095,"comment_status":"open","ping_status":"closed","sticky":false,"template":"","format":"standard","meta":{"footnotes":""},"categories":[1],"tags":[],"class_list":["post-3091","post","type-post","status-publish","format-standard","has-post-thumbnail","hentry","category-societe"],"yoast_head":"<!-- This site is optimized with the Yoast SEO plugin v23.9 - https:\/\/yoast.com\/wordpress\/plugins\/seo\/ -->\n<title>Vers l\u2019in\u00e9vitable choix UNIR dans l\u2019Ogou -<\/title>\n<meta name=\"robots\" content=\"index, follow, max-snippet:-1, max-image-preview:large, max-video-preview:-1\" \/>\n<link rel=\"canonical\" href=\"https:\/\/lepoint-actu.tg\/index.php\/2024\/04\/21\/vers-linevitable-choix-unir-dans-logou\/\" \/>\n<meta property=\"og:locale\" content=\"fr_FR\" \/>\n<meta property=\"og:type\" content=\"article\" \/>\n<meta property=\"og:title\" content=\"Vers l\u2019in\u00e9vitable choix UNIR dans l\u2019Ogou -\" \/>\n<meta property=\"og:description\" content=\"Apr\u00e8s une semaine de campagne \u00e9lectorale, le bilan \u00e0 mi-parcours laisse voir une forte mobilisation des populations dans la pr\u00e9fecture\" \/>\n<meta property=\"og:url\" content=\"https:\/\/lepoint-actu.tg\/index.php\/2024\/04\/21\/vers-linevitable-choix-unir-dans-logou\/\" \/>\n<meta property=\"article:published_time\" content=\"2024-04-21T17:48:24+00:00\" \/>\n<meta property=\"article:modified_time\" content=\"2024-04-22T18:06:30+00:00\" \/>\n<meta property=\"og:image\" content=\"https:\/\/lepoint-actu.tg\/wp-content\/uploads\/2024\/04\/Screenshot_20240417-190802_3.jpg\" \/>\n\t<meta property=\"og:image:width\" content=\"626\" \/>\n\t<meta property=\"og:image:height\" content=\"388\" \/>\n\t<meta property=\"og:image:type\" content=\"image\/jpeg\" \/>\n<meta name=\"author\" content=\"La Redaction\" \/>\n<meta name=\"twitter:card\" content=\"summary_large_image\" \/>\n<meta name=\"twitter:label1\" content=\"\u00c9crit par\" \/>\n\t<meta name=\"twitter:data1\" content=\"La Redaction\" \/>\n\t<meta name=\"twitter:label2\" content=\"Dur\u00e9e de lecture estim\u00e9e\" \/>\n\t<meta name=\"twitter:data2\" content=\"3 minutes\" \/>\n<script type=\"application\/ld+json\" class=\"yoast-schema-graph\">{\"@context\":\"https:\/\/schema.org\",\"@graph\":[{\"@type\":\"WebPage\",\"@id\":\"https:\/\/lepoint-actu.tg\/index.php\/2024\/04\/21\/vers-linevitable-choix-unir-dans-logou\/\",\"url\":\"https:\/\/lepoint-actu.tg\/index.php\/2024\/04\/21\/vers-linevitable-choix-unir-dans-logou\/\",\"name\":\"Vers l\u2019in\u00e9vitable choix UNIR dans l\u2019Ogou -\",\"isPartOf\":{\"@id\":\"https:\/\/lepoint-actu.tg\/#website\"},\"primaryImageOfPage\":{\"@id\":\"https:\/\/lepoint-actu.tg\/index.php\/2024\/04\/21\/vers-linevitable-choix-unir-dans-logou\/#primaryimage\"},\"image\":{\"@id\":\"https:\/\/lepoint-actu.tg\/index.php\/2024\/04\/21\/vers-linevitable-choix-unir-dans-logou\/#primaryimage\"},\"thumbnailUrl\":\"https:\/\/lepoint-actu.tg\/wp-content\/uploads\/2024\/04\/Screenshot_20240417-190802_3.jpg\",\"datePublished\":\"2024-04-21T17:48:24+00:00\",\"dateModified\":\"2024-04-22T18:06:30+00:00\",\"author\":{\"@id\":\"https:\/\/lepoint-actu.tg\/#\/schema\/person\/e4026d66cbdc205cab83e169ab7eaca1\"},\"breadcrumb\":{\"@id\":\"https:\/\/lepoint-actu.tg\/index.php\/2024\/04\/21\/vers-linevitable-choix-unir-dans-logou\/#breadcrumb\"},\"inLanguage\":\"fr-FR\",\"potentialAction\":[{\"@type\":\"ReadAction\",\"target\":[\"https:\/\/lepoint-actu.tg\/index.php\/2024\/04\/21\/vers-linevitable-choix-unir-dans-logou\/\"]}]},{\"@type\":\"ImageObject\",\"inLanguage\":\"fr-FR\",\"@id\":\"https:\/\/lepoint-actu.tg\/index.php\/2024\/04\/21\/vers-linevitable-choix-unir-dans-logou\/#primaryimage\",\"url\":\"https:\/\/lepoint-actu.tg\/wp-content\/uploads\/2024\/04\/Screenshot_20240417-190802_3.jpg\",\"contentUrl\":\"https:\/\/lepoint-actu.tg\/wp-content\/uploads\/2024\/04\/Screenshot_20240417-190802_3.jpg\",\"width\":626,\"height\":388},{\"@type\":\"BreadcrumbList\",\"@id\":\"https:\/\/lepoint-actu.tg\/index.php\/2024\/04\/21\/vers-linevitable-choix-unir-dans-logou\/#breadcrumb\",\"itemListElement\":[{\"@type\":\"ListItem\",\"position\":1,\"name\":\"Accueil\",\"item\":\"https:\/\/lepoint-actu.tg\/\"},{\"@type\":\"ListItem\",\"position\":2,\"name\":\"Vers l\u2019in\u00e9vitable choix UNIR dans l\u2019Ogou\"}]},{\"@type\":\"WebSite\",\"@id\":\"https:\/\/lepoint-actu.tg\/#website\",\"url\":\"https:\/\/lepoint-actu.tg\/\",\"name\":\"\",\"description\":\"R\u00e9c\u00e9piss\u00e9 N\u00b00022\/HAAC\/12-2020\/pL\/P, lepointactu07@gmail.com\",\"potentialAction\":[{\"@type\":\"SearchAction\",\"target\":{\"@type\":\"EntryPoint\",\"urlTemplate\":\"https:\/\/lepoint-actu.tg\/?s={search_term_string}\"},\"query-input\":{\"@type\":\"PropertyValueSpecification\",\"valueRequired\":true,\"valueName\":\"search_term_string\"}}],\"inLanguage\":\"fr-FR\"},{\"@type\":\"Person\",\"@id\":\"https:\/\/lepoint-actu.tg\/#\/schema\/person\/e4026d66cbdc205cab83e169ab7eaca1\",\"name\":\"La Redaction\",\"image\":{\"@type\":\"ImageObject\",\"inLanguage\":\"fr-FR\",\"@id\":\"https:\/\/lepoint-actu.tg\/#\/schema\/person\/image\/\",\"url\":\"https:\/\/secure.gravatar.com\/avatar\/1682a0ff7e2c36efa51c5d262eea092000ec1ce420118e6261440956730308c2?s=96&d=mm&r=g\",\"contentUrl\":\"https:\/\/secure.gravatar.com\/avatar\/1682a0ff7e2c36efa51c5d262eea092000ec1ce420118e6261440956730308c2?s=96&d=mm&r=g\",\"caption\":\"La Redaction\"},\"url\":\"https:\/\/lepoint-actu.tg\/index.php\/author\/raymondsama\/\"}]}<\/script>\n<!-- \/ Yoast SEO plugin. -->","yoast_head_json":{"title":"Vers l\u2019in\u00e9vitable choix UNIR dans l\u2019Ogou -","robots":{"index":"index","follow":"follow","max-snippet":"max-snippet:-1","max-image-preview":"max-image-preview:large","max-video-preview":"max-video-preview:-1"},"canonical":"https:\/\/lepoint-actu.tg\/index.php\/2024\/04\/21\/vers-linevitable-choix-unir-dans-logou\/","og_locale":"fr_FR","og_type":"article","og_title":"Vers l\u2019in\u00e9vitable choix UNIR dans l\u2019Ogou -","og_description":"Apr\u00e8s une semaine de campagne \u00e9lectorale, le bilan \u00e0 mi-parcours laisse voir une forte mobilisation des populations dans la pr\u00e9fecture","og_url":"https:\/\/lepoint-actu.tg\/index.php\/2024\/04\/21\/vers-linevitable-choix-unir-dans-logou\/","article_published_time":"2024-04-21T17:48:24+00:00","article_modified_time":"2024-04-22T18:06:30+00:00","og_image":[{"width":626,"height":388,"url":"https:\/\/lepoint-actu.tg\/wp-content\/uploads\/2024\/04\/Screenshot_20240417-190802_3.jpg","type":"image\/jpeg"}],"author":"La Redaction","twitter_card":"summary_large_image","twitter_misc":{"\u00c9crit par":"La Redaction","Dur\u00e9e de lecture estim\u00e9e":"3 minutes"},"schema":{"@context":"https:\/\/schema.org","@graph":[{"@type":"WebPage","@id":"https:\/\/lepoint-actu.tg\/index.php\/2024\/04\/21\/vers-linevitable-choix-unir-dans-logou\/","url":"https:\/\/lepoint-actu.tg\/index.php\/2024\/04\/21\/vers-linevitable-choix-unir-dans-logou\/","name":"Vers l\u2019in\u00e9vitable choix UNIR dans l\u2019Ogou -","isPartOf":{"@id":"https:\/\/lepoint-actu.tg\/#website"},"primaryImageOfPage":{"@id":"https:\/\/lepoint-actu.tg\/index.php\/2024\/04\/21\/vers-linevitable-choix-unir-dans-logou\/#primaryimage"},"image":{"@id":"https:\/\/lepoint-actu.tg\/index.php\/2024\/04\/21\/vers-linevitable-choix-unir-dans-logou\/#primaryimage"},"thumbnailUrl":"https:\/\/lepoint-actu.tg\/wp-content\/uploads\/2024\/04\/Screenshot_20240417-190802_3.jpg","datePublished":"2024-04-21T17:48:24+00:00","dateModified":"2024-04-22T18:06:30+00:00","author":{"@id":"https:\/\/lepoint-actu.tg\/#\/schema\/person\/e4026d66cbdc205cab83e169ab7eaca1"},"breadcrumb":{"@id":"https:\/\/lepoint-actu.tg\/index.php\/2024\/04\/21\/vers-linevitable-choix-unir-dans-logou\/#breadcrumb"},"inLanguage":"fr-FR","potentialAction":[{"@type":"ReadAction","target":["https:\/\/lepoint-actu.tg\/index.php\/2024\/04\/21\/vers-linevitable-choix-unir-dans-logou\/"]}]},{"@type":"ImageObject","inLanguage":"fr-FR","@id":"https:\/\/lepoint-actu.tg\/index.php\/2024\/04\/21\/vers-linevitable-choix-unir-dans-logou\/#primaryimage","url":"https:\/\/lepoint-actu.tg\/wp-content\/uploads\/2024\/04\/Screenshot_20240417-190802_3.jpg","contentUrl":"https:\/\/lepoint-actu.tg\/wp-content\/uploads\/2024\/04\/Screenshot_20240417-190802_3.jpg","width":626,"height":388},{"@type":"BreadcrumbList","@id":"https:\/\/lepoint-actu.tg\/index.php\/2024\/04\/21\/vers-linevitable-choix-unir-dans-logou\/#breadcrumb","itemListElement":[{"@type":"ListItem","position":1,"name":"Accueil","item":"https:\/\/lepoint-actu.tg\/"},{"@type":"ListItem","position":2,"name":"Vers l\u2019in\u00e9vitable choix UNIR dans l\u2019Ogou"}]},{"@type":"WebSite","@id":"https:\/\/lepoint-actu.tg\/#website","url":"https:\/\/lepoint-actu.tg\/","name":"","description":"R\u00e9c\u00e9piss\u00e9 N\u00b00022\/HAAC\/12-2020\/pL\/P, lepointactu07@gmail.com","potentialAction":[{"@type":"SearchAction","target":{"@type":"EntryPoint","urlTemplate":"https:\/\/lepoint-actu.tg\/?s={search_term_string}"},"query-input":{"@type":"PropertyValueSpecification","valueRequired":true,"valueName":"search_term_string"}}],"inLanguage":"fr-FR"},{"@type":"Person","@id":"https:\/\/lepoint-actu.tg\/#\/schema\/person\/e4026d66cbdc205cab83e169ab7eaca1","name":"La Redaction","image":{"@type":"ImageObject","inLanguage":"fr-FR","@id":"https:\/\/lepoint-actu.tg\/#\/schema\/person\/image\/","url":"https:\/\/secure.gravatar.com\/avatar\/1682a0ff7e2c36efa51c5d262eea092000ec1ce420118e6261440956730308c2?s=96&d=mm&r=g","contentUrl":"https:\/\/secure.gravatar.com\/avatar\/1682a0ff7e2c36efa51c5d262eea092000ec1ce420118e6261440956730308c2?s=96&d=mm&r=g","caption":"La Redaction"},"url":"https:\/\/lepoint-actu.tg\/index.php\/author\/raymondsama\/"}]}},"_links":{"self":[{"href":"https:\/\/lepoint-actu.tg\/index.php\/wp-json\/wp\/v2\/posts\/3091","targetHints":{"allow":["GET"]}}],"collection":[{"href":"https:\/\/lepoint-actu.tg\/index.php\/wp-json\/wp\/v2\/posts"}],"about":[{"href":"https:\/\/lepoint-actu.tg\/index.php\/wp-json\/wp\/v2\/types\/post"}],"author":[{"embeddable":true,"href":"https:\/\/lepoint-actu.tg\/index.php\/wp-json\/wp\/v2\/users\/2"}],"replies":[{"embeddable":true,"href":"https:\/\/lepoint-actu.tg\/index.php\/wp-json\/wp\/v2\/comments?post=3091"}],"version-history":[{"count":2,"href":"https:\/\/lepoint-actu.tg\/index.php\/wp-json\/wp\/v2\/posts\/3091\/revisions"}],"predecessor-version":[{"id":3097,"href":"https:\/\/lepoint-actu.tg\/index.php\/wp-json\/wp\/v2\/posts\/3091\/revisions\/3097"}],"wp:featuredmedia":[{"embeddable":true,"href":"https:\/\/lepoint-actu.tg\/index.php\/wp-json\/wp\/v2\/media\/3095"}],"wp:attachment":[{"href":"https:\/\/lepoint-actu.tg\/index.php\/wp-json\/wp\/v2\/media?parent=3091"}],"wp:term":[{"taxonomy":"category","embeddable":true,"href":"https:\/\/lepoint-actu.tg\/index.php\/wp-json\/wp\/v2\/categories?post=3091"},{"taxonomy":"post_tag","embeddable":true,"href":"https:\/\/lepoint-actu.tg\/index.php\/wp-json\/wp\/v2\/tags?post=3091"}],"curies":[{"name":"wp","href":"https:\/\/api.w.org\/{rel}","templated":true}]}}