{"id":3153,"date":"2024-04-23T14:36:56","date_gmt":"2024-04-23T14:36:56","guid":{"rendered":"https:\/\/lepoint-actu.tg\/?p=3153"},"modified":"2024-05-25T23:49:57","modified_gmt":"2024-05-25T23:49:57","slug":"la-coordination-unir-agoe-nyive-invite-a-celebrer-ensemble-le-togo","status":"publish","type":"post","link":"https:\/\/lepoint-actu.tg\/index.php\/2024\/04\/23\/la-coordination-unir-agoe-nyive-invite-a-celebrer-ensemble-le-togo\/","title":{"rendered":"La coordination UNIR Ago\u00e8-Nyiv\u00e9 invite \u00e0 c\u00e9l\u00e9brer ensemble le Togo"},"content":{"rendered":"\n<p><br>Un grand concert de la f\u00eate de l\u2019ind\u00e9pendance le 27 avril prochain, concert qui sera pr\u00e9c\u00e9d\u00e9 d\u2019un meeting. C\u2019est ce \u00e0 quoi invite la coordination pr\u00e9fectorale UNIR, Union pour la R\u00e9publique, Ago\u00e8-Nyiv\u00e9, en collaboration avec le club des artistes internationaux du Togo.<\/p>\n\n\n\n<figure class=\"wp-block-image size-full\"><img loading=\"lazy\" decoding=\"async\" width=\"720\" height=\"714\" src=\"https:\/\/lepoint-actu.tg\/wp-content\/uploads\/2024\/04\/Screenshot_20240403-0957432.jpg\" alt=\"\" class=\"wp-image-3126\" srcset=\"https:\/\/lepoint-actu.tg\/wp-content\/uploads\/2024\/04\/Screenshot_20240403-0957432.jpg 720w, https:\/\/lepoint-actu.tg\/wp-content\/uploads\/2024\/04\/Screenshot_20240403-0957432-300x298.jpg 300w, https:\/\/lepoint-actu.tg\/wp-content\/uploads\/2024\/04\/Screenshot_20240403-0957432-150x150.jpg 150w\" sizes=\"auto, (max-width: 720px) 100vw, 720px\" \/><\/figure>\n\n\n\n<p><br>Il s\u2019agit en substance, selon les organisateurs, de c\u00e9l\u00e9brer le Togo ensemble. Le public est invit\u00e9 \u00e0 prendre part massivement \u00e0 cet \u00e9v\u00e8nement festif qui aura lieu \u00e0 partir de 15 heures jusqu\u2019\u00e0 l\u2019aube.<\/p>\n\n\n\n<p><strong><em>Ali Legrand <\/em><\/strong><\/p>\n","protected":false},"excerpt":{"rendered":"<p>Un grand concert de la f\u00eate de l\u2019ind\u00e9pendance le 27 avril prochain, concert qui sera pr\u00e9c\u00e9d\u00e9 d\u2019un meeting. C\u2019est ce<\/p>\n","protected":false},"author":2,"featured_media":3154,"comment_status":"open","ping_status":"closed","sticky":false,"template":"","format":"standard","meta":{"footnotes":""},"categories":[1],"tags":[],"class_list":["post-3153","post","type-post","status-publish","format-standard","has-post-thumbnail","hentry","category-societe"],"yoast_head":"<!-- This site is optimized with the Yoast SEO plugin v23.9 - https:\/\/yoast.com\/wordpress\/plugins\/seo\/ -->\n<title>La coordination UNIR Ago\u00e8-Nyiv\u00e9 invite \u00e0 c\u00e9l\u00e9brer ensemble le Togo -<\/title>\n<meta name=\"robots\" content=\"index, follow, max-snippet:-1, max-image-preview:large, max-video-preview:-1\" \/>\n<link rel=\"canonical\" href=\"https:\/\/lepoint-actu.tg\/index.php\/2024\/04\/23\/la-coordination-unir-agoe-nyive-invite-a-celebrer-ensemble-le-togo\/\" \/>\n<meta property=\"og:locale\" content=\"fr_FR\" \/>\n<meta property=\"og:type\" content=\"article\" \/>\n<meta property=\"og:title\" content=\"La coordination UNIR Ago\u00e8-Nyiv\u00e9 invite \u00e0 c\u00e9l\u00e9brer ensemble le Togo -\" \/>\n<meta property=\"og:description\" content=\"Un grand concert de la f\u00eate de l\u2019ind\u00e9pendance le 27 avril prochain, concert qui sera pr\u00e9c\u00e9d\u00e9 d\u2019un meeting. C\u2019est ce\" \/>\n<meta property=\"og:url\" content=\"https:\/\/lepoint-actu.tg\/index.php\/2024\/04\/23\/la-coordination-unir-agoe-nyive-invite-a-celebrer-ensemble-le-togo\/\" \/>\n<meta property=\"article:published_time\" content=\"2024-04-23T14:36:56+00:00\" \/>\n<meta property=\"article:modified_time\" content=\"2024-05-25T23:49:57+00:00\" \/>\n<meta property=\"og:image\" content=\"https:\/\/lepoint-actu.tg\/wp-content\/uploads\/2024\/04\/Screenshot_20240424-122920_1-1.jpg\" \/>\n\t<meta property=\"og:image:width\" content=\"579\" \/>\n\t<meta property=\"og:image:height\" content=\"626\" \/>\n\t<meta property=\"og:image:type\" content=\"image\/jpeg\" \/>\n<meta name=\"author\" content=\"La Redaction\" \/>\n<meta name=\"twitter:card\" content=\"summary_large_image\" \/>\n<meta name=\"twitter:label1\" content=\"\u00c9crit par\" \/>\n\t<meta name=\"twitter:data1\" content=\"La Redaction\" \/>\n<script type=\"application\/ld+json\" class=\"yoast-schema-graph\">{\"@context\":\"https:\/\/schema.org\",\"@graph\":[{\"@type\":\"WebPage\",\"@id\":\"https:\/\/lepoint-actu.tg\/index.php\/2024\/04\/23\/la-coordination-unir-agoe-nyive-invite-a-celebrer-ensemble-le-togo\/\",\"url\":\"https:\/\/lepoint-actu.tg\/index.php\/2024\/04\/23\/la-coordination-unir-agoe-nyive-invite-a-celebrer-ensemble-le-togo\/\",\"name\":\"La coordination UNIR Ago\u00e8-Nyiv\u00e9 invite \u00e0 c\u00e9l\u00e9brer ensemble le Togo -\",\"isPartOf\":{\"@id\":\"https:\/\/lepoint-actu.tg\/#website\"},\"primaryImageOfPage\":{\"@id\":\"https:\/\/lepoint-actu.tg\/index.php\/2024\/04\/23\/la-coordination-unir-agoe-nyive-invite-a-celebrer-ensemble-le-togo\/#primaryimage\"},\"image\":{\"@id\":\"https:\/\/lepoint-actu.tg\/index.php\/2024\/04\/23\/la-coordination-unir-agoe-nyive-invite-a-celebrer-ensemble-le-togo\/#primaryimage\"},\"thumbnailUrl\":\"https:\/\/lepoint-actu.tg\/wp-content\/uploads\/2024\/04\/Screenshot_20240424-122920_1-1.jpg\",\"datePublished\":\"2024-04-23T14:36:56+00:00\",\"dateModified\":\"2024-05-25T23:49:57+00:00\",\"author\":{\"@id\":\"https:\/\/lepoint-actu.tg\/#\/schema\/person\/e4026d66cbdc205cab83e169ab7eaca1\"},\"breadcrumb\":{\"@id\":\"https:\/\/lepoint-actu.tg\/index.php\/2024\/04\/23\/la-coordination-unir-agoe-nyive-invite-a-celebrer-ensemble-le-togo\/#breadcrumb\"},\"inLanguage\":\"fr-FR\",\"potentialAction\":[{\"@type\":\"ReadAction\",\"target\":[\"https:\/\/lepoint-actu.tg\/index.php\/2024\/04\/23\/la-coordination-unir-agoe-nyive-invite-a-celebrer-ensemble-le-togo\/\"]}]},{\"@type\":\"ImageObject\",\"inLanguage\":\"fr-FR\",\"@id\":\"https:\/\/lepoint-actu.tg\/index.php\/2024\/04\/23\/la-coordination-unir-agoe-nyive-invite-a-celebrer-ensemble-le-togo\/#primaryimage\",\"url\":\"https:\/\/lepoint-actu.tg\/wp-content\/uploads\/2024\/04\/Screenshot_20240424-122920_1-1.jpg\",\"contentUrl\":\"https:\/\/lepoint-actu.tg\/wp-content\/uploads\/2024\/04\/Screenshot_20240424-122920_1-1.jpg\",\"width\":579,\"height\":626},{\"@type\":\"BreadcrumbList\",\"@id\":\"https:\/\/lepoint-actu.tg\/index.php\/2024\/04\/23\/la-coordination-unir-agoe-nyive-invite-a-celebrer-ensemble-le-togo\/#breadcrumb\",\"itemListElement\":[{\"@type\":\"ListItem\",\"position\":1,\"name\":\"Accueil\",\"item\":\"https:\/\/lepoint-actu.tg\/\"},{\"@type\":\"ListItem\",\"position\":2,\"name\":\"La coordination UNIR Ago\u00e8-Nyiv\u00e9 invite \u00e0 c\u00e9l\u00e9brer ensemble le Togo\"}]},{\"@type\":\"WebSite\",\"@id\":\"https:\/\/lepoint-actu.tg\/#website\",\"url\":\"https:\/\/lepoint-actu.tg\/\",\"name\":\"\",\"description\":\"R\u00e9c\u00e9piss\u00e9 N\u00b00022\/HAAC\/12-2020\/pL\/P, lepointactu07@gmail.com\",\"potentialAction\":[{\"@type\":\"SearchAction\",\"target\":{\"@type\":\"EntryPoint\",\"urlTemplate\":\"https:\/\/lepoint-actu.tg\/?s={search_term_string}\"},\"query-input\":{\"@type\":\"PropertyValueSpecification\",\"valueRequired\":true,\"valueName\":\"search_term_string\"}}],\"inLanguage\":\"fr-FR\"},{\"@type\":\"Person\",\"@id\":\"https:\/\/lepoint-actu.tg\/#\/schema\/person\/e4026d66cbdc205cab83e169ab7eaca1\",\"name\":\"La Redaction\",\"image\":{\"@type\":\"ImageObject\",\"inLanguage\":\"fr-FR\",\"@id\":\"https:\/\/lepoint-actu.tg\/#\/schema\/person\/image\/\",\"url\":\"https:\/\/secure.gravatar.com\/avatar\/1682a0ff7e2c36efa51c5d262eea092000ec1ce420118e6261440956730308c2?s=96&d=mm&r=g\",\"contentUrl\":\"https:\/\/secure.gravatar.com\/avatar\/1682a0ff7e2c36efa51c5d262eea092000ec1ce420118e6261440956730308c2?s=96&d=mm&r=g\",\"caption\":\"La Redaction\"},\"url\":\"https:\/\/lepoint-actu.tg\/index.php\/author\/raymondsama\/\"}]}<\/script>\n<!-- \/ Yoast SEO plugin. -->","yoast_head_json":{"title":"La coordination UNIR Ago\u00e8-Nyiv\u00e9 invite \u00e0 c\u00e9l\u00e9brer ensemble le Togo -","robots":{"index":"index","follow":"follow","max-snippet":"max-snippet:-1","max-image-preview":"max-image-preview:large","max-video-preview":"max-video-preview:-1"},"canonical":"https:\/\/lepoint-actu.tg\/index.php\/2024\/04\/23\/la-coordination-unir-agoe-nyive-invite-a-celebrer-ensemble-le-togo\/","og_locale":"fr_FR","og_type":"article","og_title":"La coordination UNIR Ago\u00e8-Nyiv\u00e9 invite \u00e0 c\u00e9l\u00e9brer ensemble le Togo -","og_description":"Un grand concert de la f\u00eate de l\u2019ind\u00e9pendance le 27 avril prochain, concert qui sera pr\u00e9c\u00e9d\u00e9 d\u2019un meeting. C\u2019est ce","og_url":"https:\/\/lepoint-actu.tg\/index.php\/2024\/04\/23\/la-coordination-unir-agoe-nyive-invite-a-celebrer-ensemble-le-togo\/","article_published_time":"2024-04-23T14:36:56+00:00","article_modified_time":"2024-05-25T23:49:57+00:00","og_image":[{"width":579,"height":626,"url":"https:\/\/lepoint-actu.tg\/wp-content\/uploads\/2024\/04\/Screenshot_20240424-122920_1-1.jpg","type":"image\/jpeg"}],"author":"La Redaction","twitter_card":"summary_large_image","twitter_misc":{"\u00c9crit par":"La Redaction"},"schema":{"@context":"https:\/\/schema.org","@graph":[{"@type":"WebPage","@id":"https:\/\/lepoint-actu.tg\/index.php\/2024\/04\/23\/la-coordination-unir-agoe-nyive-invite-a-celebrer-ensemble-le-togo\/","url":"https:\/\/lepoint-actu.tg\/index.php\/2024\/04\/23\/la-coordination-unir-agoe-nyive-invite-a-celebrer-ensemble-le-togo\/","name":"La coordination UNIR Ago\u00e8-Nyiv\u00e9 invite \u00e0 c\u00e9l\u00e9brer ensemble le Togo -","isPartOf":{"@id":"https:\/\/lepoint-actu.tg\/#website"},"primaryImageOfPage":{"@id":"https:\/\/lepoint-actu.tg\/index.php\/2024\/04\/23\/la-coordination-unir-agoe-nyive-invite-a-celebrer-ensemble-le-togo\/#primaryimage"},"image":{"@id":"https:\/\/lepoint-actu.tg\/index.php\/2024\/04\/23\/la-coordination-unir-agoe-nyive-invite-a-celebrer-ensemble-le-togo\/#primaryimage"},"thumbnailUrl":"https:\/\/lepoint-actu.tg\/wp-content\/uploads\/2024\/04\/Screenshot_20240424-122920_1-1.jpg","datePublished":"2024-04-23T14:36:56+00:00","dateModified":"2024-05-25T23:49:57+00:00","author":{"@id":"https:\/\/lepoint-actu.tg\/#\/schema\/person\/e4026d66cbdc205cab83e169ab7eaca1"},"breadcrumb":{"@id":"https:\/\/lepoint-actu.tg\/index.php\/2024\/04\/23\/la-coordination-unir-agoe-nyive-invite-a-celebrer-ensemble-le-togo\/#breadcrumb"},"inLanguage":"fr-FR","potentialAction":[{"@type":"ReadAction","target":["https:\/\/lepoint-actu.tg\/index.php\/2024\/04\/23\/la-coordination-unir-agoe-nyive-invite-a-celebrer-ensemble-le-togo\/"]}]},{"@type":"ImageObject","inLanguage":"fr-FR","@id":"https:\/\/lepoint-actu.tg\/index.php\/2024\/04\/23\/la-coordination-unir-agoe-nyive-invite-a-celebrer-ensemble-le-togo\/#primaryimage","url":"https:\/\/lepoint-actu.tg\/wp-content\/uploads\/2024\/04\/Screenshot_20240424-122920_1-1.jpg","contentUrl":"https:\/\/lepoint-actu.tg\/wp-content\/uploads\/2024\/04\/Screenshot_20240424-122920_1-1.jpg","width":579,"height":626},{"@type":"BreadcrumbList","@id":"https:\/\/lepoint-actu.tg\/index.php\/2024\/04\/23\/la-coordination-unir-agoe-nyive-invite-a-celebrer-ensemble-le-togo\/#breadcrumb","itemListElement":[{"@type":"ListItem","position":1,"name":"Accueil","item":"https:\/\/lepoint-actu.tg\/"},{"@type":"ListItem","position":2,"name":"La coordination UNIR Ago\u00e8-Nyiv\u00e9 invite \u00e0 c\u00e9l\u00e9brer ensemble le Togo"}]},{"@type":"WebSite","@id":"https:\/\/lepoint-actu.tg\/#website","url":"https:\/\/lepoint-actu.tg\/","name":"","description":"R\u00e9c\u00e9piss\u00e9 N\u00b00022\/HAAC\/12-2020\/pL\/P, lepointactu07@gmail.com","potentialAction":[{"@type":"SearchAction","target":{"@type":"EntryPoint","urlTemplate":"https:\/\/lepoint-actu.tg\/?s={search_term_string}"},"query-input":{"@type":"PropertyValueSpecification","valueRequired":true,"valueName":"search_term_string"}}],"inLanguage":"fr-FR"},{"@type":"Person","@id":"https:\/\/lepoint-actu.tg\/#\/schema\/person\/e4026d66cbdc205cab83e169ab7eaca1","name":"La Redaction","image":{"@type":"ImageObject","inLanguage":"fr-FR","@id":"https:\/\/lepoint-actu.tg\/#\/schema\/person\/image\/","url":"https:\/\/secure.gravatar.com\/avatar\/1682a0ff7e2c36efa51c5d262eea092000ec1ce420118e6261440956730308c2?s=96&d=mm&r=g","contentUrl":"https:\/\/secure.gravatar.com\/avatar\/1682a0ff7e2c36efa51c5d262eea092000ec1ce420118e6261440956730308c2?s=96&d=mm&r=g","caption":"La Redaction"},"url":"https:\/\/lepoint-actu.tg\/index.php\/author\/raymondsama\/"}]}},"_links":{"self":[{"href":"https:\/\/lepoint-actu.tg\/index.php\/wp-json\/wp\/v2\/posts\/3153","targetHints":{"allow":["GET"]}}],"collection":[{"href":"https:\/\/lepoint-actu.tg\/index.php\/wp-json\/wp\/v2\/posts"}],"about":[{"href":"https:\/\/lepoint-actu.tg\/index.php\/wp-json\/wp\/v2\/types\/post"}],"author":[{"embeddable":true,"href":"https:\/\/lepoint-actu.tg\/index.php\/wp-json\/wp\/v2\/users\/2"}],"replies":[{"embeddable":true,"href":"https:\/\/lepoint-actu.tg\/index.php\/wp-json\/wp\/v2\/comments?post=3153"}],"version-history":[{"count":1,"href":"https:\/\/lepoint-actu.tg\/index.php\/wp-json\/wp\/v2\/posts\/3153\/revisions"}],"predecessor-version":[{"id":3155,"href":"https:\/\/lepoint-actu.tg\/index.php\/wp-json\/wp\/v2\/posts\/3153\/revisions\/3155"}],"wp:featuredmedia":[{"embeddable":true,"href":"https:\/\/lepoint-actu.tg\/index.php\/wp-json\/wp\/v2\/media\/3154"}],"wp:attachment":[{"href":"https:\/\/lepoint-actu.tg\/index.php\/wp-json\/wp\/v2\/media?parent=3153"}],"wp:term":[{"taxonomy":"category","embeddable":true,"href":"https:\/\/lepoint-actu.tg\/index.php\/wp-json\/wp\/v2\/categories?post=3153"},{"taxonomy":"post_tag","embeddable":true,"href":"https:\/\/lepoint-actu.tg\/index.php\/wp-json\/wp\/v2\/tags?post=3153"}],"curies":[{"name":"wp","href":"https:\/\/api.w.org\/{rel}","templated":true}]}}