{"id":3236,"date":"2024-05-03T21:02:10","date_gmt":"2024-05-03T21:02:10","guid":{"rendered":"https:\/\/lepoint-actu.tg\/?p=3236"},"modified":"2024-05-06T05:49:16","modified_gmt":"2024-05-06T05:49:16","slug":"les-fondamentaux-pour-lelaboration-et-la-mise-en-oeuvre-du-plan-spatial-au-togo-objet-dun-atelier-a-lome","status":"publish","type":"post","link":"https:\/\/lepoint-actu.tg\/index.php\/2024\/05\/03\/les-fondamentaux-pour-lelaboration-et-la-mise-en-oeuvre-du-plan-spatial-au-togo-objet-dun-atelier-a-lome\/","title":{"rendered":"Les fondamentaux pour l\u2019\u00e9laboration et la mise en \u0153uvre du plan spatial au Togo, objet d\u2019un atelier \u00e0 Lom\u00e9"},"content":{"rendered":"\n<p><br>G\u00e9rer efficacement et de mani\u00e8re durable l\u2019espace marin et c\u00f4tier ainsi que ses ressources est un processus qui pr\u00e9occupe les acteurs impliqu\u00e9s qui se sont retrouv\u00e9s en atelier \u00e0 Lom\u00e9 pendant deux (02) jours. Organis\u00e9e par l\u2019Organisme national charg\u00e9 de l\u2019action de l\u2019Etat en mer (ONAEM) avec l\u2019accompagnement de la Commission oc\u00e9anographique intergouvernementale de l&rsquo;UNESCO (COI-UNESCO) et l\u2019Union europ\u00e9enne (UE), cette rencontre d\u00e9marr\u00e9e hier a pris fin ce vendredi 03 mai 2024.<\/p>\n\n\n\n<figure class=\"wp-block-image size-large\"><img loading=\"lazy\" decoding=\"async\" width=\"766\" height=\"1024\" src=\"https:\/\/lepoint-actu.tg\/wp-content\/uploads\/2024\/05\/DER-101-OK_1-766x1024.jpg\" alt=\"\" class=\"wp-image-3223\" srcset=\"https:\/\/lepoint-actu.tg\/wp-content\/uploads\/2024\/05\/DER-101-OK_1-766x1024.jpg 766w, https:\/\/lepoint-actu.tg\/wp-content\/uploads\/2024\/05\/DER-101-OK_1-224x300.jpg 224w, https:\/\/lepoint-actu.tg\/wp-content\/uploads\/2024\/05\/DER-101-OK_1-768x1027.jpg 768w, https:\/\/lepoint-actu.tg\/wp-content\/uploads\/2024\/05\/DER-101-OK_1.jpg 806w\" sizes=\"auto, (max-width: 766px) 100vw, 766px\" \/><\/figure>\n\n\n\n<p><br>En substance, les travaux de cet atelier technique national \u00e9taient ax\u00e9s sur la m\u00e9thodologie d\u2019\u00e9valuation rapide de la MSPglobal. Dans un premier temps, il a \u00e9t\u00e9 question d\u2019identifier les initiatives existantes au Togo qui s\u2019inscrivent dans la dynamique du processus de la Planification spatiale marine (PSM) et dans un second temps, de comprendre les diff\u00e9rentes phases de la PSM ainsi que les activit\u00e9s qui sont d\u00e9j\u00e0 r\u00e9alis\u00e9es et en cours. \u00ab&nbsp;La finalit\u00e9 de ces travaux&nbsp;\u00bb, renseigne Olanlo Kadjogb\u00e9 Abra \u00e9pouse Afanvi, Directrice de l\u2019autonomie bleue au Haut Conseil pour la mer, \u00ab&nbsp;est de pouvoir d\u00e9terminer de mani\u00e8re concert\u00e9e les fondamentaux pour l\u2019\u00e9laboration et la mise en \u0153uvre du plan spatial au Togo&nbsp;\u00bb.<br>Apr\u00e8s avoir remerci\u00e9 chacun des participants venus de diff\u00e9rentes structures, Mme Afanvi a particuli\u00e8rement r\u00e9it\u00e9r\u00e9 toute sa gratitude aux partenaires, \u00e0 la COI-UNESCO pour son accompagnement dans le processus de la PSM au Togo&nbsp;; processus qui est long selon elle avec un objectif noble. \u00ab&nbsp;La PSM est un long processus qui vise \u00e0 g\u00e9rer efficacement et de mani\u00e8re durable l\u2019espace marin et c\u00f4tier ainsi que ses ressources. <\/p>\n\n\n\n<figure class=\"wp-block-image size-large\"><img loading=\"lazy\" decoding=\"async\" width=\"618\" height=\"1024\" src=\"https:\/\/lepoint-actu.tg\/wp-content\/uploads\/2024\/05\/Screenshot_20240503-202340_1-618x1024.jpg\" alt=\"\" class=\"wp-image-3237\" srcset=\"https:\/\/lepoint-actu.tg\/wp-content\/uploads\/2024\/05\/Screenshot_20240503-202340_1-618x1024.jpg 618w, https:\/\/lepoint-actu.tg\/wp-content\/uploads\/2024\/05\/Screenshot_20240503-202340_1-181x300.jpg 181w, https:\/\/lepoint-actu.tg\/wp-content\/uploads\/2024\/05\/Screenshot_20240503-202340_1.jpg 629w\" sizes=\"auto, (max-width: 618px) 100vw, 618px\" \/><\/figure>\n\n\n\n<p>Elle n\u00e9cessite non seulement le temps, mais \u00e9galement, la mobilisation d\u2019importantes ressources humaines, techniques et financiers pour l\u2019atteinte de cet objectif\u00a0\u00bb, a-t-elle d\u00e9clar\u00e9 dans son mot d\u2019ouverture.<br><strong>Un engagement qui mobilise, qui forme\u2026<\/strong><br>L\u2019engagement du Togo dans le processus PSM a permis de mobiliser plusieurs partenaire techniques et financiers comme la Banque Mondiale \u00e0 travers le Projet WACA ResIP, Grid Arendal et la COI-UNESCO, informe-t-on. Dans cet \u00e9lan et selon les organisateurs de l\u2019atelier, plusieurs acteurs nationaux sont \u00e9galement mobilis\u00e9s \u00e0 travers la mise en place du comit\u00e9 de pilotage et le comit\u00e9 technique de la PSM au Togo. <\/p>\n\n\n\n<figure class=\"wp-block-image size-full\"><img loading=\"lazy\" decoding=\"async\" width=\"471\" height=\"351\" src=\"https:\/\/lepoint-actu.tg\/wp-content\/uploads\/2024\/05\/Screenshot_20240506-054439_2.jpg\" alt=\"\" class=\"wp-image-3281\" srcset=\"https:\/\/lepoint-actu.tg\/wp-content\/uploads\/2024\/05\/Screenshot_20240506-054439_2.jpg 471w, https:\/\/lepoint-actu.tg\/wp-content\/uploads\/2024\/05\/Screenshot_20240506-054439_2-300x224.jpg 300w\" sizes=\"auto, (max-width: 471px) 100vw, 471px\" \/><\/figure>\n\n\n\n<p>\u00ab\u00a0En vue de renforcer les connaissances et savoir-faire de ces acteurs nationaux en mati\u00e8re de la PSM, plusieurs formations ont \u00e9t\u00e9 organis\u00e9es dont celle de la COI-UNESCO, les 01 et 02 f\u00e9vrier 2024 \u00e0 Lom\u00e9. Elle a permis de mettre l\u2019accent sur les \u00e9l\u00e9ments fondamentaux de la conception du processus de la PSM\u00a0\u00bb, a clarifi\u00e9 Mme la Directrice pour qui l\u2019atelier qui s\u2019est achev\u00e9 ce vendredi \u00ab\u00a0vient consolider toutes les initiatives\u00a0\u00bb d\u00e9j\u00e0 prises par les membres du comit\u00e9 technique \u00ab\u00a0et donner des orientations pour de nouvelles perspectives\u00a0\u00bb.<\/p>\n\n\n\n<p><strong><em>Ali Legrand <\/em><\/strong><\/p>\n","protected":false},"excerpt":{"rendered":"<p>G\u00e9rer efficacement et de mani\u00e8re durable l\u2019espace marin et c\u00f4tier ainsi que ses ressources est un processus qui pr\u00e9occupe les<\/p>\n","protected":false},"author":2,"featured_media":3281,"comment_status":"open","ping_status":"closed","sticky":false,"template":"","format":"standard","meta":{"footnotes":""},"categories":[1],"tags":[],"class_list":["post-3236","post","type-post","status-publish","format-standard","has-post-thumbnail","hentry","category-societe"],"yoast_head":"<!-- This site is optimized with the Yoast SEO plugin v23.9 - https:\/\/yoast.com\/wordpress\/plugins\/seo\/ -->\n<title>Les fondamentaux pour l\u2019\u00e9laboration et la mise en \u0153uvre du plan spatial au Togo, objet d\u2019un atelier \u00e0 Lom\u00e9 -<\/title>\n<meta name=\"robots\" content=\"index, follow, max-snippet:-1, max-image-preview:large, max-video-preview:-1\" \/>\n<link rel=\"canonical\" href=\"https:\/\/lepoint-actu.tg\/index.php\/2024\/05\/03\/les-fondamentaux-pour-lelaboration-et-la-mise-en-oeuvre-du-plan-spatial-au-togo-objet-dun-atelier-a-lome\/\" \/>\n<meta property=\"og:locale\" content=\"fr_FR\" \/>\n<meta property=\"og:type\" content=\"article\" \/>\n<meta property=\"og:title\" content=\"Les fondamentaux pour l\u2019\u00e9laboration et la mise en \u0153uvre du plan spatial au Togo, objet d\u2019un atelier \u00e0 Lom\u00e9 -\" \/>\n<meta property=\"og:description\" content=\"G\u00e9rer efficacement et de mani\u00e8re durable l\u2019espace marin et c\u00f4tier ainsi que ses ressources est un processus qui pr\u00e9occupe les\" \/>\n<meta property=\"og:url\" content=\"https:\/\/lepoint-actu.tg\/index.php\/2024\/05\/03\/les-fondamentaux-pour-lelaboration-et-la-mise-en-oeuvre-du-plan-spatial-au-togo-objet-dun-atelier-a-lome\/\" \/>\n<meta property=\"article:published_time\" content=\"2024-05-03T21:02:10+00:00\" \/>\n<meta property=\"article:modified_time\" content=\"2024-05-06T05:49:16+00:00\" \/>\n<meta property=\"og:image\" content=\"https:\/\/lepoint-actu.tg\/wp-content\/uploads\/2024\/05\/Screenshot_20240506-054439_2.jpg\" \/>\n\t<meta property=\"og:image:width\" content=\"471\" \/>\n\t<meta property=\"og:image:height\" content=\"351\" \/>\n\t<meta property=\"og:image:type\" content=\"image\/jpeg\" \/>\n<meta name=\"author\" content=\"La Redaction\" \/>\n<meta name=\"twitter:card\" content=\"summary_large_image\" \/>\n<meta name=\"twitter:label1\" content=\"\u00c9crit par\" \/>\n\t<meta name=\"twitter:data1\" content=\"La Redaction\" \/>\n\t<meta name=\"twitter:label2\" content=\"Dur\u00e9e de lecture estim\u00e9e\" \/>\n\t<meta name=\"twitter:data2\" content=\"2 minutes\" \/>\n<script type=\"application\/ld+json\" class=\"yoast-schema-graph\">{\"@context\":\"https:\/\/schema.org\",\"@graph\":[{\"@type\":\"WebPage\",\"@id\":\"https:\/\/lepoint-actu.tg\/index.php\/2024\/05\/03\/les-fondamentaux-pour-lelaboration-et-la-mise-en-oeuvre-du-plan-spatial-au-togo-objet-dun-atelier-a-lome\/\",\"url\":\"https:\/\/lepoint-actu.tg\/index.php\/2024\/05\/03\/les-fondamentaux-pour-lelaboration-et-la-mise-en-oeuvre-du-plan-spatial-au-togo-objet-dun-atelier-a-lome\/\",\"name\":\"Les fondamentaux pour l\u2019\u00e9laboration et la mise en \u0153uvre du plan spatial au Togo, objet d\u2019un atelier \u00e0 Lom\u00e9 -\",\"isPartOf\":{\"@id\":\"https:\/\/lepoint-actu.tg\/#website\"},\"primaryImageOfPage\":{\"@id\":\"https:\/\/lepoint-actu.tg\/index.php\/2024\/05\/03\/les-fondamentaux-pour-lelaboration-et-la-mise-en-oeuvre-du-plan-spatial-au-togo-objet-dun-atelier-a-lome\/#primaryimage\"},\"image\":{\"@id\":\"https:\/\/lepoint-actu.tg\/index.php\/2024\/05\/03\/les-fondamentaux-pour-lelaboration-et-la-mise-en-oeuvre-du-plan-spatial-au-togo-objet-dun-atelier-a-lome\/#primaryimage\"},\"thumbnailUrl\":\"https:\/\/lepoint-actu.tg\/wp-content\/uploads\/2024\/05\/Screenshot_20240506-054439_2.jpg\",\"datePublished\":\"2024-05-03T21:02:10+00:00\",\"dateModified\":\"2024-05-06T05:49:16+00:00\",\"author\":{\"@id\":\"https:\/\/lepoint-actu.tg\/#\/schema\/person\/e4026d66cbdc205cab83e169ab7eaca1\"},\"breadcrumb\":{\"@id\":\"https:\/\/lepoint-actu.tg\/index.php\/2024\/05\/03\/les-fondamentaux-pour-lelaboration-et-la-mise-en-oeuvre-du-plan-spatial-au-togo-objet-dun-atelier-a-lome\/#breadcrumb\"},\"inLanguage\":\"fr-FR\",\"potentialAction\":[{\"@type\":\"ReadAction\",\"target\":[\"https:\/\/lepoint-actu.tg\/index.php\/2024\/05\/03\/les-fondamentaux-pour-lelaboration-et-la-mise-en-oeuvre-du-plan-spatial-au-togo-objet-dun-atelier-a-lome\/\"]}]},{\"@type\":\"ImageObject\",\"inLanguage\":\"fr-FR\",\"@id\":\"https:\/\/lepoint-actu.tg\/index.php\/2024\/05\/03\/les-fondamentaux-pour-lelaboration-et-la-mise-en-oeuvre-du-plan-spatial-au-togo-objet-dun-atelier-a-lome\/#primaryimage\",\"url\":\"https:\/\/lepoint-actu.tg\/wp-content\/uploads\/2024\/05\/Screenshot_20240506-054439_2.jpg\",\"contentUrl\":\"https:\/\/lepoint-actu.tg\/wp-content\/uploads\/2024\/05\/Screenshot_20240506-054439_2.jpg\",\"width\":471,\"height\":351},{\"@type\":\"BreadcrumbList\",\"@id\":\"https:\/\/lepoint-actu.tg\/index.php\/2024\/05\/03\/les-fondamentaux-pour-lelaboration-et-la-mise-en-oeuvre-du-plan-spatial-au-togo-objet-dun-atelier-a-lome\/#breadcrumb\",\"itemListElement\":[{\"@type\":\"ListItem\",\"position\":1,\"name\":\"Accueil\",\"item\":\"https:\/\/lepoint-actu.tg\/\"},{\"@type\":\"ListItem\",\"position\":2,\"name\":\"Les fondamentaux pour l\u2019\u00e9laboration et la mise en \u0153uvre du plan spatial au Togo, objet d\u2019un atelier \u00e0 Lom\u00e9\"}]},{\"@type\":\"WebSite\",\"@id\":\"https:\/\/lepoint-actu.tg\/#website\",\"url\":\"https:\/\/lepoint-actu.tg\/\",\"name\":\"\",\"description\":\"R\u00e9c\u00e9piss\u00e9 N\u00b00022\/HAAC\/12-2020\/pL\/P, lepointactu07@gmail.com\",\"potentialAction\":[{\"@type\":\"SearchAction\",\"target\":{\"@type\":\"EntryPoint\",\"urlTemplate\":\"https:\/\/lepoint-actu.tg\/?s={search_term_string}\"},\"query-input\":{\"@type\":\"PropertyValueSpecification\",\"valueRequired\":true,\"valueName\":\"search_term_string\"}}],\"inLanguage\":\"fr-FR\"},{\"@type\":\"Person\",\"@id\":\"https:\/\/lepoint-actu.tg\/#\/schema\/person\/e4026d66cbdc205cab83e169ab7eaca1\",\"name\":\"La Redaction\",\"image\":{\"@type\":\"ImageObject\",\"inLanguage\":\"fr-FR\",\"@id\":\"https:\/\/lepoint-actu.tg\/#\/schema\/person\/image\/\",\"url\":\"https:\/\/secure.gravatar.com\/avatar\/1682a0ff7e2c36efa51c5d262eea092000ec1ce420118e6261440956730308c2?s=96&d=mm&r=g\",\"contentUrl\":\"https:\/\/secure.gravatar.com\/avatar\/1682a0ff7e2c36efa51c5d262eea092000ec1ce420118e6261440956730308c2?s=96&d=mm&r=g\",\"caption\":\"La Redaction\"},\"url\":\"https:\/\/lepoint-actu.tg\/index.php\/author\/raymondsama\/\"}]}<\/script>\n<!-- \/ Yoast SEO plugin. -->","yoast_head_json":{"title":"Les fondamentaux pour l\u2019\u00e9laboration et la mise en \u0153uvre du plan spatial au Togo, objet d\u2019un atelier \u00e0 Lom\u00e9 -","robots":{"index":"index","follow":"follow","max-snippet":"max-snippet:-1","max-image-preview":"max-image-preview:large","max-video-preview":"max-video-preview:-1"},"canonical":"https:\/\/lepoint-actu.tg\/index.php\/2024\/05\/03\/les-fondamentaux-pour-lelaboration-et-la-mise-en-oeuvre-du-plan-spatial-au-togo-objet-dun-atelier-a-lome\/","og_locale":"fr_FR","og_type":"article","og_title":"Les fondamentaux pour l\u2019\u00e9laboration et la mise en \u0153uvre du plan spatial au Togo, objet d\u2019un atelier \u00e0 Lom\u00e9 -","og_description":"G\u00e9rer efficacement et de mani\u00e8re durable l\u2019espace marin et c\u00f4tier ainsi que ses ressources est un processus qui pr\u00e9occupe les","og_url":"https:\/\/lepoint-actu.tg\/index.php\/2024\/05\/03\/les-fondamentaux-pour-lelaboration-et-la-mise-en-oeuvre-du-plan-spatial-au-togo-objet-dun-atelier-a-lome\/","article_published_time":"2024-05-03T21:02:10+00:00","article_modified_time":"2024-05-06T05:49:16+00:00","og_image":[{"width":471,"height":351,"url":"https:\/\/lepoint-actu.tg\/wp-content\/uploads\/2024\/05\/Screenshot_20240506-054439_2.jpg","type":"image\/jpeg"}],"author":"La Redaction","twitter_card":"summary_large_image","twitter_misc":{"\u00c9crit par":"La Redaction","Dur\u00e9e de lecture estim\u00e9e":"2 minutes"},"schema":{"@context":"https:\/\/schema.org","@graph":[{"@type":"WebPage","@id":"https:\/\/lepoint-actu.tg\/index.php\/2024\/05\/03\/les-fondamentaux-pour-lelaboration-et-la-mise-en-oeuvre-du-plan-spatial-au-togo-objet-dun-atelier-a-lome\/","url":"https:\/\/lepoint-actu.tg\/index.php\/2024\/05\/03\/les-fondamentaux-pour-lelaboration-et-la-mise-en-oeuvre-du-plan-spatial-au-togo-objet-dun-atelier-a-lome\/","name":"Les fondamentaux pour l\u2019\u00e9laboration et la mise en \u0153uvre du plan spatial au Togo, objet d\u2019un atelier \u00e0 Lom\u00e9 -","isPartOf":{"@id":"https:\/\/lepoint-actu.tg\/#website"},"primaryImageOfPage":{"@id":"https:\/\/lepoint-actu.tg\/index.php\/2024\/05\/03\/les-fondamentaux-pour-lelaboration-et-la-mise-en-oeuvre-du-plan-spatial-au-togo-objet-dun-atelier-a-lome\/#primaryimage"},"image":{"@id":"https:\/\/lepoint-actu.tg\/index.php\/2024\/05\/03\/les-fondamentaux-pour-lelaboration-et-la-mise-en-oeuvre-du-plan-spatial-au-togo-objet-dun-atelier-a-lome\/#primaryimage"},"thumbnailUrl":"https:\/\/lepoint-actu.tg\/wp-content\/uploads\/2024\/05\/Screenshot_20240506-054439_2.jpg","datePublished":"2024-05-03T21:02:10+00:00","dateModified":"2024-05-06T05:49:16+00:00","author":{"@id":"https:\/\/lepoint-actu.tg\/#\/schema\/person\/e4026d66cbdc205cab83e169ab7eaca1"},"breadcrumb":{"@id":"https:\/\/lepoint-actu.tg\/index.php\/2024\/05\/03\/les-fondamentaux-pour-lelaboration-et-la-mise-en-oeuvre-du-plan-spatial-au-togo-objet-dun-atelier-a-lome\/#breadcrumb"},"inLanguage":"fr-FR","potentialAction":[{"@type":"ReadAction","target":["https:\/\/lepoint-actu.tg\/index.php\/2024\/05\/03\/les-fondamentaux-pour-lelaboration-et-la-mise-en-oeuvre-du-plan-spatial-au-togo-objet-dun-atelier-a-lome\/"]}]},{"@type":"ImageObject","inLanguage":"fr-FR","@id":"https:\/\/lepoint-actu.tg\/index.php\/2024\/05\/03\/les-fondamentaux-pour-lelaboration-et-la-mise-en-oeuvre-du-plan-spatial-au-togo-objet-dun-atelier-a-lome\/#primaryimage","url":"https:\/\/lepoint-actu.tg\/wp-content\/uploads\/2024\/05\/Screenshot_20240506-054439_2.jpg","contentUrl":"https:\/\/lepoint-actu.tg\/wp-content\/uploads\/2024\/05\/Screenshot_20240506-054439_2.jpg","width":471,"height":351},{"@type":"BreadcrumbList","@id":"https:\/\/lepoint-actu.tg\/index.php\/2024\/05\/03\/les-fondamentaux-pour-lelaboration-et-la-mise-en-oeuvre-du-plan-spatial-au-togo-objet-dun-atelier-a-lome\/#breadcrumb","itemListElement":[{"@type":"ListItem","position":1,"name":"Accueil","item":"https:\/\/lepoint-actu.tg\/"},{"@type":"ListItem","position":2,"name":"Les fondamentaux pour l\u2019\u00e9laboration et la mise en \u0153uvre du plan spatial au Togo, objet d\u2019un atelier \u00e0 Lom\u00e9"}]},{"@type":"WebSite","@id":"https:\/\/lepoint-actu.tg\/#website","url":"https:\/\/lepoint-actu.tg\/","name":"","description":"R\u00e9c\u00e9piss\u00e9 N\u00b00022\/HAAC\/12-2020\/pL\/P, lepointactu07@gmail.com","potentialAction":[{"@type":"SearchAction","target":{"@type":"EntryPoint","urlTemplate":"https:\/\/lepoint-actu.tg\/?s={search_term_string}"},"query-input":{"@type":"PropertyValueSpecification","valueRequired":true,"valueName":"search_term_string"}}],"inLanguage":"fr-FR"},{"@type":"Person","@id":"https:\/\/lepoint-actu.tg\/#\/schema\/person\/e4026d66cbdc205cab83e169ab7eaca1","name":"La Redaction","image":{"@type":"ImageObject","inLanguage":"fr-FR","@id":"https:\/\/lepoint-actu.tg\/#\/schema\/person\/image\/","url":"https:\/\/secure.gravatar.com\/avatar\/1682a0ff7e2c36efa51c5d262eea092000ec1ce420118e6261440956730308c2?s=96&d=mm&r=g","contentUrl":"https:\/\/secure.gravatar.com\/avatar\/1682a0ff7e2c36efa51c5d262eea092000ec1ce420118e6261440956730308c2?s=96&d=mm&r=g","caption":"La Redaction"},"url":"https:\/\/lepoint-actu.tg\/index.php\/author\/raymondsama\/"}]}},"_links":{"self":[{"href":"https:\/\/lepoint-actu.tg\/index.php\/wp-json\/wp\/v2\/posts\/3236","targetHints":{"allow":["GET"]}}],"collection":[{"href":"https:\/\/lepoint-actu.tg\/index.php\/wp-json\/wp\/v2\/posts"}],"about":[{"href":"https:\/\/lepoint-actu.tg\/index.php\/wp-json\/wp\/v2\/types\/post"}],"author":[{"embeddable":true,"href":"https:\/\/lepoint-actu.tg\/index.php\/wp-json\/wp\/v2\/users\/2"}],"replies":[{"embeddable":true,"href":"https:\/\/lepoint-actu.tg\/index.php\/wp-json\/wp\/v2\/comments?post=3236"}],"version-history":[{"count":3,"href":"https:\/\/lepoint-actu.tg\/index.php\/wp-json\/wp\/v2\/posts\/3236\/revisions"}],"predecessor-version":[{"id":3283,"href":"https:\/\/lepoint-actu.tg\/index.php\/wp-json\/wp\/v2\/posts\/3236\/revisions\/3283"}],"wp:featuredmedia":[{"embeddable":true,"href":"https:\/\/lepoint-actu.tg\/index.php\/wp-json\/wp\/v2\/media\/3281"}],"wp:attachment":[{"href":"https:\/\/lepoint-actu.tg\/index.php\/wp-json\/wp\/v2\/media?parent=3236"}],"wp:term":[{"taxonomy":"category","embeddable":true,"href":"https:\/\/lepoint-actu.tg\/index.php\/wp-json\/wp\/v2\/categories?post=3236"},{"taxonomy":"post_tag","embeddable":true,"href":"https:\/\/lepoint-actu.tg\/index.php\/wp-json\/wp\/v2\/tags?post=3236"}],"curies":[{"name":"wp","href":"https:\/\/api.w.org\/{rel}","templated":true}]}}