{"id":3246,"date":"2024-05-04T00:25:06","date_gmt":"2024-05-04T00:25:06","guid":{"rendered":"https:\/\/lepoint-actu.tg\/?p=3246"},"modified":"2024-05-05T02:50:20","modified_gmt":"2024-05-05T02:50:20","slug":"liberte-de-la-presse-le-ministre-yawa-kouigan-sans-langue-de-bois","status":"publish","type":"post","link":"https:\/\/lepoint-actu.tg\/index.php\/2024\/05\/04\/liberte-de-la-presse-le-ministre-yawa-kouigan-sans-langue-de-bois\/","title":{"rendered":"Libert\u00e9 de la presse: Le ministre Yawa Kouigan sans langue de bois"},"content":{"rendered":"\n<p><\/p>\n\n\n\n<p>Le 03 mai de chaque ann\u00e9e, le monde entier observe la Journ\u00e9e mondiale de la libert\u00e9 de la presse. Au Togo, cette journ\u00e9e a \u00e9t\u00e9 marqu\u00e9e par la publication du rapport sur l\u2019\u00e9tat de la presse par l\u2019Observatoire togolais des m\u00e9dias (OTM). \u00c0 cette occasion, le ministre de la communication et des m\u00e9dias, porte-parole du gouvernement, Yawa Kouigan, a pris la parole pour exprimer sa reconnaissance envers le travail des professionnels des m\u00e9dias et souligner leur r\u00f4le essentiel dans la soci\u00e9t\u00e9.<\/p>\n\n\n\n<figure class=\"wp-block-image size-full\"><img loading=\"lazy\" decoding=\"async\" width=\"696\" height=\"392\" src=\"https:\/\/lepoint-actu.tg\/wp-content\/uploads\/2024\/05\/presse-696x392-1.png\" alt=\"\" class=\"wp-image-3249\" srcset=\"https:\/\/lepoint-actu.tg\/wp-content\/uploads\/2024\/05\/presse-696x392-1.png 696w, https:\/\/lepoint-actu.tg\/wp-content\/uploads\/2024\/05\/presse-696x392-1-300x169.png 300w\" sizes=\"auto, (max-width: 696px) 100vw, 696px\" \/><\/figure>\n\n\n\n<p>Dans ses propos, Yawa Kouigan a tenu \u00e0 rappeler que la libert\u00e9 d\u2019expression est un droit consacr\u00e9 par la l\u00e9gislation, et que le Togo s&rsquo;engage \u00e0 le promouvoir et \u00e0 le prot\u00e9ger tout en insistant sur l&rsquo;importance du respect des normes \u00e9thiques et d\u00e9ontologiques propres au journalisme responsable.<\/p>\n\n\n\n<p>Mme Kouigan a \u00e9galement encourag\u00e9 \u00e0 pers\u00e9v\u00e9rer dans l&rsquo;effort pour \u00e9tablir un Togo o\u00f9 la v\u00e9rit\u00e9 en mati\u00e8re d&rsquo;information pr\u00e9vaut sur la d\u00e9sinformation, soulignant ainsi l&rsquo;importance de cette qu\u00eate pour la soci\u00e9t\u00e9.<\/p>\n\n\n\n<p>Depuis son instauration par l\u2019ONU en 1993, la Journ\u00e9e mondiale de la libert\u00e9 de la presse offre chaque ann\u00e9e l&rsquo;occasion de rappeler les d\u00e9fis rencontr\u00e9s par les journalistes et l&rsquo;imp\u00e9rieuse n\u00e9cessit\u00e9 de d\u00e9fendre ce droit fondamental pour la d\u00e9mocratie.<\/p>\n\n\n\n<p><strong><em>Marc<\/em><\/strong> Okuw\u00e9 <\/p>\n","protected":false},"excerpt":{"rendered":"<p>Le 03 mai de chaque ann\u00e9e, le monde entier observe la Journ\u00e9e mondiale de la libert\u00e9 de la presse. Au<\/p>\n","protected":false},"author":2,"featured_media":3247,"comment_status":"open","ping_status":"closed","sticky":false,"template":"","format":"standard","meta":{"footnotes":""},"categories":[1],"tags":[],"class_list":["post-3246","post","type-post","status-publish","format-standard","has-post-thumbnail","hentry","category-societe"],"yoast_head":"<!-- This site is optimized with the Yoast SEO plugin v23.9 - https:\/\/yoast.com\/wordpress\/plugins\/seo\/ -->\n<title>Libert\u00e9 de la presse: Le ministre Yawa Kouigan sans langue de bois -<\/title>\n<meta name=\"robots\" content=\"index, follow, max-snippet:-1, max-image-preview:large, max-video-preview:-1\" \/>\n<link rel=\"canonical\" href=\"https:\/\/lepoint-actu.tg\/index.php\/2024\/05\/04\/liberte-de-la-presse-le-ministre-yawa-kouigan-sans-langue-de-bois\/\" \/>\n<meta property=\"og:locale\" content=\"fr_FR\" \/>\n<meta property=\"og:type\" content=\"article\" \/>\n<meta property=\"og:title\" content=\"Libert\u00e9 de la presse: Le ministre Yawa Kouigan sans langue de bois -\" \/>\n<meta property=\"og:description\" content=\"Le 03 mai de chaque ann\u00e9e, le monde entier observe la Journ\u00e9e mondiale de la libert\u00e9 de la presse. Au\" \/>\n<meta property=\"og:url\" content=\"https:\/\/lepoint-actu.tg\/index.php\/2024\/05\/04\/liberte-de-la-presse-le-ministre-yawa-kouigan-sans-langue-de-bois\/\" \/>\n<meta property=\"article:published_time\" content=\"2024-05-04T00:25:06+00:00\" \/>\n<meta property=\"article:modified_time\" content=\"2024-05-05T02:50:20+00:00\" \/>\n<meta property=\"og:image\" content=\"https:\/\/lepoint-actu.tg\/wp-content\/uploads\/2024\/05\/Yawa-Kouigan-1_1.jpg\" \/>\n\t<meta property=\"og:image:width\" content=\"549\" \/>\n\t<meta property=\"og:image:height\" content=\"406\" \/>\n\t<meta property=\"og:image:type\" content=\"image\/jpeg\" \/>\n<meta name=\"author\" content=\"La Redaction\" \/>\n<meta name=\"twitter:card\" content=\"summary_large_image\" \/>\n<meta name=\"twitter:label1\" content=\"\u00c9crit par\" \/>\n\t<meta name=\"twitter:data1\" content=\"La Redaction\" \/>\n\t<meta name=\"twitter:label2\" content=\"Dur\u00e9e de lecture estim\u00e9e\" \/>\n\t<meta name=\"twitter:data2\" content=\"1 minute\" \/>\n<script type=\"application\/ld+json\" class=\"yoast-schema-graph\">{\"@context\":\"https:\/\/schema.org\",\"@graph\":[{\"@type\":\"WebPage\",\"@id\":\"https:\/\/lepoint-actu.tg\/index.php\/2024\/05\/04\/liberte-de-la-presse-le-ministre-yawa-kouigan-sans-langue-de-bois\/\",\"url\":\"https:\/\/lepoint-actu.tg\/index.php\/2024\/05\/04\/liberte-de-la-presse-le-ministre-yawa-kouigan-sans-langue-de-bois\/\",\"name\":\"Libert\u00e9 de la presse: Le ministre Yawa Kouigan sans langue de bois -\",\"isPartOf\":{\"@id\":\"https:\/\/lepoint-actu.tg\/#website\"},\"primaryImageOfPage\":{\"@id\":\"https:\/\/lepoint-actu.tg\/index.php\/2024\/05\/04\/liberte-de-la-presse-le-ministre-yawa-kouigan-sans-langue-de-bois\/#primaryimage\"},\"image\":{\"@id\":\"https:\/\/lepoint-actu.tg\/index.php\/2024\/05\/04\/liberte-de-la-presse-le-ministre-yawa-kouigan-sans-langue-de-bois\/#primaryimage\"},\"thumbnailUrl\":\"https:\/\/lepoint-actu.tg\/wp-content\/uploads\/2024\/05\/Yawa-Kouigan-1_1.jpg\",\"datePublished\":\"2024-05-04T00:25:06+00:00\",\"dateModified\":\"2024-05-05T02:50:20+00:00\",\"author\":{\"@id\":\"https:\/\/lepoint-actu.tg\/#\/schema\/person\/e4026d66cbdc205cab83e169ab7eaca1\"},\"breadcrumb\":{\"@id\":\"https:\/\/lepoint-actu.tg\/index.php\/2024\/05\/04\/liberte-de-la-presse-le-ministre-yawa-kouigan-sans-langue-de-bois\/#breadcrumb\"},\"inLanguage\":\"fr-FR\",\"potentialAction\":[{\"@type\":\"ReadAction\",\"target\":[\"https:\/\/lepoint-actu.tg\/index.php\/2024\/05\/04\/liberte-de-la-presse-le-ministre-yawa-kouigan-sans-langue-de-bois\/\"]}]},{\"@type\":\"ImageObject\",\"inLanguage\":\"fr-FR\",\"@id\":\"https:\/\/lepoint-actu.tg\/index.php\/2024\/05\/04\/liberte-de-la-presse-le-ministre-yawa-kouigan-sans-langue-de-bois\/#primaryimage\",\"url\":\"https:\/\/lepoint-actu.tg\/wp-content\/uploads\/2024\/05\/Yawa-Kouigan-1_1.jpg\",\"contentUrl\":\"https:\/\/lepoint-actu.tg\/wp-content\/uploads\/2024\/05\/Yawa-Kouigan-1_1.jpg\",\"width\":549,\"height\":406},{\"@type\":\"BreadcrumbList\",\"@id\":\"https:\/\/lepoint-actu.tg\/index.php\/2024\/05\/04\/liberte-de-la-presse-le-ministre-yawa-kouigan-sans-langue-de-bois\/#breadcrumb\",\"itemListElement\":[{\"@type\":\"ListItem\",\"position\":1,\"name\":\"Accueil\",\"item\":\"https:\/\/lepoint-actu.tg\/\"},{\"@type\":\"ListItem\",\"position\":2,\"name\":\"Libert\u00e9 de la presse: Le ministre Yawa Kouigan sans langue de bois\"}]},{\"@type\":\"WebSite\",\"@id\":\"https:\/\/lepoint-actu.tg\/#website\",\"url\":\"https:\/\/lepoint-actu.tg\/\",\"name\":\"\",\"description\":\"R\u00e9c\u00e9piss\u00e9 N\u00b00022\/HAAC\/12-2020\/pL\/P, lepointactu07@gmail.com\",\"potentialAction\":[{\"@type\":\"SearchAction\",\"target\":{\"@type\":\"EntryPoint\",\"urlTemplate\":\"https:\/\/lepoint-actu.tg\/?s={search_term_string}\"},\"query-input\":{\"@type\":\"PropertyValueSpecification\",\"valueRequired\":true,\"valueName\":\"search_term_string\"}}],\"inLanguage\":\"fr-FR\"},{\"@type\":\"Person\",\"@id\":\"https:\/\/lepoint-actu.tg\/#\/schema\/person\/e4026d66cbdc205cab83e169ab7eaca1\",\"name\":\"La Redaction\",\"image\":{\"@type\":\"ImageObject\",\"inLanguage\":\"fr-FR\",\"@id\":\"https:\/\/lepoint-actu.tg\/#\/schema\/person\/image\/\",\"url\":\"https:\/\/secure.gravatar.com\/avatar\/1682a0ff7e2c36efa51c5d262eea092000ec1ce420118e6261440956730308c2?s=96&d=mm&r=g\",\"contentUrl\":\"https:\/\/secure.gravatar.com\/avatar\/1682a0ff7e2c36efa51c5d262eea092000ec1ce420118e6261440956730308c2?s=96&d=mm&r=g\",\"caption\":\"La Redaction\"},\"url\":\"https:\/\/lepoint-actu.tg\/index.php\/author\/raymondsama\/\"}]}<\/script>\n<!-- \/ Yoast SEO plugin. -->","yoast_head_json":{"title":"Libert\u00e9 de la presse: Le ministre Yawa Kouigan sans langue de bois -","robots":{"index":"index","follow":"follow","max-snippet":"max-snippet:-1","max-image-preview":"max-image-preview:large","max-video-preview":"max-video-preview:-1"},"canonical":"https:\/\/lepoint-actu.tg\/index.php\/2024\/05\/04\/liberte-de-la-presse-le-ministre-yawa-kouigan-sans-langue-de-bois\/","og_locale":"fr_FR","og_type":"article","og_title":"Libert\u00e9 de la presse: Le ministre Yawa Kouigan sans langue de bois -","og_description":"Le 03 mai de chaque ann\u00e9e, le monde entier observe la Journ\u00e9e mondiale de la libert\u00e9 de la presse. Au","og_url":"https:\/\/lepoint-actu.tg\/index.php\/2024\/05\/04\/liberte-de-la-presse-le-ministre-yawa-kouigan-sans-langue-de-bois\/","article_published_time":"2024-05-04T00:25:06+00:00","article_modified_time":"2024-05-05T02:50:20+00:00","og_image":[{"width":549,"height":406,"url":"https:\/\/lepoint-actu.tg\/wp-content\/uploads\/2024\/05\/Yawa-Kouigan-1_1.jpg","type":"image\/jpeg"}],"author":"La Redaction","twitter_card":"summary_large_image","twitter_misc":{"\u00c9crit par":"La Redaction","Dur\u00e9e de lecture estim\u00e9e":"1 minute"},"schema":{"@context":"https:\/\/schema.org","@graph":[{"@type":"WebPage","@id":"https:\/\/lepoint-actu.tg\/index.php\/2024\/05\/04\/liberte-de-la-presse-le-ministre-yawa-kouigan-sans-langue-de-bois\/","url":"https:\/\/lepoint-actu.tg\/index.php\/2024\/05\/04\/liberte-de-la-presse-le-ministre-yawa-kouigan-sans-langue-de-bois\/","name":"Libert\u00e9 de la presse: Le ministre Yawa Kouigan sans langue de bois -","isPartOf":{"@id":"https:\/\/lepoint-actu.tg\/#website"},"primaryImageOfPage":{"@id":"https:\/\/lepoint-actu.tg\/index.php\/2024\/05\/04\/liberte-de-la-presse-le-ministre-yawa-kouigan-sans-langue-de-bois\/#primaryimage"},"image":{"@id":"https:\/\/lepoint-actu.tg\/index.php\/2024\/05\/04\/liberte-de-la-presse-le-ministre-yawa-kouigan-sans-langue-de-bois\/#primaryimage"},"thumbnailUrl":"https:\/\/lepoint-actu.tg\/wp-content\/uploads\/2024\/05\/Yawa-Kouigan-1_1.jpg","datePublished":"2024-05-04T00:25:06+00:00","dateModified":"2024-05-05T02:50:20+00:00","author":{"@id":"https:\/\/lepoint-actu.tg\/#\/schema\/person\/e4026d66cbdc205cab83e169ab7eaca1"},"breadcrumb":{"@id":"https:\/\/lepoint-actu.tg\/index.php\/2024\/05\/04\/liberte-de-la-presse-le-ministre-yawa-kouigan-sans-langue-de-bois\/#breadcrumb"},"inLanguage":"fr-FR","potentialAction":[{"@type":"ReadAction","target":["https:\/\/lepoint-actu.tg\/index.php\/2024\/05\/04\/liberte-de-la-presse-le-ministre-yawa-kouigan-sans-langue-de-bois\/"]}]},{"@type":"ImageObject","inLanguage":"fr-FR","@id":"https:\/\/lepoint-actu.tg\/index.php\/2024\/05\/04\/liberte-de-la-presse-le-ministre-yawa-kouigan-sans-langue-de-bois\/#primaryimage","url":"https:\/\/lepoint-actu.tg\/wp-content\/uploads\/2024\/05\/Yawa-Kouigan-1_1.jpg","contentUrl":"https:\/\/lepoint-actu.tg\/wp-content\/uploads\/2024\/05\/Yawa-Kouigan-1_1.jpg","width":549,"height":406},{"@type":"BreadcrumbList","@id":"https:\/\/lepoint-actu.tg\/index.php\/2024\/05\/04\/liberte-de-la-presse-le-ministre-yawa-kouigan-sans-langue-de-bois\/#breadcrumb","itemListElement":[{"@type":"ListItem","position":1,"name":"Accueil","item":"https:\/\/lepoint-actu.tg\/"},{"@type":"ListItem","position":2,"name":"Libert\u00e9 de la presse: Le ministre Yawa Kouigan sans langue de bois"}]},{"@type":"WebSite","@id":"https:\/\/lepoint-actu.tg\/#website","url":"https:\/\/lepoint-actu.tg\/","name":"","description":"R\u00e9c\u00e9piss\u00e9 N\u00b00022\/HAAC\/12-2020\/pL\/P, lepointactu07@gmail.com","potentialAction":[{"@type":"SearchAction","target":{"@type":"EntryPoint","urlTemplate":"https:\/\/lepoint-actu.tg\/?s={search_term_string}"},"query-input":{"@type":"PropertyValueSpecification","valueRequired":true,"valueName":"search_term_string"}}],"inLanguage":"fr-FR"},{"@type":"Person","@id":"https:\/\/lepoint-actu.tg\/#\/schema\/person\/e4026d66cbdc205cab83e169ab7eaca1","name":"La Redaction","image":{"@type":"ImageObject","inLanguage":"fr-FR","@id":"https:\/\/lepoint-actu.tg\/#\/schema\/person\/image\/","url":"https:\/\/secure.gravatar.com\/avatar\/1682a0ff7e2c36efa51c5d262eea092000ec1ce420118e6261440956730308c2?s=96&d=mm&r=g","contentUrl":"https:\/\/secure.gravatar.com\/avatar\/1682a0ff7e2c36efa51c5d262eea092000ec1ce420118e6261440956730308c2?s=96&d=mm&r=g","caption":"La Redaction"},"url":"https:\/\/lepoint-actu.tg\/index.php\/author\/raymondsama\/"}]}},"_links":{"self":[{"href":"https:\/\/lepoint-actu.tg\/index.php\/wp-json\/wp\/v2\/posts\/3246","targetHints":{"allow":["GET"]}}],"collection":[{"href":"https:\/\/lepoint-actu.tg\/index.php\/wp-json\/wp\/v2\/posts"}],"about":[{"href":"https:\/\/lepoint-actu.tg\/index.php\/wp-json\/wp\/v2\/types\/post"}],"author":[{"embeddable":true,"href":"https:\/\/lepoint-actu.tg\/index.php\/wp-json\/wp\/v2\/users\/2"}],"replies":[{"embeddable":true,"href":"https:\/\/lepoint-actu.tg\/index.php\/wp-json\/wp\/v2\/comments?post=3246"}],"version-history":[{"count":3,"href":"https:\/\/lepoint-actu.tg\/index.php\/wp-json\/wp\/v2\/posts\/3246\/revisions"}],"predecessor-version":[{"id":3272,"href":"https:\/\/lepoint-actu.tg\/index.php\/wp-json\/wp\/v2\/posts\/3246\/revisions\/3272"}],"wp:featuredmedia":[{"embeddable":true,"href":"https:\/\/lepoint-actu.tg\/index.php\/wp-json\/wp\/v2\/media\/3247"}],"wp:attachment":[{"href":"https:\/\/lepoint-actu.tg\/index.php\/wp-json\/wp\/v2\/media?parent=3246"}],"wp:term":[{"taxonomy":"category","embeddable":true,"href":"https:\/\/lepoint-actu.tg\/index.php\/wp-json\/wp\/v2\/categories?post=3246"},{"taxonomy":"post_tag","embeddable":true,"href":"https:\/\/lepoint-actu.tg\/index.php\/wp-json\/wp\/v2\/tags?post=3246"}],"curies":[{"name":"wp","href":"https:\/\/api.w.org\/{rel}","templated":true}]}}