{"id":3316,"date":"2024-05-14T11:11:48","date_gmt":"2024-05-14T11:11:48","guid":{"rendered":"https:\/\/lepoint-actu.tg\/?p=3316"},"modified":"2024-05-14T11:11:49","modified_gmt":"2024-05-14T11:11:49","slug":"question-de-pollution-de-lair-faure-gnassingbe-a-un-sommet-au-siege-de-lunesco","status":"publish","type":"post","link":"https:\/\/lepoint-actu.tg\/index.php\/2024\/05\/14\/question-de-pollution-de-lair-faure-gnassingbe-a-un-sommet-au-siege-de-lunesco\/","title":{"rendered":"Question de pollution de l&rsquo;air : Faure Gnassingb\u00e9 \u00e0 un sommet au si\u00e8ge de l&rsquo;UNESCO"},"content":{"rendered":"\n<p>Cuisson propre en Afrique, probl\u00e9matique de la pollution de l&rsquo;air. C&rsquo;est la substance de la th\u00e9matique qui rassemble des leaders mondiaux ce 14 mai 2024 au si\u00e8ge de l\u2019UNESCO \u00e0 Paris en France. Le pr\u00e9sident togolais Faure Gnassingb\u00e9 est \u00e0 cette rencontre de taille.<\/p>\n\n\n\n<p>Sommet de haut niveau sur la cuisson propre en Afrique, \u00e0 l\u2019initiative du groupe de la Banque africaine de d\u00e9veloppement et l\u2019Agence internationale de l\u2019\u00e9nergie, la rencontre internationale rassemble selon les informations, des chefs d\u2019\u00c9tat et de gouvernement, repr\u00e9sentants des institutions internationales, du secteur priv\u00e9 et de la soci\u00e9t\u00e9 civile.<\/p>\n\n\n\n<p>Pour la premi\u00e8re fois, l&rsquo;\u00e9pineux probl\u00e8me de la pollution de l\u2019air due \u00e0 la pr\u00e9paration des repas sur les feux ouverts, des fourneaux avec le bois de chauffe, le charbon de bois et bien d\u2019autres combustible, sera d\u00e9battu.<\/p>\n\n\n\n<p>Il s&rsquo;agit, renseigne-t-on, d&rsquo;un sommet aux enjeux sanitaire, social et climatique qui permettra de formuler des recommandations politiques fortes, des engagements financiers et d\u2019\u00e9laborer des strat\u00e9gies concr\u00e8tes notamment en mati\u00e8re de march\u00e9s de cr\u00e9dits carbone, de d\u00e9veloppement et d\u2019\u00e9galit\u00e9 de sexe.<br>\u00abLe Togo, sous le leadership du Pr\u00e9sident de la R\u00e9publique, a inscrit au c\u0153ur des priorit\u00e9s la promotion des \u00e9nergies renouvelables, la protection de l\u2019environnement et l\u2019am\u00e9lioration du cadre de vie\u00bb, informe-t-on.<\/p>\n\n\n\n<p><strong><em>Ail Legrand<\/em><\/strong> <\/p>\n","protected":false},"excerpt":{"rendered":"<p>Cuisson propre en Afrique, probl\u00e9matique de la pollution de l&rsquo;air. C&rsquo;est la substance de la th\u00e9matique qui rassemble des leaders<\/p>\n","protected":false},"author":2,"featured_media":3317,"comment_status":"open","ping_status":"closed","sticky":false,"template":"","format":"standard","meta":{"footnotes":""},"categories":[6],"tags":[],"class_list":["post-3316","post","type-post","status-publish","format-standard","has-post-thumbnail","hentry","category-environnement"],"yoast_head":"<!-- This site is optimized with the Yoast SEO plugin v23.9 - https:\/\/yoast.com\/wordpress\/plugins\/seo\/ -->\n<title>Question de pollution de l&#039;air : Faure Gnassingb\u00e9 \u00e0 un sommet au si\u00e8ge de l&#039;UNESCO -<\/title>\n<meta name=\"robots\" content=\"index, follow, max-snippet:-1, max-image-preview:large, max-video-preview:-1\" \/>\n<link rel=\"canonical\" href=\"https:\/\/lepoint-actu.tg\/index.php\/2024\/05\/14\/question-de-pollution-de-lair-faure-gnassingbe-a-un-sommet-au-siege-de-lunesco\/\" \/>\n<meta property=\"og:locale\" content=\"fr_FR\" \/>\n<meta property=\"og:type\" content=\"article\" \/>\n<meta property=\"og:title\" content=\"Question de pollution de l&#039;air : Faure Gnassingb\u00e9 \u00e0 un sommet au si\u00e8ge de l&#039;UNESCO -\" \/>\n<meta property=\"og:description\" content=\"Cuisson propre en Afrique, probl\u00e9matique de la pollution de l&rsquo;air. C&rsquo;est la substance de la th\u00e9matique qui rassemble des leaders\" \/>\n<meta property=\"og:url\" content=\"https:\/\/lepoint-actu.tg\/index.php\/2024\/05\/14\/question-de-pollution-de-lair-faure-gnassingbe-a-un-sommet-au-siege-de-lunesco\/\" \/>\n<meta property=\"article:published_time\" content=\"2024-05-14T11:11:48+00:00\" \/>\n<meta property=\"article:modified_time\" content=\"2024-05-14T11:11:49+00:00\" \/>\n<meta property=\"og:image\" content=\"https:\/\/lepoint-actu.tg\/wp-content\/uploads\/2024\/05\/arrivee-de-faure-gnassingbe-a-berlin_i1200_1.jpg\" \/>\n\t<meta property=\"og:image:width\" content=\"712\" \/>\n\t<meta property=\"og:image:height\" content=\"677\" \/>\n\t<meta property=\"og:image:type\" content=\"image\/jpeg\" \/>\n<meta name=\"author\" content=\"La Redaction\" \/>\n<meta name=\"twitter:card\" content=\"summary_large_image\" \/>\n<meta name=\"twitter:label1\" content=\"\u00c9crit par\" \/>\n\t<meta name=\"twitter:data1\" content=\"La Redaction\" \/>\n\t<meta name=\"twitter:label2\" content=\"Dur\u00e9e de lecture estim\u00e9e\" \/>\n\t<meta name=\"twitter:data2\" content=\"1 minute\" \/>\n<script type=\"application\/ld+json\" class=\"yoast-schema-graph\">{\"@context\":\"https:\/\/schema.org\",\"@graph\":[{\"@type\":\"WebPage\",\"@id\":\"https:\/\/lepoint-actu.tg\/index.php\/2024\/05\/14\/question-de-pollution-de-lair-faure-gnassingbe-a-un-sommet-au-siege-de-lunesco\/\",\"url\":\"https:\/\/lepoint-actu.tg\/index.php\/2024\/05\/14\/question-de-pollution-de-lair-faure-gnassingbe-a-un-sommet-au-siege-de-lunesco\/\",\"name\":\"Question de pollution de l'air : Faure Gnassingb\u00e9 \u00e0 un sommet au si\u00e8ge de l'UNESCO -\",\"isPartOf\":{\"@id\":\"https:\/\/lepoint-actu.tg\/#website\"},\"primaryImageOfPage\":{\"@id\":\"https:\/\/lepoint-actu.tg\/index.php\/2024\/05\/14\/question-de-pollution-de-lair-faure-gnassingbe-a-un-sommet-au-siege-de-lunesco\/#primaryimage\"},\"image\":{\"@id\":\"https:\/\/lepoint-actu.tg\/index.php\/2024\/05\/14\/question-de-pollution-de-lair-faure-gnassingbe-a-un-sommet-au-siege-de-lunesco\/#primaryimage\"},\"thumbnailUrl\":\"https:\/\/lepoint-actu.tg\/wp-content\/uploads\/2024\/05\/arrivee-de-faure-gnassingbe-a-berlin_i1200_1.jpg\",\"datePublished\":\"2024-05-14T11:11:48+00:00\",\"dateModified\":\"2024-05-14T11:11:49+00:00\",\"author\":{\"@id\":\"https:\/\/lepoint-actu.tg\/#\/schema\/person\/e4026d66cbdc205cab83e169ab7eaca1\"},\"breadcrumb\":{\"@id\":\"https:\/\/lepoint-actu.tg\/index.php\/2024\/05\/14\/question-de-pollution-de-lair-faure-gnassingbe-a-un-sommet-au-siege-de-lunesco\/#breadcrumb\"},\"inLanguage\":\"fr-FR\",\"potentialAction\":[{\"@type\":\"ReadAction\",\"target\":[\"https:\/\/lepoint-actu.tg\/index.php\/2024\/05\/14\/question-de-pollution-de-lair-faure-gnassingbe-a-un-sommet-au-siege-de-lunesco\/\"]}]},{\"@type\":\"ImageObject\",\"inLanguage\":\"fr-FR\",\"@id\":\"https:\/\/lepoint-actu.tg\/index.php\/2024\/05\/14\/question-de-pollution-de-lair-faure-gnassingbe-a-un-sommet-au-siege-de-lunesco\/#primaryimage\",\"url\":\"https:\/\/lepoint-actu.tg\/wp-content\/uploads\/2024\/05\/arrivee-de-faure-gnassingbe-a-berlin_i1200_1.jpg\",\"contentUrl\":\"https:\/\/lepoint-actu.tg\/wp-content\/uploads\/2024\/05\/arrivee-de-faure-gnassingbe-a-berlin_i1200_1.jpg\",\"width\":712,\"height\":677},{\"@type\":\"BreadcrumbList\",\"@id\":\"https:\/\/lepoint-actu.tg\/index.php\/2024\/05\/14\/question-de-pollution-de-lair-faure-gnassingbe-a-un-sommet-au-siege-de-lunesco\/#breadcrumb\",\"itemListElement\":[{\"@type\":\"ListItem\",\"position\":1,\"name\":\"Accueil\",\"item\":\"https:\/\/lepoint-actu.tg\/\"},{\"@type\":\"ListItem\",\"position\":2,\"name\":\"Question de pollution de l&rsquo;air : Faure Gnassingb\u00e9 \u00e0 un sommet au si\u00e8ge de l&rsquo;UNESCO\"}]},{\"@type\":\"WebSite\",\"@id\":\"https:\/\/lepoint-actu.tg\/#website\",\"url\":\"https:\/\/lepoint-actu.tg\/\",\"name\":\"\",\"description\":\"R\u00e9c\u00e9piss\u00e9 N\u00b00022\/HAAC\/12-2020\/pL\/P, lepointactu07@gmail.com\",\"potentialAction\":[{\"@type\":\"SearchAction\",\"target\":{\"@type\":\"EntryPoint\",\"urlTemplate\":\"https:\/\/lepoint-actu.tg\/?s={search_term_string}\"},\"query-input\":{\"@type\":\"PropertyValueSpecification\",\"valueRequired\":true,\"valueName\":\"search_term_string\"}}],\"inLanguage\":\"fr-FR\"},{\"@type\":\"Person\",\"@id\":\"https:\/\/lepoint-actu.tg\/#\/schema\/person\/e4026d66cbdc205cab83e169ab7eaca1\",\"name\":\"La Redaction\",\"image\":{\"@type\":\"ImageObject\",\"inLanguage\":\"fr-FR\",\"@id\":\"https:\/\/lepoint-actu.tg\/#\/schema\/person\/image\/\",\"url\":\"https:\/\/secure.gravatar.com\/avatar\/1682a0ff7e2c36efa51c5d262eea092000ec1ce420118e6261440956730308c2?s=96&d=mm&r=g\",\"contentUrl\":\"https:\/\/secure.gravatar.com\/avatar\/1682a0ff7e2c36efa51c5d262eea092000ec1ce420118e6261440956730308c2?s=96&d=mm&r=g\",\"caption\":\"La Redaction\"},\"url\":\"https:\/\/lepoint-actu.tg\/index.php\/author\/raymondsama\/\"}]}<\/script>\n<!-- \/ Yoast SEO plugin. -->","yoast_head_json":{"title":"Question de pollution de l'air : Faure Gnassingb\u00e9 \u00e0 un sommet au si\u00e8ge de l'UNESCO -","robots":{"index":"index","follow":"follow","max-snippet":"max-snippet:-1","max-image-preview":"max-image-preview:large","max-video-preview":"max-video-preview:-1"},"canonical":"https:\/\/lepoint-actu.tg\/index.php\/2024\/05\/14\/question-de-pollution-de-lair-faure-gnassingbe-a-un-sommet-au-siege-de-lunesco\/","og_locale":"fr_FR","og_type":"article","og_title":"Question de pollution de l'air : Faure Gnassingb\u00e9 \u00e0 un sommet au si\u00e8ge de l'UNESCO -","og_description":"Cuisson propre en Afrique, probl\u00e9matique de la pollution de l&rsquo;air. C&rsquo;est la substance de la th\u00e9matique qui rassemble des leaders","og_url":"https:\/\/lepoint-actu.tg\/index.php\/2024\/05\/14\/question-de-pollution-de-lair-faure-gnassingbe-a-un-sommet-au-siege-de-lunesco\/","article_published_time":"2024-05-14T11:11:48+00:00","article_modified_time":"2024-05-14T11:11:49+00:00","og_image":[{"width":712,"height":677,"url":"https:\/\/lepoint-actu.tg\/wp-content\/uploads\/2024\/05\/arrivee-de-faure-gnassingbe-a-berlin_i1200_1.jpg","type":"image\/jpeg"}],"author":"La Redaction","twitter_card":"summary_large_image","twitter_misc":{"\u00c9crit par":"La Redaction","Dur\u00e9e de lecture estim\u00e9e":"1 minute"},"schema":{"@context":"https:\/\/schema.org","@graph":[{"@type":"WebPage","@id":"https:\/\/lepoint-actu.tg\/index.php\/2024\/05\/14\/question-de-pollution-de-lair-faure-gnassingbe-a-un-sommet-au-siege-de-lunesco\/","url":"https:\/\/lepoint-actu.tg\/index.php\/2024\/05\/14\/question-de-pollution-de-lair-faure-gnassingbe-a-un-sommet-au-siege-de-lunesco\/","name":"Question de pollution de l'air : Faure Gnassingb\u00e9 \u00e0 un sommet au si\u00e8ge de l'UNESCO -","isPartOf":{"@id":"https:\/\/lepoint-actu.tg\/#website"},"primaryImageOfPage":{"@id":"https:\/\/lepoint-actu.tg\/index.php\/2024\/05\/14\/question-de-pollution-de-lair-faure-gnassingbe-a-un-sommet-au-siege-de-lunesco\/#primaryimage"},"image":{"@id":"https:\/\/lepoint-actu.tg\/index.php\/2024\/05\/14\/question-de-pollution-de-lair-faure-gnassingbe-a-un-sommet-au-siege-de-lunesco\/#primaryimage"},"thumbnailUrl":"https:\/\/lepoint-actu.tg\/wp-content\/uploads\/2024\/05\/arrivee-de-faure-gnassingbe-a-berlin_i1200_1.jpg","datePublished":"2024-05-14T11:11:48+00:00","dateModified":"2024-05-14T11:11:49+00:00","author":{"@id":"https:\/\/lepoint-actu.tg\/#\/schema\/person\/e4026d66cbdc205cab83e169ab7eaca1"},"breadcrumb":{"@id":"https:\/\/lepoint-actu.tg\/index.php\/2024\/05\/14\/question-de-pollution-de-lair-faure-gnassingbe-a-un-sommet-au-siege-de-lunesco\/#breadcrumb"},"inLanguage":"fr-FR","potentialAction":[{"@type":"ReadAction","target":["https:\/\/lepoint-actu.tg\/index.php\/2024\/05\/14\/question-de-pollution-de-lair-faure-gnassingbe-a-un-sommet-au-siege-de-lunesco\/"]}]},{"@type":"ImageObject","inLanguage":"fr-FR","@id":"https:\/\/lepoint-actu.tg\/index.php\/2024\/05\/14\/question-de-pollution-de-lair-faure-gnassingbe-a-un-sommet-au-siege-de-lunesco\/#primaryimage","url":"https:\/\/lepoint-actu.tg\/wp-content\/uploads\/2024\/05\/arrivee-de-faure-gnassingbe-a-berlin_i1200_1.jpg","contentUrl":"https:\/\/lepoint-actu.tg\/wp-content\/uploads\/2024\/05\/arrivee-de-faure-gnassingbe-a-berlin_i1200_1.jpg","width":712,"height":677},{"@type":"BreadcrumbList","@id":"https:\/\/lepoint-actu.tg\/index.php\/2024\/05\/14\/question-de-pollution-de-lair-faure-gnassingbe-a-un-sommet-au-siege-de-lunesco\/#breadcrumb","itemListElement":[{"@type":"ListItem","position":1,"name":"Accueil","item":"https:\/\/lepoint-actu.tg\/"},{"@type":"ListItem","position":2,"name":"Question de pollution de l&rsquo;air : Faure Gnassingb\u00e9 \u00e0 un sommet au si\u00e8ge de l&rsquo;UNESCO"}]},{"@type":"WebSite","@id":"https:\/\/lepoint-actu.tg\/#website","url":"https:\/\/lepoint-actu.tg\/","name":"","description":"R\u00e9c\u00e9piss\u00e9 N\u00b00022\/HAAC\/12-2020\/pL\/P, lepointactu07@gmail.com","potentialAction":[{"@type":"SearchAction","target":{"@type":"EntryPoint","urlTemplate":"https:\/\/lepoint-actu.tg\/?s={search_term_string}"},"query-input":{"@type":"PropertyValueSpecification","valueRequired":true,"valueName":"search_term_string"}}],"inLanguage":"fr-FR"},{"@type":"Person","@id":"https:\/\/lepoint-actu.tg\/#\/schema\/person\/e4026d66cbdc205cab83e169ab7eaca1","name":"La Redaction","image":{"@type":"ImageObject","inLanguage":"fr-FR","@id":"https:\/\/lepoint-actu.tg\/#\/schema\/person\/image\/","url":"https:\/\/secure.gravatar.com\/avatar\/1682a0ff7e2c36efa51c5d262eea092000ec1ce420118e6261440956730308c2?s=96&d=mm&r=g","contentUrl":"https:\/\/secure.gravatar.com\/avatar\/1682a0ff7e2c36efa51c5d262eea092000ec1ce420118e6261440956730308c2?s=96&d=mm&r=g","caption":"La Redaction"},"url":"https:\/\/lepoint-actu.tg\/index.php\/author\/raymondsama\/"}]}},"_links":{"self":[{"href":"https:\/\/lepoint-actu.tg\/index.php\/wp-json\/wp\/v2\/posts\/3316","targetHints":{"allow":["GET"]}}],"collection":[{"href":"https:\/\/lepoint-actu.tg\/index.php\/wp-json\/wp\/v2\/posts"}],"about":[{"href":"https:\/\/lepoint-actu.tg\/index.php\/wp-json\/wp\/v2\/types\/post"}],"author":[{"embeddable":true,"href":"https:\/\/lepoint-actu.tg\/index.php\/wp-json\/wp\/v2\/users\/2"}],"replies":[{"embeddable":true,"href":"https:\/\/lepoint-actu.tg\/index.php\/wp-json\/wp\/v2\/comments?post=3316"}],"version-history":[{"count":1,"href":"https:\/\/lepoint-actu.tg\/index.php\/wp-json\/wp\/v2\/posts\/3316\/revisions"}],"predecessor-version":[{"id":3318,"href":"https:\/\/lepoint-actu.tg\/index.php\/wp-json\/wp\/v2\/posts\/3316\/revisions\/3318"}],"wp:featuredmedia":[{"embeddable":true,"href":"https:\/\/lepoint-actu.tg\/index.php\/wp-json\/wp\/v2\/media\/3317"}],"wp:attachment":[{"href":"https:\/\/lepoint-actu.tg\/index.php\/wp-json\/wp\/v2\/media?parent=3316"}],"wp:term":[{"taxonomy":"category","embeddable":true,"href":"https:\/\/lepoint-actu.tg\/index.php\/wp-json\/wp\/v2\/categories?post=3316"},{"taxonomy":"post_tag","embeddable":true,"href":"https:\/\/lepoint-actu.tg\/index.php\/wp-json\/wp\/v2\/tags?post=3316"}],"curies":[{"name":"wp","href":"https:\/\/api.w.org\/{rel}","templated":true}]}}