{"id":338,"date":"2022-07-29T13:01:48","date_gmt":"2022-07-29T13:01:48","guid":{"rendered":"https:\/\/lepoint-actu.tg\/?p=338"},"modified":"2022-07-29T13:01:49","modified_gmt":"2022-07-29T13:01:49","slug":"ces-verites-du-ministre-robert-dussey-a-lire-absolument","status":"publish","type":"post","link":"https:\/\/lepoint-actu.tg\/index.php\/2022\/07\/29\/ces-verites-du-ministre-robert-dussey-a-lire-absolument\/","title":{"rendered":"Ces v\u00e9rit\u00e9s du ministre Robert Dussey \u00e0 lire absolument"},"content":{"rendered":"\n<p><\/p>\n\n\n\n<p><strong>Le ministre des affaires \u00e9trang\u00e8res, de l\u2019Int\u00e9gration africaine et des Togolais de l\u2019ext\u00e9rieur, Prof. Robert Dussey est r\u00e9solument engag\u00e9 pour un changement de paradigme dans les relations entre l\u2019Afrique et ses partenaires occidentaux et du reste du monde. \u00ab Les grandes puissances veulent reduire l&rsquo;Afrique \u00e0 une entit\u00e9 purement instrumentale au service de leurs causes\u00bb, estime le professeur titulaire en philosophie.<\/strong><\/p>\n\n\n\n<p>En effet, dans une tribune publi\u00e9e par le quotidien genevois, \u00ab Le Temps \u00bb, l&rsquo;actuel chef de la diplomatie togolaise a relev\u00e9 le traitement et le second plan qui est r\u00e9serv\u00e9 \u00e0 l\u2019Afrique depuis la nuit des temps par ses partenaires quand il s\u2019agit des questions d\u2019\u00e9mancipation et de d\u00e9veloppement.<\/p>\n\n\n\n<p>\u00ab Le r\u00f4le assign\u00e9 \u00e0 l\u2019Afrique depuis le d\u00e9but de la guerre en Ukraine est \u00e9vocateur de l\u2019image qu\u2019ont encore les grandes puissances de notre continent : leur zone d\u2019influence. L\u2019Afrique n\u2019a pratiquement aucun impact sur l\u2019ordre mondial actuel alors qu\u2019elle subit tr\u00e8s drastiquement les cons\u00e9quences des perturbations de la soci\u00e9t\u00e9 internationale. Elle ne rev\u00eat un int\u00e9r\u00eat aux yeux des grandes puissances que lorsqu\u2019elles se retrouvent en difficult\u00e9. Avant de se pr\u00e9occuper du positionnement de l\u2019Afrique dans le conflit ukrainien, il faut se pr\u00e9occuper d\u2019abord de la place que l\u2019Afrique occupe sur la sc\u00e8ne du monde. Aujourd\u2019hui, l\u2019Afrique n\u2019occupe pas la place qu\u2019elle devrait tenir sur la sc\u00e8ne internationale. Pour preuve, dans toutes les discussions relatives au conflit russo-ukrainien, l\u2019Afrique a \u00e9t\u00e9 mise \u00e0 l\u2019\u00e9cart alors m\u00eame qu\u2019elle subit de plein fouet les cons\u00e9quences de cette crise qui affecte gravement la s\u00e9curit\u00e9 alimentaire du continent \u00bb, \u00bb, a relev\u00e9 le Chef de la Diplomatie togolaise.<\/p>\n\n\n\n<p>Pour de nombreuses grandes puissances, poursuit le ministre togolais, le continent africain n\u2019a pas de r\u00f4le \u00e0 jouer en tant qu\u2019acteur \u00ab majeur \u00bb au sens kantien du terme sur la sc\u00e8ne internationale.<\/p>\n\n\n\n<p>\u00ab Elles pensent habiter le m\u00eame monde alors que le monde a profond\u00e9ment chang\u00e9 \u00bb, ajoute-t-il.<\/p>\n\n\n\n<p>Pour Robert Dussey, il est inadmissible qu\u2019apr\u00e8s 77 ans de la cr\u00e9ation des Nations Unies, l\u2019Afrique n\u2019a toujours pas une place parmi les membres permanents du Conseil de S\u00e9curit\u00e9 depuis occup\u00e9 par les cinq puissances mondiales \u00e0 savoir la Chine, les Etats-Unis, la Russie, la France et le Royaume Uni.<\/p>\n\n\n\n<p>\u00ab Bien que le projet d\u2019int\u00e9gration africaine soit toujours en chantier, un consensus s\u2019\u00e9tait depuis d\u00e9gag\u00e9 entre les Etats africains au niveau de l\u2019Union africaine sur la n\u00e9cessit\u00e9 pour le continent d\u2019obtenir deux places de repr\u00e9sentants permanents au sein du Conseil de s\u00e9curit\u00e9, en plus des deux places de membres non-permanents r\u00e9serv\u00e9es aux Etats africains. Malgr\u00e9 ce consensus g\u00e9n\u00e9ral des quasi 54 Etats membres, les r\u00e9ticences des membres du \u00ab P5 \u00bb \u00e0 voir l\u2019Afrique occup\u00e9e cette place ne font aucun doute. La voix de l\u2019Afrique ne semble malheureusement pas \u00eatre entendue, car certains ne veulent tout simplement pas que l\u2019Afrique soit un continent fort \u00bb, a \u00e9crit le chef de la diplomatie togolaise.<\/p>\n\n\n\n<p>Pour lui, les grandes puissances veulent \u00ab r\u00e9duire \u00bb l\u2019Afrique \u00e0 une entit\u00e9 purement instrumentale au service de leurs causes et ne veulent visiblement pas que le continent puisse jouer un r\u00f4le important, voire un des r\u00f4les principaux dans le monde.<br>Ils s\u2019efforcent le plus souvent \u00e0 amener les Africains \u00e0 adh\u00e9rer \u00e0 leur \u00ab narratif \u00bb et, in fine, les Africains servent utilement \u00e0 soutenir un camp contre un autre. Quand il s\u2019agit de voter une r\u00e9solution au Conseil de S\u00e9curit\u00e9, nous sommes activement sollicit\u00e9s d\u2019un c\u00f4t\u00e9 comme de l\u2019autre. L\u2019Afrique est alors tr\u00e8s courtis\u00e9e, voire m\u00eame mise sous pression par certains de ses pays partenaires, d\u00e9nonce le professeur Robert Dussey, tout en rappelant que le monde s\u2019est d\u00e9centr\u00e9 pour devenir multipolaire.<\/p>\n\n\n\n<p>\u00ab Pour paraphraser Blaise Pascal, le monde est devenu un tout dont le centre est \u00e0 la fois partout et nulle part. Et l\u2019Afrique ne peut et ne veut plus \u00eatre les wagons d\u2019une seule et m\u00eame locomotive. Beaucoup de pays africains ne se sentent plus aujourd\u2019hui trop li\u00e9s au sens d\u2019embrigadement par l\u2019histoire coloniale et se montrent tr\u00e8s enthousiastes \u00e0 travailler avec de nouveaux partenaires \u00bb, a-t-il indiqu\u00e9.<\/p>\n\n\n\n<p>Le ministre togolais souhaite vivement un changement de mentalit\u00e9 et de comportement chez les partenaires de l\u2019Afrique qui d\u2019apr\u00e8s lui, viennent chacun, sans exception, en Afrique, avec des agendas avant tout dict\u00e9s par leurs propres int\u00e9r\u00eats.<\/p>\n\n\n\n<p>\u00ab Pour l\u2019Occident tout comme pour l\u2019Est, je ne crois pas que les mots \u00ab partenariat \u00bb ou \u00ab alli\u00e9s \u00bb soient toujours bien compris, quand il s\u2019agit de l\u2019Afrique. L\u2019Afrique n\u2019a pas certes les m\u00eames m\u00e9gaphones comme les grandes puissances du monde, mais la voix de l\u2019Afrique compte et doit compter si l\u2019on veut avoir l\u2019Afrique comme partenaire sur les grands sujets internationaux \u00bb, a-t-il \u00e9crit.<\/p>\n\n\n\n<p>Prof. Robert Dussey estime dans sa tribune que l\u2019Afrique doit prendre son destin en main pour peser d\u00e9sormais sur la sc\u00e8ne mondiale.<\/p>\n\n\n\n<p>\u00ab L\u2019Afrique veut coop\u00e9rer avec ses alli\u00e9s sur la base de ses int\u00e9r\u00eats bien compris. Pour ce faire, nos partenaires doivent se d\u00e9faire des imaginaires qui sont en grande partie forg\u00e9s aux XIXe et XXe si\u00e8cles et qui sont en dissonance manifeste avec le XXIe si\u00e8cle, si\u00e8cle o\u00f9 les d\u00e9fis nationaux ou r\u00e9gionaux ont des implications globales et les d\u00e9fis mondiaux des d\u00e9clinaisons et ramifications r\u00e9gionales, nationales, voire locales. Les r\u00e9percussions et les perturbations \u00e9conomiques actuelles \u00e0 l\u2019\u00e9chelle internationale, r\u00e9sultats directs du retour de la guerre en Europe, constituent une belle illustration \u00bb, a \u00e9crit Prof. Robert Dussey.<\/p>\n","protected":false},"excerpt":{"rendered":"<p>Le ministre des affaires \u00e9trang\u00e8res, de l\u2019Int\u00e9gration africaine et des Togolais de l\u2019ext\u00e9rieur, Prof. Robert Dussey est r\u00e9solument engag\u00e9 pour<\/p>\n","protected":false},"author":2,"featured_media":339,"comment_status":"open","ping_status":"closed","sticky":false,"template":"","format":"standard","meta":{"footnotes":""},"categories":[5],"tags":[],"class_list":["post-338","post","type-post","status-publish","format-standard","has-post-thumbnail","hentry","category-diplomatie"],"yoast_head":"<!-- This site is optimized with the Yoast SEO plugin v23.9 - https:\/\/yoast.com\/wordpress\/plugins\/seo\/ -->\n<title>Ces v\u00e9rit\u00e9s du ministre Robert Dussey \u00e0 lire absolument -<\/title>\n<meta name=\"robots\" content=\"index, follow, max-snippet:-1, max-image-preview:large, max-video-preview:-1\" \/>\n<link rel=\"canonical\" href=\"https:\/\/lepoint-actu.tg\/index.php\/2022\/07\/29\/ces-verites-du-ministre-robert-dussey-a-lire-absolument\/\" \/>\n<meta property=\"og:locale\" content=\"fr_FR\" \/>\n<meta property=\"og:type\" content=\"article\" \/>\n<meta property=\"og:title\" content=\"Ces v\u00e9rit\u00e9s du ministre Robert Dussey \u00e0 lire absolument -\" \/>\n<meta property=\"og:description\" content=\"Le ministre des affaires \u00e9trang\u00e8res, de l\u2019Int\u00e9gration africaine et des Togolais de l\u2019ext\u00e9rieur, Prof. Robert Dussey est r\u00e9solument engag\u00e9 pour\" \/>\n<meta property=\"og:url\" content=\"https:\/\/lepoint-actu.tg\/index.php\/2022\/07\/29\/ces-verites-du-ministre-robert-dussey-a-lire-absolument\/\" \/>\n<meta property=\"article:published_time\" content=\"2022-07-29T13:01:48+00:00\" \/>\n<meta property=\"article:modified_time\" content=\"2022-07-29T13:01:49+00:00\" \/>\n<meta property=\"og:image\" content=\"https:\/\/lepoint-actu.tg\/wp-content\/uploads\/2022\/07\/220px-Robert_Dussey_Minister_of_Foreign_Affairs__Cooperation_Togo_on_SDGs_42112285541-1.jpg\" \/>\n\t<meta property=\"og:image:width\" content=\"220\" \/>\n\t<meta property=\"og:image:height\" content=\"147\" \/>\n\t<meta property=\"og:image:type\" content=\"image\/jpeg\" \/>\n<meta name=\"author\" content=\"La Redaction\" \/>\n<meta name=\"twitter:card\" content=\"summary_large_image\" \/>\n<meta name=\"twitter:label1\" content=\"\u00c9crit par\" \/>\n\t<meta name=\"twitter:data1\" content=\"La Redaction\" \/>\n\t<meta name=\"twitter:label2\" content=\"Dur\u00e9e de lecture estim\u00e9e\" \/>\n\t<meta name=\"twitter:data2\" content=\"5 minutes\" \/>\n<script type=\"application\/ld+json\" class=\"yoast-schema-graph\">{\"@context\":\"https:\/\/schema.org\",\"@graph\":[{\"@type\":\"WebPage\",\"@id\":\"https:\/\/lepoint-actu.tg\/index.php\/2022\/07\/29\/ces-verites-du-ministre-robert-dussey-a-lire-absolument\/\",\"url\":\"https:\/\/lepoint-actu.tg\/index.php\/2022\/07\/29\/ces-verites-du-ministre-robert-dussey-a-lire-absolument\/\",\"name\":\"Ces v\u00e9rit\u00e9s du ministre Robert Dussey \u00e0 lire absolument -\",\"isPartOf\":{\"@id\":\"https:\/\/lepoint-actu.tg\/#website\"},\"primaryImageOfPage\":{\"@id\":\"https:\/\/lepoint-actu.tg\/index.php\/2022\/07\/29\/ces-verites-du-ministre-robert-dussey-a-lire-absolument\/#primaryimage\"},\"image\":{\"@id\":\"https:\/\/lepoint-actu.tg\/index.php\/2022\/07\/29\/ces-verites-du-ministre-robert-dussey-a-lire-absolument\/#primaryimage\"},\"thumbnailUrl\":\"https:\/\/lepoint-actu.tg\/wp-content\/uploads\/2022\/07\/220px-Robert_Dussey_Minister_of_Foreign_Affairs__Cooperation_Togo_on_SDGs_42112285541-1.jpg\",\"datePublished\":\"2022-07-29T13:01:48+00:00\",\"dateModified\":\"2022-07-29T13:01:49+00:00\",\"author\":{\"@id\":\"https:\/\/lepoint-actu.tg\/#\/schema\/person\/e4026d66cbdc205cab83e169ab7eaca1\"},\"breadcrumb\":{\"@id\":\"https:\/\/lepoint-actu.tg\/index.php\/2022\/07\/29\/ces-verites-du-ministre-robert-dussey-a-lire-absolument\/#breadcrumb\"},\"inLanguage\":\"fr-FR\",\"potentialAction\":[{\"@type\":\"ReadAction\",\"target\":[\"https:\/\/lepoint-actu.tg\/index.php\/2022\/07\/29\/ces-verites-du-ministre-robert-dussey-a-lire-absolument\/\"]}]},{\"@type\":\"ImageObject\",\"inLanguage\":\"fr-FR\",\"@id\":\"https:\/\/lepoint-actu.tg\/index.php\/2022\/07\/29\/ces-verites-du-ministre-robert-dussey-a-lire-absolument\/#primaryimage\",\"url\":\"https:\/\/lepoint-actu.tg\/wp-content\/uploads\/2022\/07\/220px-Robert_Dussey_Minister_of_Foreign_Affairs__Cooperation_Togo_on_SDGs_42112285541-1.jpg\",\"contentUrl\":\"https:\/\/lepoint-actu.tg\/wp-content\/uploads\/2022\/07\/220px-Robert_Dussey_Minister_of_Foreign_Affairs__Cooperation_Togo_on_SDGs_42112285541-1.jpg\",\"width\":220,\"height\":147},{\"@type\":\"BreadcrumbList\",\"@id\":\"https:\/\/lepoint-actu.tg\/index.php\/2022\/07\/29\/ces-verites-du-ministre-robert-dussey-a-lire-absolument\/#breadcrumb\",\"itemListElement\":[{\"@type\":\"ListItem\",\"position\":1,\"name\":\"Accueil\",\"item\":\"https:\/\/lepoint-actu.tg\/\"},{\"@type\":\"ListItem\",\"position\":2,\"name\":\"Ces v\u00e9rit\u00e9s du ministre Robert Dussey \u00e0 lire absolument\"}]},{\"@type\":\"WebSite\",\"@id\":\"https:\/\/lepoint-actu.tg\/#website\",\"url\":\"https:\/\/lepoint-actu.tg\/\",\"name\":\"\",\"description\":\"R\u00e9c\u00e9piss\u00e9 N\u00b00022\/HAAC\/12-2020\/pL\/P, lepointactu07@gmail.com\",\"potentialAction\":[{\"@type\":\"SearchAction\",\"target\":{\"@type\":\"EntryPoint\",\"urlTemplate\":\"https:\/\/lepoint-actu.tg\/?s={search_term_string}\"},\"query-input\":{\"@type\":\"PropertyValueSpecification\",\"valueRequired\":true,\"valueName\":\"search_term_string\"}}],\"inLanguage\":\"fr-FR\"},{\"@type\":\"Person\",\"@id\":\"https:\/\/lepoint-actu.tg\/#\/schema\/person\/e4026d66cbdc205cab83e169ab7eaca1\",\"name\":\"La Redaction\",\"image\":{\"@type\":\"ImageObject\",\"inLanguage\":\"fr-FR\",\"@id\":\"https:\/\/lepoint-actu.tg\/#\/schema\/person\/image\/\",\"url\":\"https:\/\/secure.gravatar.com\/avatar\/1682a0ff7e2c36efa51c5d262eea092000ec1ce420118e6261440956730308c2?s=96&d=mm&r=g\",\"contentUrl\":\"https:\/\/secure.gravatar.com\/avatar\/1682a0ff7e2c36efa51c5d262eea092000ec1ce420118e6261440956730308c2?s=96&d=mm&r=g\",\"caption\":\"La Redaction\"},\"url\":\"https:\/\/lepoint-actu.tg\/index.php\/author\/raymondsama\/\"}]}<\/script>\n<!-- \/ Yoast SEO plugin. -->","yoast_head_json":{"title":"Ces v\u00e9rit\u00e9s du ministre Robert Dussey \u00e0 lire absolument -","robots":{"index":"index","follow":"follow","max-snippet":"max-snippet:-1","max-image-preview":"max-image-preview:large","max-video-preview":"max-video-preview:-1"},"canonical":"https:\/\/lepoint-actu.tg\/index.php\/2022\/07\/29\/ces-verites-du-ministre-robert-dussey-a-lire-absolument\/","og_locale":"fr_FR","og_type":"article","og_title":"Ces v\u00e9rit\u00e9s du ministre Robert Dussey \u00e0 lire absolument -","og_description":"Le ministre des affaires \u00e9trang\u00e8res, de l\u2019Int\u00e9gration africaine et des Togolais de l\u2019ext\u00e9rieur, Prof. Robert Dussey est r\u00e9solument engag\u00e9 pour","og_url":"https:\/\/lepoint-actu.tg\/index.php\/2022\/07\/29\/ces-verites-du-ministre-robert-dussey-a-lire-absolument\/","article_published_time":"2022-07-29T13:01:48+00:00","article_modified_time":"2022-07-29T13:01:49+00:00","og_image":[{"width":220,"height":147,"url":"https:\/\/lepoint-actu.tg\/wp-content\/uploads\/2022\/07\/220px-Robert_Dussey_Minister_of_Foreign_Affairs__Cooperation_Togo_on_SDGs_42112285541-1.jpg","type":"image\/jpeg"}],"author":"La Redaction","twitter_card":"summary_large_image","twitter_misc":{"\u00c9crit par":"La Redaction","Dur\u00e9e de lecture estim\u00e9e":"5 minutes"},"schema":{"@context":"https:\/\/schema.org","@graph":[{"@type":"WebPage","@id":"https:\/\/lepoint-actu.tg\/index.php\/2022\/07\/29\/ces-verites-du-ministre-robert-dussey-a-lire-absolument\/","url":"https:\/\/lepoint-actu.tg\/index.php\/2022\/07\/29\/ces-verites-du-ministre-robert-dussey-a-lire-absolument\/","name":"Ces v\u00e9rit\u00e9s du ministre Robert Dussey \u00e0 lire absolument -","isPartOf":{"@id":"https:\/\/lepoint-actu.tg\/#website"},"primaryImageOfPage":{"@id":"https:\/\/lepoint-actu.tg\/index.php\/2022\/07\/29\/ces-verites-du-ministre-robert-dussey-a-lire-absolument\/#primaryimage"},"image":{"@id":"https:\/\/lepoint-actu.tg\/index.php\/2022\/07\/29\/ces-verites-du-ministre-robert-dussey-a-lire-absolument\/#primaryimage"},"thumbnailUrl":"https:\/\/lepoint-actu.tg\/wp-content\/uploads\/2022\/07\/220px-Robert_Dussey_Minister_of_Foreign_Affairs__Cooperation_Togo_on_SDGs_42112285541-1.jpg","datePublished":"2022-07-29T13:01:48+00:00","dateModified":"2022-07-29T13:01:49+00:00","author":{"@id":"https:\/\/lepoint-actu.tg\/#\/schema\/person\/e4026d66cbdc205cab83e169ab7eaca1"},"breadcrumb":{"@id":"https:\/\/lepoint-actu.tg\/index.php\/2022\/07\/29\/ces-verites-du-ministre-robert-dussey-a-lire-absolument\/#breadcrumb"},"inLanguage":"fr-FR","potentialAction":[{"@type":"ReadAction","target":["https:\/\/lepoint-actu.tg\/index.php\/2022\/07\/29\/ces-verites-du-ministre-robert-dussey-a-lire-absolument\/"]}]},{"@type":"ImageObject","inLanguage":"fr-FR","@id":"https:\/\/lepoint-actu.tg\/index.php\/2022\/07\/29\/ces-verites-du-ministre-robert-dussey-a-lire-absolument\/#primaryimage","url":"https:\/\/lepoint-actu.tg\/wp-content\/uploads\/2022\/07\/220px-Robert_Dussey_Minister_of_Foreign_Affairs__Cooperation_Togo_on_SDGs_42112285541-1.jpg","contentUrl":"https:\/\/lepoint-actu.tg\/wp-content\/uploads\/2022\/07\/220px-Robert_Dussey_Minister_of_Foreign_Affairs__Cooperation_Togo_on_SDGs_42112285541-1.jpg","width":220,"height":147},{"@type":"BreadcrumbList","@id":"https:\/\/lepoint-actu.tg\/index.php\/2022\/07\/29\/ces-verites-du-ministre-robert-dussey-a-lire-absolument\/#breadcrumb","itemListElement":[{"@type":"ListItem","position":1,"name":"Accueil","item":"https:\/\/lepoint-actu.tg\/"},{"@type":"ListItem","position":2,"name":"Ces v\u00e9rit\u00e9s du ministre Robert Dussey \u00e0 lire absolument"}]},{"@type":"WebSite","@id":"https:\/\/lepoint-actu.tg\/#website","url":"https:\/\/lepoint-actu.tg\/","name":"","description":"R\u00e9c\u00e9piss\u00e9 N\u00b00022\/HAAC\/12-2020\/pL\/P, lepointactu07@gmail.com","potentialAction":[{"@type":"SearchAction","target":{"@type":"EntryPoint","urlTemplate":"https:\/\/lepoint-actu.tg\/?s={search_term_string}"},"query-input":{"@type":"PropertyValueSpecification","valueRequired":true,"valueName":"search_term_string"}}],"inLanguage":"fr-FR"},{"@type":"Person","@id":"https:\/\/lepoint-actu.tg\/#\/schema\/person\/e4026d66cbdc205cab83e169ab7eaca1","name":"La Redaction","image":{"@type":"ImageObject","inLanguage":"fr-FR","@id":"https:\/\/lepoint-actu.tg\/#\/schema\/person\/image\/","url":"https:\/\/secure.gravatar.com\/avatar\/1682a0ff7e2c36efa51c5d262eea092000ec1ce420118e6261440956730308c2?s=96&d=mm&r=g","contentUrl":"https:\/\/secure.gravatar.com\/avatar\/1682a0ff7e2c36efa51c5d262eea092000ec1ce420118e6261440956730308c2?s=96&d=mm&r=g","caption":"La Redaction"},"url":"https:\/\/lepoint-actu.tg\/index.php\/author\/raymondsama\/"}]}},"_links":{"self":[{"href":"https:\/\/lepoint-actu.tg\/index.php\/wp-json\/wp\/v2\/posts\/338","targetHints":{"allow":["GET"]}}],"collection":[{"href":"https:\/\/lepoint-actu.tg\/index.php\/wp-json\/wp\/v2\/posts"}],"about":[{"href":"https:\/\/lepoint-actu.tg\/index.php\/wp-json\/wp\/v2\/types\/post"}],"author":[{"embeddable":true,"href":"https:\/\/lepoint-actu.tg\/index.php\/wp-json\/wp\/v2\/users\/2"}],"replies":[{"embeddable":true,"href":"https:\/\/lepoint-actu.tg\/index.php\/wp-json\/wp\/v2\/comments?post=338"}],"version-history":[{"count":1,"href":"https:\/\/lepoint-actu.tg\/index.php\/wp-json\/wp\/v2\/posts\/338\/revisions"}],"predecessor-version":[{"id":340,"href":"https:\/\/lepoint-actu.tg\/index.php\/wp-json\/wp\/v2\/posts\/338\/revisions\/340"}],"wp:featuredmedia":[{"embeddable":true,"href":"https:\/\/lepoint-actu.tg\/index.php\/wp-json\/wp\/v2\/media\/339"}],"wp:attachment":[{"href":"https:\/\/lepoint-actu.tg\/index.php\/wp-json\/wp\/v2\/media?parent=338"}],"wp:term":[{"taxonomy":"category","embeddable":true,"href":"https:\/\/lepoint-actu.tg\/index.php\/wp-json\/wp\/v2\/categories?post=338"},{"taxonomy":"post_tag","embeddable":true,"href":"https:\/\/lepoint-actu.tg\/index.php\/wp-json\/wp\/v2\/tags?post=338"}],"curies":[{"name":"wp","href":"https:\/\/api.w.org\/{rel}","templated":true}]}}