{"id":34,"date":"2021-06-19T12:46:00","date_gmt":"2021-06-19T12:46:00","guid":{"rendered":"https:\/\/lepoint-actu.tg\/?p=34"},"modified":"2022-05-12T12:48:41","modified_gmt":"2022-05-12T12:48:41","slug":"59eme-session-ordinaire-de-la-cedeao-a-accrafaure-gnassingbe-y-prend-part","status":"publish","type":"post","link":"https:\/\/lepoint-actu.tg\/index.php\/2021\/06\/19\/59eme-session-ordinaire-de-la-cedeao-a-accrafaure-gnassingbe-y-prend-part\/","title":{"rendered":"59\u00e8me session ordinaire de la CEDEAO \u00e0 Accra:Faure Gnassingb\u00e9 y prend part"},"content":{"rendered":"\n<p><\/p>\n\n\n\n<p>Faure Gnassingb\u00e9 est arriv\u00e9 \u00e0 Accra ce samedi 19 Juin \u00e0 Accra o\u00f9 il prend part \u00e0 la 59\u00e8me session ordinaire de la CEDEAO. Plusieurs sujets d&rsquo;int\u00e9r\u00eat commun sont au programme des \u00e9changes.<\/p>\n\n\n\n<p>Ce sommet donne l&rsquo;occasion aux chefs d\u2019Etat et de gouvernement d&rsquo;examiner essentiellement les questions vitales pour le d\u00e9veloppement de la sous-r\u00e9gion ouest africaine.<\/p>\n\n\n\n<p>Faure Gnassingb\u00e9 et ses pairs aborderont ainsi la question cruciale de la s\u00e9curit\u00e9, avec en ligne de mire le renforcement des m\u00e9canismes de lutte contre le terrorisme.<\/p>\n\n\n\n<p>Toujours au menu de cette rencontre, la relance de l&rsquo;\u00e9conomie durement impact\u00e9e par les cons\u00e9quences de la pand\u00e9mie \u00e0 la Covid-19.<\/p>\n","protected":false},"excerpt":{"rendered":"<p>Faure Gnassingb\u00e9 est arriv\u00e9 \u00e0 Accra ce samedi 19 Juin \u00e0 Accra o\u00f9 il prend part \u00e0 la 59\u00e8me session<\/p>\n","protected":false},"author":3,"featured_media":35,"comment_status":"open","ping_status":"closed","sticky":false,"template":"","format":"standard","meta":{"footnotes":""},"categories":[5],"tags":[],"class_list":["post-34","post","type-post","status-publish","format-standard","has-post-thumbnail","hentry","category-diplomatie"],"yoast_head":"<!-- This site is optimized with the Yoast SEO plugin v23.9 - https:\/\/yoast.com\/wordpress\/plugins\/seo\/ -->\n<title>59\u00e8me session ordinaire de la CEDEAO \u00e0 Accra:Faure Gnassingb\u00e9 y prend part -<\/title>\n<meta name=\"robots\" content=\"index, follow, max-snippet:-1, max-image-preview:large, max-video-preview:-1\" \/>\n<link rel=\"canonical\" href=\"https:\/\/lepoint-actu.tg\/index.php\/2021\/06\/19\/59eme-session-ordinaire-de-la-cedeao-a-accrafaure-gnassingbe-y-prend-part\/\" \/>\n<meta property=\"og:locale\" content=\"fr_FR\" \/>\n<meta property=\"og:type\" content=\"article\" \/>\n<meta property=\"og:title\" content=\"59\u00e8me session ordinaire de la CEDEAO \u00e0 Accra:Faure Gnassingb\u00e9 y prend part -\" \/>\n<meta property=\"og:description\" content=\"Faure Gnassingb\u00e9 est arriv\u00e9 \u00e0 Accra ce samedi 19 Juin \u00e0 Accra o\u00f9 il prend part \u00e0 la 59\u00e8me session\" \/>\n<meta property=\"og:url\" content=\"https:\/\/lepoint-actu.tg\/index.php\/2021\/06\/19\/59eme-session-ordinaire-de-la-cedeao-a-accrafaure-gnassingbe-y-prend-part\/\" \/>\n<meta property=\"article:published_time\" content=\"2021-06-19T12:46:00+00:00\" \/>\n<meta property=\"article:modified_time\" content=\"2022-05-12T12:48:41+00:00\" \/>\n<meta property=\"og:image\" content=\"https:\/\/lepoint-actu.tg\/wp-content\/uploads\/2022\/05\/IMG-20220511-WA0172.jpg\" \/>\n\t<meta property=\"og:image:width\" content=\"640\" \/>\n\t<meta property=\"og:image:height\" content=\"427\" \/>\n\t<meta property=\"og:image:type\" content=\"image\/jpeg\" \/>\n<meta name=\"author\" content=\"admin\" \/>\n<meta name=\"twitter:card\" content=\"summary_large_image\" \/>\n<meta name=\"twitter:label1\" content=\"\u00c9crit par\" \/>\n\t<meta name=\"twitter:data1\" content=\"admin\" \/>\n\t<meta name=\"twitter:label2\" content=\"Dur\u00e9e de lecture estim\u00e9e\" \/>\n\t<meta name=\"twitter:data2\" content=\"1 minute\" \/>\n<script type=\"application\/ld+json\" class=\"yoast-schema-graph\">{\"@context\":\"https:\/\/schema.org\",\"@graph\":[{\"@type\":\"WebPage\",\"@id\":\"https:\/\/lepoint-actu.tg\/index.php\/2021\/06\/19\/59eme-session-ordinaire-de-la-cedeao-a-accrafaure-gnassingbe-y-prend-part\/\",\"url\":\"https:\/\/lepoint-actu.tg\/index.php\/2021\/06\/19\/59eme-session-ordinaire-de-la-cedeao-a-accrafaure-gnassingbe-y-prend-part\/\",\"name\":\"59\u00e8me session ordinaire de la CEDEAO \u00e0 Accra:Faure Gnassingb\u00e9 y prend part -\",\"isPartOf\":{\"@id\":\"https:\/\/lepoint-actu.tg\/#website\"},\"primaryImageOfPage\":{\"@id\":\"https:\/\/lepoint-actu.tg\/index.php\/2021\/06\/19\/59eme-session-ordinaire-de-la-cedeao-a-accrafaure-gnassingbe-y-prend-part\/#primaryimage\"},\"image\":{\"@id\":\"https:\/\/lepoint-actu.tg\/index.php\/2021\/06\/19\/59eme-session-ordinaire-de-la-cedeao-a-accrafaure-gnassingbe-y-prend-part\/#primaryimage\"},\"thumbnailUrl\":\"https:\/\/lepoint-actu.tg\/wp-content\/uploads\/2022\/05\/IMG-20220511-WA0172.jpg\",\"datePublished\":\"2021-06-19T12:46:00+00:00\",\"dateModified\":\"2022-05-12T12:48:41+00:00\",\"author\":{\"@id\":\"https:\/\/lepoint-actu.tg\/#\/schema\/person\/073466e38e968d16740b1123c2e94e27\"},\"breadcrumb\":{\"@id\":\"https:\/\/lepoint-actu.tg\/index.php\/2021\/06\/19\/59eme-session-ordinaire-de-la-cedeao-a-accrafaure-gnassingbe-y-prend-part\/#breadcrumb\"},\"inLanguage\":\"fr-FR\",\"potentialAction\":[{\"@type\":\"ReadAction\",\"target\":[\"https:\/\/lepoint-actu.tg\/index.php\/2021\/06\/19\/59eme-session-ordinaire-de-la-cedeao-a-accrafaure-gnassingbe-y-prend-part\/\"]}]},{\"@type\":\"ImageObject\",\"inLanguage\":\"fr-FR\",\"@id\":\"https:\/\/lepoint-actu.tg\/index.php\/2021\/06\/19\/59eme-session-ordinaire-de-la-cedeao-a-accrafaure-gnassingbe-y-prend-part\/#primaryimage\",\"url\":\"https:\/\/lepoint-actu.tg\/wp-content\/uploads\/2022\/05\/IMG-20220511-WA0172.jpg\",\"contentUrl\":\"https:\/\/lepoint-actu.tg\/wp-content\/uploads\/2022\/05\/IMG-20220511-WA0172.jpg\",\"width\":640,\"height\":427},{\"@type\":\"BreadcrumbList\",\"@id\":\"https:\/\/lepoint-actu.tg\/index.php\/2021\/06\/19\/59eme-session-ordinaire-de-la-cedeao-a-accrafaure-gnassingbe-y-prend-part\/#breadcrumb\",\"itemListElement\":[{\"@type\":\"ListItem\",\"position\":1,\"name\":\"Accueil\",\"item\":\"https:\/\/lepoint-actu.tg\/\"},{\"@type\":\"ListItem\",\"position\":2,\"name\":\"59\u00e8me session ordinaire de la CEDEAO \u00e0 Accra:Faure Gnassingb\u00e9 y prend part\"}]},{\"@type\":\"WebSite\",\"@id\":\"https:\/\/lepoint-actu.tg\/#website\",\"url\":\"https:\/\/lepoint-actu.tg\/\",\"name\":\"\",\"description\":\"R\u00e9c\u00e9piss\u00e9 N\u00b00022\/HAAC\/12-2020\/pL\/P, lepointactu07@gmail.com\",\"potentialAction\":[{\"@type\":\"SearchAction\",\"target\":{\"@type\":\"EntryPoint\",\"urlTemplate\":\"https:\/\/lepoint-actu.tg\/?s={search_term_string}\"},\"query-input\":{\"@type\":\"PropertyValueSpecification\",\"valueRequired\":true,\"valueName\":\"search_term_string\"}}],\"inLanguage\":\"fr-FR\"},{\"@type\":\"Person\",\"@id\":\"https:\/\/lepoint-actu.tg\/#\/schema\/person\/073466e38e968d16740b1123c2e94e27\",\"name\":\"admin\",\"image\":{\"@type\":\"ImageObject\",\"inLanguage\":\"fr-FR\",\"@id\":\"https:\/\/lepoint-actu.tg\/#\/schema\/person\/image\/\",\"url\":\"https:\/\/secure.gravatar.com\/avatar\/69a19153be71f68de967e736591a999291239d95d43cd6edce1594de62cc3422?s=96&d=mm&r=g\",\"contentUrl\":\"https:\/\/secure.gravatar.com\/avatar\/69a19153be71f68de967e736591a999291239d95d43cd6edce1594de62cc3422?s=96&d=mm&r=g\",\"caption\":\"admin\"},\"sameAs\":[\"https:\/\/lepoint-actu.tg\"],\"url\":\"https:\/\/lepoint-actu.tg\/index.php\/author\/admin\/\"}]}<\/script>\n<!-- \/ Yoast SEO plugin. -->","yoast_head_json":{"title":"59\u00e8me session ordinaire de la CEDEAO \u00e0 Accra:Faure Gnassingb\u00e9 y prend part -","robots":{"index":"index","follow":"follow","max-snippet":"max-snippet:-1","max-image-preview":"max-image-preview:large","max-video-preview":"max-video-preview:-1"},"canonical":"https:\/\/lepoint-actu.tg\/index.php\/2021\/06\/19\/59eme-session-ordinaire-de-la-cedeao-a-accrafaure-gnassingbe-y-prend-part\/","og_locale":"fr_FR","og_type":"article","og_title":"59\u00e8me session ordinaire de la CEDEAO \u00e0 Accra:Faure Gnassingb\u00e9 y prend part -","og_description":"Faure Gnassingb\u00e9 est arriv\u00e9 \u00e0 Accra ce samedi 19 Juin \u00e0 Accra o\u00f9 il prend part \u00e0 la 59\u00e8me session","og_url":"https:\/\/lepoint-actu.tg\/index.php\/2021\/06\/19\/59eme-session-ordinaire-de-la-cedeao-a-accrafaure-gnassingbe-y-prend-part\/","article_published_time":"2021-06-19T12:46:00+00:00","article_modified_time":"2022-05-12T12:48:41+00:00","og_image":[{"width":640,"height":427,"url":"https:\/\/lepoint-actu.tg\/wp-content\/uploads\/2022\/05\/IMG-20220511-WA0172.jpg","type":"image\/jpeg"}],"author":"admin","twitter_card":"summary_large_image","twitter_misc":{"\u00c9crit par":"admin","Dur\u00e9e de lecture estim\u00e9e":"1 minute"},"schema":{"@context":"https:\/\/schema.org","@graph":[{"@type":"WebPage","@id":"https:\/\/lepoint-actu.tg\/index.php\/2021\/06\/19\/59eme-session-ordinaire-de-la-cedeao-a-accrafaure-gnassingbe-y-prend-part\/","url":"https:\/\/lepoint-actu.tg\/index.php\/2021\/06\/19\/59eme-session-ordinaire-de-la-cedeao-a-accrafaure-gnassingbe-y-prend-part\/","name":"59\u00e8me session ordinaire de la CEDEAO \u00e0 Accra:Faure Gnassingb\u00e9 y prend part -","isPartOf":{"@id":"https:\/\/lepoint-actu.tg\/#website"},"primaryImageOfPage":{"@id":"https:\/\/lepoint-actu.tg\/index.php\/2021\/06\/19\/59eme-session-ordinaire-de-la-cedeao-a-accrafaure-gnassingbe-y-prend-part\/#primaryimage"},"image":{"@id":"https:\/\/lepoint-actu.tg\/index.php\/2021\/06\/19\/59eme-session-ordinaire-de-la-cedeao-a-accrafaure-gnassingbe-y-prend-part\/#primaryimage"},"thumbnailUrl":"https:\/\/lepoint-actu.tg\/wp-content\/uploads\/2022\/05\/IMG-20220511-WA0172.jpg","datePublished":"2021-06-19T12:46:00+00:00","dateModified":"2022-05-12T12:48:41+00:00","author":{"@id":"https:\/\/lepoint-actu.tg\/#\/schema\/person\/073466e38e968d16740b1123c2e94e27"},"breadcrumb":{"@id":"https:\/\/lepoint-actu.tg\/index.php\/2021\/06\/19\/59eme-session-ordinaire-de-la-cedeao-a-accrafaure-gnassingbe-y-prend-part\/#breadcrumb"},"inLanguage":"fr-FR","potentialAction":[{"@type":"ReadAction","target":["https:\/\/lepoint-actu.tg\/index.php\/2021\/06\/19\/59eme-session-ordinaire-de-la-cedeao-a-accrafaure-gnassingbe-y-prend-part\/"]}]},{"@type":"ImageObject","inLanguage":"fr-FR","@id":"https:\/\/lepoint-actu.tg\/index.php\/2021\/06\/19\/59eme-session-ordinaire-de-la-cedeao-a-accrafaure-gnassingbe-y-prend-part\/#primaryimage","url":"https:\/\/lepoint-actu.tg\/wp-content\/uploads\/2022\/05\/IMG-20220511-WA0172.jpg","contentUrl":"https:\/\/lepoint-actu.tg\/wp-content\/uploads\/2022\/05\/IMG-20220511-WA0172.jpg","width":640,"height":427},{"@type":"BreadcrumbList","@id":"https:\/\/lepoint-actu.tg\/index.php\/2021\/06\/19\/59eme-session-ordinaire-de-la-cedeao-a-accrafaure-gnassingbe-y-prend-part\/#breadcrumb","itemListElement":[{"@type":"ListItem","position":1,"name":"Accueil","item":"https:\/\/lepoint-actu.tg\/"},{"@type":"ListItem","position":2,"name":"59\u00e8me session ordinaire de la CEDEAO \u00e0 Accra:Faure Gnassingb\u00e9 y prend part"}]},{"@type":"WebSite","@id":"https:\/\/lepoint-actu.tg\/#website","url":"https:\/\/lepoint-actu.tg\/","name":"","description":"R\u00e9c\u00e9piss\u00e9 N\u00b00022\/HAAC\/12-2020\/pL\/P, lepointactu07@gmail.com","potentialAction":[{"@type":"SearchAction","target":{"@type":"EntryPoint","urlTemplate":"https:\/\/lepoint-actu.tg\/?s={search_term_string}"},"query-input":{"@type":"PropertyValueSpecification","valueRequired":true,"valueName":"search_term_string"}}],"inLanguage":"fr-FR"},{"@type":"Person","@id":"https:\/\/lepoint-actu.tg\/#\/schema\/person\/073466e38e968d16740b1123c2e94e27","name":"admin","image":{"@type":"ImageObject","inLanguage":"fr-FR","@id":"https:\/\/lepoint-actu.tg\/#\/schema\/person\/image\/","url":"https:\/\/secure.gravatar.com\/avatar\/69a19153be71f68de967e736591a999291239d95d43cd6edce1594de62cc3422?s=96&d=mm&r=g","contentUrl":"https:\/\/secure.gravatar.com\/avatar\/69a19153be71f68de967e736591a999291239d95d43cd6edce1594de62cc3422?s=96&d=mm&r=g","caption":"admin"},"sameAs":["https:\/\/lepoint-actu.tg"],"url":"https:\/\/lepoint-actu.tg\/index.php\/author\/admin\/"}]}},"_links":{"self":[{"href":"https:\/\/lepoint-actu.tg\/index.php\/wp-json\/wp\/v2\/posts\/34","targetHints":{"allow":["GET"]}}],"collection":[{"href":"https:\/\/lepoint-actu.tg\/index.php\/wp-json\/wp\/v2\/posts"}],"about":[{"href":"https:\/\/lepoint-actu.tg\/index.php\/wp-json\/wp\/v2\/types\/post"}],"author":[{"embeddable":true,"href":"https:\/\/lepoint-actu.tg\/index.php\/wp-json\/wp\/v2\/users\/3"}],"replies":[{"embeddable":true,"href":"https:\/\/lepoint-actu.tg\/index.php\/wp-json\/wp\/v2\/comments?post=34"}],"version-history":[{"count":1,"href":"https:\/\/lepoint-actu.tg\/index.php\/wp-json\/wp\/v2\/posts\/34\/revisions"}],"predecessor-version":[{"id":36,"href":"https:\/\/lepoint-actu.tg\/index.php\/wp-json\/wp\/v2\/posts\/34\/revisions\/36"}],"wp:featuredmedia":[{"embeddable":true,"href":"https:\/\/lepoint-actu.tg\/index.php\/wp-json\/wp\/v2\/media\/35"}],"wp:attachment":[{"href":"https:\/\/lepoint-actu.tg\/index.php\/wp-json\/wp\/v2\/media?parent=34"}],"wp:term":[{"taxonomy":"category","embeddable":true,"href":"https:\/\/lepoint-actu.tg\/index.php\/wp-json\/wp\/v2\/categories?post=34"},{"taxonomy":"post_tag","embeddable":true,"href":"https:\/\/lepoint-actu.tg\/index.php\/wp-json\/wp\/v2\/tags?post=34"}],"curies":[{"name":"wp","href":"https:\/\/api.w.org\/{rel}","templated":true}]}}