{"id":341,"date":"2022-07-29T14:42:55","date_gmt":"2022-07-29T14:42:55","guid":{"rendered":"https:\/\/lepoint-actu.tg\/?p=341"},"modified":"2022-07-29T14:42:56","modified_gmt":"2022-07-29T14:42:56","slug":"togo-faure-gnassingbe-va-discuter-avec-ses-opposants","status":"publish","type":"post","link":"https:\/\/lepoint-actu.tg\/index.php\/2022\/07\/29\/togo-faure-gnassingbe-va-discuter-avec-ses-opposants\/","title":{"rendered":"Togo: Faure Gnassingb\u00e9 va discuter avec ses opposants"},"content":{"rendered":"\n<p><\/p>\n\n\n\n<p>Selon les informations, le Pr\u00e9sident togolais Faure Gnassingb\u00e9 pourrait rencontrer les partis d\u2019opposition dans les jours qui viennent. L&rsquo;annonce est faite par le confr\u00e8re en ligne Courrierd\u2019Afrique ce vendredi.<\/p>\n\n\n\n<p>Cette rencontre qui n\u2019arrive pas tous les jours, s\u2019inscrit dans le cadre de la mutualisation des forces contre la menace terroriste.<\/p>\n\n\n\n<p>De sources proches de la pr\u00e9sidence togolaise, Faure Gnassingb\u00e9 a d\u00e9j\u00e0 envoy\u00e9 une note d\u2019invitation aux diff\u00e9rents responsables de partis politiques. Un leader de parti d\u2019opposition le confirme: \u00ab Oui, nous avons re\u00e7u l\u2019invitation du chef de l\u2019Etat pour une r\u00e9union la semaine prochaine \u00bb\u2018 a r\u00e9v\u00e9l\u00e9 une source proche de l\u2019opposition \u00e0 Courrier d\u2019Afrique.<\/p>\n\n\n\n<p>Selon le confr\u00e8re, \u2018Le pr\u00e9sident togolais et la classe politique nationale discuteront essentiellement du ph\u00e9nom\u00e8ne terroriste qui s\u2019est d\u00e9plac\u00e9 sur le sol togolais depuis novembre 2021. Depuis cette date en effet, au moins trois attaques terroristes ont \u00e9t\u00e9 perp\u00e9tr\u00e9es dans la r\u00e9gion des Savanes, occasionnant plusieurs morts et des bless\u00e9s, civils et militaires.<\/p>\n\n\n\n<p>Pour notre part, si d&rsquo;autres sources proches de la pr\u00e9sidence togolaise et contract\u00e9es par notre r\u00e9daction ne veulent pas trop affirmer l&rsquo;information elles ne disent non plus le contraire.<br><strong><em>Avec courrierdafrique<\/em><\/strong><\/p>\n","protected":false},"excerpt":{"rendered":"<p>Selon les informations, le Pr\u00e9sident togolais Faure Gnassingb\u00e9 pourrait rencontrer les partis d\u2019opposition dans les jours qui viennent. L&rsquo;annonce est<\/p>\n","protected":false},"author":2,"featured_media":342,"comment_status":"open","ping_status":"closed","sticky":false,"template":"","format":"standard","meta":{"footnotes":""},"categories":[3],"tags":[],"class_list":["post-341","post","type-post","status-publish","format-standard","has-post-thumbnail","hentry","category-politique"],"yoast_head":"<!-- This site is optimized with the Yoast SEO plugin v23.9 - https:\/\/yoast.com\/wordpress\/plugins\/seo\/ -->\n<title>Togo: Faure Gnassingb\u00e9 va discuter avec ses opposants -<\/title>\n<meta name=\"robots\" content=\"index, follow, max-snippet:-1, max-image-preview:large, max-video-preview:-1\" \/>\n<link rel=\"canonical\" href=\"https:\/\/lepoint-actu.tg\/index.php\/2022\/07\/29\/togo-faure-gnassingbe-va-discuter-avec-ses-opposants\/\" \/>\n<meta property=\"og:locale\" content=\"fr_FR\" \/>\n<meta property=\"og:type\" content=\"article\" \/>\n<meta property=\"og:title\" content=\"Togo: Faure Gnassingb\u00e9 va discuter avec ses opposants -\" \/>\n<meta property=\"og:description\" content=\"Selon les informations, le Pr\u00e9sident togolais Faure Gnassingb\u00e9 pourrait rencontrer les partis d\u2019opposition dans les jours qui viennent. L&rsquo;annonce est\" \/>\n<meta property=\"og:url\" content=\"https:\/\/lepoint-actu.tg\/index.php\/2022\/07\/29\/togo-faure-gnassingbe-va-discuter-avec-ses-opposants\/\" \/>\n<meta property=\"article:published_time\" content=\"2022-07-29T14:42:55+00:00\" \/>\n<meta property=\"article:modified_time\" content=\"2022-07-29T14:42:56+00:00\" \/>\n<meta property=\"og:image\" content=\"https:\/\/lepoint-actu.tg\/wp-content\/uploads\/2022\/07\/Faure-Gnassingbe-Togo-2020-1.jpg\" \/>\n\t<meta property=\"og:image:width\" content=\"710\" \/>\n\t<meta property=\"og:image:height\" content=\"677\" \/>\n\t<meta property=\"og:image:type\" content=\"image\/jpeg\" \/>\n<meta name=\"author\" content=\"La Redaction\" \/>\n<meta name=\"twitter:card\" content=\"summary_large_image\" \/>\n<meta name=\"twitter:label1\" content=\"\u00c9crit par\" \/>\n\t<meta name=\"twitter:data1\" content=\"La Redaction\" \/>\n\t<meta name=\"twitter:label2\" content=\"Dur\u00e9e de lecture estim\u00e9e\" \/>\n\t<meta name=\"twitter:data2\" content=\"1 minute\" \/>\n<script type=\"application\/ld+json\" class=\"yoast-schema-graph\">{\"@context\":\"https:\/\/schema.org\",\"@graph\":[{\"@type\":\"WebPage\",\"@id\":\"https:\/\/lepoint-actu.tg\/index.php\/2022\/07\/29\/togo-faure-gnassingbe-va-discuter-avec-ses-opposants\/\",\"url\":\"https:\/\/lepoint-actu.tg\/index.php\/2022\/07\/29\/togo-faure-gnassingbe-va-discuter-avec-ses-opposants\/\",\"name\":\"Togo: Faure Gnassingb\u00e9 va discuter avec ses opposants -\",\"isPartOf\":{\"@id\":\"https:\/\/lepoint-actu.tg\/#website\"},\"primaryImageOfPage\":{\"@id\":\"https:\/\/lepoint-actu.tg\/index.php\/2022\/07\/29\/togo-faure-gnassingbe-va-discuter-avec-ses-opposants\/#primaryimage\"},\"image\":{\"@id\":\"https:\/\/lepoint-actu.tg\/index.php\/2022\/07\/29\/togo-faure-gnassingbe-va-discuter-avec-ses-opposants\/#primaryimage\"},\"thumbnailUrl\":\"https:\/\/lepoint-actu.tg\/wp-content\/uploads\/2022\/07\/Faure-Gnassingbe-Togo-2020-1.jpg\",\"datePublished\":\"2022-07-29T14:42:55+00:00\",\"dateModified\":\"2022-07-29T14:42:56+00:00\",\"author\":{\"@id\":\"https:\/\/lepoint-actu.tg\/#\/schema\/person\/e4026d66cbdc205cab83e169ab7eaca1\"},\"breadcrumb\":{\"@id\":\"https:\/\/lepoint-actu.tg\/index.php\/2022\/07\/29\/togo-faure-gnassingbe-va-discuter-avec-ses-opposants\/#breadcrumb\"},\"inLanguage\":\"fr-FR\",\"potentialAction\":[{\"@type\":\"ReadAction\",\"target\":[\"https:\/\/lepoint-actu.tg\/index.php\/2022\/07\/29\/togo-faure-gnassingbe-va-discuter-avec-ses-opposants\/\"]}]},{\"@type\":\"ImageObject\",\"inLanguage\":\"fr-FR\",\"@id\":\"https:\/\/lepoint-actu.tg\/index.php\/2022\/07\/29\/togo-faure-gnassingbe-va-discuter-avec-ses-opposants\/#primaryimage\",\"url\":\"https:\/\/lepoint-actu.tg\/wp-content\/uploads\/2022\/07\/Faure-Gnassingbe-Togo-2020-1.jpg\",\"contentUrl\":\"https:\/\/lepoint-actu.tg\/wp-content\/uploads\/2022\/07\/Faure-Gnassingbe-Togo-2020-1.jpg\",\"width\":710,\"height\":677},{\"@type\":\"BreadcrumbList\",\"@id\":\"https:\/\/lepoint-actu.tg\/index.php\/2022\/07\/29\/togo-faure-gnassingbe-va-discuter-avec-ses-opposants\/#breadcrumb\",\"itemListElement\":[{\"@type\":\"ListItem\",\"position\":1,\"name\":\"Accueil\",\"item\":\"https:\/\/lepoint-actu.tg\/\"},{\"@type\":\"ListItem\",\"position\":2,\"name\":\"Togo: Faure Gnassingb\u00e9 va discuter avec ses opposants\"}]},{\"@type\":\"WebSite\",\"@id\":\"https:\/\/lepoint-actu.tg\/#website\",\"url\":\"https:\/\/lepoint-actu.tg\/\",\"name\":\"\",\"description\":\"R\u00e9c\u00e9piss\u00e9 N\u00b00022\/HAAC\/12-2020\/pL\/P, lepointactu07@gmail.com\",\"potentialAction\":[{\"@type\":\"SearchAction\",\"target\":{\"@type\":\"EntryPoint\",\"urlTemplate\":\"https:\/\/lepoint-actu.tg\/?s={search_term_string}\"},\"query-input\":{\"@type\":\"PropertyValueSpecification\",\"valueRequired\":true,\"valueName\":\"search_term_string\"}}],\"inLanguage\":\"fr-FR\"},{\"@type\":\"Person\",\"@id\":\"https:\/\/lepoint-actu.tg\/#\/schema\/person\/e4026d66cbdc205cab83e169ab7eaca1\",\"name\":\"La Redaction\",\"image\":{\"@type\":\"ImageObject\",\"inLanguage\":\"fr-FR\",\"@id\":\"https:\/\/lepoint-actu.tg\/#\/schema\/person\/image\/\",\"url\":\"https:\/\/secure.gravatar.com\/avatar\/1682a0ff7e2c36efa51c5d262eea092000ec1ce420118e6261440956730308c2?s=96&d=mm&r=g\",\"contentUrl\":\"https:\/\/secure.gravatar.com\/avatar\/1682a0ff7e2c36efa51c5d262eea092000ec1ce420118e6261440956730308c2?s=96&d=mm&r=g\",\"caption\":\"La Redaction\"},\"url\":\"https:\/\/lepoint-actu.tg\/index.php\/author\/raymondsama\/\"}]}<\/script>\n<!-- \/ Yoast SEO plugin. -->","yoast_head_json":{"title":"Togo: Faure Gnassingb\u00e9 va discuter avec ses opposants -","robots":{"index":"index","follow":"follow","max-snippet":"max-snippet:-1","max-image-preview":"max-image-preview:large","max-video-preview":"max-video-preview:-1"},"canonical":"https:\/\/lepoint-actu.tg\/index.php\/2022\/07\/29\/togo-faure-gnassingbe-va-discuter-avec-ses-opposants\/","og_locale":"fr_FR","og_type":"article","og_title":"Togo: Faure Gnassingb\u00e9 va discuter avec ses opposants -","og_description":"Selon les informations, le Pr\u00e9sident togolais Faure Gnassingb\u00e9 pourrait rencontrer les partis d\u2019opposition dans les jours qui viennent. L&rsquo;annonce est","og_url":"https:\/\/lepoint-actu.tg\/index.php\/2022\/07\/29\/togo-faure-gnassingbe-va-discuter-avec-ses-opposants\/","article_published_time":"2022-07-29T14:42:55+00:00","article_modified_time":"2022-07-29T14:42:56+00:00","og_image":[{"width":710,"height":677,"url":"https:\/\/lepoint-actu.tg\/wp-content\/uploads\/2022\/07\/Faure-Gnassingbe-Togo-2020-1.jpg","type":"image\/jpeg"}],"author":"La Redaction","twitter_card":"summary_large_image","twitter_misc":{"\u00c9crit par":"La Redaction","Dur\u00e9e de lecture estim\u00e9e":"1 minute"},"schema":{"@context":"https:\/\/schema.org","@graph":[{"@type":"WebPage","@id":"https:\/\/lepoint-actu.tg\/index.php\/2022\/07\/29\/togo-faure-gnassingbe-va-discuter-avec-ses-opposants\/","url":"https:\/\/lepoint-actu.tg\/index.php\/2022\/07\/29\/togo-faure-gnassingbe-va-discuter-avec-ses-opposants\/","name":"Togo: Faure Gnassingb\u00e9 va discuter avec ses opposants -","isPartOf":{"@id":"https:\/\/lepoint-actu.tg\/#website"},"primaryImageOfPage":{"@id":"https:\/\/lepoint-actu.tg\/index.php\/2022\/07\/29\/togo-faure-gnassingbe-va-discuter-avec-ses-opposants\/#primaryimage"},"image":{"@id":"https:\/\/lepoint-actu.tg\/index.php\/2022\/07\/29\/togo-faure-gnassingbe-va-discuter-avec-ses-opposants\/#primaryimage"},"thumbnailUrl":"https:\/\/lepoint-actu.tg\/wp-content\/uploads\/2022\/07\/Faure-Gnassingbe-Togo-2020-1.jpg","datePublished":"2022-07-29T14:42:55+00:00","dateModified":"2022-07-29T14:42:56+00:00","author":{"@id":"https:\/\/lepoint-actu.tg\/#\/schema\/person\/e4026d66cbdc205cab83e169ab7eaca1"},"breadcrumb":{"@id":"https:\/\/lepoint-actu.tg\/index.php\/2022\/07\/29\/togo-faure-gnassingbe-va-discuter-avec-ses-opposants\/#breadcrumb"},"inLanguage":"fr-FR","potentialAction":[{"@type":"ReadAction","target":["https:\/\/lepoint-actu.tg\/index.php\/2022\/07\/29\/togo-faure-gnassingbe-va-discuter-avec-ses-opposants\/"]}]},{"@type":"ImageObject","inLanguage":"fr-FR","@id":"https:\/\/lepoint-actu.tg\/index.php\/2022\/07\/29\/togo-faure-gnassingbe-va-discuter-avec-ses-opposants\/#primaryimage","url":"https:\/\/lepoint-actu.tg\/wp-content\/uploads\/2022\/07\/Faure-Gnassingbe-Togo-2020-1.jpg","contentUrl":"https:\/\/lepoint-actu.tg\/wp-content\/uploads\/2022\/07\/Faure-Gnassingbe-Togo-2020-1.jpg","width":710,"height":677},{"@type":"BreadcrumbList","@id":"https:\/\/lepoint-actu.tg\/index.php\/2022\/07\/29\/togo-faure-gnassingbe-va-discuter-avec-ses-opposants\/#breadcrumb","itemListElement":[{"@type":"ListItem","position":1,"name":"Accueil","item":"https:\/\/lepoint-actu.tg\/"},{"@type":"ListItem","position":2,"name":"Togo: Faure Gnassingb\u00e9 va discuter avec ses opposants"}]},{"@type":"WebSite","@id":"https:\/\/lepoint-actu.tg\/#website","url":"https:\/\/lepoint-actu.tg\/","name":"","description":"R\u00e9c\u00e9piss\u00e9 N\u00b00022\/HAAC\/12-2020\/pL\/P, lepointactu07@gmail.com","potentialAction":[{"@type":"SearchAction","target":{"@type":"EntryPoint","urlTemplate":"https:\/\/lepoint-actu.tg\/?s={search_term_string}"},"query-input":{"@type":"PropertyValueSpecification","valueRequired":true,"valueName":"search_term_string"}}],"inLanguage":"fr-FR"},{"@type":"Person","@id":"https:\/\/lepoint-actu.tg\/#\/schema\/person\/e4026d66cbdc205cab83e169ab7eaca1","name":"La Redaction","image":{"@type":"ImageObject","inLanguage":"fr-FR","@id":"https:\/\/lepoint-actu.tg\/#\/schema\/person\/image\/","url":"https:\/\/secure.gravatar.com\/avatar\/1682a0ff7e2c36efa51c5d262eea092000ec1ce420118e6261440956730308c2?s=96&d=mm&r=g","contentUrl":"https:\/\/secure.gravatar.com\/avatar\/1682a0ff7e2c36efa51c5d262eea092000ec1ce420118e6261440956730308c2?s=96&d=mm&r=g","caption":"La Redaction"},"url":"https:\/\/lepoint-actu.tg\/index.php\/author\/raymondsama\/"}]}},"_links":{"self":[{"href":"https:\/\/lepoint-actu.tg\/index.php\/wp-json\/wp\/v2\/posts\/341","targetHints":{"allow":["GET"]}}],"collection":[{"href":"https:\/\/lepoint-actu.tg\/index.php\/wp-json\/wp\/v2\/posts"}],"about":[{"href":"https:\/\/lepoint-actu.tg\/index.php\/wp-json\/wp\/v2\/types\/post"}],"author":[{"embeddable":true,"href":"https:\/\/lepoint-actu.tg\/index.php\/wp-json\/wp\/v2\/users\/2"}],"replies":[{"embeddable":true,"href":"https:\/\/lepoint-actu.tg\/index.php\/wp-json\/wp\/v2\/comments?post=341"}],"version-history":[{"count":1,"href":"https:\/\/lepoint-actu.tg\/index.php\/wp-json\/wp\/v2\/posts\/341\/revisions"}],"predecessor-version":[{"id":343,"href":"https:\/\/lepoint-actu.tg\/index.php\/wp-json\/wp\/v2\/posts\/341\/revisions\/343"}],"wp:featuredmedia":[{"embeddable":true,"href":"https:\/\/lepoint-actu.tg\/index.php\/wp-json\/wp\/v2\/media\/342"}],"wp:attachment":[{"href":"https:\/\/lepoint-actu.tg\/index.php\/wp-json\/wp\/v2\/media?parent=341"}],"wp:term":[{"taxonomy":"category","embeddable":true,"href":"https:\/\/lepoint-actu.tg\/index.php\/wp-json\/wp\/v2\/categories?post=341"},{"taxonomy":"post_tag","embeddable":true,"href":"https:\/\/lepoint-actu.tg\/index.php\/wp-json\/wp\/v2\/tags?post=341"}],"curies":[{"name":"wp","href":"https:\/\/api.w.org\/{rel}","templated":true}]}}