{"id":344,"date":"2022-08-03T20:04:45","date_gmt":"2022-08-03T20:04:45","guid":{"rendered":"https:\/\/lepoint-actu.tg\/?p=344"},"modified":"2022-08-03T20:04:46","modified_gmt":"2022-08-03T20:04:46","slug":"un-message-du-president-faure-gnassingbe-a-son-homologue-tchadien-livre-par-le-ministre-dussey-ce-mercredi","status":"publish","type":"post","link":"https:\/\/lepoint-actu.tg\/index.php\/2022\/08\/03\/un-message-du-president-faure-gnassingbe-a-son-homologue-tchadien-livre-par-le-ministre-dussey-ce-mercredi\/","title":{"rendered":"Un message du Pr\u00e9sident Faure Gnassingb\u00e9 \u00e0 son homologue tchadien livr\u00e9 par le ministre Dussey ce mercredi"},"content":{"rendered":"\n<p><\/p>\n\n\n\n<p>Le chef de la diplomatie togolaise \u00e9tait \u00e0 Ndjamena ce mercredi o\u00f9 il a \u00e9t\u00e9 re\u00e7u par le Chef de l\u2019\u00c9tat, le G\u00e9n\u00e9ral Mahamat Idriss Deby Itno.<\/p>\n\n\n\n<p>Robert Dussey \u00e9tait porteur d\u2019un message de Faure Gnassingb\u00e9, pr\u00e9sident de la R\u00e9publique Togolaise.<\/p>\n\n\n\n<p>Cette rencontre intervient \u00e0 l\u2019approche de la date du dialogue national inclusif au Tchad, qui \u00e9tait d\u00e9j\u00e0 report\u00e9 en Mai dernier pour permettre aux n\u00e9gociations \u00e0 Doha au Qatar avec les politico-militaires de d\u00e9boucher sur un accord.<\/p>\n\n\n\n<p>\u00ab Le Togo est toujours aux c\u00f4t\u00e9s du peuple tchadien pour la paix \u00bb, a indiqu\u00e9 Robert Dussey.<\/p>\n\n\n\n<p><strong><em>Ali Legrand <\/em><\/strong><\/p>\n","protected":false},"excerpt":{"rendered":"<p>Le chef de la diplomatie togolaise \u00e9tait \u00e0 Ndjamena ce mercredi o\u00f9 il a \u00e9t\u00e9 re\u00e7u par le Chef de<\/p>\n","protected":false},"author":2,"featured_media":345,"comment_status":"open","ping_status":"closed","sticky":false,"template":"","format":"standard","meta":{"footnotes":""},"categories":[5],"tags":[],"class_list":["post-344","post","type-post","status-publish","format-standard","has-post-thumbnail","hentry","category-diplomatie"],"yoast_head":"<!-- This site is optimized with the Yoast SEO plugin v23.9 - https:\/\/yoast.com\/wordpress\/plugins\/seo\/ -->\n<title>Un message du Pr\u00e9sident Faure Gnassingb\u00e9 \u00e0 son homologue tchadien livr\u00e9 par le ministre Dussey ce mercredi -<\/title>\n<meta name=\"robots\" content=\"index, follow, max-snippet:-1, max-image-preview:large, max-video-preview:-1\" \/>\n<link rel=\"canonical\" href=\"https:\/\/lepoint-actu.tg\/index.php\/2022\/08\/03\/un-message-du-president-faure-gnassingbe-a-son-homologue-tchadien-livre-par-le-ministre-dussey-ce-mercredi\/\" \/>\n<meta property=\"og:locale\" content=\"fr_FR\" \/>\n<meta property=\"og:type\" content=\"article\" \/>\n<meta property=\"og:title\" content=\"Un message du Pr\u00e9sident Faure Gnassingb\u00e9 \u00e0 son homologue tchadien livr\u00e9 par le ministre Dussey ce mercredi -\" \/>\n<meta property=\"og:description\" content=\"Le chef de la diplomatie togolaise \u00e9tait \u00e0 Ndjamena ce mercredi o\u00f9 il a \u00e9t\u00e9 re\u00e7u par le Chef de\" \/>\n<meta property=\"og:url\" content=\"https:\/\/lepoint-actu.tg\/index.php\/2022\/08\/03\/un-message-du-president-faure-gnassingbe-a-son-homologue-tchadien-livre-par-le-ministre-dussey-ce-mercredi\/\" \/>\n<meta property=\"article:published_time\" content=\"2022-08-03T20:04:45+00:00\" \/>\n<meta property=\"article:modified_time\" content=\"2022-08-03T20:04:46+00:00\" \/>\n<meta property=\"og:image\" content=\"https:\/\/lepoint-actu.tg\/wp-content\/uploads\/2022\/08\/20220803_193450-750x430-1.jpg\" \/>\n\t<meta property=\"og:image:width\" content=\"750\" \/>\n\t<meta property=\"og:image:height\" content=\"430\" \/>\n\t<meta property=\"og:image:type\" content=\"image\/jpeg\" \/>\n<meta name=\"author\" content=\"La Redaction\" \/>\n<meta name=\"twitter:card\" content=\"summary_large_image\" \/>\n<meta name=\"twitter:label1\" content=\"\u00c9crit par\" \/>\n\t<meta name=\"twitter:data1\" content=\"La Redaction\" \/>\n\t<meta name=\"twitter:label2\" content=\"Dur\u00e9e de lecture estim\u00e9e\" \/>\n\t<meta name=\"twitter:data2\" content=\"1 minute\" \/>\n<script type=\"application\/ld+json\" class=\"yoast-schema-graph\">{\"@context\":\"https:\/\/schema.org\",\"@graph\":[{\"@type\":\"WebPage\",\"@id\":\"https:\/\/lepoint-actu.tg\/index.php\/2022\/08\/03\/un-message-du-president-faure-gnassingbe-a-son-homologue-tchadien-livre-par-le-ministre-dussey-ce-mercredi\/\",\"url\":\"https:\/\/lepoint-actu.tg\/index.php\/2022\/08\/03\/un-message-du-president-faure-gnassingbe-a-son-homologue-tchadien-livre-par-le-ministre-dussey-ce-mercredi\/\",\"name\":\"Un message du Pr\u00e9sident Faure Gnassingb\u00e9 \u00e0 son homologue tchadien livr\u00e9 par le ministre Dussey ce mercredi -\",\"isPartOf\":{\"@id\":\"https:\/\/lepoint-actu.tg\/#website\"},\"primaryImageOfPage\":{\"@id\":\"https:\/\/lepoint-actu.tg\/index.php\/2022\/08\/03\/un-message-du-president-faure-gnassingbe-a-son-homologue-tchadien-livre-par-le-ministre-dussey-ce-mercredi\/#primaryimage\"},\"image\":{\"@id\":\"https:\/\/lepoint-actu.tg\/index.php\/2022\/08\/03\/un-message-du-president-faure-gnassingbe-a-son-homologue-tchadien-livre-par-le-ministre-dussey-ce-mercredi\/#primaryimage\"},\"thumbnailUrl\":\"https:\/\/lepoint-actu.tg\/wp-content\/uploads\/2022\/08\/20220803_193450-750x430-1.jpg\",\"datePublished\":\"2022-08-03T20:04:45+00:00\",\"dateModified\":\"2022-08-03T20:04:46+00:00\",\"author\":{\"@id\":\"https:\/\/lepoint-actu.tg\/#\/schema\/person\/e4026d66cbdc205cab83e169ab7eaca1\"},\"breadcrumb\":{\"@id\":\"https:\/\/lepoint-actu.tg\/index.php\/2022\/08\/03\/un-message-du-president-faure-gnassingbe-a-son-homologue-tchadien-livre-par-le-ministre-dussey-ce-mercredi\/#breadcrumb\"},\"inLanguage\":\"fr-FR\",\"potentialAction\":[{\"@type\":\"ReadAction\",\"target\":[\"https:\/\/lepoint-actu.tg\/index.php\/2022\/08\/03\/un-message-du-president-faure-gnassingbe-a-son-homologue-tchadien-livre-par-le-ministre-dussey-ce-mercredi\/\"]}]},{\"@type\":\"ImageObject\",\"inLanguage\":\"fr-FR\",\"@id\":\"https:\/\/lepoint-actu.tg\/index.php\/2022\/08\/03\/un-message-du-president-faure-gnassingbe-a-son-homologue-tchadien-livre-par-le-ministre-dussey-ce-mercredi\/#primaryimage\",\"url\":\"https:\/\/lepoint-actu.tg\/wp-content\/uploads\/2022\/08\/20220803_193450-750x430-1.jpg\",\"contentUrl\":\"https:\/\/lepoint-actu.tg\/wp-content\/uploads\/2022\/08\/20220803_193450-750x430-1.jpg\",\"width\":750,\"height\":430},{\"@type\":\"BreadcrumbList\",\"@id\":\"https:\/\/lepoint-actu.tg\/index.php\/2022\/08\/03\/un-message-du-president-faure-gnassingbe-a-son-homologue-tchadien-livre-par-le-ministre-dussey-ce-mercredi\/#breadcrumb\",\"itemListElement\":[{\"@type\":\"ListItem\",\"position\":1,\"name\":\"Accueil\",\"item\":\"https:\/\/lepoint-actu.tg\/\"},{\"@type\":\"ListItem\",\"position\":2,\"name\":\"Un message du Pr\u00e9sident Faure Gnassingb\u00e9 \u00e0 son homologue tchadien livr\u00e9 par le ministre Dussey ce mercredi\"}]},{\"@type\":\"WebSite\",\"@id\":\"https:\/\/lepoint-actu.tg\/#website\",\"url\":\"https:\/\/lepoint-actu.tg\/\",\"name\":\"\",\"description\":\"R\u00e9c\u00e9piss\u00e9 N\u00b00022\/HAAC\/12-2020\/pL\/P, lepointactu07@gmail.com\",\"potentialAction\":[{\"@type\":\"SearchAction\",\"target\":{\"@type\":\"EntryPoint\",\"urlTemplate\":\"https:\/\/lepoint-actu.tg\/?s={search_term_string}\"},\"query-input\":{\"@type\":\"PropertyValueSpecification\",\"valueRequired\":true,\"valueName\":\"search_term_string\"}}],\"inLanguage\":\"fr-FR\"},{\"@type\":\"Person\",\"@id\":\"https:\/\/lepoint-actu.tg\/#\/schema\/person\/e4026d66cbdc205cab83e169ab7eaca1\",\"name\":\"La Redaction\",\"image\":{\"@type\":\"ImageObject\",\"inLanguage\":\"fr-FR\",\"@id\":\"https:\/\/lepoint-actu.tg\/#\/schema\/person\/image\/\",\"url\":\"https:\/\/secure.gravatar.com\/avatar\/1682a0ff7e2c36efa51c5d262eea092000ec1ce420118e6261440956730308c2?s=96&d=mm&r=g\",\"contentUrl\":\"https:\/\/secure.gravatar.com\/avatar\/1682a0ff7e2c36efa51c5d262eea092000ec1ce420118e6261440956730308c2?s=96&d=mm&r=g\",\"caption\":\"La Redaction\"},\"url\":\"https:\/\/lepoint-actu.tg\/index.php\/author\/raymondsama\/\"}]}<\/script>\n<!-- \/ Yoast SEO plugin. -->","yoast_head_json":{"title":"Un message du Pr\u00e9sident Faure Gnassingb\u00e9 \u00e0 son homologue tchadien livr\u00e9 par le ministre Dussey ce mercredi -","robots":{"index":"index","follow":"follow","max-snippet":"max-snippet:-1","max-image-preview":"max-image-preview:large","max-video-preview":"max-video-preview:-1"},"canonical":"https:\/\/lepoint-actu.tg\/index.php\/2022\/08\/03\/un-message-du-president-faure-gnassingbe-a-son-homologue-tchadien-livre-par-le-ministre-dussey-ce-mercredi\/","og_locale":"fr_FR","og_type":"article","og_title":"Un message du Pr\u00e9sident Faure Gnassingb\u00e9 \u00e0 son homologue tchadien livr\u00e9 par le ministre Dussey ce mercredi -","og_description":"Le chef de la diplomatie togolaise \u00e9tait \u00e0 Ndjamena ce mercredi o\u00f9 il a \u00e9t\u00e9 re\u00e7u par le Chef de","og_url":"https:\/\/lepoint-actu.tg\/index.php\/2022\/08\/03\/un-message-du-president-faure-gnassingbe-a-son-homologue-tchadien-livre-par-le-ministre-dussey-ce-mercredi\/","article_published_time":"2022-08-03T20:04:45+00:00","article_modified_time":"2022-08-03T20:04:46+00:00","og_image":[{"width":750,"height":430,"url":"https:\/\/lepoint-actu.tg\/wp-content\/uploads\/2022\/08\/20220803_193450-750x430-1.jpg","type":"image\/jpeg"}],"author":"La Redaction","twitter_card":"summary_large_image","twitter_misc":{"\u00c9crit par":"La Redaction","Dur\u00e9e de lecture estim\u00e9e":"1 minute"},"schema":{"@context":"https:\/\/schema.org","@graph":[{"@type":"WebPage","@id":"https:\/\/lepoint-actu.tg\/index.php\/2022\/08\/03\/un-message-du-president-faure-gnassingbe-a-son-homologue-tchadien-livre-par-le-ministre-dussey-ce-mercredi\/","url":"https:\/\/lepoint-actu.tg\/index.php\/2022\/08\/03\/un-message-du-president-faure-gnassingbe-a-son-homologue-tchadien-livre-par-le-ministre-dussey-ce-mercredi\/","name":"Un message du Pr\u00e9sident Faure Gnassingb\u00e9 \u00e0 son homologue tchadien livr\u00e9 par le ministre Dussey ce mercredi -","isPartOf":{"@id":"https:\/\/lepoint-actu.tg\/#website"},"primaryImageOfPage":{"@id":"https:\/\/lepoint-actu.tg\/index.php\/2022\/08\/03\/un-message-du-president-faure-gnassingbe-a-son-homologue-tchadien-livre-par-le-ministre-dussey-ce-mercredi\/#primaryimage"},"image":{"@id":"https:\/\/lepoint-actu.tg\/index.php\/2022\/08\/03\/un-message-du-president-faure-gnassingbe-a-son-homologue-tchadien-livre-par-le-ministre-dussey-ce-mercredi\/#primaryimage"},"thumbnailUrl":"https:\/\/lepoint-actu.tg\/wp-content\/uploads\/2022\/08\/20220803_193450-750x430-1.jpg","datePublished":"2022-08-03T20:04:45+00:00","dateModified":"2022-08-03T20:04:46+00:00","author":{"@id":"https:\/\/lepoint-actu.tg\/#\/schema\/person\/e4026d66cbdc205cab83e169ab7eaca1"},"breadcrumb":{"@id":"https:\/\/lepoint-actu.tg\/index.php\/2022\/08\/03\/un-message-du-president-faure-gnassingbe-a-son-homologue-tchadien-livre-par-le-ministre-dussey-ce-mercredi\/#breadcrumb"},"inLanguage":"fr-FR","potentialAction":[{"@type":"ReadAction","target":["https:\/\/lepoint-actu.tg\/index.php\/2022\/08\/03\/un-message-du-president-faure-gnassingbe-a-son-homologue-tchadien-livre-par-le-ministre-dussey-ce-mercredi\/"]}]},{"@type":"ImageObject","inLanguage":"fr-FR","@id":"https:\/\/lepoint-actu.tg\/index.php\/2022\/08\/03\/un-message-du-president-faure-gnassingbe-a-son-homologue-tchadien-livre-par-le-ministre-dussey-ce-mercredi\/#primaryimage","url":"https:\/\/lepoint-actu.tg\/wp-content\/uploads\/2022\/08\/20220803_193450-750x430-1.jpg","contentUrl":"https:\/\/lepoint-actu.tg\/wp-content\/uploads\/2022\/08\/20220803_193450-750x430-1.jpg","width":750,"height":430},{"@type":"BreadcrumbList","@id":"https:\/\/lepoint-actu.tg\/index.php\/2022\/08\/03\/un-message-du-president-faure-gnassingbe-a-son-homologue-tchadien-livre-par-le-ministre-dussey-ce-mercredi\/#breadcrumb","itemListElement":[{"@type":"ListItem","position":1,"name":"Accueil","item":"https:\/\/lepoint-actu.tg\/"},{"@type":"ListItem","position":2,"name":"Un message du Pr\u00e9sident Faure Gnassingb\u00e9 \u00e0 son homologue tchadien livr\u00e9 par le ministre Dussey ce mercredi"}]},{"@type":"WebSite","@id":"https:\/\/lepoint-actu.tg\/#website","url":"https:\/\/lepoint-actu.tg\/","name":"","description":"R\u00e9c\u00e9piss\u00e9 N\u00b00022\/HAAC\/12-2020\/pL\/P, lepointactu07@gmail.com","potentialAction":[{"@type":"SearchAction","target":{"@type":"EntryPoint","urlTemplate":"https:\/\/lepoint-actu.tg\/?s={search_term_string}"},"query-input":{"@type":"PropertyValueSpecification","valueRequired":true,"valueName":"search_term_string"}}],"inLanguage":"fr-FR"},{"@type":"Person","@id":"https:\/\/lepoint-actu.tg\/#\/schema\/person\/e4026d66cbdc205cab83e169ab7eaca1","name":"La Redaction","image":{"@type":"ImageObject","inLanguage":"fr-FR","@id":"https:\/\/lepoint-actu.tg\/#\/schema\/person\/image\/","url":"https:\/\/secure.gravatar.com\/avatar\/1682a0ff7e2c36efa51c5d262eea092000ec1ce420118e6261440956730308c2?s=96&d=mm&r=g","contentUrl":"https:\/\/secure.gravatar.com\/avatar\/1682a0ff7e2c36efa51c5d262eea092000ec1ce420118e6261440956730308c2?s=96&d=mm&r=g","caption":"La Redaction"},"url":"https:\/\/lepoint-actu.tg\/index.php\/author\/raymondsama\/"}]}},"_links":{"self":[{"href":"https:\/\/lepoint-actu.tg\/index.php\/wp-json\/wp\/v2\/posts\/344","targetHints":{"allow":["GET"]}}],"collection":[{"href":"https:\/\/lepoint-actu.tg\/index.php\/wp-json\/wp\/v2\/posts"}],"about":[{"href":"https:\/\/lepoint-actu.tg\/index.php\/wp-json\/wp\/v2\/types\/post"}],"author":[{"embeddable":true,"href":"https:\/\/lepoint-actu.tg\/index.php\/wp-json\/wp\/v2\/users\/2"}],"replies":[{"embeddable":true,"href":"https:\/\/lepoint-actu.tg\/index.php\/wp-json\/wp\/v2\/comments?post=344"}],"version-history":[{"count":1,"href":"https:\/\/lepoint-actu.tg\/index.php\/wp-json\/wp\/v2\/posts\/344\/revisions"}],"predecessor-version":[{"id":346,"href":"https:\/\/lepoint-actu.tg\/index.php\/wp-json\/wp\/v2\/posts\/344\/revisions\/346"}],"wp:featuredmedia":[{"embeddable":true,"href":"https:\/\/lepoint-actu.tg\/index.php\/wp-json\/wp\/v2\/media\/345"}],"wp:attachment":[{"href":"https:\/\/lepoint-actu.tg\/index.php\/wp-json\/wp\/v2\/media?parent=344"}],"wp:term":[{"taxonomy":"category","embeddable":true,"href":"https:\/\/lepoint-actu.tg\/index.php\/wp-json\/wp\/v2\/categories?post=344"},{"taxonomy":"post_tag","embeddable":true,"href":"https:\/\/lepoint-actu.tg\/index.php\/wp-json\/wp\/v2\/tags?post=344"}],"curies":[{"name":"wp","href":"https:\/\/api.w.org\/{rel}","templated":true}]}}