{"id":3449,"date":"2024-05-25T14:39:36","date_gmt":"2024-05-25T14:39:36","guid":{"rendered":"https:\/\/lepoint-actu.tg\/?p=3449"},"modified":"2024-05-26T14:46:43","modified_gmt":"2024-05-26T14:46:43","slug":"a-lome-le-ministre-de-la-securite-sur-le-terrain-apres-la-pluie","status":"publish","type":"post","link":"https:\/\/lepoint-actu.tg\/index.php\/2024\/05\/25\/a-lome-le-ministre-de-la-securite-sur-le-terrain-apres-la-pluie\/","title":{"rendered":"A Lom\u00e9\u00a0: Le ministre de la s\u00e9curit\u00e9 sur le terrain apr\u00e8s la pluie"},"content":{"rendered":"\n<p><br>Plusieurs localit\u00e9s inond\u00e9es, des populations dans le d\u00e9sarroi dans le Grand Lom\u00e9 apr\u00e8s la pluie de samedi matin. Le ministre de la s\u00e9curit\u00e9 et de la protection civile, Calixte Madjoulba est all\u00e9 faire le tour pour \u00e9valuer la situation et mieux agir les services \u00e0 la base pour que des mesures urgentes puissent \u00eatre prises pour venir en aide aux sinistr\u00e9s.<br>Dans sa tourn\u00e9e de constat, le ministre de la s\u00e9curit\u00e9 et de la protection civile \u00e9tait accompagn\u00e9 du maire de la commune Ago\u00e8 Nyiv\u00e9 1, Kovi Adanbounou, du directeur g\u00e9n\u00e9ral de l\u2019Agence nationale de la protection civile, (ANPC), Baka Yoma, des techniciens de l\u2019ANPC, de l\u2019Assainissement et de l\u2019Agence nationale de salubrit\u00e9 publique (ANASAP).<\/p>\n\n\n\n<figure class=\"wp-block-image size-full\"><img loading=\"lazy\" decoding=\"async\" width=\"597\" height=\"464\" src=\"https:\/\/lepoint-actu.tg\/wp-content\/uploads\/2024\/05\/Screenshot_20240526-130152_1-1.jpg\" alt=\"\" class=\"wp-image-3451\" srcset=\"https:\/\/lepoint-actu.tg\/wp-content\/uploads\/2024\/05\/Screenshot_20240526-130152_1-1.jpg 597w, https:\/\/lepoint-actu.tg\/wp-content\/uploads\/2024\/05\/Screenshot_20240526-130152_1-1-300x233.jpg 300w\" sizes=\"auto, (max-width: 597px) 100vw, 597px\" \/><\/figure>\n\n\n\n<p>L\u2019on informe que \u00ab dans la plupart des cas, les communes de Golfe 5, 7 et Ago\u00e8 Nyiv\u00e9 4 sont les plus impact\u00e9es&nbsp;\u00bb. \u00ab&nbsp;Les eaux vont se retirer apr\u00e8s le temps d\u2019\u00e9coulement de celles-ci. Pas de bless\u00e9 ni de perte en vie humaine \u00bb, rassure-t-on.<br><strong>Des cas d\u2019inondation r\u00e9currents<\/strong><br>Lom\u00e9 est en proie aux inondations depuis ces derni\u00e8res ann\u00e9es et le gouvernement doit agir fort avec efficacit\u00e9. Apr\u00e8s la pluie de samedi 25 mai 2024, plusieurs localit\u00e9s sont encore inond\u00e9es dans le Grand Lom\u00e9 et ses environs. Il s\u2019agit, selon l\u2019ANPC, d\u2019Ago\u00e8 carrefour 2 lions, Fidokpui, Aguiakom\u00e9, L\u00e9o 2000, Yoko\u00e8, S\u00e9gb\u00e9, Ago\u00e8 carrefour Margot, Vakpossito, Kotokoli-Zongo, Haoussa-zongo, Sivedo, Zilidji Baragoukop\u00e9, Atsanv\u00e9, Alinka, Bernard kop\u00e9, Ago\u00e8-Nyiv\u00e9, Towouganou, Dikame, Togbl\u00e9 kop\u00e9, Av\u00e9dji Wessom\u00e9, Akodessewa Kponou et Djagbl\u00e9. Les bassins de 2 loins, L\u00e9o 2000, S\u00e9gb\u00e9, Cam\u00e9lon, Gb\u00e9z\u00e9 et 13 Janvier sont remplis et d\u00e9bord\u00e9s aussi. Des march\u00e9s ne sont pas \u00e9pargn\u00e9s et l\u2019on signale que plusieurs march\u00e9s et \u00e9coles sont \u00e9galement impact\u00e9s. Il en est ainsi du march\u00e9 Ago\u00e8-Assiy\u00e9y\u00e9, Adidogom\u00e9, H\u00e9dzranawo\u00e9, Ago\u00e8 Zongo, celui des b\u00e9tail de Haoussa zongo, Fidoukpoui, Awatam\u00e9 et Akodessewa.<br>L\u2019EPP Akoin, EPP Haoussa Zongo, CEG Haoussa, EPP Kotokoli, CEG Dikam\u00e9, CEG Fidoukpoui, EPP Awatam\u00e9, EPP Wougom\u00e9, EPP Yoko\u0117 kop\u00e9gan et EPP 13 Janvier sont les \u00e9tablissements scolaires concern\u00e9s.<br><strong>Mesures prises<\/strong><br>Les mesures prises sont, entre autres, le d\u00e9clenchement du syst\u00e8me de pompage des eaux, de la saisine de la Direction des services routiers (DSR) pour la r\u00e9gulation de la circulation et de la police pour la s\u00e9curisation des zones inond\u00e9es, la coordination avec les services techniques des mairies pour la remont\u00e9e des informations et la poursuite de la surveillance et de l\u2019\u00e9valuation.<br>La politique d\u2019urbanisation et d\u2019assainissement est \u00e0 revoir, selon plusieurs acteurs.<\/p>\n\n\n\n<p><strong><em>Ali Legrand <\/em><\/strong><\/p>\n","protected":false},"excerpt":{"rendered":"<p>Plusieurs localit\u00e9s inond\u00e9es, des populations dans le d\u00e9sarroi dans le Grand Lom\u00e9 apr\u00e8s la pluie de samedi matin. Le ministre<\/p>\n","protected":false},"author":2,"featured_media":3450,"comment_status":"open","ping_status":"closed","sticky":false,"template":"","format":"standard","meta":{"footnotes":""},"categories":[6],"tags":[],"class_list":["post-3449","post","type-post","status-publish","format-standard","has-post-thumbnail","hentry","category-environnement"],"yoast_head":"<!-- This site is optimized with the Yoast SEO plugin v23.9 - https:\/\/yoast.com\/wordpress\/plugins\/seo\/ -->\n<title>A Lom\u00e9\u00a0: Le ministre de la s\u00e9curit\u00e9 sur le terrain apr\u00e8s la pluie -<\/title>\n<meta name=\"robots\" content=\"index, follow, max-snippet:-1, max-image-preview:large, max-video-preview:-1\" \/>\n<link rel=\"canonical\" href=\"https:\/\/lepoint-actu.tg\/index.php\/2024\/05\/25\/a-lome-le-ministre-de-la-securite-sur-le-terrain-apres-la-pluie\/\" \/>\n<meta property=\"og:locale\" content=\"fr_FR\" \/>\n<meta property=\"og:type\" content=\"article\" \/>\n<meta property=\"og:title\" content=\"A Lom\u00e9\u00a0: Le ministre de la s\u00e9curit\u00e9 sur le terrain apr\u00e8s la pluie -\" \/>\n<meta property=\"og:description\" content=\"Plusieurs localit\u00e9s inond\u00e9es, des populations dans le d\u00e9sarroi dans le Grand Lom\u00e9 apr\u00e8s la pluie de samedi matin. Le ministre\" \/>\n<meta property=\"og:url\" content=\"https:\/\/lepoint-actu.tg\/index.php\/2024\/05\/25\/a-lome-le-ministre-de-la-securite-sur-le-terrain-apres-la-pluie\/\" \/>\n<meta property=\"article:published_time\" content=\"2024-05-25T14:39:36+00:00\" \/>\n<meta property=\"article:modified_time\" content=\"2024-05-26T14:46:43+00:00\" \/>\n<meta property=\"og:image\" content=\"https:\/\/lepoint-actu.tg\/wp-content\/uploads\/2024\/05\/Screenshot_20240526-130152_1.jpg\" \/>\n\t<meta property=\"og:image:width\" content=\"597\" \/>\n\t<meta property=\"og:image:height\" content=\"464\" \/>\n\t<meta property=\"og:image:type\" content=\"image\/jpeg\" \/>\n<meta name=\"author\" content=\"La Redaction\" \/>\n<meta name=\"twitter:card\" content=\"summary_large_image\" \/>\n<meta name=\"twitter:label1\" content=\"\u00c9crit par\" \/>\n\t<meta name=\"twitter:data1\" content=\"La Redaction\" \/>\n\t<meta name=\"twitter:label2\" content=\"Dur\u00e9e de lecture estim\u00e9e\" \/>\n\t<meta name=\"twitter:data2\" content=\"2 minutes\" \/>\n<script type=\"application\/ld+json\" class=\"yoast-schema-graph\">{\"@context\":\"https:\/\/schema.org\",\"@graph\":[{\"@type\":\"WebPage\",\"@id\":\"https:\/\/lepoint-actu.tg\/index.php\/2024\/05\/25\/a-lome-le-ministre-de-la-securite-sur-le-terrain-apres-la-pluie\/\",\"url\":\"https:\/\/lepoint-actu.tg\/index.php\/2024\/05\/25\/a-lome-le-ministre-de-la-securite-sur-le-terrain-apres-la-pluie\/\",\"name\":\"A Lom\u00e9\u00a0: Le ministre de la s\u00e9curit\u00e9 sur le terrain apr\u00e8s la pluie -\",\"isPartOf\":{\"@id\":\"https:\/\/lepoint-actu.tg\/#website\"},\"primaryImageOfPage\":{\"@id\":\"https:\/\/lepoint-actu.tg\/index.php\/2024\/05\/25\/a-lome-le-ministre-de-la-securite-sur-le-terrain-apres-la-pluie\/#primaryimage\"},\"image\":{\"@id\":\"https:\/\/lepoint-actu.tg\/index.php\/2024\/05\/25\/a-lome-le-ministre-de-la-securite-sur-le-terrain-apres-la-pluie\/#primaryimage\"},\"thumbnailUrl\":\"https:\/\/lepoint-actu.tg\/wp-content\/uploads\/2024\/05\/Screenshot_20240526-130152_1.jpg\",\"datePublished\":\"2024-05-25T14:39:36+00:00\",\"dateModified\":\"2024-05-26T14:46:43+00:00\",\"author\":{\"@id\":\"https:\/\/lepoint-actu.tg\/#\/schema\/person\/e4026d66cbdc205cab83e169ab7eaca1\"},\"breadcrumb\":{\"@id\":\"https:\/\/lepoint-actu.tg\/index.php\/2024\/05\/25\/a-lome-le-ministre-de-la-securite-sur-le-terrain-apres-la-pluie\/#breadcrumb\"},\"inLanguage\":\"fr-FR\",\"potentialAction\":[{\"@type\":\"ReadAction\",\"target\":[\"https:\/\/lepoint-actu.tg\/index.php\/2024\/05\/25\/a-lome-le-ministre-de-la-securite-sur-le-terrain-apres-la-pluie\/\"]}]},{\"@type\":\"ImageObject\",\"inLanguage\":\"fr-FR\",\"@id\":\"https:\/\/lepoint-actu.tg\/index.php\/2024\/05\/25\/a-lome-le-ministre-de-la-securite-sur-le-terrain-apres-la-pluie\/#primaryimage\",\"url\":\"https:\/\/lepoint-actu.tg\/wp-content\/uploads\/2024\/05\/Screenshot_20240526-130152_1.jpg\",\"contentUrl\":\"https:\/\/lepoint-actu.tg\/wp-content\/uploads\/2024\/05\/Screenshot_20240526-130152_1.jpg\",\"width\":597,\"height\":464},{\"@type\":\"BreadcrumbList\",\"@id\":\"https:\/\/lepoint-actu.tg\/index.php\/2024\/05\/25\/a-lome-le-ministre-de-la-securite-sur-le-terrain-apres-la-pluie\/#breadcrumb\",\"itemListElement\":[{\"@type\":\"ListItem\",\"position\":1,\"name\":\"Accueil\",\"item\":\"https:\/\/lepoint-actu.tg\/\"},{\"@type\":\"ListItem\",\"position\":2,\"name\":\"A Lom\u00e9\u00a0: Le ministre de la s\u00e9curit\u00e9 sur le terrain apr\u00e8s la pluie\"}]},{\"@type\":\"WebSite\",\"@id\":\"https:\/\/lepoint-actu.tg\/#website\",\"url\":\"https:\/\/lepoint-actu.tg\/\",\"name\":\"\",\"description\":\"R\u00e9c\u00e9piss\u00e9 N\u00b00022\/HAAC\/12-2020\/pL\/P, lepointactu07@gmail.com\",\"potentialAction\":[{\"@type\":\"SearchAction\",\"target\":{\"@type\":\"EntryPoint\",\"urlTemplate\":\"https:\/\/lepoint-actu.tg\/?s={search_term_string}\"},\"query-input\":{\"@type\":\"PropertyValueSpecification\",\"valueRequired\":true,\"valueName\":\"search_term_string\"}}],\"inLanguage\":\"fr-FR\"},{\"@type\":\"Person\",\"@id\":\"https:\/\/lepoint-actu.tg\/#\/schema\/person\/e4026d66cbdc205cab83e169ab7eaca1\",\"name\":\"La Redaction\",\"image\":{\"@type\":\"ImageObject\",\"inLanguage\":\"fr-FR\",\"@id\":\"https:\/\/lepoint-actu.tg\/#\/schema\/person\/image\/\",\"url\":\"https:\/\/secure.gravatar.com\/avatar\/1682a0ff7e2c36efa51c5d262eea092000ec1ce420118e6261440956730308c2?s=96&d=mm&r=g\",\"contentUrl\":\"https:\/\/secure.gravatar.com\/avatar\/1682a0ff7e2c36efa51c5d262eea092000ec1ce420118e6261440956730308c2?s=96&d=mm&r=g\",\"caption\":\"La Redaction\"},\"url\":\"https:\/\/lepoint-actu.tg\/index.php\/author\/raymondsama\/\"}]}<\/script>\n<!-- \/ Yoast SEO plugin. -->","yoast_head_json":{"title":"A Lom\u00e9\u00a0: Le ministre de la s\u00e9curit\u00e9 sur le terrain apr\u00e8s la pluie -","robots":{"index":"index","follow":"follow","max-snippet":"max-snippet:-1","max-image-preview":"max-image-preview:large","max-video-preview":"max-video-preview:-1"},"canonical":"https:\/\/lepoint-actu.tg\/index.php\/2024\/05\/25\/a-lome-le-ministre-de-la-securite-sur-le-terrain-apres-la-pluie\/","og_locale":"fr_FR","og_type":"article","og_title":"A Lom\u00e9\u00a0: Le ministre de la s\u00e9curit\u00e9 sur le terrain apr\u00e8s la pluie -","og_description":"Plusieurs localit\u00e9s inond\u00e9es, des populations dans le d\u00e9sarroi dans le Grand Lom\u00e9 apr\u00e8s la pluie de samedi matin. Le ministre","og_url":"https:\/\/lepoint-actu.tg\/index.php\/2024\/05\/25\/a-lome-le-ministre-de-la-securite-sur-le-terrain-apres-la-pluie\/","article_published_time":"2024-05-25T14:39:36+00:00","article_modified_time":"2024-05-26T14:46:43+00:00","og_image":[{"width":597,"height":464,"url":"https:\/\/lepoint-actu.tg\/wp-content\/uploads\/2024\/05\/Screenshot_20240526-130152_1.jpg","type":"image\/jpeg"}],"author":"La Redaction","twitter_card":"summary_large_image","twitter_misc":{"\u00c9crit par":"La Redaction","Dur\u00e9e de lecture estim\u00e9e":"2 minutes"},"schema":{"@context":"https:\/\/schema.org","@graph":[{"@type":"WebPage","@id":"https:\/\/lepoint-actu.tg\/index.php\/2024\/05\/25\/a-lome-le-ministre-de-la-securite-sur-le-terrain-apres-la-pluie\/","url":"https:\/\/lepoint-actu.tg\/index.php\/2024\/05\/25\/a-lome-le-ministre-de-la-securite-sur-le-terrain-apres-la-pluie\/","name":"A Lom\u00e9\u00a0: Le ministre de la s\u00e9curit\u00e9 sur le terrain apr\u00e8s la pluie -","isPartOf":{"@id":"https:\/\/lepoint-actu.tg\/#website"},"primaryImageOfPage":{"@id":"https:\/\/lepoint-actu.tg\/index.php\/2024\/05\/25\/a-lome-le-ministre-de-la-securite-sur-le-terrain-apres-la-pluie\/#primaryimage"},"image":{"@id":"https:\/\/lepoint-actu.tg\/index.php\/2024\/05\/25\/a-lome-le-ministre-de-la-securite-sur-le-terrain-apres-la-pluie\/#primaryimage"},"thumbnailUrl":"https:\/\/lepoint-actu.tg\/wp-content\/uploads\/2024\/05\/Screenshot_20240526-130152_1.jpg","datePublished":"2024-05-25T14:39:36+00:00","dateModified":"2024-05-26T14:46:43+00:00","author":{"@id":"https:\/\/lepoint-actu.tg\/#\/schema\/person\/e4026d66cbdc205cab83e169ab7eaca1"},"breadcrumb":{"@id":"https:\/\/lepoint-actu.tg\/index.php\/2024\/05\/25\/a-lome-le-ministre-de-la-securite-sur-le-terrain-apres-la-pluie\/#breadcrumb"},"inLanguage":"fr-FR","potentialAction":[{"@type":"ReadAction","target":["https:\/\/lepoint-actu.tg\/index.php\/2024\/05\/25\/a-lome-le-ministre-de-la-securite-sur-le-terrain-apres-la-pluie\/"]}]},{"@type":"ImageObject","inLanguage":"fr-FR","@id":"https:\/\/lepoint-actu.tg\/index.php\/2024\/05\/25\/a-lome-le-ministre-de-la-securite-sur-le-terrain-apres-la-pluie\/#primaryimage","url":"https:\/\/lepoint-actu.tg\/wp-content\/uploads\/2024\/05\/Screenshot_20240526-130152_1.jpg","contentUrl":"https:\/\/lepoint-actu.tg\/wp-content\/uploads\/2024\/05\/Screenshot_20240526-130152_1.jpg","width":597,"height":464},{"@type":"BreadcrumbList","@id":"https:\/\/lepoint-actu.tg\/index.php\/2024\/05\/25\/a-lome-le-ministre-de-la-securite-sur-le-terrain-apres-la-pluie\/#breadcrumb","itemListElement":[{"@type":"ListItem","position":1,"name":"Accueil","item":"https:\/\/lepoint-actu.tg\/"},{"@type":"ListItem","position":2,"name":"A Lom\u00e9\u00a0: Le ministre de la s\u00e9curit\u00e9 sur le terrain apr\u00e8s la pluie"}]},{"@type":"WebSite","@id":"https:\/\/lepoint-actu.tg\/#website","url":"https:\/\/lepoint-actu.tg\/","name":"","description":"R\u00e9c\u00e9piss\u00e9 N\u00b00022\/HAAC\/12-2020\/pL\/P, lepointactu07@gmail.com","potentialAction":[{"@type":"SearchAction","target":{"@type":"EntryPoint","urlTemplate":"https:\/\/lepoint-actu.tg\/?s={search_term_string}"},"query-input":{"@type":"PropertyValueSpecification","valueRequired":true,"valueName":"search_term_string"}}],"inLanguage":"fr-FR"},{"@type":"Person","@id":"https:\/\/lepoint-actu.tg\/#\/schema\/person\/e4026d66cbdc205cab83e169ab7eaca1","name":"La Redaction","image":{"@type":"ImageObject","inLanguage":"fr-FR","@id":"https:\/\/lepoint-actu.tg\/#\/schema\/person\/image\/","url":"https:\/\/secure.gravatar.com\/avatar\/1682a0ff7e2c36efa51c5d262eea092000ec1ce420118e6261440956730308c2?s=96&d=mm&r=g","contentUrl":"https:\/\/secure.gravatar.com\/avatar\/1682a0ff7e2c36efa51c5d262eea092000ec1ce420118e6261440956730308c2?s=96&d=mm&r=g","caption":"La Redaction"},"url":"https:\/\/lepoint-actu.tg\/index.php\/author\/raymondsama\/"}]}},"_links":{"self":[{"href":"https:\/\/lepoint-actu.tg\/index.php\/wp-json\/wp\/v2\/posts\/3449","targetHints":{"allow":["GET"]}}],"collection":[{"href":"https:\/\/lepoint-actu.tg\/index.php\/wp-json\/wp\/v2\/posts"}],"about":[{"href":"https:\/\/lepoint-actu.tg\/index.php\/wp-json\/wp\/v2\/types\/post"}],"author":[{"embeddable":true,"href":"https:\/\/lepoint-actu.tg\/index.php\/wp-json\/wp\/v2\/users\/2"}],"replies":[{"embeddable":true,"href":"https:\/\/lepoint-actu.tg\/index.php\/wp-json\/wp\/v2\/comments?post=3449"}],"version-history":[{"count":2,"href":"https:\/\/lepoint-actu.tg\/index.php\/wp-json\/wp\/v2\/posts\/3449\/revisions"}],"predecessor-version":[{"id":3453,"href":"https:\/\/lepoint-actu.tg\/index.php\/wp-json\/wp\/v2\/posts\/3449\/revisions\/3453"}],"wp:featuredmedia":[{"embeddable":true,"href":"https:\/\/lepoint-actu.tg\/index.php\/wp-json\/wp\/v2\/media\/3450"}],"wp:attachment":[{"href":"https:\/\/lepoint-actu.tg\/index.php\/wp-json\/wp\/v2\/media?parent=3449"}],"wp:term":[{"taxonomy":"category","embeddable":true,"href":"https:\/\/lepoint-actu.tg\/index.php\/wp-json\/wp\/v2\/categories?post=3449"},{"taxonomy":"post_tag","embeddable":true,"href":"https:\/\/lepoint-actu.tg\/index.php\/wp-json\/wp\/v2\/tags?post=3449"}],"curies":[{"name":"wp","href":"https:\/\/api.w.org\/{rel}","templated":true}]}}