{"id":3467,"date":"2024-05-31T10:12:00","date_gmt":"2024-05-31T10:12:00","guid":{"rendered":"https:\/\/lepoint-actu.tg\/?p=3467"},"modified":"2024-06-01T10:14:25","modified_gmt":"2024-06-01T10:14:25","slug":"commune-agoe-nyive-1-compassions-du-maire-et-de-lensemble-du-conseil-municipal-aux-victimes-des-inondations","status":"publish","type":"post","link":"https:\/\/lepoint-actu.tg\/index.php\/2024\/05\/31\/commune-agoe-nyive-1-compassions-du-maire-et-de-lensemble-du-conseil-municipal-aux-victimes-des-inondations\/","title":{"rendered":"Commune Ago\u00e8-Nyiv\u00e9 1: Compassions du maire et de l&rsquo;ensemble du conseil municipal aux victimes des inondations"},"content":{"rendered":"\n<p><\/p>\n\n\n\n<p>Les inondations survenues le 25 mai dernier suite \u00e0 une grosse pluie ont touch\u00e9 plusieurs localit\u00e9s dont commune Ago\u00e8-Nyiv\u00e9 1 causant des d\u00e9g\u00e2ts. Le maire Kovi Ako\u00e9t\u00e9 Adanbounou de cette commune et tout le conseil municipal pr\u00e9sentent leurs compassions aux victimes et exhortent les populations \u00e0 la solidarit\u00e9 et \u00e0 une collaboration accrue avec les services techniques de la mairie et les acteurs du dispositif mis en place par l\u2019Etat.<br>\u00ab Tout en r\u00e9it\u00e9rant la n\u00e9cessit\u00e9 d\u2019observance absolue des mesures dict\u00e9es par les services de la protection civile, le Maire lance un appel ultime \u00e0 la cessation imm\u00e9diate des comportements inciviques qui impactent n\u00e9gativement le bon fonctionnement des ouvrages d\u2019assainissement disponibles et l\u2019image de la commune \u00bb, indiqu\u00e9 un communiqu\u00e9 de la mairie.<\/p>\n\n\n\n<figure class=\"wp-block-image size-full\"><img loading=\"lazy\" decoding=\"async\" width=\"720\" height=\"445\" src=\"https:\/\/lepoint-actu.tg\/wp-content\/uploads\/2024\/06\/FB_IMG_1716393563518-720x445-1.jpg\" alt=\"\" class=\"wp-image-3469\" srcset=\"https:\/\/lepoint-actu.tg\/wp-content\/uploads\/2024\/06\/FB_IMG_1716393563518-720x445-1.jpg 720w, https:\/\/lepoint-actu.tg\/wp-content\/uploads\/2024\/06\/FB_IMG_1716393563518-720x445-1-300x185.jpg 300w\" sizes=\"auto, (max-width: 720px) 100vw, 720px\" \/><\/figure>\n\n\n\n<p><br>Pour finir, le maire remercie le gouvernement pour sa r\u00e9activit\u00e9 et toutes les dispositions visant \u00e0 accompagner les communes et leurs administr\u00e9s face \u00e0 cette situation.<\/p>\n\n\n\n<p><strong><em>Jules T\u00e9t\u00e9<\/em><\/strong><\/p>\n","protected":false},"excerpt":{"rendered":"<p>Les inondations survenues le 25 mai dernier suite \u00e0 une grosse pluie ont touch\u00e9 plusieurs localit\u00e9s dont commune Ago\u00e8-Nyiv\u00e9 1<\/p>\n","protected":false},"author":2,"featured_media":3468,"comment_status":"open","ping_status":"closed","sticky":false,"template":"","format":"standard","meta":{"footnotes":""},"categories":[1],"tags":[],"class_list":["post-3467","post","type-post","status-publish","format-standard","has-post-thumbnail","hentry","category-societe"],"yoast_head":"<!-- This site is optimized with the Yoast SEO plugin v23.9 - https:\/\/yoast.com\/wordpress\/plugins\/seo\/ -->\n<title>Commune Ago\u00e8-Nyiv\u00e9 1: Compassions du maire et de l&#039;ensemble du conseil municipal aux victimes des inondations -<\/title>\n<meta name=\"robots\" content=\"index, follow, max-snippet:-1, max-image-preview:large, max-video-preview:-1\" \/>\n<link rel=\"canonical\" href=\"https:\/\/lepoint-actu.tg\/index.php\/2024\/05\/31\/commune-agoe-nyive-1-compassions-du-maire-et-de-lensemble-du-conseil-municipal-aux-victimes-des-inondations\/\" \/>\n<meta property=\"og:locale\" content=\"fr_FR\" \/>\n<meta property=\"og:type\" content=\"article\" \/>\n<meta property=\"og:title\" content=\"Commune Ago\u00e8-Nyiv\u00e9 1: Compassions du maire et de l&#039;ensemble du conseil municipal aux victimes des inondations -\" \/>\n<meta property=\"og:description\" content=\"Les inondations survenues le 25 mai dernier suite \u00e0 une grosse pluie ont touch\u00e9 plusieurs localit\u00e9s dont commune Ago\u00e8-Nyiv\u00e9 1\" \/>\n<meta property=\"og:url\" content=\"https:\/\/lepoint-actu.tg\/index.php\/2024\/05\/31\/commune-agoe-nyive-1-compassions-du-maire-et-de-lensemble-du-conseil-municipal-aux-victimes-des-inondations\/\" \/>\n<meta property=\"article:published_time\" content=\"2024-05-31T10:12:00+00:00\" \/>\n<meta property=\"article:modified_time\" content=\"2024-06-01T10:14:25+00:00\" \/>\n<meta property=\"og:image\" content=\"https:\/\/lepoint-actu.tg\/wp-content\/uploads\/2024\/06\/Screenshot_20230403-111133_2.jpg\" \/>\n\t<meta property=\"og:image:width\" content=\"632\" \/>\n\t<meta property=\"og:image:height\" content=\"365\" \/>\n\t<meta property=\"og:image:type\" content=\"image\/jpeg\" \/>\n<meta name=\"author\" content=\"La Redaction\" \/>\n<meta name=\"twitter:card\" content=\"summary_large_image\" \/>\n<meta name=\"twitter:label1\" content=\"\u00c9crit par\" \/>\n\t<meta name=\"twitter:data1\" content=\"La Redaction\" \/>\n\t<meta name=\"twitter:label2\" content=\"Dur\u00e9e de lecture estim\u00e9e\" \/>\n\t<meta name=\"twitter:data2\" content=\"1 minute\" \/>\n<script type=\"application\/ld+json\" class=\"yoast-schema-graph\">{\"@context\":\"https:\/\/schema.org\",\"@graph\":[{\"@type\":\"WebPage\",\"@id\":\"https:\/\/lepoint-actu.tg\/index.php\/2024\/05\/31\/commune-agoe-nyive-1-compassions-du-maire-et-de-lensemble-du-conseil-municipal-aux-victimes-des-inondations\/\",\"url\":\"https:\/\/lepoint-actu.tg\/index.php\/2024\/05\/31\/commune-agoe-nyive-1-compassions-du-maire-et-de-lensemble-du-conseil-municipal-aux-victimes-des-inondations\/\",\"name\":\"Commune Ago\u00e8-Nyiv\u00e9 1: Compassions du maire et de l'ensemble du conseil municipal aux victimes des inondations -\",\"isPartOf\":{\"@id\":\"https:\/\/lepoint-actu.tg\/#website\"},\"primaryImageOfPage\":{\"@id\":\"https:\/\/lepoint-actu.tg\/index.php\/2024\/05\/31\/commune-agoe-nyive-1-compassions-du-maire-et-de-lensemble-du-conseil-municipal-aux-victimes-des-inondations\/#primaryimage\"},\"image\":{\"@id\":\"https:\/\/lepoint-actu.tg\/index.php\/2024\/05\/31\/commune-agoe-nyive-1-compassions-du-maire-et-de-lensemble-du-conseil-municipal-aux-victimes-des-inondations\/#primaryimage\"},\"thumbnailUrl\":\"https:\/\/lepoint-actu.tg\/wp-content\/uploads\/2024\/06\/Screenshot_20230403-111133_2.jpg\",\"datePublished\":\"2024-05-31T10:12:00+00:00\",\"dateModified\":\"2024-06-01T10:14:25+00:00\",\"author\":{\"@id\":\"https:\/\/lepoint-actu.tg\/#\/schema\/person\/e4026d66cbdc205cab83e169ab7eaca1\"},\"breadcrumb\":{\"@id\":\"https:\/\/lepoint-actu.tg\/index.php\/2024\/05\/31\/commune-agoe-nyive-1-compassions-du-maire-et-de-lensemble-du-conseil-municipal-aux-victimes-des-inondations\/#breadcrumb\"},\"inLanguage\":\"fr-FR\",\"potentialAction\":[{\"@type\":\"ReadAction\",\"target\":[\"https:\/\/lepoint-actu.tg\/index.php\/2024\/05\/31\/commune-agoe-nyive-1-compassions-du-maire-et-de-lensemble-du-conseil-municipal-aux-victimes-des-inondations\/\"]}]},{\"@type\":\"ImageObject\",\"inLanguage\":\"fr-FR\",\"@id\":\"https:\/\/lepoint-actu.tg\/index.php\/2024\/05\/31\/commune-agoe-nyive-1-compassions-du-maire-et-de-lensemble-du-conseil-municipal-aux-victimes-des-inondations\/#primaryimage\",\"url\":\"https:\/\/lepoint-actu.tg\/wp-content\/uploads\/2024\/06\/Screenshot_20230403-111133_2.jpg\",\"contentUrl\":\"https:\/\/lepoint-actu.tg\/wp-content\/uploads\/2024\/06\/Screenshot_20230403-111133_2.jpg\",\"width\":632,\"height\":365},{\"@type\":\"BreadcrumbList\",\"@id\":\"https:\/\/lepoint-actu.tg\/index.php\/2024\/05\/31\/commune-agoe-nyive-1-compassions-du-maire-et-de-lensemble-du-conseil-municipal-aux-victimes-des-inondations\/#breadcrumb\",\"itemListElement\":[{\"@type\":\"ListItem\",\"position\":1,\"name\":\"Accueil\",\"item\":\"https:\/\/lepoint-actu.tg\/\"},{\"@type\":\"ListItem\",\"position\":2,\"name\":\"Commune Ago\u00e8-Nyiv\u00e9 1: Compassions du maire et de l&rsquo;ensemble du conseil municipal aux victimes des inondations\"}]},{\"@type\":\"WebSite\",\"@id\":\"https:\/\/lepoint-actu.tg\/#website\",\"url\":\"https:\/\/lepoint-actu.tg\/\",\"name\":\"\",\"description\":\"R\u00e9c\u00e9piss\u00e9 N\u00b00022\/HAAC\/12-2020\/pL\/P, lepointactu07@gmail.com\",\"potentialAction\":[{\"@type\":\"SearchAction\",\"target\":{\"@type\":\"EntryPoint\",\"urlTemplate\":\"https:\/\/lepoint-actu.tg\/?s={search_term_string}\"},\"query-input\":{\"@type\":\"PropertyValueSpecification\",\"valueRequired\":true,\"valueName\":\"search_term_string\"}}],\"inLanguage\":\"fr-FR\"},{\"@type\":\"Person\",\"@id\":\"https:\/\/lepoint-actu.tg\/#\/schema\/person\/e4026d66cbdc205cab83e169ab7eaca1\",\"name\":\"La Redaction\",\"image\":{\"@type\":\"ImageObject\",\"inLanguage\":\"fr-FR\",\"@id\":\"https:\/\/lepoint-actu.tg\/#\/schema\/person\/image\/\",\"url\":\"https:\/\/secure.gravatar.com\/avatar\/1682a0ff7e2c36efa51c5d262eea092000ec1ce420118e6261440956730308c2?s=96&d=mm&r=g\",\"contentUrl\":\"https:\/\/secure.gravatar.com\/avatar\/1682a0ff7e2c36efa51c5d262eea092000ec1ce420118e6261440956730308c2?s=96&d=mm&r=g\",\"caption\":\"La Redaction\"},\"url\":\"https:\/\/lepoint-actu.tg\/index.php\/author\/raymondsama\/\"}]}<\/script>\n<!-- \/ Yoast SEO plugin. -->","yoast_head_json":{"title":"Commune Ago\u00e8-Nyiv\u00e9 1: Compassions du maire et de l'ensemble du conseil municipal aux victimes des inondations -","robots":{"index":"index","follow":"follow","max-snippet":"max-snippet:-1","max-image-preview":"max-image-preview:large","max-video-preview":"max-video-preview:-1"},"canonical":"https:\/\/lepoint-actu.tg\/index.php\/2024\/05\/31\/commune-agoe-nyive-1-compassions-du-maire-et-de-lensemble-du-conseil-municipal-aux-victimes-des-inondations\/","og_locale":"fr_FR","og_type":"article","og_title":"Commune Ago\u00e8-Nyiv\u00e9 1: Compassions du maire et de l'ensemble du conseil municipal aux victimes des inondations -","og_description":"Les inondations survenues le 25 mai dernier suite \u00e0 une grosse pluie ont touch\u00e9 plusieurs localit\u00e9s dont commune Ago\u00e8-Nyiv\u00e9 1","og_url":"https:\/\/lepoint-actu.tg\/index.php\/2024\/05\/31\/commune-agoe-nyive-1-compassions-du-maire-et-de-lensemble-du-conseil-municipal-aux-victimes-des-inondations\/","article_published_time":"2024-05-31T10:12:00+00:00","article_modified_time":"2024-06-01T10:14:25+00:00","og_image":[{"width":632,"height":365,"url":"https:\/\/lepoint-actu.tg\/wp-content\/uploads\/2024\/06\/Screenshot_20230403-111133_2.jpg","type":"image\/jpeg"}],"author":"La Redaction","twitter_card":"summary_large_image","twitter_misc":{"\u00c9crit par":"La Redaction","Dur\u00e9e de lecture estim\u00e9e":"1 minute"},"schema":{"@context":"https:\/\/schema.org","@graph":[{"@type":"WebPage","@id":"https:\/\/lepoint-actu.tg\/index.php\/2024\/05\/31\/commune-agoe-nyive-1-compassions-du-maire-et-de-lensemble-du-conseil-municipal-aux-victimes-des-inondations\/","url":"https:\/\/lepoint-actu.tg\/index.php\/2024\/05\/31\/commune-agoe-nyive-1-compassions-du-maire-et-de-lensemble-du-conseil-municipal-aux-victimes-des-inondations\/","name":"Commune Ago\u00e8-Nyiv\u00e9 1: Compassions du maire et de l'ensemble du conseil municipal aux victimes des inondations -","isPartOf":{"@id":"https:\/\/lepoint-actu.tg\/#website"},"primaryImageOfPage":{"@id":"https:\/\/lepoint-actu.tg\/index.php\/2024\/05\/31\/commune-agoe-nyive-1-compassions-du-maire-et-de-lensemble-du-conseil-municipal-aux-victimes-des-inondations\/#primaryimage"},"image":{"@id":"https:\/\/lepoint-actu.tg\/index.php\/2024\/05\/31\/commune-agoe-nyive-1-compassions-du-maire-et-de-lensemble-du-conseil-municipal-aux-victimes-des-inondations\/#primaryimage"},"thumbnailUrl":"https:\/\/lepoint-actu.tg\/wp-content\/uploads\/2024\/06\/Screenshot_20230403-111133_2.jpg","datePublished":"2024-05-31T10:12:00+00:00","dateModified":"2024-06-01T10:14:25+00:00","author":{"@id":"https:\/\/lepoint-actu.tg\/#\/schema\/person\/e4026d66cbdc205cab83e169ab7eaca1"},"breadcrumb":{"@id":"https:\/\/lepoint-actu.tg\/index.php\/2024\/05\/31\/commune-agoe-nyive-1-compassions-du-maire-et-de-lensemble-du-conseil-municipal-aux-victimes-des-inondations\/#breadcrumb"},"inLanguage":"fr-FR","potentialAction":[{"@type":"ReadAction","target":["https:\/\/lepoint-actu.tg\/index.php\/2024\/05\/31\/commune-agoe-nyive-1-compassions-du-maire-et-de-lensemble-du-conseil-municipal-aux-victimes-des-inondations\/"]}]},{"@type":"ImageObject","inLanguage":"fr-FR","@id":"https:\/\/lepoint-actu.tg\/index.php\/2024\/05\/31\/commune-agoe-nyive-1-compassions-du-maire-et-de-lensemble-du-conseil-municipal-aux-victimes-des-inondations\/#primaryimage","url":"https:\/\/lepoint-actu.tg\/wp-content\/uploads\/2024\/06\/Screenshot_20230403-111133_2.jpg","contentUrl":"https:\/\/lepoint-actu.tg\/wp-content\/uploads\/2024\/06\/Screenshot_20230403-111133_2.jpg","width":632,"height":365},{"@type":"BreadcrumbList","@id":"https:\/\/lepoint-actu.tg\/index.php\/2024\/05\/31\/commune-agoe-nyive-1-compassions-du-maire-et-de-lensemble-du-conseil-municipal-aux-victimes-des-inondations\/#breadcrumb","itemListElement":[{"@type":"ListItem","position":1,"name":"Accueil","item":"https:\/\/lepoint-actu.tg\/"},{"@type":"ListItem","position":2,"name":"Commune Ago\u00e8-Nyiv\u00e9 1: Compassions du maire et de l&rsquo;ensemble du conseil municipal aux victimes des inondations"}]},{"@type":"WebSite","@id":"https:\/\/lepoint-actu.tg\/#website","url":"https:\/\/lepoint-actu.tg\/","name":"","description":"R\u00e9c\u00e9piss\u00e9 N\u00b00022\/HAAC\/12-2020\/pL\/P, lepointactu07@gmail.com","potentialAction":[{"@type":"SearchAction","target":{"@type":"EntryPoint","urlTemplate":"https:\/\/lepoint-actu.tg\/?s={search_term_string}"},"query-input":{"@type":"PropertyValueSpecification","valueRequired":true,"valueName":"search_term_string"}}],"inLanguage":"fr-FR"},{"@type":"Person","@id":"https:\/\/lepoint-actu.tg\/#\/schema\/person\/e4026d66cbdc205cab83e169ab7eaca1","name":"La Redaction","image":{"@type":"ImageObject","inLanguage":"fr-FR","@id":"https:\/\/lepoint-actu.tg\/#\/schema\/person\/image\/","url":"https:\/\/secure.gravatar.com\/avatar\/1682a0ff7e2c36efa51c5d262eea092000ec1ce420118e6261440956730308c2?s=96&d=mm&r=g","contentUrl":"https:\/\/secure.gravatar.com\/avatar\/1682a0ff7e2c36efa51c5d262eea092000ec1ce420118e6261440956730308c2?s=96&d=mm&r=g","caption":"La Redaction"},"url":"https:\/\/lepoint-actu.tg\/index.php\/author\/raymondsama\/"}]}},"_links":{"self":[{"href":"https:\/\/lepoint-actu.tg\/index.php\/wp-json\/wp\/v2\/posts\/3467","targetHints":{"allow":["GET"]}}],"collection":[{"href":"https:\/\/lepoint-actu.tg\/index.php\/wp-json\/wp\/v2\/posts"}],"about":[{"href":"https:\/\/lepoint-actu.tg\/index.php\/wp-json\/wp\/v2\/types\/post"}],"author":[{"embeddable":true,"href":"https:\/\/lepoint-actu.tg\/index.php\/wp-json\/wp\/v2\/users\/2"}],"replies":[{"embeddable":true,"href":"https:\/\/lepoint-actu.tg\/index.php\/wp-json\/wp\/v2\/comments?post=3467"}],"version-history":[{"count":1,"href":"https:\/\/lepoint-actu.tg\/index.php\/wp-json\/wp\/v2\/posts\/3467\/revisions"}],"predecessor-version":[{"id":3470,"href":"https:\/\/lepoint-actu.tg\/index.php\/wp-json\/wp\/v2\/posts\/3467\/revisions\/3470"}],"wp:featuredmedia":[{"embeddable":true,"href":"https:\/\/lepoint-actu.tg\/index.php\/wp-json\/wp\/v2\/media\/3468"}],"wp:attachment":[{"href":"https:\/\/lepoint-actu.tg\/index.php\/wp-json\/wp\/v2\/media?parent=3467"}],"wp:term":[{"taxonomy":"category","embeddable":true,"href":"https:\/\/lepoint-actu.tg\/index.php\/wp-json\/wp\/v2\/categories?post=3467"},{"taxonomy":"post_tag","embeddable":true,"href":"https:\/\/lepoint-actu.tg\/index.php\/wp-json\/wp\/v2\/tags?post=3467"}],"curies":[{"name":"wp","href":"https:\/\/api.w.org\/{rel}","templated":true}]}}