{"id":3555,"date":"2024-06-17T14:14:09","date_gmt":"2024-06-17T14:14:09","guid":{"rendered":"https:\/\/lepoint-actu.tg\/?p=3555"},"modified":"2024-06-19T14:29:54","modified_gmt":"2024-06-19T14:29:54","slug":"palais-des-congres-de-lome-ferme-52-ans-apres","status":"publish","type":"post","link":"https:\/\/lepoint-actu.tg\/index.php\/2024\/06\/17\/palais-des-congres-de-lome-ferme-52-ans-apres\/","title":{"rendered":"Palais des Congr\u00e8s de Lom\u00e9 ferm\u00e9, 52 ans apr\u00e8s"},"content":{"rendered":"\n<p><\/p>\n\n\n\n<p>\u00abQue sa r\u00e9novation soit faite qualitativement, dans les r\u00e8gles de l&rsquo;art avec \u00e9viction de trop de surfacturation, une renovation devant r\u00e9ellement permettre \u00e0 la nouvelle oeuvre en plein coeur de Lom\u00e9 de retrouver sa carrure et dans la dur\u00e9e\u00bb; \u00e9crit en souhait sieur Valentin, sexag\u00e9naire, \u00e0 propos de la fermeture pour renovation du Palais des Congr\u00e8s de Lom\u00e9.<\/p>\n\n\n\n<p>Au Togo, le Palais des Congr\u00e8s de Lom\u00e9, situ\u00e9 au c\u0153ur du quartier administratif, est ferm\u00e9 pour r\u00e9novation \u00e0 partir de la semaine du 17 juin 2024. L\u2019information \u00e9mane du minist\u00e8re en charge des Travaux Publics.<br>En effet, dans un communiqu\u00e9, le minist\u00e8re en charge des travaux publique se veut m\u00e9thodique et avec un sens de communication digne. \u00ab En raison des travaux de r\u00e9novation, l&rsquo;acc\u00e8s dudit palais est provisoirement ferm\u00e9 \u00e0 compter du lundi 17 juin 2024 jusqu&rsquo;\u00e0 l&rsquo;ach\u00e8vement des travaux pr\u00e9vus \u00e0 cet effet \u00bb, indique le ministre de tutelle. \u00ab Le ministre des Travaux publics compte sur la bonne compr\u00e9hension des usagers et leur pr\u00e9sente ses excuses pour les d\u00e9sagr\u00e9ments \u00e9ventuels \u00bb, ajoute-t-on.<br>Un des \u00e9l\u00e9ments capitaux de l\u2019attractivit\u00e9 de la ville de Lom\u00e9, le Palais des Congr\u00e8s de Lom\u00e9 construit en 1972 gr\u00e2ce \u00e0 la coop\u00e9ration entre le Togo et la France, est un symbole important des manifestations culturelles et officielles du pays. Le b\u00e2timent con\u00e7u, selon les informations, par l\u2019architecte fran\u00e7ais Agapitos et r\u00e9alis\u00e9 par l\u2019entreprise de BTP fran\u00e7aise Jean Lefebvre est assez vieux et a perdu l\u2019\u00e9clat de son confort. Ces derni\u00e8res ann\u00e9es, l\u2019\u00e9difice a connu une d\u00e9gradation progressive, n\u00e9cessitant une intervention urgente pour restaurer sa splendeur et assurer sa fonctionnalit\u00e9.<br>Le Palais de Congr\u00e8s de Lom\u00e9 est un espace embl\u00e9matique de la capitale togolaise&nbsp;; pendant longtemps, il a aussi servi de si\u00e8ge \u00e0 l&rsquo;Assembl\u00e9e nationale.<\/p>\n\n\n\n<p><strong><em>Ali Legrand <\/em><\/strong><\/p>\n","protected":false},"excerpt":{"rendered":"<p>\u00abQue sa r\u00e9novation soit faite qualitativement, dans les r\u00e8gles de l&rsquo;art avec \u00e9viction de trop de surfacturation, une renovation devant<\/p>\n","protected":false},"author":2,"featured_media":3556,"comment_status":"open","ping_status":"closed","sticky":false,"template":"","format":"standard","meta":{"footnotes":""},"categories":[1],"tags":[],"class_list":["post-3555","post","type-post","status-publish","format-standard","has-post-thumbnail","hentry","category-societe"],"yoast_head":"<!-- This site is optimized with the Yoast SEO plugin v23.9 - https:\/\/yoast.com\/wordpress\/plugins\/seo\/ -->\n<title>Palais des Congr\u00e8s de Lom\u00e9 ferm\u00e9, 52 ans apr\u00e8s -<\/title>\n<meta name=\"robots\" content=\"index, follow, max-snippet:-1, max-image-preview:large, max-video-preview:-1\" \/>\n<link rel=\"canonical\" href=\"https:\/\/lepoint-actu.tg\/index.php\/2024\/06\/17\/palais-des-congres-de-lome-ferme-52-ans-apres\/\" \/>\n<meta property=\"og:locale\" content=\"fr_FR\" \/>\n<meta property=\"og:type\" content=\"article\" \/>\n<meta property=\"og:title\" content=\"Palais des Congr\u00e8s de Lom\u00e9 ferm\u00e9, 52 ans apr\u00e8s -\" \/>\n<meta property=\"og:description\" content=\"\u00abQue sa r\u00e9novation soit faite qualitativement, dans les r\u00e8gles de l&rsquo;art avec \u00e9viction de trop de surfacturation, une renovation devant\" \/>\n<meta property=\"og:url\" content=\"https:\/\/lepoint-actu.tg\/index.php\/2024\/06\/17\/palais-des-congres-de-lome-ferme-52-ans-apres\/\" \/>\n<meta property=\"article:published_time\" content=\"2024-06-17T14:14:09+00:00\" \/>\n<meta property=\"article:modified_time\" content=\"2024-06-19T14:29:54+00:00\" \/>\n<meta property=\"og:image\" content=\"https:\/\/lepoint-actu.tg\/wp-content\/uploads\/2024\/06\/photo-palais-des-congres-1_1.jpg\" \/>\n\t<meta property=\"og:image:width\" content=\"500\" \/>\n\t<meta property=\"og:image:height\" content=\"241\" \/>\n\t<meta property=\"og:image:type\" content=\"image\/jpeg\" \/>\n<meta name=\"author\" content=\"La Redaction\" \/>\n<meta name=\"twitter:card\" content=\"summary_large_image\" \/>\n<meta name=\"twitter:label1\" content=\"\u00c9crit par\" \/>\n\t<meta name=\"twitter:data1\" content=\"La Redaction\" \/>\n\t<meta name=\"twitter:label2\" content=\"Dur\u00e9e de lecture estim\u00e9e\" \/>\n\t<meta name=\"twitter:data2\" content=\"2 minutes\" \/>\n<script type=\"application\/ld+json\" class=\"yoast-schema-graph\">{\"@context\":\"https:\/\/schema.org\",\"@graph\":[{\"@type\":\"WebPage\",\"@id\":\"https:\/\/lepoint-actu.tg\/index.php\/2024\/06\/17\/palais-des-congres-de-lome-ferme-52-ans-apres\/\",\"url\":\"https:\/\/lepoint-actu.tg\/index.php\/2024\/06\/17\/palais-des-congres-de-lome-ferme-52-ans-apres\/\",\"name\":\"Palais des Congr\u00e8s de Lom\u00e9 ferm\u00e9, 52 ans apr\u00e8s -\",\"isPartOf\":{\"@id\":\"https:\/\/lepoint-actu.tg\/#website\"},\"primaryImageOfPage\":{\"@id\":\"https:\/\/lepoint-actu.tg\/index.php\/2024\/06\/17\/palais-des-congres-de-lome-ferme-52-ans-apres\/#primaryimage\"},\"image\":{\"@id\":\"https:\/\/lepoint-actu.tg\/index.php\/2024\/06\/17\/palais-des-congres-de-lome-ferme-52-ans-apres\/#primaryimage\"},\"thumbnailUrl\":\"https:\/\/lepoint-actu.tg\/wp-content\/uploads\/2024\/06\/photo-palais-des-congres-1_1.jpg\",\"datePublished\":\"2024-06-17T14:14:09+00:00\",\"dateModified\":\"2024-06-19T14:29:54+00:00\",\"author\":{\"@id\":\"https:\/\/lepoint-actu.tg\/#\/schema\/person\/e4026d66cbdc205cab83e169ab7eaca1\"},\"breadcrumb\":{\"@id\":\"https:\/\/lepoint-actu.tg\/index.php\/2024\/06\/17\/palais-des-congres-de-lome-ferme-52-ans-apres\/#breadcrumb\"},\"inLanguage\":\"fr-FR\",\"potentialAction\":[{\"@type\":\"ReadAction\",\"target\":[\"https:\/\/lepoint-actu.tg\/index.php\/2024\/06\/17\/palais-des-congres-de-lome-ferme-52-ans-apres\/\"]}]},{\"@type\":\"ImageObject\",\"inLanguage\":\"fr-FR\",\"@id\":\"https:\/\/lepoint-actu.tg\/index.php\/2024\/06\/17\/palais-des-congres-de-lome-ferme-52-ans-apres\/#primaryimage\",\"url\":\"https:\/\/lepoint-actu.tg\/wp-content\/uploads\/2024\/06\/photo-palais-des-congres-1_1.jpg\",\"contentUrl\":\"https:\/\/lepoint-actu.tg\/wp-content\/uploads\/2024\/06\/photo-palais-des-congres-1_1.jpg\",\"width\":500,\"height\":241},{\"@type\":\"BreadcrumbList\",\"@id\":\"https:\/\/lepoint-actu.tg\/index.php\/2024\/06\/17\/palais-des-congres-de-lome-ferme-52-ans-apres\/#breadcrumb\",\"itemListElement\":[{\"@type\":\"ListItem\",\"position\":1,\"name\":\"Accueil\",\"item\":\"https:\/\/lepoint-actu.tg\/\"},{\"@type\":\"ListItem\",\"position\":2,\"name\":\"Palais des Congr\u00e8s de Lom\u00e9 ferm\u00e9, 52 ans apr\u00e8s\"}]},{\"@type\":\"WebSite\",\"@id\":\"https:\/\/lepoint-actu.tg\/#website\",\"url\":\"https:\/\/lepoint-actu.tg\/\",\"name\":\"\",\"description\":\"R\u00e9c\u00e9piss\u00e9 N\u00b00022\/HAAC\/12-2020\/pL\/P, lepointactu07@gmail.com\",\"potentialAction\":[{\"@type\":\"SearchAction\",\"target\":{\"@type\":\"EntryPoint\",\"urlTemplate\":\"https:\/\/lepoint-actu.tg\/?s={search_term_string}\"},\"query-input\":{\"@type\":\"PropertyValueSpecification\",\"valueRequired\":true,\"valueName\":\"search_term_string\"}}],\"inLanguage\":\"fr-FR\"},{\"@type\":\"Person\",\"@id\":\"https:\/\/lepoint-actu.tg\/#\/schema\/person\/e4026d66cbdc205cab83e169ab7eaca1\",\"name\":\"La Redaction\",\"image\":{\"@type\":\"ImageObject\",\"inLanguage\":\"fr-FR\",\"@id\":\"https:\/\/lepoint-actu.tg\/#\/schema\/person\/image\/\",\"url\":\"https:\/\/secure.gravatar.com\/avatar\/1682a0ff7e2c36efa51c5d262eea092000ec1ce420118e6261440956730308c2?s=96&d=mm&r=g\",\"contentUrl\":\"https:\/\/secure.gravatar.com\/avatar\/1682a0ff7e2c36efa51c5d262eea092000ec1ce420118e6261440956730308c2?s=96&d=mm&r=g\",\"caption\":\"La Redaction\"},\"url\":\"https:\/\/lepoint-actu.tg\/index.php\/author\/raymondsama\/\"}]}<\/script>\n<!-- \/ Yoast SEO plugin. -->","yoast_head_json":{"title":"Palais des Congr\u00e8s de Lom\u00e9 ferm\u00e9, 52 ans apr\u00e8s -","robots":{"index":"index","follow":"follow","max-snippet":"max-snippet:-1","max-image-preview":"max-image-preview:large","max-video-preview":"max-video-preview:-1"},"canonical":"https:\/\/lepoint-actu.tg\/index.php\/2024\/06\/17\/palais-des-congres-de-lome-ferme-52-ans-apres\/","og_locale":"fr_FR","og_type":"article","og_title":"Palais des Congr\u00e8s de Lom\u00e9 ferm\u00e9, 52 ans apr\u00e8s -","og_description":"\u00abQue sa r\u00e9novation soit faite qualitativement, dans les r\u00e8gles de l&rsquo;art avec \u00e9viction de trop de surfacturation, une renovation devant","og_url":"https:\/\/lepoint-actu.tg\/index.php\/2024\/06\/17\/palais-des-congres-de-lome-ferme-52-ans-apres\/","article_published_time":"2024-06-17T14:14:09+00:00","article_modified_time":"2024-06-19T14:29:54+00:00","og_image":[{"width":500,"height":241,"url":"https:\/\/lepoint-actu.tg\/wp-content\/uploads\/2024\/06\/photo-palais-des-congres-1_1.jpg","type":"image\/jpeg"}],"author":"La Redaction","twitter_card":"summary_large_image","twitter_misc":{"\u00c9crit par":"La Redaction","Dur\u00e9e de lecture estim\u00e9e":"2 minutes"},"schema":{"@context":"https:\/\/schema.org","@graph":[{"@type":"WebPage","@id":"https:\/\/lepoint-actu.tg\/index.php\/2024\/06\/17\/palais-des-congres-de-lome-ferme-52-ans-apres\/","url":"https:\/\/lepoint-actu.tg\/index.php\/2024\/06\/17\/palais-des-congres-de-lome-ferme-52-ans-apres\/","name":"Palais des Congr\u00e8s de Lom\u00e9 ferm\u00e9, 52 ans apr\u00e8s -","isPartOf":{"@id":"https:\/\/lepoint-actu.tg\/#website"},"primaryImageOfPage":{"@id":"https:\/\/lepoint-actu.tg\/index.php\/2024\/06\/17\/palais-des-congres-de-lome-ferme-52-ans-apres\/#primaryimage"},"image":{"@id":"https:\/\/lepoint-actu.tg\/index.php\/2024\/06\/17\/palais-des-congres-de-lome-ferme-52-ans-apres\/#primaryimage"},"thumbnailUrl":"https:\/\/lepoint-actu.tg\/wp-content\/uploads\/2024\/06\/photo-palais-des-congres-1_1.jpg","datePublished":"2024-06-17T14:14:09+00:00","dateModified":"2024-06-19T14:29:54+00:00","author":{"@id":"https:\/\/lepoint-actu.tg\/#\/schema\/person\/e4026d66cbdc205cab83e169ab7eaca1"},"breadcrumb":{"@id":"https:\/\/lepoint-actu.tg\/index.php\/2024\/06\/17\/palais-des-congres-de-lome-ferme-52-ans-apres\/#breadcrumb"},"inLanguage":"fr-FR","potentialAction":[{"@type":"ReadAction","target":["https:\/\/lepoint-actu.tg\/index.php\/2024\/06\/17\/palais-des-congres-de-lome-ferme-52-ans-apres\/"]}]},{"@type":"ImageObject","inLanguage":"fr-FR","@id":"https:\/\/lepoint-actu.tg\/index.php\/2024\/06\/17\/palais-des-congres-de-lome-ferme-52-ans-apres\/#primaryimage","url":"https:\/\/lepoint-actu.tg\/wp-content\/uploads\/2024\/06\/photo-palais-des-congres-1_1.jpg","contentUrl":"https:\/\/lepoint-actu.tg\/wp-content\/uploads\/2024\/06\/photo-palais-des-congres-1_1.jpg","width":500,"height":241},{"@type":"BreadcrumbList","@id":"https:\/\/lepoint-actu.tg\/index.php\/2024\/06\/17\/palais-des-congres-de-lome-ferme-52-ans-apres\/#breadcrumb","itemListElement":[{"@type":"ListItem","position":1,"name":"Accueil","item":"https:\/\/lepoint-actu.tg\/"},{"@type":"ListItem","position":2,"name":"Palais des Congr\u00e8s de Lom\u00e9 ferm\u00e9, 52 ans apr\u00e8s"}]},{"@type":"WebSite","@id":"https:\/\/lepoint-actu.tg\/#website","url":"https:\/\/lepoint-actu.tg\/","name":"","description":"R\u00e9c\u00e9piss\u00e9 N\u00b00022\/HAAC\/12-2020\/pL\/P, lepointactu07@gmail.com","potentialAction":[{"@type":"SearchAction","target":{"@type":"EntryPoint","urlTemplate":"https:\/\/lepoint-actu.tg\/?s={search_term_string}"},"query-input":{"@type":"PropertyValueSpecification","valueRequired":true,"valueName":"search_term_string"}}],"inLanguage":"fr-FR"},{"@type":"Person","@id":"https:\/\/lepoint-actu.tg\/#\/schema\/person\/e4026d66cbdc205cab83e169ab7eaca1","name":"La Redaction","image":{"@type":"ImageObject","inLanguage":"fr-FR","@id":"https:\/\/lepoint-actu.tg\/#\/schema\/person\/image\/","url":"https:\/\/secure.gravatar.com\/avatar\/1682a0ff7e2c36efa51c5d262eea092000ec1ce420118e6261440956730308c2?s=96&d=mm&r=g","contentUrl":"https:\/\/secure.gravatar.com\/avatar\/1682a0ff7e2c36efa51c5d262eea092000ec1ce420118e6261440956730308c2?s=96&d=mm&r=g","caption":"La Redaction"},"url":"https:\/\/lepoint-actu.tg\/index.php\/author\/raymondsama\/"}]}},"_links":{"self":[{"href":"https:\/\/lepoint-actu.tg\/index.php\/wp-json\/wp\/v2\/posts\/3555","targetHints":{"allow":["GET"]}}],"collection":[{"href":"https:\/\/lepoint-actu.tg\/index.php\/wp-json\/wp\/v2\/posts"}],"about":[{"href":"https:\/\/lepoint-actu.tg\/index.php\/wp-json\/wp\/v2\/types\/post"}],"author":[{"embeddable":true,"href":"https:\/\/lepoint-actu.tg\/index.php\/wp-json\/wp\/v2\/users\/2"}],"replies":[{"embeddable":true,"href":"https:\/\/lepoint-actu.tg\/index.php\/wp-json\/wp\/v2\/comments?post=3555"}],"version-history":[{"count":2,"href":"https:\/\/lepoint-actu.tg\/index.php\/wp-json\/wp\/v2\/posts\/3555\/revisions"}],"predecessor-version":[{"id":3558,"href":"https:\/\/lepoint-actu.tg\/index.php\/wp-json\/wp\/v2\/posts\/3555\/revisions\/3558"}],"wp:featuredmedia":[{"embeddable":true,"href":"https:\/\/lepoint-actu.tg\/index.php\/wp-json\/wp\/v2\/media\/3556"}],"wp:attachment":[{"href":"https:\/\/lepoint-actu.tg\/index.php\/wp-json\/wp\/v2\/media?parent=3555"}],"wp:term":[{"taxonomy":"category","embeddable":true,"href":"https:\/\/lepoint-actu.tg\/index.php\/wp-json\/wp\/v2\/categories?post=3555"},{"taxonomy":"post_tag","embeddable":true,"href":"https:\/\/lepoint-actu.tg\/index.php\/wp-json\/wp\/v2\/tags?post=3555"}],"curies":[{"name":"wp","href":"https:\/\/api.w.org\/{rel}","templated":true}]}}