{"id":3619,"date":"2024-06-27T17:34:35","date_gmt":"2024-06-27T17:34:35","guid":{"rendered":"https:\/\/lepoint-actu.tg\/?p=3619"},"modified":"2024-06-27T17:34:37","modified_gmt":"2024-06-27T17:34:37","slug":"maladie-infectieuse-des-cas-de-dengue-enregistres-au-togo","status":"publish","type":"post","link":"https:\/\/lepoint-actu.tg\/index.php\/2024\/06\/27\/maladie-infectieuse-des-cas-de-dengue-enregistres-au-togo\/","title":{"rendered":"Maladie infectieuse, des cas de dengue enregistr\u00e9s au Togo"},"content":{"rendered":"\n<p><br>La dengue, maladie infectieuse est humaine s\u00e9vissant en zone tropicale et subtropicale. Elle est due \u00e0 un virus transmis par une piq\u00fbre de moustique. Le gouvernement togolais communique et donne des consignes \u00e0 suivre \u2026<\/p>\n\n\n\n<p>.<\/p>\n\n\n\n<figure class=\"wp-block-image size-full\"><img loading=\"lazy\" decoding=\"async\" width=\"620\" height=\"840\" src=\"https:\/\/lepoint-actu.tg\/wp-content\/uploads\/2024\/06\/Screenshot_20240627-171029_1.jpg\" alt=\"\" class=\"wp-image-3621\" srcset=\"https:\/\/lepoint-actu.tg\/wp-content\/uploads\/2024\/06\/Screenshot_20240627-171029_1.jpg 620w, https:\/\/lepoint-actu.tg\/wp-content\/uploads\/2024\/06\/Screenshot_20240627-171029_1-221x300.jpg 221w\" sizes=\"auto, (max-width: 620px) 100vw, 620px\" \/><\/figure>\n","protected":false},"excerpt":{"rendered":"<p>La dengue, maladie infectieuse est humaine s\u00e9vissant en zone tropicale et subtropicale. Elle est due \u00e0 un virus transmis par<\/p>\n","protected":false},"author":2,"featured_media":3620,"comment_status":"open","ping_status":"closed","sticky":false,"template":"","format":"standard","meta":{"footnotes":""},"categories":[1],"tags":[],"class_list":["post-3619","post","type-post","status-publish","format-standard","has-post-thumbnail","hentry","category-societe"],"yoast_head":"<!-- This site is optimized with the Yoast SEO plugin v23.9 - https:\/\/yoast.com\/wordpress\/plugins\/seo\/ -->\n<title>Maladie infectieuse, des cas de dengue enregistr\u00e9s au Togo -<\/title>\n<meta name=\"robots\" content=\"index, follow, max-snippet:-1, max-image-preview:large, max-video-preview:-1\" \/>\n<link rel=\"canonical\" href=\"https:\/\/lepoint-actu.tg\/index.php\/2024\/06\/27\/maladie-infectieuse-des-cas-de-dengue-enregistres-au-togo\/\" \/>\n<meta property=\"og:locale\" content=\"fr_FR\" \/>\n<meta property=\"og:type\" content=\"article\" \/>\n<meta property=\"og:title\" content=\"Maladie infectieuse, des cas de dengue enregistr\u00e9s au Togo -\" \/>\n<meta property=\"og:description\" content=\"La dengue, maladie infectieuse est humaine s\u00e9vissant en zone tropicale et subtropicale. Elle est due \u00e0 un virus transmis par\" \/>\n<meta property=\"og:url\" content=\"https:\/\/lepoint-actu.tg\/index.php\/2024\/06\/27\/maladie-infectieuse-des-cas-de-dengue-enregistres-au-togo\/\" \/>\n<meta property=\"article:published_time\" content=\"2024-06-27T17:34:35+00:00\" \/>\n<meta property=\"article:modified_time\" content=\"2024-06-27T17:34:37+00:00\" \/>\n<meta property=\"og:image\" content=\"https:\/\/lepoint-actu.tg\/wp-content\/uploads\/2024\/06\/a927bbc7d1_50209125_moustique-tigre_1.jpg\" \/>\n\t<meta property=\"og:image:width\" content=\"728\" \/>\n\t<meta property=\"og:image:height\" content=\"487\" \/>\n\t<meta property=\"og:image:type\" content=\"image\/jpeg\" \/>\n<meta name=\"author\" content=\"La Redaction\" \/>\n<meta name=\"twitter:card\" content=\"summary_large_image\" \/>\n<meta name=\"twitter:label1\" content=\"\u00c9crit par\" \/>\n\t<meta name=\"twitter:data1\" content=\"La Redaction\" \/>\n<script type=\"application\/ld+json\" class=\"yoast-schema-graph\">{\"@context\":\"https:\/\/schema.org\",\"@graph\":[{\"@type\":\"WebPage\",\"@id\":\"https:\/\/lepoint-actu.tg\/index.php\/2024\/06\/27\/maladie-infectieuse-des-cas-de-dengue-enregistres-au-togo\/\",\"url\":\"https:\/\/lepoint-actu.tg\/index.php\/2024\/06\/27\/maladie-infectieuse-des-cas-de-dengue-enregistres-au-togo\/\",\"name\":\"Maladie infectieuse, des cas de dengue enregistr\u00e9s au Togo -\",\"isPartOf\":{\"@id\":\"https:\/\/lepoint-actu.tg\/#website\"},\"primaryImageOfPage\":{\"@id\":\"https:\/\/lepoint-actu.tg\/index.php\/2024\/06\/27\/maladie-infectieuse-des-cas-de-dengue-enregistres-au-togo\/#primaryimage\"},\"image\":{\"@id\":\"https:\/\/lepoint-actu.tg\/index.php\/2024\/06\/27\/maladie-infectieuse-des-cas-de-dengue-enregistres-au-togo\/#primaryimage\"},\"thumbnailUrl\":\"https:\/\/lepoint-actu.tg\/wp-content\/uploads\/2024\/06\/a927bbc7d1_50209125_moustique-tigre_1.jpg\",\"datePublished\":\"2024-06-27T17:34:35+00:00\",\"dateModified\":\"2024-06-27T17:34:37+00:00\",\"author\":{\"@id\":\"https:\/\/lepoint-actu.tg\/#\/schema\/person\/e4026d66cbdc205cab83e169ab7eaca1\"},\"breadcrumb\":{\"@id\":\"https:\/\/lepoint-actu.tg\/index.php\/2024\/06\/27\/maladie-infectieuse-des-cas-de-dengue-enregistres-au-togo\/#breadcrumb\"},\"inLanguage\":\"fr-FR\",\"potentialAction\":[{\"@type\":\"ReadAction\",\"target\":[\"https:\/\/lepoint-actu.tg\/index.php\/2024\/06\/27\/maladie-infectieuse-des-cas-de-dengue-enregistres-au-togo\/\"]}]},{\"@type\":\"ImageObject\",\"inLanguage\":\"fr-FR\",\"@id\":\"https:\/\/lepoint-actu.tg\/index.php\/2024\/06\/27\/maladie-infectieuse-des-cas-de-dengue-enregistres-au-togo\/#primaryimage\",\"url\":\"https:\/\/lepoint-actu.tg\/wp-content\/uploads\/2024\/06\/a927bbc7d1_50209125_moustique-tigre_1.jpg\",\"contentUrl\":\"https:\/\/lepoint-actu.tg\/wp-content\/uploads\/2024\/06\/a927bbc7d1_50209125_moustique-tigre_1.jpg\",\"width\":728,\"height\":487},{\"@type\":\"BreadcrumbList\",\"@id\":\"https:\/\/lepoint-actu.tg\/index.php\/2024\/06\/27\/maladie-infectieuse-des-cas-de-dengue-enregistres-au-togo\/#breadcrumb\",\"itemListElement\":[{\"@type\":\"ListItem\",\"position\":1,\"name\":\"Accueil\",\"item\":\"https:\/\/lepoint-actu.tg\/\"},{\"@type\":\"ListItem\",\"position\":2,\"name\":\"Maladie infectieuse, des cas de dengue enregistr\u00e9s au Togo\"}]},{\"@type\":\"WebSite\",\"@id\":\"https:\/\/lepoint-actu.tg\/#website\",\"url\":\"https:\/\/lepoint-actu.tg\/\",\"name\":\"\",\"description\":\"R\u00e9c\u00e9piss\u00e9 N\u00b00022\/HAAC\/12-2020\/pL\/P, lepointactu07@gmail.com\",\"potentialAction\":[{\"@type\":\"SearchAction\",\"target\":{\"@type\":\"EntryPoint\",\"urlTemplate\":\"https:\/\/lepoint-actu.tg\/?s={search_term_string}\"},\"query-input\":{\"@type\":\"PropertyValueSpecification\",\"valueRequired\":true,\"valueName\":\"search_term_string\"}}],\"inLanguage\":\"fr-FR\"},{\"@type\":\"Person\",\"@id\":\"https:\/\/lepoint-actu.tg\/#\/schema\/person\/e4026d66cbdc205cab83e169ab7eaca1\",\"name\":\"La Redaction\",\"image\":{\"@type\":\"ImageObject\",\"inLanguage\":\"fr-FR\",\"@id\":\"https:\/\/lepoint-actu.tg\/#\/schema\/person\/image\/\",\"url\":\"https:\/\/secure.gravatar.com\/avatar\/1682a0ff7e2c36efa51c5d262eea092000ec1ce420118e6261440956730308c2?s=96&d=mm&r=g\",\"contentUrl\":\"https:\/\/secure.gravatar.com\/avatar\/1682a0ff7e2c36efa51c5d262eea092000ec1ce420118e6261440956730308c2?s=96&d=mm&r=g\",\"caption\":\"La Redaction\"},\"url\":\"https:\/\/lepoint-actu.tg\/index.php\/author\/raymondsama\/\"}]}<\/script>\n<!-- \/ Yoast SEO plugin. -->","yoast_head_json":{"title":"Maladie infectieuse, des cas de dengue enregistr\u00e9s au Togo -","robots":{"index":"index","follow":"follow","max-snippet":"max-snippet:-1","max-image-preview":"max-image-preview:large","max-video-preview":"max-video-preview:-1"},"canonical":"https:\/\/lepoint-actu.tg\/index.php\/2024\/06\/27\/maladie-infectieuse-des-cas-de-dengue-enregistres-au-togo\/","og_locale":"fr_FR","og_type":"article","og_title":"Maladie infectieuse, des cas de dengue enregistr\u00e9s au Togo -","og_description":"La dengue, maladie infectieuse est humaine s\u00e9vissant en zone tropicale et subtropicale. Elle est due \u00e0 un virus transmis par","og_url":"https:\/\/lepoint-actu.tg\/index.php\/2024\/06\/27\/maladie-infectieuse-des-cas-de-dengue-enregistres-au-togo\/","article_published_time":"2024-06-27T17:34:35+00:00","article_modified_time":"2024-06-27T17:34:37+00:00","og_image":[{"width":728,"height":487,"url":"https:\/\/lepoint-actu.tg\/wp-content\/uploads\/2024\/06\/a927bbc7d1_50209125_moustique-tigre_1.jpg","type":"image\/jpeg"}],"author":"La Redaction","twitter_card":"summary_large_image","twitter_misc":{"\u00c9crit par":"La Redaction"},"schema":{"@context":"https:\/\/schema.org","@graph":[{"@type":"WebPage","@id":"https:\/\/lepoint-actu.tg\/index.php\/2024\/06\/27\/maladie-infectieuse-des-cas-de-dengue-enregistres-au-togo\/","url":"https:\/\/lepoint-actu.tg\/index.php\/2024\/06\/27\/maladie-infectieuse-des-cas-de-dengue-enregistres-au-togo\/","name":"Maladie infectieuse, des cas de dengue enregistr\u00e9s au Togo -","isPartOf":{"@id":"https:\/\/lepoint-actu.tg\/#website"},"primaryImageOfPage":{"@id":"https:\/\/lepoint-actu.tg\/index.php\/2024\/06\/27\/maladie-infectieuse-des-cas-de-dengue-enregistres-au-togo\/#primaryimage"},"image":{"@id":"https:\/\/lepoint-actu.tg\/index.php\/2024\/06\/27\/maladie-infectieuse-des-cas-de-dengue-enregistres-au-togo\/#primaryimage"},"thumbnailUrl":"https:\/\/lepoint-actu.tg\/wp-content\/uploads\/2024\/06\/a927bbc7d1_50209125_moustique-tigre_1.jpg","datePublished":"2024-06-27T17:34:35+00:00","dateModified":"2024-06-27T17:34:37+00:00","author":{"@id":"https:\/\/lepoint-actu.tg\/#\/schema\/person\/e4026d66cbdc205cab83e169ab7eaca1"},"breadcrumb":{"@id":"https:\/\/lepoint-actu.tg\/index.php\/2024\/06\/27\/maladie-infectieuse-des-cas-de-dengue-enregistres-au-togo\/#breadcrumb"},"inLanguage":"fr-FR","potentialAction":[{"@type":"ReadAction","target":["https:\/\/lepoint-actu.tg\/index.php\/2024\/06\/27\/maladie-infectieuse-des-cas-de-dengue-enregistres-au-togo\/"]}]},{"@type":"ImageObject","inLanguage":"fr-FR","@id":"https:\/\/lepoint-actu.tg\/index.php\/2024\/06\/27\/maladie-infectieuse-des-cas-de-dengue-enregistres-au-togo\/#primaryimage","url":"https:\/\/lepoint-actu.tg\/wp-content\/uploads\/2024\/06\/a927bbc7d1_50209125_moustique-tigre_1.jpg","contentUrl":"https:\/\/lepoint-actu.tg\/wp-content\/uploads\/2024\/06\/a927bbc7d1_50209125_moustique-tigre_1.jpg","width":728,"height":487},{"@type":"BreadcrumbList","@id":"https:\/\/lepoint-actu.tg\/index.php\/2024\/06\/27\/maladie-infectieuse-des-cas-de-dengue-enregistres-au-togo\/#breadcrumb","itemListElement":[{"@type":"ListItem","position":1,"name":"Accueil","item":"https:\/\/lepoint-actu.tg\/"},{"@type":"ListItem","position":2,"name":"Maladie infectieuse, des cas de dengue enregistr\u00e9s au Togo"}]},{"@type":"WebSite","@id":"https:\/\/lepoint-actu.tg\/#website","url":"https:\/\/lepoint-actu.tg\/","name":"","description":"R\u00e9c\u00e9piss\u00e9 N\u00b00022\/HAAC\/12-2020\/pL\/P, lepointactu07@gmail.com","potentialAction":[{"@type":"SearchAction","target":{"@type":"EntryPoint","urlTemplate":"https:\/\/lepoint-actu.tg\/?s={search_term_string}"},"query-input":{"@type":"PropertyValueSpecification","valueRequired":true,"valueName":"search_term_string"}}],"inLanguage":"fr-FR"},{"@type":"Person","@id":"https:\/\/lepoint-actu.tg\/#\/schema\/person\/e4026d66cbdc205cab83e169ab7eaca1","name":"La Redaction","image":{"@type":"ImageObject","inLanguage":"fr-FR","@id":"https:\/\/lepoint-actu.tg\/#\/schema\/person\/image\/","url":"https:\/\/secure.gravatar.com\/avatar\/1682a0ff7e2c36efa51c5d262eea092000ec1ce420118e6261440956730308c2?s=96&d=mm&r=g","contentUrl":"https:\/\/secure.gravatar.com\/avatar\/1682a0ff7e2c36efa51c5d262eea092000ec1ce420118e6261440956730308c2?s=96&d=mm&r=g","caption":"La Redaction"},"url":"https:\/\/lepoint-actu.tg\/index.php\/author\/raymondsama\/"}]}},"_links":{"self":[{"href":"https:\/\/lepoint-actu.tg\/index.php\/wp-json\/wp\/v2\/posts\/3619","targetHints":{"allow":["GET"]}}],"collection":[{"href":"https:\/\/lepoint-actu.tg\/index.php\/wp-json\/wp\/v2\/posts"}],"about":[{"href":"https:\/\/lepoint-actu.tg\/index.php\/wp-json\/wp\/v2\/types\/post"}],"author":[{"embeddable":true,"href":"https:\/\/lepoint-actu.tg\/index.php\/wp-json\/wp\/v2\/users\/2"}],"replies":[{"embeddable":true,"href":"https:\/\/lepoint-actu.tg\/index.php\/wp-json\/wp\/v2\/comments?post=3619"}],"version-history":[{"count":1,"href":"https:\/\/lepoint-actu.tg\/index.php\/wp-json\/wp\/v2\/posts\/3619\/revisions"}],"predecessor-version":[{"id":3622,"href":"https:\/\/lepoint-actu.tg\/index.php\/wp-json\/wp\/v2\/posts\/3619\/revisions\/3622"}],"wp:featuredmedia":[{"embeddable":true,"href":"https:\/\/lepoint-actu.tg\/index.php\/wp-json\/wp\/v2\/media\/3620"}],"wp:attachment":[{"href":"https:\/\/lepoint-actu.tg\/index.php\/wp-json\/wp\/v2\/media?parent=3619"}],"wp:term":[{"taxonomy":"category","embeddable":true,"href":"https:\/\/lepoint-actu.tg\/index.php\/wp-json\/wp\/v2\/categories?post=3619"},{"taxonomy":"post_tag","embeddable":true,"href":"https:\/\/lepoint-actu.tg\/index.php\/wp-json\/wp\/v2\/tags?post=3619"}],"curies":[{"name":"wp","href":"https:\/\/api.w.org\/{rel}","templated":true}]}}