{"id":3627,"date":"2024-06-28T16:02:00","date_gmt":"2024-06-28T16:02:00","guid":{"rendered":"https:\/\/lepoint-actu.tg\/?p=3627"},"modified":"2024-07-01T16:04:06","modified_gmt":"2024-07-01T16:04:06","slug":"des-radars-de-controle-de-vitesse-a-lome","status":"publish","type":"post","link":"https:\/\/lepoint-actu.tg\/index.php\/2024\/06\/28\/des-radars-de-controle-de-vitesse-a-lome\/","title":{"rendered":"Des radars de contr\u00f4le de vitesse \u00e0 Lom\u00e9"},"content":{"rendered":"\n<p><br>La s\u00e9curit\u00e9 routi\u00e8re prend une autre tournure au Togo. En effet, le gouvernement togolais a proc\u00e9d\u00e9 ces derniers jours \u00e0 la mise en place des radars de contr\u00f4le de vitesse sur les routes de Lom\u00e9, la capitale. Ces dispositifs d\u00e9sormais visibles sur plusieurs art\u00e8res de la capitale visent \u00e0 am\u00e9liorer la s\u00e9curit\u00e9 routi\u00e8re et diminuer le nombre d\u2019accidents li\u00e9s \u00e0 l\u2019exc\u00e8s de vitesse.<br>Selon les informations, en surveillant et en r\u00e9gulant la vitesse des v\u00e9hicules, les autorit\u00e9s encouragent les conducteurs \u00e0 adopter des comportements plus responsables sur la route. Ces autorit\u00e9s, apprend-t-on, esp\u00e8rent que cette initiative contribuera \u00e0 instaurer une culture de prudence et de responsabilit\u00e9 sur les routes togolaises, r\u00e9duisant ainsi le nombre d\u2019accidents et leurs cons\u00e9quences souvent dramatiques.<\/p>\n\n\n\n<p><strong><em>Jules T\u00e9t\u00e9 <\/em><\/strong><\/p>\n","protected":false},"excerpt":{"rendered":"<p>La s\u00e9curit\u00e9 routi\u00e8re prend une autre tournure au Togo. En effet, le gouvernement togolais a proc\u00e9d\u00e9 ces derniers jours \u00e0<\/p>\n","protected":false},"author":2,"featured_media":3628,"comment_status":"open","ping_status":"closed","sticky":false,"template":"","format":"standard","meta":{"footnotes":""},"categories":[1],"tags":[],"class_list":["post-3627","post","type-post","status-publish","format-standard","has-post-thumbnail","hentry","category-societe"],"yoast_head":"<!-- This site is optimized with the Yoast SEO plugin v23.9 - https:\/\/yoast.com\/wordpress\/plugins\/seo\/ -->\n<title>Des radars de contr\u00f4le de vitesse \u00e0 Lom\u00e9 -<\/title>\n<meta name=\"robots\" content=\"index, follow, max-snippet:-1, max-image-preview:large, max-video-preview:-1\" \/>\n<link rel=\"canonical\" href=\"https:\/\/lepoint-actu.tg\/index.php\/2024\/06\/28\/des-radars-de-controle-de-vitesse-a-lome\/\" \/>\n<meta property=\"og:locale\" content=\"fr_FR\" \/>\n<meta property=\"og:type\" content=\"article\" \/>\n<meta property=\"og:title\" content=\"Des radars de contr\u00f4le de vitesse \u00e0 Lom\u00e9 -\" \/>\n<meta property=\"og:description\" content=\"La s\u00e9curit\u00e9 routi\u00e8re prend une autre tournure au Togo. En effet, le gouvernement togolais a proc\u00e9d\u00e9 ces derniers jours \u00e0\" \/>\n<meta property=\"og:url\" content=\"https:\/\/lepoint-actu.tg\/index.php\/2024\/06\/28\/des-radars-de-controle-de-vitesse-a-lome\/\" \/>\n<meta property=\"article:published_time\" content=\"2024-06-28T16:02:00+00:00\" \/>\n<meta property=\"article:modified_time\" content=\"2024-07-01T16:04:06+00:00\" \/>\n<meta property=\"og:image\" content=\"https:\/\/lepoint-actu.tg\/wp-content\/uploads\/2024\/07\/Radars_vitesse.jpg\" \/>\n\t<meta property=\"og:image:width\" content=\"1200\" \/>\n\t<meta property=\"og:image:height\" content=\"900\" \/>\n\t<meta property=\"og:image:type\" content=\"image\/jpeg\" \/>\n<meta name=\"author\" content=\"La Redaction\" \/>\n<meta name=\"twitter:card\" content=\"summary_large_image\" \/>\n<meta name=\"twitter:label1\" content=\"\u00c9crit par\" \/>\n\t<meta name=\"twitter:data1\" content=\"La Redaction\" \/>\n\t<meta name=\"twitter:label2\" content=\"Dur\u00e9e de lecture estim\u00e9e\" \/>\n\t<meta name=\"twitter:data2\" content=\"1 minute\" \/>\n<script type=\"application\/ld+json\" class=\"yoast-schema-graph\">{\"@context\":\"https:\/\/schema.org\",\"@graph\":[{\"@type\":\"WebPage\",\"@id\":\"https:\/\/lepoint-actu.tg\/index.php\/2024\/06\/28\/des-radars-de-controle-de-vitesse-a-lome\/\",\"url\":\"https:\/\/lepoint-actu.tg\/index.php\/2024\/06\/28\/des-radars-de-controle-de-vitesse-a-lome\/\",\"name\":\"Des radars de contr\u00f4le de vitesse \u00e0 Lom\u00e9 -\",\"isPartOf\":{\"@id\":\"https:\/\/lepoint-actu.tg\/#website\"},\"primaryImageOfPage\":{\"@id\":\"https:\/\/lepoint-actu.tg\/index.php\/2024\/06\/28\/des-radars-de-controle-de-vitesse-a-lome\/#primaryimage\"},\"image\":{\"@id\":\"https:\/\/lepoint-actu.tg\/index.php\/2024\/06\/28\/des-radars-de-controle-de-vitesse-a-lome\/#primaryimage\"},\"thumbnailUrl\":\"https:\/\/lepoint-actu.tg\/wp-content\/uploads\/2024\/07\/Radars_vitesse.jpg\",\"datePublished\":\"2024-06-28T16:02:00+00:00\",\"dateModified\":\"2024-07-01T16:04:06+00:00\",\"author\":{\"@id\":\"https:\/\/lepoint-actu.tg\/#\/schema\/person\/e4026d66cbdc205cab83e169ab7eaca1\"},\"breadcrumb\":{\"@id\":\"https:\/\/lepoint-actu.tg\/index.php\/2024\/06\/28\/des-radars-de-controle-de-vitesse-a-lome\/#breadcrumb\"},\"inLanguage\":\"fr-FR\",\"potentialAction\":[{\"@type\":\"ReadAction\",\"target\":[\"https:\/\/lepoint-actu.tg\/index.php\/2024\/06\/28\/des-radars-de-controle-de-vitesse-a-lome\/\"]}]},{\"@type\":\"ImageObject\",\"inLanguage\":\"fr-FR\",\"@id\":\"https:\/\/lepoint-actu.tg\/index.php\/2024\/06\/28\/des-radars-de-controle-de-vitesse-a-lome\/#primaryimage\",\"url\":\"https:\/\/lepoint-actu.tg\/wp-content\/uploads\/2024\/07\/Radars_vitesse.jpg\",\"contentUrl\":\"https:\/\/lepoint-actu.tg\/wp-content\/uploads\/2024\/07\/Radars_vitesse.jpg\",\"width\":1200,\"height\":900},{\"@type\":\"BreadcrumbList\",\"@id\":\"https:\/\/lepoint-actu.tg\/index.php\/2024\/06\/28\/des-radars-de-controle-de-vitesse-a-lome\/#breadcrumb\",\"itemListElement\":[{\"@type\":\"ListItem\",\"position\":1,\"name\":\"Accueil\",\"item\":\"https:\/\/lepoint-actu.tg\/\"},{\"@type\":\"ListItem\",\"position\":2,\"name\":\"Des radars de contr\u00f4le de vitesse \u00e0 Lom\u00e9\"}]},{\"@type\":\"WebSite\",\"@id\":\"https:\/\/lepoint-actu.tg\/#website\",\"url\":\"https:\/\/lepoint-actu.tg\/\",\"name\":\"\",\"description\":\"R\u00e9c\u00e9piss\u00e9 N\u00b00022\/HAAC\/12-2020\/pL\/P, lepointactu07@gmail.com\",\"potentialAction\":[{\"@type\":\"SearchAction\",\"target\":{\"@type\":\"EntryPoint\",\"urlTemplate\":\"https:\/\/lepoint-actu.tg\/?s={search_term_string}\"},\"query-input\":{\"@type\":\"PropertyValueSpecification\",\"valueRequired\":true,\"valueName\":\"search_term_string\"}}],\"inLanguage\":\"fr-FR\"},{\"@type\":\"Person\",\"@id\":\"https:\/\/lepoint-actu.tg\/#\/schema\/person\/e4026d66cbdc205cab83e169ab7eaca1\",\"name\":\"La Redaction\",\"image\":{\"@type\":\"ImageObject\",\"inLanguage\":\"fr-FR\",\"@id\":\"https:\/\/lepoint-actu.tg\/#\/schema\/person\/image\/\",\"url\":\"https:\/\/secure.gravatar.com\/avatar\/1682a0ff7e2c36efa51c5d262eea092000ec1ce420118e6261440956730308c2?s=96&d=mm&r=g\",\"contentUrl\":\"https:\/\/secure.gravatar.com\/avatar\/1682a0ff7e2c36efa51c5d262eea092000ec1ce420118e6261440956730308c2?s=96&d=mm&r=g\",\"caption\":\"La Redaction\"},\"url\":\"https:\/\/lepoint-actu.tg\/index.php\/author\/raymondsama\/\"}]}<\/script>\n<!-- \/ Yoast SEO plugin. -->","yoast_head_json":{"title":"Des radars de contr\u00f4le de vitesse \u00e0 Lom\u00e9 -","robots":{"index":"index","follow":"follow","max-snippet":"max-snippet:-1","max-image-preview":"max-image-preview:large","max-video-preview":"max-video-preview:-1"},"canonical":"https:\/\/lepoint-actu.tg\/index.php\/2024\/06\/28\/des-radars-de-controle-de-vitesse-a-lome\/","og_locale":"fr_FR","og_type":"article","og_title":"Des radars de contr\u00f4le de vitesse \u00e0 Lom\u00e9 -","og_description":"La s\u00e9curit\u00e9 routi\u00e8re prend une autre tournure au Togo. En effet, le gouvernement togolais a proc\u00e9d\u00e9 ces derniers jours \u00e0","og_url":"https:\/\/lepoint-actu.tg\/index.php\/2024\/06\/28\/des-radars-de-controle-de-vitesse-a-lome\/","article_published_time":"2024-06-28T16:02:00+00:00","article_modified_time":"2024-07-01T16:04:06+00:00","og_image":[{"width":1200,"height":900,"url":"https:\/\/lepoint-actu.tg\/wp-content\/uploads\/2024\/07\/Radars_vitesse.jpg","type":"image\/jpeg"}],"author":"La Redaction","twitter_card":"summary_large_image","twitter_misc":{"\u00c9crit par":"La Redaction","Dur\u00e9e de lecture estim\u00e9e":"1 minute"},"schema":{"@context":"https:\/\/schema.org","@graph":[{"@type":"WebPage","@id":"https:\/\/lepoint-actu.tg\/index.php\/2024\/06\/28\/des-radars-de-controle-de-vitesse-a-lome\/","url":"https:\/\/lepoint-actu.tg\/index.php\/2024\/06\/28\/des-radars-de-controle-de-vitesse-a-lome\/","name":"Des radars de contr\u00f4le de vitesse \u00e0 Lom\u00e9 -","isPartOf":{"@id":"https:\/\/lepoint-actu.tg\/#website"},"primaryImageOfPage":{"@id":"https:\/\/lepoint-actu.tg\/index.php\/2024\/06\/28\/des-radars-de-controle-de-vitesse-a-lome\/#primaryimage"},"image":{"@id":"https:\/\/lepoint-actu.tg\/index.php\/2024\/06\/28\/des-radars-de-controle-de-vitesse-a-lome\/#primaryimage"},"thumbnailUrl":"https:\/\/lepoint-actu.tg\/wp-content\/uploads\/2024\/07\/Radars_vitesse.jpg","datePublished":"2024-06-28T16:02:00+00:00","dateModified":"2024-07-01T16:04:06+00:00","author":{"@id":"https:\/\/lepoint-actu.tg\/#\/schema\/person\/e4026d66cbdc205cab83e169ab7eaca1"},"breadcrumb":{"@id":"https:\/\/lepoint-actu.tg\/index.php\/2024\/06\/28\/des-radars-de-controle-de-vitesse-a-lome\/#breadcrumb"},"inLanguage":"fr-FR","potentialAction":[{"@type":"ReadAction","target":["https:\/\/lepoint-actu.tg\/index.php\/2024\/06\/28\/des-radars-de-controle-de-vitesse-a-lome\/"]}]},{"@type":"ImageObject","inLanguage":"fr-FR","@id":"https:\/\/lepoint-actu.tg\/index.php\/2024\/06\/28\/des-radars-de-controle-de-vitesse-a-lome\/#primaryimage","url":"https:\/\/lepoint-actu.tg\/wp-content\/uploads\/2024\/07\/Radars_vitesse.jpg","contentUrl":"https:\/\/lepoint-actu.tg\/wp-content\/uploads\/2024\/07\/Radars_vitesse.jpg","width":1200,"height":900},{"@type":"BreadcrumbList","@id":"https:\/\/lepoint-actu.tg\/index.php\/2024\/06\/28\/des-radars-de-controle-de-vitesse-a-lome\/#breadcrumb","itemListElement":[{"@type":"ListItem","position":1,"name":"Accueil","item":"https:\/\/lepoint-actu.tg\/"},{"@type":"ListItem","position":2,"name":"Des radars de contr\u00f4le de vitesse \u00e0 Lom\u00e9"}]},{"@type":"WebSite","@id":"https:\/\/lepoint-actu.tg\/#website","url":"https:\/\/lepoint-actu.tg\/","name":"","description":"R\u00e9c\u00e9piss\u00e9 N\u00b00022\/HAAC\/12-2020\/pL\/P, lepointactu07@gmail.com","potentialAction":[{"@type":"SearchAction","target":{"@type":"EntryPoint","urlTemplate":"https:\/\/lepoint-actu.tg\/?s={search_term_string}"},"query-input":{"@type":"PropertyValueSpecification","valueRequired":true,"valueName":"search_term_string"}}],"inLanguage":"fr-FR"},{"@type":"Person","@id":"https:\/\/lepoint-actu.tg\/#\/schema\/person\/e4026d66cbdc205cab83e169ab7eaca1","name":"La Redaction","image":{"@type":"ImageObject","inLanguage":"fr-FR","@id":"https:\/\/lepoint-actu.tg\/#\/schema\/person\/image\/","url":"https:\/\/secure.gravatar.com\/avatar\/1682a0ff7e2c36efa51c5d262eea092000ec1ce420118e6261440956730308c2?s=96&d=mm&r=g","contentUrl":"https:\/\/secure.gravatar.com\/avatar\/1682a0ff7e2c36efa51c5d262eea092000ec1ce420118e6261440956730308c2?s=96&d=mm&r=g","caption":"La Redaction"},"url":"https:\/\/lepoint-actu.tg\/index.php\/author\/raymondsama\/"}]}},"_links":{"self":[{"href":"https:\/\/lepoint-actu.tg\/index.php\/wp-json\/wp\/v2\/posts\/3627","targetHints":{"allow":["GET"]}}],"collection":[{"href":"https:\/\/lepoint-actu.tg\/index.php\/wp-json\/wp\/v2\/posts"}],"about":[{"href":"https:\/\/lepoint-actu.tg\/index.php\/wp-json\/wp\/v2\/types\/post"}],"author":[{"embeddable":true,"href":"https:\/\/lepoint-actu.tg\/index.php\/wp-json\/wp\/v2\/users\/2"}],"replies":[{"embeddable":true,"href":"https:\/\/lepoint-actu.tg\/index.php\/wp-json\/wp\/v2\/comments?post=3627"}],"version-history":[{"count":1,"href":"https:\/\/lepoint-actu.tg\/index.php\/wp-json\/wp\/v2\/posts\/3627\/revisions"}],"predecessor-version":[{"id":3629,"href":"https:\/\/lepoint-actu.tg\/index.php\/wp-json\/wp\/v2\/posts\/3627\/revisions\/3629"}],"wp:featuredmedia":[{"embeddable":true,"href":"https:\/\/lepoint-actu.tg\/index.php\/wp-json\/wp\/v2\/media\/3628"}],"wp:attachment":[{"href":"https:\/\/lepoint-actu.tg\/index.php\/wp-json\/wp\/v2\/media?parent=3627"}],"wp:term":[{"taxonomy":"category","embeddable":true,"href":"https:\/\/lepoint-actu.tg\/index.php\/wp-json\/wp\/v2\/categories?post=3627"},{"taxonomy":"post_tag","embeddable":true,"href":"https:\/\/lepoint-actu.tg\/index.php\/wp-json\/wp\/v2\/tags?post=3627"}],"curies":[{"name":"wp","href":"https:\/\/api.w.org\/{rel}","templated":true}]}}