{"id":3644,"date":"2024-07-03T20:08:10","date_gmt":"2024-07-03T20:08:10","guid":{"rendered":"https:\/\/lepoint-actu.tg\/?p=3644"},"modified":"2024-07-04T20:09:55","modified_gmt":"2024-07-04T20:09:55","slug":"engagement-ferme-a-continuer-la-promotion-de-la-paix-et-du-developpement-durable-le-togo-sest-affirme-a-assouan","status":"publish","type":"post","link":"https:\/\/lepoint-actu.tg\/index.php\/2024\/07\/03\/engagement-ferme-a-continuer-la-promotion-de-la-paix-et-du-developpement-durable-le-togo-sest-affirme-a-assouan\/","title":{"rendered":"Engagement ferme \u00e0 continuer la promotion de la paix et du d\u00e9veloppement durable\u00a0: Le Togo s\u2019est affirm\u00e9 \u00e0 Assouan"},"content":{"rendered":"\n<p><br>Le Togo, repr\u00e9sent\u00e9 par le ministre des affaires \u00e9trang\u00e8res, Robert Dussey, a pris part les 02 et 03 juillet \u00e0 la quatri\u00e8me \u00e9dition du Forum d&rsquo;Assouan pour la paix et le d\u00e9veloppement durable. L&rsquo;\u00e9v\u00e9nement organis\u00e9 au Caire (\u00c9gypte) avait pour but de renforcer les m\u00e9canismes de pr\u00e9vention des conflits et l\u2019occasion a \u00e9t\u00e9 pour le professeur Robert Dussey de \u00ab\u00a0s\u2019\u00e9clater\u00a0\u00bb sans langue de bois, comme \u00e0 son habitude, \u00e0 l\u2019occasion de ces genres de rencontres.<br>Ax\u00e9 sur le th\u00e8me \u00ab l\u2019Afrique dans un monde en mutation : repenser la gouvernance mondiale pour la paix et le d\u00e9veloppement \u00bb, les d\u00e9cideurs africains, les dirigeants d\u2019organisations internationales et r\u00e9gionales, ainsi que des acteurs du secteur priv\u00e9 et de la soci\u00e9t\u00e9 civile se sont r\u00e9unis \u00e0 l\u2019occasion de la quatri\u00e8me \u00e9dition du Forum d\u2019Assouan pour la paix et le d\u00e9veloppement durable.<br>R\u00f4le des acteurs politiques\u2026<br>Pour le chef de la diplomatie togolaise, professeur Robert Dussey, il est tant que l\u2019Afrique non seulement prenne des d\u00e9cisions mais surtout respecter ses propres d\u00e9cisions. Dans son intervention en effet, M. Dussey a mis l\u2019accent sur le r\u00f4le des acteurs politiques dans l\u2019\u00e9dification d\u2019une soci\u00e9t\u00e9 de paix et de d\u00e9veloppement. \u00ab Pour une paix et un d\u00e9veloppement durable en Afrique, notre priorit\u00e9 en tant que politiciens africains doit \u00eatre le bien-\u00eatre de nos populations. Nous devons respecter nos propres d\u00e9cisions \u00bb, a-t-il laiss\u00e9 entendre.<br>Forum d\u2019Assouan, organis\u00e9 en 2019 sous la pr\u00e9sidence \u00e9gyptienne de l\u2019Union africaine, s\u2019est impos\u00e9 comme une plateforme incontournable pour le dialogue et la concertation sur les enjeux de paix et de d\u00e9veloppement durable en Afrique.<\/p>\n\n\n\n<p><strong><em>Ali Legrand <\/em><\/strong><\/p>\n","protected":false},"excerpt":{"rendered":"<p>Le Togo, repr\u00e9sent\u00e9 par le ministre des affaires \u00e9trang\u00e8res, Robert Dussey, a pris part les 02 et 03 juillet \u00e0<\/p>\n","protected":false},"author":2,"featured_media":3645,"comment_status":"open","ping_status":"closed","sticky":false,"template":"","format":"standard","meta":{"footnotes":""},"categories":[1],"tags":[],"class_list":["post-3644","post","type-post","status-publish","format-standard","has-post-thumbnail","hentry","category-societe"],"yoast_head":"<!-- This site is optimized with the Yoast SEO plugin v23.9 - https:\/\/yoast.com\/wordpress\/plugins\/seo\/ -->\n<title>Engagement ferme \u00e0 continuer la promotion de la paix et du d\u00e9veloppement durable\u00a0: Le Togo s\u2019est affirm\u00e9 \u00e0 Assouan -<\/title>\n<meta name=\"robots\" content=\"index, follow, max-snippet:-1, max-image-preview:large, max-video-preview:-1\" \/>\n<link rel=\"canonical\" href=\"https:\/\/lepoint-actu.tg\/index.php\/2024\/07\/03\/engagement-ferme-a-continuer-la-promotion-de-la-paix-et-du-developpement-durable-le-togo-sest-affirme-a-assouan\/\" \/>\n<meta property=\"og:locale\" content=\"fr_FR\" \/>\n<meta property=\"og:type\" content=\"article\" \/>\n<meta property=\"og:title\" content=\"Engagement ferme \u00e0 continuer la promotion de la paix et du d\u00e9veloppement durable\u00a0: Le Togo s\u2019est affirm\u00e9 \u00e0 Assouan -\" \/>\n<meta property=\"og:description\" content=\"Le Togo, repr\u00e9sent\u00e9 par le ministre des affaires \u00e9trang\u00e8res, Robert Dussey, a pris part les 02 et 03 juillet \u00e0\" \/>\n<meta property=\"og:url\" content=\"https:\/\/lepoint-actu.tg\/index.php\/2024\/07\/03\/engagement-ferme-a-continuer-la-promotion-de-la-paix-et-du-developpement-durable-le-togo-sest-affirme-a-assouan\/\" \/>\n<meta property=\"article:published_time\" content=\"2024-07-03T20:08:10+00:00\" \/>\n<meta property=\"article:modified_time\" content=\"2024-07-04T20:09:55+00:00\" \/>\n<meta property=\"og:image\" content=\"https:\/\/lepoint-actu.tg\/wp-content\/uploads\/2024\/07\/Screenshot_20240704-194622_1.jpg\" \/>\n\t<meta property=\"og:image:width\" content=\"672\" \/>\n\t<meta property=\"og:image:height\" content=\"488\" \/>\n\t<meta property=\"og:image:type\" content=\"image\/jpeg\" \/>\n<meta name=\"author\" content=\"La Redaction\" \/>\n<meta name=\"twitter:card\" content=\"summary_large_image\" \/>\n<meta name=\"twitter:label1\" content=\"\u00c9crit par\" \/>\n\t<meta name=\"twitter:data1\" content=\"La Redaction\" \/>\n\t<meta name=\"twitter:label2\" content=\"Dur\u00e9e de lecture estim\u00e9e\" \/>\n\t<meta name=\"twitter:data2\" content=\"1 minute\" \/>\n<script type=\"application\/ld+json\" class=\"yoast-schema-graph\">{\"@context\":\"https:\/\/schema.org\",\"@graph\":[{\"@type\":\"WebPage\",\"@id\":\"https:\/\/lepoint-actu.tg\/index.php\/2024\/07\/03\/engagement-ferme-a-continuer-la-promotion-de-la-paix-et-du-developpement-durable-le-togo-sest-affirme-a-assouan\/\",\"url\":\"https:\/\/lepoint-actu.tg\/index.php\/2024\/07\/03\/engagement-ferme-a-continuer-la-promotion-de-la-paix-et-du-developpement-durable-le-togo-sest-affirme-a-assouan\/\",\"name\":\"Engagement ferme \u00e0 continuer la promotion de la paix et du d\u00e9veloppement durable\u00a0: Le Togo s\u2019est affirm\u00e9 \u00e0 Assouan -\",\"isPartOf\":{\"@id\":\"https:\/\/lepoint-actu.tg\/#website\"},\"primaryImageOfPage\":{\"@id\":\"https:\/\/lepoint-actu.tg\/index.php\/2024\/07\/03\/engagement-ferme-a-continuer-la-promotion-de-la-paix-et-du-developpement-durable-le-togo-sest-affirme-a-assouan\/#primaryimage\"},\"image\":{\"@id\":\"https:\/\/lepoint-actu.tg\/index.php\/2024\/07\/03\/engagement-ferme-a-continuer-la-promotion-de-la-paix-et-du-developpement-durable-le-togo-sest-affirme-a-assouan\/#primaryimage\"},\"thumbnailUrl\":\"https:\/\/lepoint-actu.tg\/wp-content\/uploads\/2024\/07\/Screenshot_20240704-194622_1.jpg\",\"datePublished\":\"2024-07-03T20:08:10+00:00\",\"dateModified\":\"2024-07-04T20:09:55+00:00\",\"author\":{\"@id\":\"https:\/\/lepoint-actu.tg\/#\/schema\/person\/e4026d66cbdc205cab83e169ab7eaca1\"},\"breadcrumb\":{\"@id\":\"https:\/\/lepoint-actu.tg\/index.php\/2024\/07\/03\/engagement-ferme-a-continuer-la-promotion-de-la-paix-et-du-developpement-durable-le-togo-sest-affirme-a-assouan\/#breadcrumb\"},\"inLanguage\":\"fr-FR\",\"potentialAction\":[{\"@type\":\"ReadAction\",\"target\":[\"https:\/\/lepoint-actu.tg\/index.php\/2024\/07\/03\/engagement-ferme-a-continuer-la-promotion-de-la-paix-et-du-developpement-durable-le-togo-sest-affirme-a-assouan\/\"]}]},{\"@type\":\"ImageObject\",\"inLanguage\":\"fr-FR\",\"@id\":\"https:\/\/lepoint-actu.tg\/index.php\/2024\/07\/03\/engagement-ferme-a-continuer-la-promotion-de-la-paix-et-du-developpement-durable-le-togo-sest-affirme-a-assouan\/#primaryimage\",\"url\":\"https:\/\/lepoint-actu.tg\/wp-content\/uploads\/2024\/07\/Screenshot_20240704-194622_1.jpg\",\"contentUrl\":\"https:\/\/lepoint-actu.tg\/wp-content\/uploads\/2024\/07\/Screenshot_20240704-194622_1.jpg\",\"width\":672,\"height\":488},{\"@type\":\"BreadcrumbList\",\"@id\":\"https:\/\/lepoint-actu.tg\/index.php\/2024\/07\/03\/engagement-ferme-a-continuer-la-promotion-de-la-paix-et-du-developpement-durable-le-togo-sest-affirme-a-assouan\/#breadcrumb\",\"itemListElement\":[{\"@type\":\"ListItem\",\"position\":1,\"name\":\"Accueil\",\"item\":\"https:\/\/lepoint-actu.tg\/\"},{\"@type\":\"ListItem\",\"position\":2,\"name\":\"Engagement ferme \u00e0 continuer la promotion de la paix et du d\u00e9veloppement durable\u00a0: Le Togo s\u2019est affirm\u00e9 \u00e0 Assouan\"}]},{\"@type\":\"WebSite\",\"@id\":\"https:\/\/lepoint-actu.tg\/#website\",\"url\":\"https:\/\/lepoint-actu.tg\/\",\"name\":\"\",\"description\":\"R\u00e9c\u00e9piss\u00e9 N\u00b00022\/HAAC\/12-2020\/pL\/P, lepointactu07@gmail.com\",\"potentialAction\":[{\"@type\":\"SearchAction\",\"target\":{\"@type\":\"EntryPoint\",\"urlTemplate\":\"https:\/\/lepoint-actu.tg\/?s={search_term_string}\"},\"query-input\":{\"@type\":\"PropertyValueSpecification\",\"valueRequired\":true,\"valueName\":\"search_term_string\"}}],\"inLanguage\":\"fr-FR\"},{\"@type\":\"Person\",\"@id\":\"https:\/\/lepoint-actu.tg\/#\/schema\/person\/e4026d66cbdc205cab83e169ab7eaca1\",\"name\":\"La Redaction\",\"image\":{\"@type\":\"ImageObject\",\"inLanguage\":\"fr-FR\",\"@id\":\"https:\/\/lepoint-actu.tg\/#\/schema\/person\/image\/\",\"url\":\"https:\/\/secure.gravatar.com\/avatar\/1682a0ff7e2c36efa51c5d262eea092000ec1ce420118e6261440956730308c2?s=96&d=mm&r=g\",\"contentUrl\":\"https:\/\/secure.gravatar.com\/avatar\/1682a0ff7e2c36efa51c5d262eea092000ec1ce420118e6261440956730308c2?s=96&d=mm&r=g\",\"caption\":\"La Redaction\"},\"url\":\"https:\/\/lepoint-actu.tg\/index.php\/author\/raymondsama\/\"}]}<\/script>\n<!-- \/ Yoast SEO plugin. -->","yoast_head_json":{"title":"Engagement ferme \u00e0 continuer la promotion de la paix et du d\u00e9veloppement durable\u00a0: Le Togo s\u2019est affirm\u00e9 \u00e0 Assouan -","robots":{"index":"index","follow":"follow","max-snippet":"max-snippet:-1","max-image-preview":"max-image-preview:large","max-video-preview":"max-video-preview:-1"},"canonical":"https:\/\/lepoint-actu.tg\/index.php\/2024\/07\/03\/engagement-ferme-a-continuer-la-promotion-de-la-paix-et-du-developpement-durable-le-togo-sest-affirme-a-assouan\/","og_locale":"fr_FR","og_type":"article","og_title":"Engagement ferme \u00e0 continuer la promotion de la paix et du d\u00e9veloppement durable\u00a0: Le Togo s\u2019est affirm\u00e9 \u00e0 Assouan -","og_description":"Le Togo, repr\u00e9sent\u00e9 par le ministre des affaires \u00e9trang\u00e8res, Robert Dussey, a pris part les 02 et 03 juillet \u00e0","og_url":"https:\/\/lepoint-actu.tg\/index.php\/2024\/07\/03\/engagement-ferme-a-continuer-la-promotion-de-la-paix-et-du-developpement-durable-le-togo-sest-affirme-a-assouan\/","article_published_time":"2024-07-03T20:08:10+00:00","article_modified_time":"2024-07-04T20:09:55+00:00","og_image":[{"width":672,"height":488,"url":"https:\/\/lepoint-actu.tg\/wp-content\/uploads\/2024\/07\/Screenshot_20240704-194622_1.jpg","type":"image\/jpeg"}],"author":"La Redaction","twitter_card":"summary_large_image","twitter_misc":{"\u00c9crit par":"La Redaction","Dur\u00e9e de lecture estim\u00e9e":"1 minute"},"schema":{"@context":"https:\/\/schema.org","@graph":[{"@type":"WebPage","@id":"https:\/\/lepoint-actu.tg\/index.php\/2024\/07\/03\/engagement-ferme-a-continuer-la-promotion-de-la-paix-et-du-developpement-durable-le-togo-sest-affirme-a-assouan\/","url":"https:\/\/lepoint-actu.tg\/index.php\/2024\/07\/03\/engagement-ferme-a-continuer-la-promotion-de-la-paix-et-du-developpement-durable-le-togo-sest-affirme-a-assouan\/","name":"Engagement ferme \u00e0 continuer la promotion de la paix et du d\u00e9veloppement durable\u00a0: Le Togo s\u2019est affirm\u00e9 \u00e0 Assouan -","isPartOf":{"@id":"https:\/\/lepoint-actu.tg\/#website"},"primaryImageOfPage":{"@id":"https:\/\/lepoint-actu.tg\/index.php\/2024\/07\/03\/engagement-ferme-a-continuer-la-promotion-de-la-paix-et-du-developpement-durable-le-togo-sest-affirme-a-assouan\/#primaryimage"},"image":{"@id":"https:\/\/lepoint-actu.tg\/index.php\/2024\/07\/03\/engagement-ferme-a-continuer-la-promotion-de-la-paix-et-du-developpement-durable-le-togo-sest-affirme-a-assouan\/#primaryimage"},"thumbnailUrl":"https:\/\/lepoint-actu.tg\/wp-content\/uploads\/2024\/07\/Screenshot_20240704-194622_1.jpg","datePublished":"2024-07-03T20:08:10+00:00","dateModified":"2024-07-04T20:09:55+00:00","author":{"@id":"https:\/\/lepoint-actu.tg\/#\/schema\/person\/e4026d66cbdc205cab83e169ab7eaca1"},"breadcrumb":{"@id":"https:\/\/lepoint-actu.tg\/index.php\/2024\/07\/03\/engagement-ferme-a-continuer-la-promotion-de-la-paix-et-du-developpement-durable-le-togo-sest-affirme-a-assouan\/#breadcrumb"},"inLanguage":"fr-FR","potentialAction":[{"@type":"ReadAction","target":["https:\/\/lepoint-actu.tg\/index.php\/2024\/07\/03\/engagement-ferme-a-continuer-la-promotion-de-la-paix-et-du-developpement-durable-le-togo-sest-affirme-a-assouan\/"]}]},{"@type":"ImageObject","inLanguage":"fr-FR","@id":"https:\/\/lepoint-actu.tg\/index.php\/2024\/07\/03\/engagement-ferme-a-continuer-la-promotion-de-la-paix-et-du-developpement-durable-le-togo-sest-affirme-a-assouan\/#primaryimage","url":"https:\/\/lepoint-actu.tg\/wp-content\/uploads\/2024\/07\/Screenshot_20240704-194622_1.jpg","contentUrl":"https:\/\/lepoint-actu.tg\/wp-content\/uploads\/2024\/07\/Screenshot_20240704-194622_1.jpg","width":672,"height":488},{"@type":"BreadcrumbList","@id":"https:\/\/lepoint-actu.tg\/index.php\/2024\/07\/03\/engagement-ferme-a-continuer-la-promotion-de-la-paix-et-du-developpement-durable-le-togo-sest-affirme-a-assouan\/#breadcrumb","itemListElement":[{"@type":"ListItem","position":1,"name":"Accueil","item":"https:\/\/lepoint-actu.tg\/"},{"@type":"ListItem","position":2,"name":"Engagement ferme \u00e0 continuer la promotion de la paix et du d\u00e9veloppement durable\u00a0: Le Togo s\u2019est affirm\u00e9 \u00e0 Assouan"}]},{"@type":"WebSite","@id":"https:\/\/lepoint-actu.tg\/#website","url":"https:\/\/lepoint-actu.tg\/","name":"","description":"R\u00e9c\u00e9piss\u00e9 N\u00b00022\/HAAC\/12-2020\/pL\/P, lepointactu07@gmail.com","potentialAction":[{"@type":"SearchAction","target":{"@type":"EntryPoint","urlTemplate":"https:\/\/lepoint-actu.tg\/?s={search_term_string}"},"query-input":{"@type":"PropertyValueSpecification","valueRequired":true,"valueName":"search_term_string"}}],"inLanguage":"fr-FR"},{"@type":"Person","@id":"https:\/\/lepoint-actu.tg\/#\/schema\/person\/e4026d66cbdc205cab83e169ab7eaca1","name":"La Redaction","image":{"@type":"ImageObject","inLanguage":"fr-FR","@id":"https:\/\/lepoint-actu.tg\/#\/schema\/person\/image\/","url":"https:\/\/secure.gravatar.com\/avatar\/1682a0ff7e2c36efa51c5d262eea092000ec1ce420118e6261440956730308c2?s=96&d=mm&r=g","contentUrl":"https:\/\/secure.gravatar.com\/avatar\/1682a0ff7e2c36efa51c5d262eea092000ec1ce420118e6261440956730308c2?s=96&d=mm&r=g","caption":"La Redaction"},"url":"https:\/\/lepoint-actu.tg\/index.php\/author\/raymondsama\/"}]}},"_links":{"self":[{"href":"https:\/\/lepoint-actu.tg\/index.php\/wp-json\/wp\/v2\/posts\/3644","targetHints":{"allow":["GET"]}}],"collection":[{"href":"https:\/\/lepoint-actu.tg\/index.php\/wp-json\/wp\/v2\/posts"}],"about":[{"href":"https:\/\/lepoint-actu.tg\/index.php\/wp-json\/wp\/v2\/types\/post"}],"author":[{"embeddable":true,"href":"https:\/\/lepoint-actu.tg\/index.php\/wp-json\/wp\/v2\/users\/2"}],"replies":[{"embeddable":true,"href":"https:\/\/lepoint-actu.tg\/index.php\/wp-json\/wp\/v2\/comments?post=3644"}],"version-history":[{"count":1,"href":"https:\/\/lepoint-actu.tg\/index.php\/wp-json\/wp\/v2\/posts\/3644\/revisions"}],"predecessor-version":[{"id":3646,"href":"https:\/\/lepoint-actu.tg\/index.php\/wp-json\/wp\/v2\/posts\/3644\/revisions\/3646"}],"wp:featuredmedia":[{"embeddable":true,"href":"https:\/\/lepoint-actu.tg\/index.php\/wp-json\/wp\/v2\/media\/3645"}],"wp:attachment":[{"href":"https:\/\/lepoint-actu.tg\/index.php\/wp-json\/wp\/v2\/media?parent=3644"}],"wp:term":[{"taxonomy":"category","embeddable":true,"href":"https:\/\/lepoint-actu.tg\/index.php\/wp-json\/wp\/v2\/categories?post=3644"},{"taxonomy":"post_tag","embeddable":true,"href":"https:\/\/lepoint-actu.tg\/index.php\/wp-json\/wp\/v2\/tags?post=3644"}],"curies":[{"name":"wp","href":"https:\/\/api.w.org\/{rel}","templated":true}]}}