{"id":3695,"date":"2024-08-04T15:49:31","date_gmt":"2024-08-04T15:49:31","guid":{"rendered":"https:\/\/lepoint-actu.tg\/?p=3695"},"modified":"2024-08-04T16:02:49","modified_gmt":"2024-08-04T16:02:49","slug":"deuil-larcheveque-de-lome-mgr-nicodeme-barrigah-benissan-est-decede","status":"publish","type":"post","link":"https:\/\/lepoint-actu.tg\/index.php\/2024\/08\/04\/deuil-larcheveque-de-lome-mgr-nicodeme-barrigah-benissan-est-decede\/","title":{"rendered":"N\u00e9crologie: L&rsquo;archev\u00eaque de Lom\u00e9 Mgr Nicod\u00e8me Barrigah-B\u00e9nissan est d\u00e9c\u00e9d\u00e9"},"content":{"rendered":"\n<p><\/p>\n\n\n\n<p>C&rsquo;est toute l&rsquo;eglise catholique et donc le Togo qui est en deuil. Mgr Nicod\u00e8me Anani Barrigah-B\u00e9nissan, archev\u00eaque m\u00e9tropolitain de Lom\u00e9 est d\u00e9c\u00e9d\u00e9 dimanche 4 ao\u00fbt 3024, selon les informations. Nomm\u00e9 le 23 novembre 2019, archev\u00eaque de Lom\u00e9 au Togo, Mgr Nicod\u00e8me Anani Barrigah-B\u00e9nissan, en ce moment \u00e9v\u00eaque d\u2019Atakpam\u00e9 a pris fonction le 11 janvier 2020.<br><strong>L&rsquo;homme et son parcours<\/strong><br>N\u00e9 le 19 mai 1963 \u00e0 Ouagadougou au Burkina Faso, Mgr Barrigah-B\u00e9nissan a \u00e9t\u00e9 baptis\u00e9 le 26 mai 1963 dans la m\u00eame ville. En 1966, sa famille regagne le Togo o\u00f9 il entreprend ses \u00e9tudes primaires de 1967 \u00e0 1974, \u00e0 l\u2019\u00e9cole catholique de Ny\u00e9konakpo\u00e9, dans le quatri\u00e8me arrondissement de la ville de Lom\u00e9, capitale du Togo. Le jeune Nicod\u00e8me va alors entrer au Petit S\u00e9minaire Saint Pie X d\u2019Ago\u00e8nyiv\u00e9 en 1974, et y est form\u00e9 jusqu\u2019en 1981.<br>En 1981, il se rend \u00e0 Ouidah au B\u00e9nin o\u00f9 il poursuit ses \u00e9tudes en philosophie et en th\u00e9ologie au Grand S\u00e9minaire Saint Gall jusqu\u2019en 1987. Il est ordonn\u00e9 pr\u00eatre le 8 Ao\u00fbt 1987 par Mgr Robert Tonyui Dosseh Anyron dans la Cath\u00e9drale Sainte Trinit\u00e9 d\u2019Atakpam\u00e9. Il passera une ann\u00e9e dans la pastorale comme vicaire paroissial \u00e0 la cath\u00e9drale de Lom\u00e9 avant de s\u2019envoler, d\u2019abord, pour Abidjan en C\u00f4te d\u2019Ivoire, afin de continuer ses \u00e9tudes th\u00e9ologiques dogmatiques \u00e0 l\u2019Institut Catholique d\u2019Abidjan ; et ensuite, pour Rome en Italie, pour des \u00e9tudes d\u2019ex\u00e9g\u00e8se au Biblicum, de 1990 \u00e0 1993. De 1993 \u00e0 1997, il reste \u00e0 Rome cette fois-ci pour des \u00e9tudes de Droit Canonique et de diplomatie, respectivement \u00e0 l\u2019Universit\u00e9 Urbanienne et \u00e0 l\u2019Acad\u00e9mie pontificale.<br>Entre 2000 et 2008, Mgr Barrigah-B\u00e9nissan d\u00e9j\u00e0 pr\u00eatre, aide tant\u00f4t comme secr\u00e9taire tant\u00f4t comme conseiller de la Nonciature au Rwanda, au Salvador, en C\u00f4te d\u2019Ivoire et en Isra\u00ebl. C\u2019est le 9 mars 2008, qu\u2019il est sacr\u00e9 \u00e9v\u00eaque et devient ainsi le 4i\u00e8me \u00e9v\u00eaque d\u2019Atakpam\u00e9. Mgr Nicod\u00e8me Barrigah est le pr\u00e9sident de la Commission \u00e9piscopale Nationale Justice &amp; Paix au sein de la Conf\u00e9rence des \u00e9v\u00eaques du Togo qui lui aussi confi\u00e9 la charge de l\u2019apostolat des la\u00efcs. Il parle couramment plusieurs langues dont notamment le fran\u00e7ais, l\u2019anglais et l\u2019italien et chante pendant ses moments de loisirs. Six albums sont \u00e0 son actif, informe-t-on.<\/p>\n\n\n\n<p><strong><em>Jules T\u00e9t\u00e9 <\/em><\/strong><\/p>\n","protected":false},"excerpt":{"rendered":"<p>C&rsquo;est toute l&rsquo;eglise catholique et donc le Togo qui est en deuil. Mgr Nicod\u00e8me Anani Barrigah-B\u00e9nissan, archev\u00eaque m\u00e9tropolitain de Lom\u00e9<\/p>\n","protected":false},"author":2,"featured_media":3696,"comment_status":"open","ping_status":"closed","sticky":false,"template":"","format":"standard","meta":{"footnotes":""},"categories":[1],"tags":[],"class_list":["post-3695","post","type-post","status-publish","format-standard","has-post-thumbnail","hentry","category-societe"],"yoast_head":"<!-- This site is optimized with the Yoast SEO plugin v23.9 - https:\/\/yoast.com\/wordpress\/plugins\/seo\/ -->\n<title>N\u00e9crologie: L&#039;archev\u00eaque de Lom\u00e9 Mgr Nicod\u00e8me Barrigah-B\u00e9nissan est d\u00e9c\u00e9d\u00e9 -<\/title>\n<meta name=\"robots\" content=\"index, follow, max-snippet:-1, max-image-preview:large, max-video-preview:-1\" \/>\n<link rel=\"canonical\" href=\"https:\/\/lepoint-actu.tg\/index.php\/2024\/08\/04\/deuil-larcheveque-de-lome-mgr-nicodeme-barrigah-benissan-est-decede\/\" \/>\n<meta property=\"og:locale\" content=\"fr_FR\" \/>\n<meta property=\"og:type\" content=\"article\" \/>\n<meta property=\"og:title\" content=\"N\u00e9crologie: L&#039;archev\u00eaque de Lom\u00e9 Mgr Nicod\u00e8me Barrigah-B\u00e9nissan est d\u00e9c\u00e9d\u00e9 -\" \/>\n<meta property=\"og:description\" content=\"C&rsquo;est toute l&rsquo;eglise catholique et donc le Togo qui est en deuil. Mgr Nicod\u00e8me Anani Barrigah-B\u00e9nissan, archev\u00eaque m\u00e9tropolitain de Lom\u00e9\" \/>\n<meta property=\"og:url\" content=\"https:\/\/lepoint-actu.tg\/index.php\/2024\/08\/04\/deuil-larcheveque-de-lome-mgr-nicodeme-barrigah-benissan-est-decede\/\" \/>\n<meta property=\"article:published_time\" content=\"2024-08-04T15:49:31+00:00\" \/>\n<meta property=\"article:modified_time\" content=\"2024-08-04T16:02:49+00:00\" \/>\n<meta property=\"og:image\" content=\"https:\/\/lepoint-actu.tg\/wp-content\/uploads\/2024\/08\/Screenshot_20240804-154136_1.jpg\" \/>\n\t<meta property=\"og:image:width\" content=\"313\" \/>\n\t<meta property=\"og:image:height\" content=\"471\" \/>\n\t<meta property=\"og:image:type\" content=\"image\/jpeg\" \/>\n<meta name=\"author\" content=\"La Redaction\" \/>\n<meta name=\"twitter:card\" content=\"summary_large_image\" \/>\n<meta name=\"twitter:label1\" content=\"\u00c9crit par\" \/>\n\t<meta name=\"twitter:data1\" content=\"La Redaction\" \/>\n\t<meta name=\"twitter:label2\" content=\"Dur\u00e9e de lecture estim\u00e9e\" \/>\n\t<meta name=\"twitter:data2\" content=\"2 minutes\" \/>\n<script type=\"application\/ld+json\" class=\"yoast-schema-graph\">{\"@context\":\"https:\/\/schema.org\",\"@graph\":[{\"@type\":\"WebPage\",\"@id\":\"https:\/\/lepoint-actu.tg\/index.php\/2024\/08\/04\/deuil-larcheveque-de-lome-mgr-nicodeme-barrigah-benissan-est-decede\/\",\"url\":\"https:\/\/lepoint-actu.tg\/index.php\/2024\/08\/04\/deuil-larcheveque-de-lome-mgr-nicodeme-barrigah-benissan-est-decede\/\",\"name\":\"N\u00e9crologie: L'archev\u00eaque de Lom\u00e9 Mgr Nicod\u00e8me Barrigah-B\u00e9nissan est d\u00e9c\u00e9d\u00e9 -\",\"isPartOf\":{\"@id\":\"https:\/\/lepoint-actu.tg\/#website\"},\"primaryImageOfPage\":{\"@id\":\"https:\/\/lepoint-actu.tg\/index.php\/2024\/08\/04\/deuil-larcheveque-de-lome-mgr-nicodeme-barrigah-benissan-est-decede\/#primaryimage\"},\"image\":{\"@id\":\"https:\/\/lepoint-actu.tg\/index.php\/2024\/08\/04\/deuil-larcheveque-de-lome-mgr-nicodeme-barrigah-benissan-est-decede\/#primaryimage\"},\"thumbnailUrl\":\"https:\/\/lepoint-actu.tg\/wp-content\/uploads\/2024\/08\/Screenshot_20240804-154136_1.jpg\",\"datePublished\":\"2024-08-04T15:49:31+00:00\",\"dateModified\":\"2024-08-04T16:02:49+00:00\",\"author\":{\"@id\":\"https:\/\/lepoint-actu.tg\/#\/schema\/person\/e4026d66cbdc205cab83e169ab7eaca1\"},\"breadcrumb\":{\"@id\":\"https:\/\/lepoint-actu.tg\/index.php\/2024\/08\/04\/deuil-larcheveque-de-lome-mgr-nicodeme-barrigah-benissan-est-decede\/#breadcrumb\"},\"inLanguage\":\"fr-FR\",\"potentialAction\":[{\"@type\":\"ReadAction\",\"target\":[\"https:\/\/lepoint-actu.tg\/index.php\/2024\/08\/04\/deuil-larcheveque-de-lome-mgr-nicodeme-barrigah-benissan-est-decede\/\"]}]},{\"@type\":\"ImageObject\",\"inLanguage\":\"fr-FR\",\"@id\":\"https:\/\/lepoint-actu.tg\/index.php\/2024\/08\/04\/deuil-larcheveque-de-lome-mgr-nicodeme-barrigah-benissan-est-decede\/#primaryimage\",\"url\":\"https:\/\/lepoint-actu.tg\/wp-content\/uploads\/2024\/08\/Screenshot_20240804-154136_1.jpg\",\"contentUrl\":\"https:\/\/lepoint-actu.tg\/wp-content\/uploads\/2024\/08\/Screenshot_20240804-154136_1.jpg\",\"width\":313,\"height\":471},{\"@type\":\"BreadcrumbList\",\"@id\":\"https:\/\/lepoint-actu.tg\/index.php\/2024\/08\/04\/deuil-larcheveque-de-lome-mgr-nicodeme-barrigah-benissan-est-decede\/#breadcrumb\",\"itemListElement\":[{\"@type\":\"ListItem\",\"position\":1,\"name\":\"Accueil\",\"item\":\"https:\/\/lepoint-actu.tg\/\"},{\"@type\":\"ListItem\",\"position\":2,\"name\":\"N\u00e9crologie: L&rsquo;archev\u00eaque de Lom\u00e9 Mgr Nicod\u00e8me Barrigah-B\u00e9nissan est d\u00e9c\u00e9d\u00e9\"}]},{\"@type\":\"WebSite\",\"@id\":\"https:\/\/lepoint-actu.tg\/#website\",\"url\":\"https:\/\/lepoint-actu.tg\/\",\"name\":\"\",\"description\":\"R\u00e9c\u00e9piss\u00e9 N\u00b00022\/HAAC\/12-2020\/pL\/P, lepointactu07@gmail.com\",\"potentialAction\":[{\"@type\":\"SearchAction\",\"target\":{\"@type\":\"EntryPoint\",\"urlTemplate\":\"https:\/\/lepoint-actu.tg\/?s={search_term_string}\"},\"query-input\":{\"@type\":\"PropertyValueSpecification\",\"valueRequired\":true,\"valueName\":\"search_term_string\"}}],\"inLanguage\":\"fr-FR\"},{\"@type\":\"Person\",\"@id\":\"https:\/\/lepoint-actu.tg\/#\/schema\/person\/e4026d66cbdc205cab83e169ab7eaca1\",\"name\":\"La Redaction\",\"image\":{\"@type\":\"ImageObject\",\"inLanguage\":\"fr-FR\",\"@id\":\"https:\/\/lepoint-actu.tg\/#\/schema\/person\/image\/\",\"url\":\"https:\/\/secure.gravatar.com\/avatar\/1682a0ff7e2c36efa51c5d262eea092000ec1ce420118e6261440956730308c2?s=96&d=mm&r=g\",\"contentUrl\":\"https:\/\/secure.gravatar.com\/avatar\/1682a0ff7e2c36efa51c5d262eea092000ec1ce420118e6261440956730308c2?s=96&d=mm&r=g\",\"caption\":\"La Redaction\"},\"url\":\"https:\/\/lepoint-actu.tg\/index.php\/author\/raymondsama\/\"}]}<\/script>\n<!-- \/ Yoast SEO plugin. -->","yoast_head_json":{"title":"N\u00e9crologie: L'archev\u00eaque de Lom\u00e9 Mgr Nicod\u00e8me Barrigah-B\u00e9nissan est d\u00e9c\u00e9d\u00e9 -","robots":{"index":"index","follow":"follow","max-snippet":"max-snippet:-1","max-image-preview":"max-image-preview:large","max-video-preview":"max-video-preview:-1"},"canonical":"https:\/\/lepoint-actu.tg\/index.php\/2024\/08\/04\/deuil-larcheveque-de-lome-mgr-nicodeme-barrigah-benissan-est-decede\/","og_locale":"fr_FR","og_type":"article","og_title":"N\u00e9crologie: L'archev\u00eaque de Lom\u00e9 Mgr Nicod\u00e8me Barrigah-B\u00e9nissan est d\u00e9c\u00e9d\u00e9 -","og_description":"C&rsquo;est toute l&rsquo;eglise catholique et donc le Togo qui est en deuil. Mgr Nicod\u00e8me Anani Barrigah-B\u00e9nissan, archev\u00eaque m\u00e9tropolitain de Lom\u00e9","og_url":"https:\/\/lepoint-actu.tg\/index.php\/2024\/08\/04\/deuil-larcheveque-de-lome-mgr-nicodeme-barrigah-benissan-est-decede\/","article_published_time":"2024-08-04T15:49:31+00:00","article_modified_time":"2024-08-04T16:02:49+00:00","og_image":[{"width":313,"height":471,"url":"https:\/\/lepoint-actu.tg\/wp-content\/uploads\/2024\/08\/Screenshot_20240804-154136_1.jpg","type":"image\/jpeg"}],"author":"La Redaction","twitter_card":"summary_large_image","twitter_misc":{"\u00c9crit par":"La Redaction","Dur\u00e9e de lecture estim\u00e9e":"2 minutes"},"schema":{"@context":"https:\/\/schema.org","@graph":[{"@type":"WebPage","@id":"https:\/\/lepoint-actu.tg\/index.php\/2024\/08\/04\/deuil-larcheveque-de-lome-mgr-nicodeme-barrigah-benissan-est-decede\/","url":"https:\/\/lepoint-actu.tg\/index.php\/2024\/08\/04\/deuil-larcheveque-de-lome-mgr-nicodeme-barrigah-benissan-est-decede\/","name":"N\u00e9crologie: L'archev\u00eaque de Lom\u00e9 Mgr Nicod\u00e8me Barrigah-B\u00e9nissan est d\u00e9c\u00e9d\u00e9 -","isPartOf":{"@id":"https:\/\/lepoint-actu.tg\/#website"},"primaryImageOfPage":{"@id":"https:\/\/lepoint-actu.tg\/index.php\/2024\/08\/04\/deuil-larcheveque-de-lome-mgr-nicodeme-barrigah-benissan-est-decede\/#primaryimage"},"image":{"@id":"https:\/\/lepoint-actu.tg\/index.php\/2024\/08\/04\/deuil-larcheveque-de-lome-mgr-nicodeme-barrigah-benissan-est-decede\/#primaryimage"},"thumbnailUrl":"https:\/\/lepoint-actu.tg\/wp-content\/uploads\/2024\/08\/Screenshot_20240804-154136_1.jpg","datePublished":"2024-08-04T15:49:31+00:00","dateModified":"2024-08-04T16:02:49+00:00","author":{"@id":"https:\/\/lepoint-actu.tg\/#\/schema\/person\/e4026d66cbdc205cab83e169ab7eaca1"},"breadcrumb":{"@id":"https:\/\/lepoint-actu.tg\/index.php\/2024\/08\/04\/deuil-larcheveque-de-lome-mgr-nicodeme-barrigah-benissan-est-decede\/#breadcrumb"},"inLanguage":"fr-FR","potentialAction":[{"@type":"ReadAction","target":["https:\/\/lepoint-actu.tg\/index.php\/2024\/08\/04\/deuil-larcheveque-de-lome-mgr-nicodeme-barrigah-benissan-est-decede\/"]}]},{"@type":"ImageObject","inLanguage":"fr-FR","@id":"https:\/\/lepoint-actu.tg\/index.php\/2024\/08\/04\/deuil-larcheveque-de-lome-mgr-nicodeme-barrigah-benissan-est-decede\/#primaryimage","url":"https:\/\/lepoint-actu.tg\/wp-content\/uploads\/2024\/08\/Screenshot_20240804-154136_1.jpg","contentUrl":"https:\/\/lepoint-actu.tg\/wp-content\/uploads\/2024\/08\/Screenshot_20240804-154136_1.jpg","width":313,"height":471},{"@type":"BreadcrumbList","@id":"https:\/\/lepoint-actu.tg\/index.php\/2024\/08\/04\/deuil-larcheveque-de-lome-mgr-nicodeme-barrigah-benissan-est-decede\/#breadcrumb","itemListElement":[{"@type":"ListItem","position":1,"name":"Accueil","item":"https:\/\/lepoint-actu.tg\/"},{"@type":"ListItem","position":2,"name":"N\u00e9crologie: L&rsquo;archev\u00eaque de Lom\u00e9 Mgr Nicod\u00e8me Barrigah-B\u00e9nissan est d\u00e9c\u00e9d\u00e9"}]},{"@type":"WebSite","@id":"https:\/\/lepoint-actu.tg\/#website","url":"https:\/\/lepoint-actu.tg\/","name":"","description":"R\u00e9c\u00e9piss\u00e9 N\u00b00022\/HAAC\/12-2020\/pL\/P, lepointactu07@gmail.com","potentialAction":[{"@type":"SearchAction","target":{"@type":"EntryPoint","urlTemplate":"https:\/\/lepoint-actu.tg\/?s={search_term_string}"},"query-input":{"@type":"PropertyValueSpecification","valueRequired":true,"valueName":"search_term_string"}}],"inLanguage":"fr-FR"},{"@type":"Person","@id":"https:\/\/lepoint-actu.tg\/#\/schema\/person\/e4026d66cbdc205cab83e169ab7eaca1","name":"La Redaction","image":{"@type":"ImageObject","inLanguage":"fr-FR","@id":"https:\/\/lepoint-actu.tg\/#\/schema\/person\/image\/","url":"https:\/\/secure.gravatar.com\/avatar\/1682a0ff7e2c36efa51c5d262eea092000ec1ce420118e6261440956730308c2?s=96&d=mm&r=g","contentUrl":"https:\/\/secure.gravatar.com\/avatar\/1682a0ff7e2c36efa51c5d262eea092000ec1ce420118e6261440956730308c2?s=96&d=mm&r=g","caption":"La Redaction"},"url":"https:\/\/lepoint-actu.tg\/index.php\/author\/raymondsama\/"}]}},"_links":{"self":[{"href":"https:\/\/lepoint-actu.tg\/index.php\/wp-json\/wp\/v2\/posts\/3695","targetHints":{"allow":["GET"]}}],"collection":[{"href":"https:\/\/lepoint-actu.tg\/index.php\/wp-json\/wp\/v2\/posts"}],"about":[{"href":"https:\/\/lepoint-actu.tg\/index.php\/wp-json\/wp\/v2\/types\/post"}],"author":[{"embeddable":true,"href":"https:\/\/lepoint-actu.tg\/index.php\/wp-json\/wp\/v2\/users\/2"}],"replies":[{"embeddable":true,"href":"https:\/\/lepoint-actu.tg\/index.php\/wp-json\/wp\/v2\/comments?post=3695"}],"version-history":[{"count":2,"href":"https:\/\/lepoint-actu.tg\/index.php\/wp-json\/wp\/v2\/posts\/3695\/revisions"}],"predecessor-version":[{"id":3698,"href":"https:\/\/lepoint-actu.tg\/index.php\/wp-json\/wp\/v2\/posts\/3695\/revisions\/3698"}],"wp:featuredmedia":[{"embeddable":true,"href":"https:\/\/lepoint-actu.tg\/index.php\/wp-json\/wp\/v2\/media\/3696"}],"wp:attachment":[{"href":"https:\/\/lepoint-actu.tg\/index.php\/wp-json\/wp\/v2\/media?parent=3695"}],"wp:term":[{"taxonomy":"category","embeddable":true,"href":"https:\/\/lepoint-actu.tg\/index.php\/wp-json\/wp\/v2\/categories?post=3695"},{"taxonomy":"post_tag","embeddable":true,"href":"https:\/\/lepoint-actu.tg\/index.php\/wp-json\/wp\/v2\/tags?post=3695"}],"curies":[{"name":"wp","href":"https:\/\/api.w.org\/{rel}","templated":true}]}}