{"id":3699,"date":"2024-08-07T13:01:04","date_gmt":"2024-08-07T13:01:04","guid":{"rendered":"https:\/\/lepoint-actu.tg\/?p=3699"},"modified":"2024-08-07T13:01:06","modified_gmt":"2024-08-07T13:01:06","slug":"cote-divoire-laurent-gbagbo-se-remarie-demain-jeudi","status":"publish","type":"post","link":"https:\/\/lepoint-actu.tg\/index.php\/2024\/08\/07\/cote-divoire-laurent-gbagbo-se-remarie-demain-jeudi\/","title":{"rendered":"C\u00f4te d\u2019Ivoire : Laurent Gbagbo se remarie demain jeudi"},"content":{"rendered":"\n<p><\/p>\n\n\n\n<p>Laurent Gbagbo obtient une nouvelle gr\u00e2ce de l&rsquo;\u00c9ternel. En effet, demain jeudi 8 ao\u00fbt 2024, l\u2019ancien Pr\u00e9sident ivoirien Laurent Gbagbo va se remarier officiellement avec Nady Bamba. La nouvelle, r\u00e9v\u00e9l\u00e9e en premi\u00e8re page du journal \u00ab Notre Voie \u00bb, a suscit\u00e9 un vif int\u00e9r\u00eat dans le paysage politique et m\u00e9diatique ivoirien.<br>\u00abCelui qui trouve une femme trouve le bonheur ; c&rsquo;est une gr\u00e2ce qu&rsquo;il obtient de l&rsquo;\u00c9ternel \u00bb,dit la Bible (Proverbes 18:22).<br>Depuis son retour en C\u00f4te d\u2019Ivoire apr\u00e8s des ann\u00e9es d\u2019incarc\u00e9ration \u00e0 La Haye, Laurent Gbagbo a apport\u00e9 des changements notables \u00e0 sa vie personnelle et politique.<br>S\u00e9par\u00e9 de son ex-\u00e9pouse, Simone Gbagbo, avec qui il a partag\u00e9 plusieurs d\u00e9cennies de vie commune, il s\u2019appr\u00eate d\u00e9sormais \u00e0 officialiser son union avec Nady Bamba. Cette derni\u00e8re a \u00e9t\u00e9 un soutien constant pour Gbagbo durant son incarc\u00e9ration, jouant un r\u00f4le crucial dans sa vie pendant ces moments difficiles.<br>Laurent Gbagbo et Nady Bamba ne sont pas des inconnus l\u2019un pour l\u2019autre. En 2001, ils s\u2019\u00e9taient d\u00e9j\u00e0 mari\u00e9s dans une mosqu\u00e9e \u00e0 Abidjan, suivant les rites coutumiers malink\u00e9 et musulmans.<br>Ce mariage \u00e0 venir est donc une formalisation de leur union, symbolisant leur engagement mutuel et leur d\u00e9sir de construire un avenir ensemble apr\u00e8s les \u00e9preuves qu\u2019ils ont travers\u00e9es.<br>Le retour de Laurent Gbagbo en C\u00f4te d\u2019Ivoire a \u00e9t\u00e9 marqu\u00e9 par la cr\u00e9ation d\u2019un nouveau parti politique, le PPA-CI (Parti des Peuples Africains \u2013 C\u00f4te d\u2019Ivoire).<br>Ce mariage pourrait \u00e9galement renforcer sa position et son image aupr\u00e8s de ses partisans, montrant un homme r\u00e9silient et d\u00e9termin\u00e9 \u00e0 tourner la page sur son pass\u00e9 tumultueux. Pour Nady Bamba, cette union officielle repr\u00e9sente une reconnaissance publique de son r\u00f4le et de son importance dans la vie de l\u2019ancien pr\u00e9sident.<\/p>\n","protected":false},"excerpt":{"rendered":"<p>Laurent Gbagbo obtient une nouvelle gr\u00e2ce de l&rsquo;\u00c9ternel. En effet, demain jeudi 8 ao\u00fbt 2024, l\u2019ancien Pr\u00e9sident ivoirien Laurent Gbagbo<\/p>\n","protected":false},"author":2,"featured_media":3700,"comment_status":"open","ping_status":"closed","sticky":false,"template":"","format":"standard","meta":{"footnotes":""},"categories":[1],"tags":[],"class_list":["post-3699","post","type-post","status-publish","format-standard","has-post-thumbnail","hentry","category-societe"],"yoast_head":"<!-- This site is optimized with the Yoast SEO plugin v23.9 - https:\/\/yoast.com\/wordpress\/plugins\/seo\/ -->\n<title>C\u00f4te d\u2019Ivoire : Laurent Gbagbo se remarie demain jeudi -<\/title>\n<meta name=\"robots\" content=\"index, follow, max-snippet:-1, max-image-preview:large, max-video-preview:-1\" \/>\n<link rel=\"canonical\" href=\"https:\/\/lepoint-actu.tg\/index.php\/2024\/08\/07\/cote-divoire-laurent-gbagbo-se-remarie-demain-jeudi\/\" \/>\n<meta property=\"og:locale\" content=\"fr_FR\" \/>\n<meta property=\"og:type\" content=\"article\" \/>\n<meta property=\"og:title\" content=\"C\u00f4te d\u2019Ivoire : Laurent Gbagbo se remarie demain jeudi -\" \/>\n<meta property=\"og:description\" content=\"Laurent Gbagbo obtient une nouvelle gr\u00e2ce de l&rsquo;\u00c9ternel. En effet, demain jeudi 8 ao\u00fbt 2024, l\u2019ancien Pr\u00e9sident ivoirien Laurent Gbagbo\" \/>\n<meta property=\"og:url\" content=\"https:\/\/lepoint-actu.tg\/index.php\/2024\/08\/07\/cote-divoire-laurent-gbagbo-se-remarie-demain-jeudi\/\" \/>\n<meta property=\"article:published_time\" content=\"2024-08-07T13:01:04+00:00\" \/>\n<meta property=\"article:modified_time\" content=\"2024-08-07T13:01:06+00:00\" \/>\n<meta property=\"og:image\" content=\"https:\/\/lepoint-actu.tg\/wp-content\/uploads\/2024\/08\/gbagb-660x330-1.jpg\" \/>\n\t<meta property=\"og:image:width\" content=\"660\" \/>\n\t<meta property=\"og:image:height\" content=\"330\" \/>\n\t<meta property=\"og:image:type\" content=\"image\/jpeg\" \/>\n<meta name=\"author\" content=\"La Redaction\" \/>\n<meta name=\"twitter:card\" content=\"summary_large_image\" \/>\n<meta name=\"twitter:label1\" content=\"\u00c9crit par\" \/>\n\t<meta name=\"twitter:data1\" content=\"La Redaction\" \/>\n\t<meta name=\"twitter:label2\" content=\"Dur\u00e9e de lecture estim\u00e9e\" \/>\n\t<meta name=\"twitter:data2\" content=\"2 minutes\" \/>\n<script type=\"application\/ld+json\" class=\"yoast-schema-graph\">{\"@context\":\"https:\/\/schema.org\",\"@graph\":[{\"@type\":\"WebPage\",\"@id\":\"https:\/\/lepoint-actu.tg\/index.php\/2024\/08\/07\/cote-divoire-laurent-gbagbo-se-remarie-demain-jeudi\/\",\"url\":\"https:\/\/lepoint-actu.tg\/index.php\/2024\/08\/07\/cote-divoire-laurent-gbagbo-se-remarie-demain-jeudi\/\",\"name\":\"C\u00f4te d\u2019Ivoire : Laurent Gbagbo se remarie demain jeudi -\",\"isPartOf\":{\"@id\":\"https:\/\/lepoint-actu.tg\/#website\"},\"primaryImageOfPage\":{\"@id\":\"https:\/\/lepoint-actu.tg\/index.php\/2024\/08\/07\/cote-divoire-laurent-gbagbo-se-remarie-demain-jeudi\/#primaryimage\"},\"image\":{\"@id\":\"https:\/\/lepoint-actu.tg\/index.php\/2024\/08\/07\/cote-divoire-laurent-gbagbo-se-remarie-demain-jeudi\/#primaryimage\"},\"thumbnailUrl\":\"https:\/\/lepoint-actu.tg\/wp-content\/uploads\/2024\/08\/gbagb-660x330-1.jpg\",\"datePublished\":\"2024-08-07T13:01:04+00:00\",\"dateModified\":\"2024-08-07T13:01:06+00:00\",\"author\":{\"@id\":\"https:\/\/lepoint-actu.tg\/#\/schema\/person\/e4026d66cbdc205cab83e169ab7eaca1\"},\"breadcrumb\":{\"@id\":\"https:\/\/lepoint-actu.tg\/index.php\/2024\/08\/07\/cote-divoire-laurent-gbagbo-se-remarie-demain-jeudi\/#breadcrumb\"},\"inLanguage\":\"fr-FR\",\"potentialAction\":[{\"@type\":\"ReadAction\",\"target\":[\"https:\/\/lepoint-actu.tg\/index.php\/2024\/08\/07\/cote-divoire-laurent-gbagbo-se-remarie-demain-jeudi\/\"]}]},{\"@type\":\"ImageObject\",\"inLanguage\":\"fr-FR\",\"@id\":\"https:\/\/lepoint-actu.tg\/index.php\/2024\/08\/07\/cote-divoire-laurent-gbagbo-se-remarie-demain-jeudi\/#primaryimage\",\"url\":\"https:\/\/lepoint-actu.tg\/wp-content\/uploads\/2024\/08\/gbagb-660x330-1.jpg\",\"contentUrl\":\"https:\/\/lepoint-actu.tg\/wp-content\/uploads\/2024\/08\/gbagb-660x330-1.jpg\",\"width\":660,\"height\":330},{\"@type\":\"BreadcrumbList\",\"@id\":\"https:\/\/lepoint-actu.tg\/index.php\/2024\/08\/07\/cote-divoire-laurent-gbagbo-se-remarie-demain-jeudi\/#breadcrumb\",\"itemListElement\":[{\"@type\":\"ListItem\",\"position\":1,\"name\":\"Accueil\",\"item\":\"https:\/\/lepoint-actu.tg\/\"},{\"@type\":\"ListItem\",\"position\":2,\"name\":\"C\u00f4te d\u2019Ivoire : Laurent Gbagbo se remarie demain jeudi\"}]},{\"@type\":\"WebSite\",\"@id\":\"https:\/\/lepoint-actu.tg\/#website\",\"url\":\"https:\/\/lepoint-actu.tg\/\",\"name\":\"\",\"description\":\"R\u00e9c\u00e9piss\u00e9 N\u00b00022\/HAAC\/12-2020\/pL\/P, lepointactu07@gmail.com\",\"potentialAction\":[{\"@type\":\"SearchAction\",\"target\":{\"@type\":\"EntryPoint\",\"urlTemplate\":\"https:\/\/lepoint-actu.tg\/?s={search_term_string}\"},\"query-input\":{\"@type\":\"PropertyValueSpecification\",\"valueRequired\":true,\"valueName\":\"search_term_string\"}}],\"inLanguage\":\"fr-FR\"},{\"@type\":\"Person\",\"@id\":\"https:\/\/lepoint-actu.tg\/#\/schema\/person\/e4026d66cbdc205cab83e169ab7eaca1\",\"name\":\"La Redaction\",\"image\":{\"@type\":\"ImageObject\",\"inLanguage\":\"fr-FR\",\"@id\":\"https:\/\/lepoint-actu.tg\/#\/schema\/person\/image\/\",\"url\":\"https:\/\/secure.gravatar.com\/avatar\/1682a0ff7e2c36efa51c5d262eea092000ec1ce420118e6261440956730308c2?s=96&d=mm&r=g\",\"contentUrl\":\"https:\/\/secure.gravatar.com\/avatar\/1682a0ff7e2c36efa51c5d262eea092000ec1ce420118e6261440956730308c2?s=96&d=mm&r=g\",\"caption\":\"La Redaction\"},\"url\":\"https:\/\/lepoint-actu.tg\/index.php\/author\/raymondsama\/\"}]}<\/script>\n<!-- \/ Yoast SEO plugin. -->","yoast_head_json":{"title":"C\u00f4te d\u2019Ivoire : Laurent Gbagbo se remarie demain jeudi -","robots":{"index":"index","follow":"follow","max-snippet":"max-snippet:-1","max-image-preview":"max-image-preview:large","max-video-preview":"max-video-preview:-1"},"canonical":"https:\/\/lepoint-actu.tg\/index.php\/2024\/08\/07\/cote-divoire-laurent-gbagbo-se-remarie-demain-jeudi\/","og_locale":"fr_FR","og_type":"article","og_title":"C\u00f4te d\u2019Ivoire : Laurent Gbagbo se remarie demain jeudi -","og_description":"Laurent Gbagbo obtient une nouvelle gr\u00e2ce de l&rsquo;\u00c9ternel. En effet, demain jeudi 8 ao\u00fbt 2024, l\u2019ancien Pr\u00e9sident ivoirien Laurent Gbagbo","og_url":"https:\/\/lepoint-actu.tg\/index.php\/2024\/08\/07\/cote-divoire-laurent-gbagbo-se-remarie-demain-jeudi\/","article_published_time":"2024-08-07T13:01:04+00:00","article_modified_time":"2024-08-07T13:01:06+00:00","og_image":[{"width":660,"height":330,"url":"https:\/\/lepoint-actu.tg\/wp-content\/uploads\/2024\/08\/gbagb-660x330-1.jpg","type":"image\/jpeg"}],"author":"La Redaction","twitter_card":"summary_large_image","twitter_misc":{"\u00c9crit par":"La Redaction","Dur\u00e9e de lecture estim\u00e9e":"2 minutes"},"schema":{"@context":"https:\/\/schema.org","@graph":[{"@type":"WebPage","@id":"https:\/\/lepoint-actu.tg\/index.php\/2024\/08\/07\/cote-divoire-laurent-gbagbo-se-remarie-demain-jeudi\/","url":"https:\/\/lepoint-actu.tg\/index.php\/2024\/08\/07\/cote-divoire-laurent-gbagbo-se-remarie-demain-jeudi\/","name":"C\u00f4te d\u2019Ivoire : Laurent Gbagbo se remarie demain jeudi -","isPartOf":{"@id":"https:\/\/lepoint-actu.tg\/#website"},"primaryImageOfPage":{"@id":"https:\/\/lepoint-actu.tg\/index.php\/2024\/08\/07\/cote-divoire-laurent-gbagbo-se-remarie-demain-jeudi\/#primaryimage"},"image":{"@id":"https:\/\/lepoint-actu.tg\/index.php\/2024\/08\/07\/cote-divoire-laurent-gbagbo-se-remarie-demain-jeudi\/#primaryimage"},"thumbnailUrl":"https:\/\/lepoint-actu.tg\/wp-content\/uploads\/2024\/08\/gbagb-660x330-1.jpg","datePublished":"2024-08-07T13:01:04+00:00","dateModified":"2024-08-07T13:01:06+00:00","author":{"@id":"https:\/\/lepoint-actu.tg\/#\/schema\/person\/e4026d66cbdc205cab83e169ab7eaca1"},"breadcrumb":{"@id":"https:\/\/lepoint-actu.tg\/index.php\/2024\/08\/07\/cote-divoire-laurent-gbagbo-se-remarie-demain-jeudi\/#breadcrumb"},"inLanguage":"fr-FR","potentialAction":[{"@type":"ReadAction","target":["https:\/\/lepoint-actu.tg\/index.php\/2024\/08\/07\/cote-divoire-laurent-gbagbo-se-remarie-demain-jeudi\/"]}]},{"@type":"ImageObject","inLanguage":"fr-FR","@id":"https:\/\/lepoint-actu.tg\/index.php\/2024\/08\/07\/cote-divoire-laurent-gbagbo-se-remarie-demain-jeudi\/#primaryimage","url":"https:\/\/lepoint-actu.tg\/wp-content\/uploads\/2024\/08\/gbagb-660x330-1.jpg","contentUrl":"https:\/\/lepoint-actu.tg\/wp-content\/uploads\/2024\/08\/gbagb-660x330-1.jpg","width":660,"height":330},{"@type":"BreadcrumbList","@id":"https:\/\/lepoint-actu.tg\/index.php\/2024\/08\/07\/cote-divoire-laurent-gbagbo-se-remarie-demain-jeudi\/#breadcrumb","itemListElement":[{"@type":"ListItem","position":1,"name":"Accueil","item":"https:\/\/lepoint-actu.tg\/"},{"@type":"ListItem","position":2,"name":"C\u00f4te d\u2019Ivoire : Laurent Gbagbo se remarie demain jeudi"}]},{"@type":"WebSite","@id":"https:\/\/lepoint-actu.tg\/#website","url":"https:\/\/lepoint-actu.tg\/","name":"","description":"R\u00e9c\u00e9piss\u00e9 N\u00b00022\/HAAC\/12-2020\/pL\/P, lepointactu07@gmail.com","potentialAction":[{"@type":"SearchAction","target":{"@type":"EntryPoint","urlTemplate":"https:\/\/lepoint-actu.tg\/?s={search_term_string}"},"query-input":{"@type":"PropertyValueSpecification","valueRequired":true,"valueName":"search_term_string"}}],"inLanguage":"fr-FR"},{"@type":"Person","@id":"https:\/\/lepoint-actu.tg\/#\/schema\/person\/e4026d66cbdc205cab83e169ab7eaca1","name":"La Redaction","image":{"@type":"ImageObject","inLanguage":"fr-FR","@id":"https:\/\/lepoint-actu.tg\/#\/schema\/person\/image\/","url":"https:\/\/secure.gravatar.com\/avatar\/1682a0ff7e2c36efa51c5d262eea092000ec1ce420118e6261440956730308c2?s=96&d=mm&r=g","contentUrl":"https:\/\/secure.gravatar.com\/avatar\/1682a0ff7e2c36efa51c5d262eea092000ec1ce420118e6261440956730308c2?s=96&d=mm&r=g","caption":"La Redaction"},"url":"https:\/\/lepoint-actu.tg\/index.php\/author\/raymondsama\/"}]}},"_links":{"self":[{"href":"https:\/\/lepoint-actu.tg\/index.php\/wp-json\/wp\/v2\/posts\/3699","targetHints":{"allow":["GET"]}}],"collection":[{"href":"https:\/\/lepoint-actu.tg\/index.php\/wp-json\/wp\/v2\/posts"}],"about":[{"href":"https:\/\/lepoint-actu.tg\/index.php\/wp-json\/wp\/v2\/types\/post"}],"author":[{"embeddable":true,"href":"https:\/\/lepoint-actu.tg\/index.php\/wp-json\/wp\/v2\/users\/2"}],"replies":[{"embeddable":true,"href":"https:\/\/lepoint-actu.tg\/index.php\/wp-json\/wp\/v2\/comments?post=3699"}],"version-history":[{"count":1,"href":"https:\/\/lepoint-actu.tg\/index.php\/wp-json\/wp\/v2\/posts\/3699\/revisions"}],"predecessor-version":[{"id":3701,"href":"https:\/\/lepoint-actu.tg\/index.php\/wp-json\/wp\/v2\/posts\/3699\/revisions\/3701"}],"wp:featuredmedia":[{"embeddable":true,"href":"https:\/\/lepoint-actu.tg\/index.php\/wp-json\/wp\/v2\/media\/3700"}],"wp:attachment":[{"href":"https:\/\/lepoint-actu.tg\/index.php\/wp-json\/wp\/v2\/media?parent=3699"}],"wp:term":[{"taxonomy":"category","embeddable":true,"href":"https:\/\/lepoint-actu.tg\/index.php\/wp-json\/wp\/v2\/categories?post=3699"},{"taxonomy":"post_tag","embeddable":true,"href":"https:\/\/lepoint-actu.tg\/index.php\/wp-json\/wp\/v2\/tags?post=3699"}],"curies":[{"name":"wp","href":"https:\/\/api.w.org\/{rel}","templated":true}]}}