{"id":3703,"date":"2024-08-07T13:21:49","date_gmt":"2024-08-07T13:21:49","guid":{"rendered":"https:\/\/lepoint-actu.tg\/?p=3703"},"modified":"2024-08-07T13:37:32","modified_gmt":"2024-08-07T13:37:32","slug":"les-condoleances-du-pouvoir-togolais-suite-au-deces-de-mrg-barigah-benissant","status":"publish","type":"post","link":"https:\/\/lepoint-actu.tg\/index.php\/2024\/08\/07\/les-condoleances-du-pouvoir-togolais-suite-au-deces-de-mrg-barigah-benissant\/","title":{"rendered":"Les condol\u00e9ances du pouvoir togolais suite au d\u00e9c\u00e8s de Mgr Barigah-B\u00e9nissan"},"content":{"rendered":"\n<p><\/p>\n\n\n\n<p>\u00abLe Pr\u00e9sident de la R\u00e9publique, SEM @FE Gnassingbe a re\u00e7u, ce 07.08.2024, une d\u00e9l\u00e9gation de la Conf\u00e9rence des \u00e9v\u00eaques du Togo, conduite par son pr\u00e9sident, Monseigneur Beno\u00eet Alowonou. Le d\u00e9l\u00e9gation \u00e9piscopale a annonc\u00e9 officiellement au chef de l&rsquo;Etat le d\u00e9c\u00e8s de Monseigneur Nicod\u00e8me Anani Barigah-Benissan, archev\u00eaque m\u00e9tropolitain de Lom\u00e9, rappel\u00e9 \u00e0 Dieu le 04 ao\u00fbt dernier\u00bb, peut-on lire sur diff\u00e9rents canaux de la pr\u00e9sidence.<br>\u00abEn cette douloureuse circonstance, le Pr\u00e9sident de la R\u00e9publique a adress\u00e9 ses sinc\u00e8res condol\u00e9ances ainsi que celles du gouvernement, \u00e0 la Conf\u00e9rence des \u00e9v\u00eaques du #Togo, au clerg\u00e9, \u00e0 la famille du d\u00e9funt et \u00e0 l\u2019ensemble des fid\u00e8les catholiques.<br>Monseigneur Barrigah-B\u00e9nissan \u00e9tait une figure \u00e9minente de notre pays, dont le d\u00e9vouement \u00e0 la cause de la paix, de la r\u00e9conciliation et de la justice sociale a marqu\u00e9 notre nation, notamment \u00e0 travers son \u0153uvre \u00e0 la t\u00eate de la #CVJR\u00bb, pr\u00e9cise-t-on.<\/p>\n\n\n\n<p><strong><em>Jules T\u00e9t\u00e9 <\/em><\/strong><\/p>\n","protected":false},"excerpt":{"rendered":"<p>\u00abLe Pr\u00e9sident de la R\u00e9publique, SEM @FE Gnassingbe a re\u00e7u, ce 07.08.2024, une d\u00e9l\u00e9gation de la Conf\u00e9rence des \u00e9v\u00eaques du<\/p>\n","protected":false},"author":2,"featured_media":3704,"comment_status":"open","ping_status":"closed","sticky":false,"template":"","format":"standard","meta":{"footnotes":""},"categories":[1],"tags":[],"class_list":["post-3703","post","type-post","status-publish","format-standard","has-post-thumbnail","hentry","category-societe"],"yoast_head":"<!-- This site is optimized with the Yoast SEO plugin v23.9 - https:\/\/yoast.com\/wordpress\/plugins\/seo\/ -->\n<title>Les condol\u00e9ances du pouvoir togolais suite au d\u00e9c\u00e8s de Mgr Barigah-B\u00e9nissan -<\/title>\n<meta name=\"robots\" content=\"index, follow, max-snippet:-1, max-image-preview:large, max-video-preview:-1\" \/>\n<link rel=\"canonical\" href=\"https:\/\/lepoint-actu.tg\/index.php\/2024\/08\/07\/les-condoleances-du-pouvoir-togolais-suite-au-deces-de-mrg-barigah-benissant\/\" \/>\n<meta property=\"og:locale\" content=\"fr_FR\" \/>\n<meta property=\"og:type\" content=\"article\" \/>\n<meta property=\"og:title\" content=\"Les condol\u00e9ances du pouvoir togolais suite au d\u00e9c\u00e8s de Mgr Barigah-B\u00e9nissan -\" \/>\n<meta property=\"og:description\" content=\"\u00abLe Pr\u00e9sident de la R\u00e9publique, SEM @FE Gnassingbe a re\u00e7u, ce 07.08.2024, une d\u00e9l\u00e9gation de la Conf\u00e9rence des \u00e9v\u00eaques du\" \/>\n<meta property=\"og:url\" content=\"https:\/\/lepoint-actu.tg\/index.php\/2024\/08\/07\/les-condoleances-du-pouvoir-togolais-suite-au-deces-de-mrg-barigah-benissant\/\" \/>\n<meta property=\"article:published_time\" content=\"2024-08-07T13:21:49+00:00\" \/>\n<meta property=\"article:modified_time\" content=\"2024-08-07T13:37:32+00:00\" \/>\n<meta property=\"og:image\" content=\"https:\/\/lepoint-actu.tg\/wp-content\/uploads\/2024\/08\/GUYZRJzWAAAj22G.jpeg\" \/>\n\t<meta property=\"og:image:width\" content=\"1600\" \/>\n\t<meta property=\"og:image:height\" content=\"1067\" \/>\n\t<meta property=\"og:image:type\" content=\"image\/jpeg\" \/>\n<meta name=\"author\" content=\"La Redaction\" \/>\n<meta name=\"twitter:card\" content=\"summary_large_image\" \/>\n<meta name=\"twitter:label1\" content=\"\u00c9crit par\" \/>\n\t<meta name=\"twitter:data1\" content=\"La Redaction\" \/>\n\t<meta name=\"twitter:label2\" content=\"Dur\u00e9e de lecture estim\u00e9e\" \/>\n\t<meta name=\"twitter:data2\" content=\"1 minute\" \/>\n<script type=\"application\/ld+json\" class=\"yoast-schema-graph\">{\"@context\":\"https:\/\/schema.org\",\"@graph\":[{\"@type\":\"WebPage\",\"@id\":\"https:\/\/lepoint-actu.tg\/index.php\/2024\/08\/07\/les-condoleances-du-pouvoir-togolais-suite-au-deces-de-mrg-barigah-benissant\/\",\"url\":\"https:\/\/lepoint-actu.tg\/index.php\/2024\/08\/07\/les-condoleances-du-pouvoir-togolais-suite-au-deces-de-mrg-barigah-benissant\/\",\"name\":\"Les condol\u00e9ances du pouvoir togolais suite au d\u00e9c\u00e8s de Mgr Barigah-B\u00e9nissan -\",\"isPartOf\":{\"@id\":\"https:\/\/lepoint-actu.tg\/#website\"},\"primaryImageOfPage\":{\"@id\":\"https:\/\/lepoint-actu.tg\/index.php\/2024\/08\/07\/les-condoleances-du-pouvoir-togolais-suite-au-deces-de-mrg-barigah-benissant\/#primaryimage\"},\"image\":{\"@id\":\"https:\/\/lepoint-actu.tg\/index.php\/2024\/08\/07\/les-condoleances-du-pouvoir-togolais-suite-au-deces-de-mrg-barigah-benissant\/#primaryimage\"},\"thumbnailUrl\":\"https:\/\/lepoint-actu.tg\/wp-content\/uploads\/2024\/08\/GUYZRJzWAAAj22G.jpeg\",\"datePublished\":\"2024-08-07T13:21:49+00:00\",\"dateModified\":\"2024-08-07T13:37:32+00:00\",\"author\":{\"@id\":\"https:\/\/lepoint-actu.tg\/#\/schema\/person\/e4026d66cbdc205cab83e169ab7eaca1\"},\"breadcrumb\":{\"@id\":\"https:\/\/lepoint-actu.tg\/index.php\/2024\/08\/07\/les-condoleances-du-pouvoir-togolais-suite-au-deces-de-mrg-barigah-benissant\/#breadcrumb\"},\"inLanguage\":\"fr-FR\",\"potentialAction\":[{\"@type\":\"ReadAction\",\"target\":[\"https:\/\/lepoint-actu.tg\/index.php\/2024\/08\/07\/les-condoleances-du-pouvoir-togolais-suite-au-deces-de-mrg-barigah-benissant\/\"]}]},{\"@type\":\"ImageObject\",\"inLanguage\":\"fr-FR\",\"@id\":\"https:\/\/lepoint-actu.tg\/index.php\/2024\/08\/07\/les-condoleances-du-pouvoir-togolais-suite-au-deces-de-mrg-barigah-benissant\/#primaryimage\",\"url\":\"https:\/\/lepoint-actu.tg\/wp-content\/uploads\/2024\/08\/GUYZRJzWAAAj22G.jpeg\",\"contentUrl\":\"https:\/\/lepoint-actu.tg\/wp-content\/uploads\/2024\/08\/GUYZRJzWAAAj22G.jpeg\",\"width\":1600,\"height\":1067},{\"@type\":\"BreadcrumbList\",\"@id\":\"https:\/\/lepoint-actu.tg\/index.php\/2024\/08\/07\/les-condoleances-du-pouvoir-togolais-suite-au-deces-de-mrg-barigah-benissant\/#breadcrumb\",\"itemListElement\":[{\"@type\":\"ListItem\",\"position\":1,\"name\":\"Accueil\",\"item\":\"https:\/\/lepoint-actu.tg\/\"},{\"@type\":\"ListItem\",\"position\":2,\"name\":\"Les condol\u00e9ances du pouvoir togolais suite au d\u00e9c\u00e8s de Mgr Barigah-B\u00e9nissan\"}]},{\"@type\":\"WebSite\",\"@id\":\"https:\/\/lepoint-actu.tg\/#website\",\"url\":\"https:\/\/lepoint-actu.tg\/\",\"name\":\"\",\"description\":\"R\u00e9c\u00e9piss\u00e9 N\u00b00022\/HAAC\/12-2020\/pL\/P, lepointactu07@gmail.com\",\"potentialAction\":[{\"@type\":\"SearchAction\",\"target\":{\"@type\":\"EntryPoint\",\"urlTemplate\":\"https:\/\/lepoint-actu.tg\/?s={search_term_string}\"},\"query-input\":{\"@type\":\"PropertyValueSpecification\",\"valueRequired\":true,\"valueName\":\"search_term_string\"}}],\"inLanguage\":\"fr-FR\"},{\"@type\":\"Person\",\"@id\":\"https:\/\/lepoint-actu.tg\/#\/schema\/person\/e4026d66cbdc205cab83e169ab7eaca1\",\"name\":\"La Redaction\",\"image\":{\"@type\":\"ImageObject\",\"inLanguage\":\"fr-FR\",\"@id\":\"https:\/\/lepoint-actu.tg\/#\/schema\/person\/image\/\",\"url\":\"https:\/\/secure.gravatar.com\/avatar\/1682a0ff7e2c36efa51c5d262eea092000ec1ce420118e6261440956730308c2?s=96&d=mm&r=g\",\"contentUrl\":\"https:\/\/secure.gravatar.com\/avatar\/1682a0ff7e2c36efa51c5d262eea092000ec1ce420118e6261440956730308c2?s=96&d=mm&r=g\",\"caption\":\"La Redaction\"},\"url\":\"https:\/\/lepoint-actu.tg\/index.php\/author\/raymondsama\/\"}]}<\/script>\n<!-- \/ Yoast SEO plugin. -->","yoast_head_json":{"title":"Les condol\u00e9ances du pouvoir togolais suite au d\u00e9c\u00e8s de Mgr Barigah-B\u00e9nissan -","robots":{"index":"index","follow":"follow","max-snippet":"max-snippet:-1","max-image-preview":"max-image-preview:large","max-video-preview":"max-video-preview:-1"},"canonical":"https:\/\/lepoint-actu.tg\/index.php\/2024\/08\/07\/les-condoleances-du-pouvoir-togolais-suite-au-deces-de-mrg-barigah-benissant\/","og_locale":"fr_FR","og_type":"article","og_title":"Les condol\u00e9ances du pouvoir togolais suite au d\u00e9c\u00e8s de Mgr Barigah-B\u00e9nissan -","og_description":"\u00abLe Pr\u00e9sident de la R\u00e9publique, SEM @FE Gnassingbe a re\u00e7u, ce 07.08.2024, une d\u00e9l\u00e9gation de la Conf\u00e9rence des \u00e9v\u00eaques du","og_url":"https:\/\/lepoint-actu.tg\/index.php\/2024\/08\/07\/les-condoleances-du-pouvoir-togolais-suite-au-deces-de-mrg-barigah-benissant\/","article_published_time":"2024-08-07T13:21:49+00:00","article_modified_time":"2024-08-07T13:37:32+00:00","og_image":[{"width":1600,"height":1067,"url":"https:\/\/lepoint-actu.tg\/wp-content\/uploads\/2024\/08\/GUYZRJzWAAAj22G.jpeg","type":"image\/jpeg"}],"author":"La Redaction","twitter_card":"summary_large_image","twitter_misc":{"\u00c9crit par":"La Redaction","Dur\u00e9e de lecture estim\u00e9e":"1 minute"},"schema":{"@context":"https:\/\/schema.org","@graph":[{"@type":"WebPage","@id":"https:\/\/lepoint-actu.tg\/index.php\/2024\/08\/07\/les-condoleances-du-pouvoir-togolais-suite-au-deces-de-mrg-barigah-benissant\/","url":"https:\/\/lepoint-actu.tg\/index.php\/2024\/08\/07\/les-condoleances-du-pouvoir-togolais-suite-au-deces-de-mrg-barigah-benissant\/","name":"Les condol\u00e9ances du pouvoir togolais suite au d\u00e9c\u00e8s de Mgr Barigah-B\u00e9nissan -","isPartOf":{"@id":"https:\/\/lepoint-actu.tg\/#website"},"primaryImageOfPage":{"@id":"https:\/\/lepoint-actu.tg\/index.php\/2024\/08\/07\/les-condoleances-du-pouvoir-togolais-suite-au-deces-de-mrg-barigah-benissant\/#primaryimage"},"image":{"@id":"https:\/\/lepoint-actu.tg\/index.php\/2024\/08\/07\/les-condoleances-du-pouvoir-togolais-suite-au-deces-de-mrg-barigah-benissant\/#primaryimage"},"thumbnailUrl":"https:\/\/lepoint-actu.tg\/wp-content\/uploads\/2024\/08\/GUYZRJzWAAAj22G.jpeg","datePublished":"2024-08-07T13:21:49+00:00","dateModified":"2024-08-07T13:37:32+00:00","author":{"@id":"https:\/\/lepoint-actu.tg\/#\/schema\/person\/e4026d66cbdc205cab83e169ab7eaca1"},"breadcrumb":{"@id":"https:\/\/lepoint-actu.tg\/index.php\/2024\/08\/07\/les-condoleances-du-pouvoir-togolais-suite-au-deces-de-mrg-barigah-benissant\/#breadcrumb"},"inLanguage":"fr-FR","potentialAction":[{"@type":"ReadAction","target":["https:\/\/lepoint-actu.tg\/index.php\/2024\/08\/07\/les-condoleances-du-pouvoir-togolais-suite-au-deces-de-mrg-barigah-benissant\/"]}]},{"@type":"ImageObject","inLanguage":"fr-FR","@id":"https:\/\/lepoint-actu.tg\/index.php\/2024\/08\/07\/les-condoleances-du-pouvoir-togolais-suite-au-deces-de-mrg-barigah-benissant\/#primaryimage","url":"https:\/\/lepoint-actu.tg\/wp-content\/uploads\/2024\/08\/GUYZRJzWAAAj22G.jpeg","contentUrl":"https:\/\/lepoint-actu.tg\/wp-content\/uploads\/2024\/08\/GUYZRJzWAAAj22G.jpeg","width":1600,"height":1067},{"@type":"BreadcrumbList","@id":"https:\/\/lepoint-actu.tg\/index.php\/2024\/08\/07\/les-condoleances-du-pouvoir-togolais-suite-au-deces-de-mrg-barigah-benissant\/#breadcrumb","itemListElement":[{"@type":"ListItem","position":1,"name":"Accueil","item":"https:\/\/lepoint-actu.tg\/"},{"@type":"ListItem","position":2,"name":"Les condol\u00e9ances du pouvoir togolais suite au d\u00e9c\u00e8s de Mgr Barigah-B\u00e9nissan"}]},{"@type":"WebSite","@id":"https:\/\/lepoint-actu.tg\/#website","url":"https:\/\/lepoint-actu.tg\/","name":"","description":"R\u00e9c\u00e9piss\u00e9 N\u00b00022\/HAAC\/12-2020\/pL\/P, lepointactu07@gmail.com","potentialAction":[{"@type":"SearchAction","target":{"@type":"EntryPoint","urlTemplate":"https:\/\/lepoint-actu.tg\/?s={search_term_string}"},"query-input":{"@type":"PropertyValueSpecification","valueRequired":true,"valueName":"search_term_string"}}],"inLanguage":"fr-FR"},{"@type":"Person","@id":"https:\/\/lepoint-actu.tg\/#\/schema\/person\/e4026d66cbdc205cab83e169ab7eaca1","name":"La Redaction","image":{"@type":"ImageObject","inLanguage":"fr-FR","@id":"https:\/\/lepoint-actu.tg\/#\/schema\/person\/image\/","url":"https:\/\/secure.gravatar.com\/avatar\/1682a0ff7e2c36efa51c5d262eea092000ec1ce420118e6261440956730308c2?s=96&d=mm&r=g","contentUrl":"https:\/\/secure.gravatar.com\/avatar\/1682a0ff7e2c36efa51c5d262eea092000ec1ce420118e6261440956730308c2?s=96&d=mm&r=g","caption":"La Redaction"},"url":"https:\/\/lepoint-actu.tg\/index.php\/author\/raymondsama\/"}]}},"_links":{"self":[{"href":"https:\/\/lepoint-actu.tg\/index.php\/wp-json\/wp\/v2\/posts\/3703","targetHints":{"allow":["GET"]}}],"collection":[{"href":"https:\/\/lepoint-actu.tg\/index.php\/wp-json\/wp\/v2\/posts"}],"about":[{"href":"https:\/\/lepoint-actu.tg\/index.php\/wp-json\/wp\/v2\/types\/post"}],"author":[{"embeddable":true,"href":"https:\/\/lepoint-actu.tg\/index.php\/wp-json\/wp\/v2\/users\/2"}],"replies":[{"embeddable":true,"href":"https:\/\/lepoint-actu.tg\/index.php\/wp-json\/wp\/v2\/comments?post=3703"}],"version-history":[{"count":3,"href":"https:\/\/lepoint-actu.tg\/index.php\/wp-json\/wp\/v2\/posts\/3703\/revisions"}],"predecessor-version":[{"id":3707,"href":"https:\/\/lepoint-actu.tg\/index.php\/wp-json\/wp\/v2\/posts\/3703\/revisions\/3707"}],"wp:featuredmedia":[{"embeddable":true,"href":"https:\/\/lepoint-actu.tg\/index.php\/wp-json\/wp\/v2\/media\/3704"}],"wp:attachment":[{"href":"https:\/\/lepoint-actu.tg\/index.php\/wp-json\/wp\/v2\/media?parent=3703"}],"wp:term":[{"taxonomy":"category","embeddable":true,"href":"https:\/\/lepoint-actu.tg\/index.php\/wp-json\/wp\/v2\/categories?post=3703"},{"taxonomy":"post_tag","embeddable":true,"href":"https:\/\/lepoint-actu.tg\/index.php\/wp-json\/wp\/v2\/tags?post=3703"}],"curies":[{"name":"wp","href":"https:\/\/api.w.org\/{rel}","templated":true}]}}