{"id":3708,"date":"2024-08-07T21:54:57","date_gmt":"2024-08-07T21:54:57","guid":{"rendered":"https:\/\/lepoint-actu.tg\/?p=3708"},"modified":"2024-08-07T22:00:31","modified_gmt":"2024-08-07T22:00:31","slug":"ces-valeurs-cles-que-recommande-la-ministre-kouigan-au-personnel-de-la-tvt","status":"publish","type":"post","link":"https:\/\/lepoint-actu.tg\/index.php\/2024\/08\/07\/ces-valeurs-cles-que-recommande-la-ministre-kouigan-au-personnel-de-la-tvt\/","title":{"rendered":"Ces valeurs cl\u00e9s que recommande la ministre Kouigan au personnel de la TVT"},"content":{"rendered":"\n<p><\/p>\n\n\n\n<p>La vision des autorit\u00e9s togolaises est de hisser haut la cha\u00eene m\u00e8re, la t\u00e9l\u00e9vision nationale TVT; en t\u00e9moigne un vaste programme de modernisation entam\u00e9 ces derni\u00e8res ann\u00e9es. Dans cet \u00e9lan, Florence Yawa Kouigan, ministre de la communication et des m\u00e9dias, porte-parole du gouvernement, recommande la responsabilit\u00e9, la probit\u00e9, la proactivit\u00e9, la collaboration harmonieuse et l\u2019attention aux r\u00e9sultats comme valeurs au personnel de cette cha\u00eene.<br>C&rsquo;est \u00e0 l&rsquo;occasion d&rsquo;une formation consacr\u00e9e aux relations de travail efficaces ouverte le 06 ao\u00fbt 2024 \u00e0 Lom\u00e9. Pr\u00e9sidant la c\u00e9r\u00e9monie d&rsquo;ouverture de cette formation qui entre \u00e9galement dans le cadre de la c\u00e9l\u00e9bration du 51\u00e8 anniversaire de la T\u00e9l\u00e9vision togolaise (TVT), la ministre Kouigan sans langue de bois comme \u00e0 son habitude a mis l&rsquo;accent sur le travail bien fait et \u00e0 temps avec d&rsquo;ailleurs la technologie qui reste un param\u00e8tre de taille. Pour elle , en effet, \u00abla vitesse introduite par la technologie dans le traitement de l\u2019information constitue un param\u00e8tre qui redonne toute sa place \u00e0 l\u2019anticipation \u00bb.<\/p>\n\n\n\n<figure class=\"wp-block-image size-full\"><img loading=\"lazy\" decoding=\"async\" width=\"672\" height=\"244\" src=\"https:\/\/lepoint-actu.tg\/wp-content\/uploads\/2024\/08\/Screenshot_20240807-214553_1.jpg\" alt=\"\" class=\"wp-image-3710\" srcset=\"https:\/\/lepoint-actu.tg\/wp-content\/uploads\/2024\/08\/Screenshot_20240807-214553_1.jpg 672w, https:\/\/lepoint-actu.tg\/wp-content\/uploads\/2024\/08\/Screenshot_20240807-214553_1-300x109.jpg 300w\" sizes=\"auto, (max-width: 672px) 100vw, 672px\" \/><\/figure>\n\n\n\n<figure class=\"wp-block-image size-full\"><img loading=\"lazy\" decoding=\"async\" width=\"653\" height=\"492\" src=\"https:\/\/lepoint-actu.tg\/wp-content\/uploads\/2024\/08\/Screenshot_20240807-214634_1.jpg\" alt=\"\" class=\"wp-image-3711\" srcset=\"https:\/\/lepoint-actu.tg\/wp-content\/uploads\/2024\/08\/Screenshot_20240807-214634_1.jpg 653w, https:\/\/lepoint-actu.tg\/wp-content\/uploads\/2024\/08\/Screenshot_20240807-214634_1-300x226.jpg 300w\" sizes=\"auto, (max-width: 653px) 100vw, 653px\" \/><\/figure>\n\n\n\n<figure class=\"wp-block-image size-full\"><img loading=\"lazy\" decoding=\"async\" width=\"672\" height=\"424\" src=\"https:\/\/lepoint-actu.tg\/wp-content\/uploads\/2024\/08\/Screenshot_20240807-214620_1.jpg\" alt=\"\" class=\"wp-image-3712\" srcset=\"https:\/\/lepoint-actu.tg\/wp-content\/uploads\/2024\/08\/Screenshot_20240807-214620_1.jpg 672w, https:\/\/lepoint-actu.tg\/wp-content\/uploads\/2024\/08\/Screenshot_20240807-214620_1-300x189.jpg 300w\" sizes=\"auto, (max-width: 672px) 100vw, 672px\" \/><\/figure>\n\n\n\n<p><br>La n\u00e9cessit\u00e9 de poursuivre la modernisation des \u00e9quipements de la t\u00e9l\u00e9vision et d\u2019enrichir le contenu diffus\u00e9, l&rsquo;innovation dans le souci d&rsquo;offrir aux t\u00e9l\u00e9spectateurs une exp\u00e9rience de qualit\u00e9, ont \u00e9t\u00e9 aussi des points saillants des mots de circonstance de la ministre Kouigan qui \u00e9tait entour\u00e9 \u00e0 la table d&rsquo;honneur par des membres de son cabinet, du directeur de la TVT\u2026<br>Selon les informations, les grandes lignes de la formation tournent sur le respect, la valorisation du travail en \u00e9quipe, les bons rapports hi\u00e9rarchiques, entre autres.<\/p>\n","protected":false},"excerpt":{"rendered":"<p>La vision des autorit\u00e9s togolaises est de hisser haut la cha\u00eene m\u00e8re, la t\u00e9l\u00e9vision nationale TVT; en t\u00e9moigne un vaste<\/p>\n","protected":false},"author":2,"featured_media":3709,"comment_status":"open","ping_status":"closed","sticky":false,"template":"","format":"standard","meta":{"footnotes":""},"categories":[1],"tags":[],"class_list":["post-3708","post","type-post","status-publish","format-standard","has-post-thumbnail","hentry","category-societe"],"yoast_head":"<!-- This site is optimized with the Yoast SEO plugin v23.9 - https:\/\/yoast.com\/wordpress\/plugins\/seo\/ -->\n<title>Ces valeurs cl\u00e9s que recommande la ministre Kouigan au personnel de la TVT -<\/title>\n<meta name=\"robots\" content=\"index, follow, max-snippet:-1, max-image-preview:large, max-video-preview:-1\" \/>\n<link rel=\"canonical\" href=\"https:\/\/lepoint-actu.tg\/index.php\/2024\/08\/07\/ces-valeurs-cles-que-recommande-la-ministre-kouigan-au-personnel-de-la-tvt\/\" \/>\n<meta property=\"og:locale\" content=\"fr_FR\" \/>\n<meta property=\"og:type\" content=\"article\" \/>\n<meta property=\"og:title\" content=\"Ces valeurs cl\u00e9s que recommande la ministre Kouigan au personnel de la TVT -\" \/>\n<meta property=\"og:description\" content=\"La vision des autorit\u00e9s togolaises est de hisser haut la cha\u00eene m\u00e8re, la t\u00e9l\u00e9vision nationale TVT; en t\u00e9moigne un vaste\" \/>\n<meta property=\"og:url\" content=\"https:\/\/lepoint-actu.tg\/index.php\/2024\/08\/07\/ces-valeurs-cles-que-recommande-la-ministre-kouigan-au-personnel-de-la-tvt\/\" \/>\n<meta property=\"article:published_time\" content=\"2024-08-07T21:54:57+00:00\" \/>\n<meta property=\"article:modified_time\" content=\"2024-08-07T22:00:31+00:00\" \/>\n<meta property=\"og:image\" content=\"https:\/\/lepoint-actu.tg\/wp-content\/uploads\/2024\/08\/Screenshot_20240807-214530_2.jpg\" \/>\n\t<meta property=\"og:image:width\" content=\"552\" \/>\n\t<meta property=\"og:image:height\" content=\"432\" \/>\n\t<meta property=\"og:image:type\" content=\"image\/jpeg\" \/>\n<meta name=\"author\" content=\"La Redaction\" \/>\n<meta name=\"twitter:card\" content=\"summary_large_image\" \/>\n<meta name=\"twitter:label1\" content=\"\u00c9crit par\" \/>\n\t<meta name=\"twitter:data1\" content=\"La Redaction\" \/>\n\t<meta name=\"twitter:label2\" content=\"Dur\u00e9e de lecture estim\u00e9e\" \/>\n\t<meta name=\"twitter:data2\" content=\"2 minutes\" \/>\n<script type=\"application\/ld+json\" class=\"yoast-schema-graph\">{\"@context\":\"https:\/\/schema.org\",\"@graph\":[{\"@type\":\"WebPage\",\"@id\":\"https:\/\/lepoint-actu.tg\/index.php\/2024\/08\/07\/ces-valeurs-cles-que-recommande-la-ministre-kouigan-au-personnel-de-la-tvt\/\",\"url\":\"https:\/\/lepoint-actu.tg\/index.php\/2024\/08\/07\/ces-valeurs-cles-que-recommande-la-ministre-kouigan-au-personnel-de-la-tvt\/\",\"name\":\"Ces valeurs cl\u00e9s que recommande la ministre Kouigan au personnel de la TVT -\",\"isPartOf\":{\"@id\":\"https:\/\/lepoint-actu.tg\/#website\"},\"primaryImageOfPage\":{\"@id\":\"https:\/\/lepoint-actu.tg\/index.php\/2024\/08\/07\/ces-valeurs-cles-que-recommande-la-ministre-kouigan-au-personnel-de-la-tvt\/#primaryimage\"},\"image\":{\"@id\":\"https:\/\/lepoint-actu.tg\/index.php\/2024\/08\/07\/ces-valeurs-cles-que-recommande-la-ministre-kouigan-au-personnel-de-la-tvt\/#primaryimage\"},\"thumbnailUrl\":\"https:\/\/lepoint-actu.tg\/wp-content\/uploads\/2024\/08\/Screenshot_20240807-214530_2.jpg\",\"datePublished\":\"2024-08-07T21:54:57+00:00\",\"dateModified\":\"2024-08-07T22:00:31+00:00\",\"author\":{\"@id\":\"https:\/\/lepoint-actu.tg\/#\/schema\/person\/e4026d66cbdc205cab83e169ab7eaca1\"},\"breadcrumb\":{\"@id\":\"https:\/\/lepoint-actu.tg\/index.php\/2024\/08\/07\/ces-valeurs-cles-que-recommande-la-ministre-kouigan-au-personnel-de-la-tvt\/#breadcrumb\"},\"inLanguage\":\"fr-FR\",\"potentialAction\":[{\"@type\":\"ReadAction\",\"target\":[\"https:\/\/lepoint-actu.tg\/index.php\/2024\/08\/07\/ces-valeurs-cles-que-recommande-la-ministre-kouigan-au-personnel-de-la-tvt\/\"]}]},{\"@type\":\"ImageObject\",\"inLanguage\":\"fr-FR\",\"@id\":\"https:\/\/lepoint-actu.tg\/index.php\/2024\/08\/07\/ces-valeurs-cles-que-recommande-la-ministre-kouigan-au-personnel-de-la-tvt\/#primaryimage\",\"url\":\"https:\/\/lepoint-actu.tg\/wp-content\/uploads\/2024\/08\/Screenshot_20240807-214530_2.jpg\",\"contentUrl\":\"https:\/\/lepoint-actu.tg\/wp-content\/uploads\/2024\/08\/Screenshot_20240807-214530_2.jpg\",\"width\":552,\"height\":432},{\"@type\":\"BreadcrumbList\",\"@id\":\"https:\/\/lepoint-actu.tg\/index.php\/2024\/08\/07\/ces-valeurs-cles-que-recommande-la-ministre-kouigan-au-personnel-de-la-tvt\/#breadcrumb\",\"itemListElement\":[{\"@type\":\"ListItem\",\"position\":1,\"name\":\"Accueil\",\"item\":\"https:\/\/lepoint-actu.tg\/\"},{\"@type\":\"ListItem\",\"position\":2,\"name\":\"Ces valeurs cl\u00e9s que recommande la ministre Kouigan au personnel de la TVT\"}]},{\"@type\":\"WebSite\",\"@id\":\"https:\/\/lepoint-actu.tg\/#website\",\"url\":\"https:\/\/lepoint-actu.tg\/\",\"name\":\"\",\"description\":\"R\u00e9c\u00e9piss\u00e9 N\u00b00022\/HAAC\/12-2020\/pL\/P, lepointactu07@gmail.com\",\"potentialAction\":[{\"@type\":\"SearchAction\",\"target\":{\"@type\":\"EntryPoint\",\"urlTemplate\":\"https:\/\/lepoint-actu.tg\/?s={search_term_string}\"},\"query-input\":{\"@type\":\"PropertyValueSpecification\",\"valueRequired\":true,\"valueName\":\"search_term_string\"}}],\"inLanguage\":\"fr-FR\"},{\"@type\":\"Person\",\"@id\":\"https:\/\/lepoint-actu.tg\/#\/schema\/person\/e4026d66cbdc205cab83e169ab7eaca1\",\"name\":\"La Redaction\",\"image\":{\"@type\":\"ImageObject\",\"inLanguage\":\"fr-FR\",\"@id\":\"https:\/\/lepoint-actu.tg\/#\/schema\/person\/image\/\",\"url\":\"https:\/\/secure.gravatar.com\/avatar\/1682a0ff7e2c36efa51c5d262eea092000ec1ce420118e6261440956730308c2?s=96&d=mm&r=g\",\"contentUrl\":\"https:\/\/secure.gravatar.com\/avatar\/1682a0ff7e2c36efa51c5d262eea092000ec1ce420118e6261440956730308c2?s=96&d=mm&r=g\",\"caption\":\"La Redaction\"},\"url\":\"https:\/\/lepoint-actu.tg\/index.php\/author\/raymondsama\/\"}]}<\/script>\n<!-- \/ Yoast SEO plugin. -->","yoast_head_json":{"title":"Ces valeurs cl\u00e9s que recommande la ministre Kouigan au personnel de la TVT -","robots":{"index":"index","follow":"follow","max-snippet":"max-snippet:-1","max-image-preview":"max-image-preview:large","max-video-preview":"max-video-preview:-1"},"canonical":"https:\/\/lepoint-actu.tg\/index.php\/2024\/08\/07\/ces-valeurs-cles-que-recommande-la-ministre-kouigan-au-personnel-de-la-tvt\/","og_locale":"fr_FR","og_type":"article","og_title":"Ces valeurs cl\u00e9s que recommande la ministre Kouigan au personnel de la TVT -","og_description":"La vision des autorit\u00e9s togolaises est de hisser haut la cha\u00eene m\u00e8re, la t\u00e9l\u00e9vision nationale TVT; en t\u00e9moigne un vaste","og_url":"https:\/\/lepoint-actu.tg\/index.php\/2024\/08\/07\/ces-valeurs-cles-que-recommande-la-ministre-kouigan-au-personnel-de-la-tvt\/","article_published_time":"2024-08-07T21:54:57+00:00","article_modified_time":"2024-08-07T22:00:31+00:00","og_image":[{"width":552,"height":432,"url":"https:\/\/lepoint-actu.tg\/wp-content\/uploads\/2024\/08\/Screenshot_20240807-214530_2.jpg","type":"image\/jpeg"}],"author":"La Redaction","twitter_card":"summary_large_image","twitter_misc":{"\u00c9crit par":"La Redaction","Dur\u00e9e de lecture estim\u00e9e":"2 minutes"},"schema":{"@context":"https:\/\/schema.org","@graph":[{"@type":"WebPage","@id":"https:\/\/lepoint-actu.tg\/index.php\/2024\/08\/07\/ces-valeurs-cles-que-recommande-la-ministre-kouigan-au-personnel-de-la-tvt\/","url":"https:\/\/lepoint-actu.tg\/index.php\/2024\/08\/07\/ces-valeurs-cles-que-recommande-la-ministre-kouigan-au-personnel-de-la-tvt\/","name":"Ces valeurs cl\u00e9s que recommande la ministre Kouigan au personnel de la TVT -","isPartOf":{"@id":"https:\/\/lepoint-actu.tg\/#website"},"primaryImageOfPage":{"@id":"https:\/\/lepoint-actu.tg\/index.php\/2024\/08\/07\/ces-valeurs-cles-que-recommande-la-ministre-kouigan-au-personnel-de-la-tvt\/#primaryimage"},"image":{"@id":"https:\/\/lepoint-actu.tg\/index.php\/2024\/08\/07\/ces-valeurs-cles-que-recommande-la-ministre-kouigan-au-personnel-de-la-tvt\/#primaryimage"},"thumbnailUrl":"https:\/\/lepoint-actu.tg\/wp-content\/uploads\/2024\/08\/Screenshot_20240807-214530_2.jpg","datePublished":"2024-08-07T21:54:57+00:00","dateModified":"2024-08-07T22:00:31+00:00","author":{"@id":"https:\/\/lepoint-actu.tg\/#\/schema\/person\/e4026d66cbdc205cab83e169ab7eaca1"},"breadcrumb":{"@id":"https:\/\/lepoint-actu.tg\/index.php\/2024\/08\/07\/ces-valeurs-cles-que-recommande-la-ministre-kouigan-au-personnel-de-la-tvt\/#breadcrumb"},"inLanguage":"fr-FR","potentialAction":[{"@type":"ReadAction","target":["https:\/\/lepoint-actu.tg\/index.php\/2024\/08\/07\/ces-valeurs-cles-que-recommande-la-ministre-kouigan-au-personnel-de-la-tvt\/"]}]},{"@type":"ImageObject","inLanguage":"fr-FR","@id":"https:\/\/lepoint-actu.tg\/index.php\/2024\/08\/07\/ces-valeurs-cles-que-recommande-la-ministre-kouigan-au-personnel-de-la-tvt\/#primaryimage","url":"https:\/\/lepoint-actu.tg\/wp-content\/uploads\/2024\/08\/Screenshot_20240807-214530_2.jpg","contentUrl":"https:\/\/lepoint-actu.tg\/wp-content\/uploads\/2024\/08\/Screenshot_20240807-214530_2.jpg","width":552,"height":432},{"@type":"BreadcrumbList","@id":"https:\/\/lepoint-actu.tg\/index.php\/2024\/08\/07\/ces-valeurs-cles-que-recommande-la-ministre-kouigan-au-personnel-de-la-tvt\/#breadcrumb","itemListElement":[{"@type":"ListItem","position":1,"name":"Accueil","item":"https:\/\/lepoint-actu.tg\/"},{"@type":"ListItem","position":2,"name":"Ces valeurs cl\u00e9s que recommande la ministre Kouigan au personnel de la TVT"}]},{"@type":"WebSite","@id":"https:\/\/lepoint-actu.tg\/#website","url":"https:\/\/lepoint-actu.tg\/","name":"","description":"R\u00e9c\u00e9piss\u00e9 N\u00b00022\/HAAC\/12-2020\/pL\/P, lepointactu07@gmail.com","potentialAction":[{"@type":"SearchAction","target":{"@type":"EntryPoint","urlTemplate":"https:\/\/lepoint-actu.tg\/?s={search_term_string}"},"query-input":{"@type":"PropertyValueSpecification","valueRequired":true,"valueName":"search_term_string"}}],"inLanguage":"fr-FR"},{"@type":"Person","@id":"https:\/\/lepoint-actu.tg\/#\/schema\/person\/e4026d66cbdc205cab83e169ab7eaca1","name":"La Redaction","image":{"@type":"ImageObject","inLanguage":"fr-FR","@id":"https:\/\/lepoint-actu.tg\/#\/schema\/person\/image\/","url":"https:\/\/secure.gravatar.com\/avatar\/1682a0ff7e2c36efa51c5d262eea092000ec1ce420118e6261440956730308c2?s=96&d=mm&r=g","contentUrl":"https:\/\/secure.gravatar.com\/avatar\/1682a0ff7e2c36efa51c5d262eea092000ec1ce420118e6261440956730308c2?s=96&d=mm&r=g","caption":"La Redaction"},"url":"https:\/\/lepoint-actu.tg\/index.php\/author\/raymondsama\/"}]}},"_links":{"self":[{"href":"https:\/\/lepoint-actu.tg\/index.php\/wp-json\/wp\/v2\/posts\/3708","targetHints":{"allow":["GET"]}}],"collection":[{"href":"https:\/\/lepoint-actu.tg\/index.php\/wp-json\/wp\/v2\/posts"}],"about":[{"href":"https:\/\/lepoint-actu.tg\/index.php\/wp-json\/wp\/v2\/types\/post"}],"author":[{"embeddable":true,"href":"https:\/\/lepoint-actu.tg\/index.php\/wp-json\/wp\/v2\/users\/2"}],"replies":[{"embeddable":true,"href":"https:\/\/lepoint-actu.tg\/index.php\/wp-json\/wp\/v2\/comments?post=3708"}],"version-history":[{"count":2,"href":"https:\/\/lepoint-actu.tg\/index.php\/wp-json\/wp\/v2\/posts\/3708\/revisions"}],"predecessor-version":[{"id":3714,"href":"https:\/\/lepoint-actu.tg\/index.php\/wp-json\/wp\/v2\/posts\/3708\/revisions\/3714"}],"wp:featuredmedia":[{"embeddable":true,"href":"https:\/\/lepoint-actu.tg\/index.php\/wp-json\/wp\/v2\/media\/3709"}],"wp:attachment":[{"href":"https:\/\/lepoint-actu.tg\/index.php\/wp-json\/wp\/v2\/media?parent=3708"}],"wp:term":[{"taxonomy":"category","embeddable":true,"href":"https:\/\/lepoint-actu.tg\/index.php\/wp-json\/wp\/v2\/categories?post=3708"},{"taxonomy":"post_tag","embeddable":true,"href":"https:\/\/lepoint-actu.tg\/index.php\/wp-json\/wp\/v2\/tags?post=3708"}],"curies":[{"name":"wp","href":"https:\/\/api.w.org\/{rel}","templated":true}]}}