{"id":3715,"date":"2024-08-08T21:31:11","date_gmt":"2024-08-08T21:31:11","guid":{"rendered":"https:\/\/lepoint-actu.tg\/?p=3715"},"modified":"2024-08-08T21:33:45","modified_gmt":"2024-08-08T21:33:45","slug":"issa-hayatou-a-tire-sa-reverence","status":"publish","type":"post","link":"https:\/\/lepoint-actu.tg\/index.php\/2024\/08\/08\/issa-hayatou-a-tire-sa-reverence\/","title":{"rendered":"Issa Hayatou a tir\u00e9 sa r\u00e9v\u00e9rence"},"content":{"rendered":"\n<p><br>L&rsquo;ancien pr\u00e9sident de la Conf\u00e9d\u00e9ration africaine de football (CAF), le Camerounais Issa Hayatou, s&rsquo;est \u00e9teint ce jeudi \u00e0 Paris \u00e0 l&rsquo;\u00e2ge de 77 ans. La nouvelle de son d\u00e9c\u00e8s, survenu \u00e0 la veille de son 78e anniversaire, a \u00e9t\u00e9 confirm\u00e9e par plusieurs sources fiables, parmi lesquelles son ancien collaborateur G\u00e9rard Dreyfus et le journaliste de la BBC, Osasu Obayiuwana.<br>Issa Hayatou, figure embl\u00e9matique du football africain et ancien athl\u00e8te de haut niveau, a dirig\u00e9 la CAF d&rsquo;une main de fer pendant pr\u00e8s de trois d\u00e9cennies, de 1988 \u00e0 2017. Sous sa direction, le football africain a connu une expansion sans pr\u00e9c\u00e9dent, tant en termes de comp\u00e9titions que de reconnaissance internationale. En outre, il a assur\u00e9 bri\u00e8vement la pr\u00e9sidence par int\u00e9rim de la FIFA, d&rsquo;octobre 2015 \u00e0 f\u00e9vrier 2016, suite \u00e0 la suspension de Sepp Blatter.<br>Au-del\u00e0 de son r\u00f4le institutionnel, Hayatou a marqu\u00e9 de son empreinte l&rsquo;histoire du sport africain, s&rsquo;imposant comme un acteur cl\u00e9 dans la lutte pour l&rsquo;\u00e9galit\u00e9 et la reconnaissance du football africain sur la sc\u00e8ne mondiale. Son d\u00e9c\u00e8s laisse un vide consid\u00e9rable dans le monde du sport, o\u00f9 son influence et son d\u00e9vouement resteront grav\u00e9s dans les m\u00e9moires.<br><strong><em>Marc Okuw\u00e9<\/em><\/strong><\/p>\n","protected":false},"excerpt":{"rendered":"<p>L&rsquo;ancien pr\u00e9sident de la Conf\u00e9d\u00e9ration africaine de football (CAF), le Camerounais Issa Hayatou, s&rsquo;est \u00e9teint ce jeudi \u00e0 Paris \u00e0<\/p>\n","protected":false},"author":2,"featured_media":3718,"comment_status":"open","ping_status":"closed","sticky":false,"template":"","format":"standard","meta":{"footnotes":""},"categories":[1],"tags":[],"class_list":["post-3715","post","type-post","status-publish","format-standard","has-post-thumbnail","hentry","category-societe"],"yoast_head":"<!-- This site is optimized with the Yoast SEO plugin v23.9 - https:\/\/yoast.com\/wordpress\/plugins\/seo\/ -->\n<title>Issa Hayatou a tir\u00e9 sa r\u00e9v\u00e9rence -<\/title>\n<meta name=\"robots\" content=\"index, follow, max-snippet:-1, max-image-preview:large, max-video-preview:-1\" \/>\n<link rel=\"canonical\" href=\"https:\/\/lepoint-actu.tg\/index.php\/2024\/08\/08\/issa-hayatou-a-tire-sa-reverence\/\" \/>\n<meta property=\"og:locale\" content=\"fr_FR\" \/>\n<meta property=\"og:type\" content=\"article\" \/>\n<meta property=\"og:title\" content=\"Issa Hayatou a tir\u00e9 sa r\u00e9v\u00e9rence -\" \/>\n<meta property=\"og:description\" content=\"L&rsquo;ancien pr\u00e9sident de la Conf\u00e9d\u00e9ration africaine de football (CAF), le Camerounais Issa Hayatou, s&rsquo;est \u00e9teint ce jeudi \u00e0 Paris \u00e0\" \/>\n<meta property=\"og:url\" content=\"https:\/\/lepoint-actu.tg\/index.php\/2024\/08\/08\/issa-hayatou-a-tire-sa-reverence\/\" \/>\n<meta property=\"article:published_time\" content=\"2024-08-08T21:31:11+00:00\" \/>\n<meta property=\"article:modified_time\" content=\"2024-08-08T21:33:45+00:00\" \/>\n<meta property=\"og:image\" content=\"https:\/\/lepoint-actu.tg\/wp-content\/uploads\/2024\/08\/Issa-Hayatou1.jpg\" \/>\n\t<meta property=\"og:image:width\" content=\"800\" \/>\n\t<meta property=\"og:image:height\" content=\"651\" \/>\n\t<meta property=\"og:image:type\" content=\"image\/jpeg\" \/>\n<meta name=\"author\" content=\"La Redaction\" \/>\n<meta name=\"twitter:card\" content=\"summary_large_image\" \/>\n<meta name=\"twitter:label1\" content=\"\u00c9crit par\" \/>\n\t<meta name=\"twitter:data1\" content=\"La Redaction\" \/>\n\t<meta name=\"twitter:label2\" content=\"Dur\u00e9e de lecture estim\u00e9e\" \/>\n\t<meta name=\"twitter:data2\" content=\"1 minute\" \/>\n<script type=\"application\/ld+json\" class=\"yoast-schema-graph\">{\"@context\":\"https:\/\/schema.org\",\"@graph\":[{\"@type\":\"WebPage\",\"@id\":\"https:\/\/lepoint-actu.tg\/index.php\/2024\/08\/08\/issa-hayatou-a-tire-sa-reverence\/\",\"url\":\"https:\/\/lepoint-actu.tg\/index.php\/2024\/08\/08\/issa-hayatou-a-tire-sa-reverence\/\",\"name\":\"Issa Hayatou a tir\u00e9 sa r\u00e9v\u00e9rence -\",\"isPartOf\":{\"@id\":\"https:\/\/lepoint-actu.tg\/#website\"},\"primaryImageOfPage\":{\"@id\":\"https:\/\/lepoint-actu.tg\/index.php\/2024\/08\/08\/issa-hayatou-a-tire-sa-reverence\/#primaryimage\"},\"image\":{\"@id\":\"https:\/\/lepoint-actu.tg\/index.php\/2024\/08\/08\/issa-hayatou-a-tire-sa-reverence\/#primaryimage\"},\"thumbnailUrl\":\"https:\/\/lepoint-actu.tg\/wp-content\/uploads\/2024\/08\/Issa-Hayatou1.jpg\",\"datePublished\":\"2024-08-08T21:31:11+00:00\",\"dateModified\":\"2024-08-08T21:33:45+00:00\",\"author\":{\"@id\":\"https:\/\/lepoint-actu.tg\/#\/schema\/person\/e4026d66cbdc205cab83e169ab7eaca1\"},\"breadcrumb\":{\"@id\":\"https:\/\/lepoint-actu.tg\/index.php\/2024\/08\/08\/issa-hayatou-a-tire-sa-reverence\/#breadcrumb\"},\"inLanguage\":\"fr-FR\",\"potentialAction\":[{\"@type\":\"ReadAction\",\"target\":[\"https:\/\/lepoint-actu.tg\/index.php\/2024\/08\/08\/issa-hayatou-a-tire-sa-reverence\/\"]}]},{\"@type\":\"ImageObject\",\"inLanguage\":\"fr-FR\",\"@id\":\"https:\/\/lepoint-actu.tg\/index.php\/2024\/08\/08\/issa-hayatou-a-tire-sa-reverence\/#primaryimage\",\"url\":\"https:\/\/lepoint-actu.tg\/wp-content\/uploads\/2024\/08\/Issa-Hayatou1.jpg\",\"contentUrl\":\"https:\/\/lepoint-actu.tg\/wp-content\/uploads\/2024\/08\/Issa-Hayatou1.jpg\",\"width\":800,\"height\":651},{\"@type\":\"BreadcrumbList\",\"@id\":\"https:\/\/lepoint-actu.tg\/index.php\/2024\/08\/08\/issa-hayatou-a-tire-sa-reverence\/#breadcrumb\",\"itemListElement\":[{\"@type\":\"ListItem\",\"position\":1,\"name\":\"Accueil\",\"item\":\"https:\/\/lepoint-actu.tg\/\"},{\"@type\":\"ListItem\",\"position\":2,\"name\":\"Issa Hayatou a tir\u00e9 sa r\u00e9v\u00e9rence\"}]},{\"@type\":\"WebSite\",\"@id\":\"https:\/\/lepoint-actu.tg\/#website\",\"url\":\"https:\/\/lepoint-actu.tg\/\",\"name\":\"\",\"description\":\"R\u00e9c\u00e9piss\u00e9 N\u00b00022\/HAAC\/12-2020\/pL\/P, lepointactu07@gmail.com\",\"potentialAction\":[{\"@type\":\"SearchAction\",\"target\":{\"@type\":\"EntryPoint\",\"urlTemplate\":\"https:\/\/lepoint-actu.tg\/?s={search_term_string}\"},\"query-input\":{\"@type\":\"PropertyValueSpecification\",\"valueRequired\":true,\"valueName\":\"search_term_string\"}}],\"inLanguage\":\"fr-FR\"},{\"@type\":\"Person\",\"@id\":\"https:\/\/lepoint-actu.tg\/#\/schema\/person\/e4026d66cbdc205cab83e169ab7eaca1\",\"name\":\"La Redaction\",\"image\":{\"@type\":\"ImageObject\",\"inLanguage\":\"fr-FR\",\"@id\":\"https:\/\/lepoint-actu.tg\/#\/schema\/person\/image\/\",\"url\":\"https:\/\/secure.gravatar.com\/avatar\/1682a0ff7e2c36efa51c5d262eea092000ec1ce420118e6261440956730308c2?s=96&d=mm&r=g\",\"contentUrl\":\"https:\/\/secure.gravatar.com\/avatar\/1682a0ff7e2c36efa51c5d262eea092000ec1ce420118e6261440956730308c2?s=96&d=mm&r=g\",\"caption\":\"La Redaction\"},\"url\":\"https:\/\/lepoint-actu.tg\/index.php\/author\/raymondsama\/\"}]}<\/script>\n<!-- \/ Yoast SEO plugin. -->","yoast_head_json":{"title":"Issa Hayatou a tir\u00e9 sa r\u00e9v\u00e9rence -","robots":{"index":"index","follow":"follow","max-snippet":"max-snippet:-1","max-image-preview":"max-image-preview:large","max-video-preview":"max-video-preview:-1"},"canonical":"https:\/\/lepoint-actu.tg\/index.php\/2024\/08\/08\/issa-hayatou-a-tire-sa-reverence\/","og_locale":"fr_FR","og_type":"article","og_title":"Issa Hayatou a tir\u00e9 sa r\u00e9v\u00e9rence -","og_description":"L&rsquo;ancien pr\u00e9sident de la Conf\u00e9d\u00e9ration africaine de football (CAF), le Camerounais Issa Hayatou, s&rsquo;est \u00e9teint ce jeudi \u00e0 Paris \u00e0","og_url":"https:\/\/lepoint-actu.tg\/index.php\/2024\/08\/08\/issa-hayatou-a-tire-sa-reverence\/","article_published_time":"2024-08-08T21:31:11+00:00","article_modified_time":"2024-08-08T21:33:45+00:00","og_image":[{"width":800,"height":651,"url":"https:\/\/lepoint-actu.tg\/wp-content\/uploads\/2024\/08\/Issa-Hayatou1.jpg","type":"image\/jpeg"}],"author":"La Redaction","twitter_card":"summary_large_image","twitter_misc":{"\u00c9crit par":"La Redaction","Dur\u00e9e de lecture estim\u00e9e":"1 minute"},"schema":{"@context":"https:\/\/schema.org","@graph":[{"@type":"WebPage","@id":"https:\/\/lepoint-actu.tg\/index.php\/2024\/08\/08\/issa-hayatou-a-tire-sa-reverence\/","url":"https:\/\/lepoint-actu.tg\/index.php\/2024\/08\/08\/issa-hayatou-a-tire-sa-reverence\/","name":"Issa Hayatou a tir\u00e9 sa r\u00e9v\u00e9rence -","isPartOf":{"@id":"https:\/\/lepoint-actu.tg\/#website"},"primaryImageOfPage":{"@id":"https:\/\/lepoint-actu.tg\/index.php\/2024\/08\/08\/issa-hayatou-a-tire-sa-reverence\/#primaryimage"},"image":{"@id":"https:\/\/lepoint-actu.tg\/index.php\/2024\/08\/08\/issa-hayatou-a-tire-sa-reverence\/#primaryimage"},"thumbnailUrl":"https:\/\/lepoint-actu.tg\/wp-content\/uploads\/2024\/08\/Issa-Hayatou1.jpg","datePublished":"2024-08-08T21:31:11+00:00","dateModified":"2024-08-08T21:33:45+00:00","author":{"@id":"https:\/\/lepoint-actu.tg\/#\/schema\/person\/e4026d66cbdc205cab83e169ab7eaca1"},"breadcrumb":{"@id":"https:\/\/lepoint-actu.tg\/index.php\/2024\/08\/08\/issa-hayatou-a-tire-sa-reverence\/#breadcrumb"},"inLanguage":"fr-FR","potentialAction":[{"@type":"ReadAction","target":["https:\/\/lepoint-actu.tg\/index.php\/2024\/08\/08\/issa-hayatou-a-tire-sa-reverence\/"]}]},{"@type":"ImageObject","inLanguage":"fr-FR","@id":"https:\/\/lepoint-actu.tg\/index.php\/2024\/08\/08\/issa-hayatou-a-tire-sa-reverence\/#primaryimage","url":"https:\/\/lepoint-actu.tg\/wp-content\/uploads\/2024\/08\/Issa-Hayatou1.jpg","contentUrl":"https:\/\/lepoint-actu.tg\/wp-content\/uploads\/2024\/08\/Issa-Hayatou1.jpg","width":800,"height":651},{"@type":"BreadcrumbList","@id":"https:\/\/lepoint-actu.tg\/index.php\/2024\/08\/08\/issa-hayatou-a-tire-sa-reverence\/#breadcrumb","itemListElement":[{"@type":"ListItem","position":1,"name":"Accueil","item":"https:\/\/lepoint-actu.tg\/"},{"@type":"ListItem","position":2,"name":"Issa Hayatou a tir\u00e9 sa r\u00e9v\u00e9rence"}]},{"@type":"WebSite","@id":"https:\/\/lepoint-actu.tg\/#website","url":"https:\/\/lepoint-actu.tg\/","name":"","description":"R\u00e9c\u00e9piss\u00e9 N\u00b00022\/HAAC\/12-2020\/pL\/P, lepointactu07@gmail.com","potentialAction":[{"@type":"SearchAction","target":{"@type":"EntryPoint","urlTemplate":"https:\/\/lepoint-actu.tg\/?s={search_term_string}"},"query-input":{"@type":"PropertyValueSpecification","valueRequired":true,"valueName":"search_term_string"}}],"inLanguage":"fr-FR"},{"@type":"Person","@id":"https:\/\/lepoint-actu.tg\/#\/schema\/person\/e4026d66cbdc205cab83e169ab7eaca1","name":"La Redaction","image":{"@type":"ImageObject","inLanguage":"fr-FR","@id":"https:\/\/lepoint-actu.tg\/#\/schema\/person\/image\/","url":"https:\/\/secure.gravatar.com\/avatar\/1682a0ff7e2c36efa51c5d262eea092000ec1ce420118e6261440956730308c2?s=96&d=mm&r=g","contentUrl":"https:\/\/secure.gravatar.com\/avatar\/1682a0ff7e2c36efa51c5d262eea092000ec1ce420118e6261440956730308c2?s=96&d=mm&r=g","caption":"La Redaction"},"url":"https:\/\/lepoint-actu.tg\/index.php\/author\/raymondsama\/"}]}},"_links":{"self":[{"href":"https:\/\/lepoint-actu.tg\/index.php\/wp-json\/wp\/v2\/posts\/3715","targetHints":{"allow":["GET"]}}],"collection":[{"href":"https:\/\/lepoint-actu.tg\/index.php\/wp-json\/wp\/v2\/posts"}],"about":[{"href":"https:\/\/lepoint-actu.tg\/index.php\/wp-json\/wp\/v2\/types\/post"}],"author":[{"embeddable":true,"href":"https:\/\/lepoint-actu.tg\/index.php\/wp-json\/wp\/v2\/users\/2"}],"replies":[{"embeddable":true,"href":"https:\/\/lepoint-actu.tg\/index.php\/wp-json\/wp\/v2\/comments?post=3715"}],"version-history":[{"count":1,"href":"https:\/\/lepoint-actu.tg\/index.php\/wp-json\/wp\/v2\/posts\/3715\/revisions"}],"predecessor-version":[{"id":3717,"href":"https:\/\/lepoint-actu.tg\/index.php\/wp-json\/wp\/v2\/posts\/3715\/revisions\/3717"}],"wp:featuredmedia":[{"embeddable":true,"href":"https:\/\/lepoint-actu.tg\/index.php\/wp-json\/wp\/v2\/media\/3718"}],"wp:attachment":[{"href":"https:\/\/lepoint-actu.tg\/index.php\/wp-json\/wp\/v2\/media?parent=3715"}],"wp:term":[{"taxonomy":"category","embeddable":true,"href":"https:\/\/lepoint-actu.tg\/index.php\/wp-json\/wp\/v2\/categories?post=3715"},{"taxonomy":"post_tag","embeddable":true,"href":"https:\/\/lepoint-actu.tg\/index.php\/wp-json\/wp\/v2\/tags?post=3715"}],"curies":[{"name":"wp","href":"https:\/\/api.w.org\/{rel}","templated":true}]}}