{"id":3736,"date":"2024-08-17T15:57:15","date_gmt":"2024-08-17T15:57:15","guid":{"rendered":"https:\/\/lepoint-actu.tg\/?p=3736"},"modified":"2024-08-20T16:06:00","modified_gmt":"2024-08-20T16:06:00","slug":"kovi-adanbounou-conviction-et-actions","status":"publish","type":"post","link":"https:\/\/lepoint-actu.tg\/index.php\/2024\/08\/17\/kovi-adanbounou-conviction-et-actions\/","title":{"rendered":"Kovi Adanbounou, conviction et actions"},"content":{"rendered":"\n<p><br>Il est le pr\u00e9sident directeur g\u00e9n\u00e9ral de la Soci\u00e9t\u00e9 Africaine d\u2019Investissements et de Gestion d\u2019Entreprises (SAIGE-SAS), \u00e9galement maire depuis quelques ann\u00e9es de la commune Ago\u00e8-Nyiv\u00e91. Lui, c\u2019est Kovi Adanbounou, homme de conviction, d\u2019actions de d\u00e9veloppement. Il a, dans une interview, parl\u00e9 de la strat\u00e9gie mise en place par sa soci\u00e9t\u00e9 afin de permettre au secteur priv\u00e9 africain d\u2019accompagner le d\u00e9veloppement \u00e9conomique du continent.<br><strong>Comment accompagnez-vous les Etats africains dans les Partenariats Publics Priv\u00e9s (PPP) ?<\/strong><br>L\u2019essor du secteur priv\u00e9 africain constitue, aujourd\u2019hui, des pr\u00e9occupations fondamentales pour les d\u00e9cideurs africains. Les relations entre le secteur public et celui du priv\u00e9 occupent une bonne place dans toutes les planifications de politiques \u00e9conomiques et sociales. L\u2019Etat ne peut faire du d\u00e9veloppement sans un secteur priv\u00e9 dynamique et rentable. Depuis que nous avons int\u00e9gr\u00e9 cette approche, SAIGE Group et ses partenaires accompagnent des Etats africains dans la structuration conventionnelle des projets, les \u00e9tudes de r\u00e9alisations, la recherche de financements et leurs r\u00e9alisations.<br>Au Togo, au Cameroun, au Congo en Centrafrique, nous sommes \u00e0 l\u2019\u00e9coute des besoins des Etats et de leurs populations de mani\u00e8re \u00e0 \u00eatre proactifs pour leur faire des offres qui favoriseraient leur \u00e9panouissement. Nous sommes convaincus que le d\u00e9veloppement du secteur priv\u00e9 africain est le moteur d\u2019une croissance \u00e9conomique durable et inclusive.<br><strong>Quels sont les domaines d\u2019intervention de SAIGE-SAS ? Et quels sont vos r\u00e9alisations au Togo ?<\/strong><br>Saige Group travaille dans plusieurs domaines notamment, les transports, la t\u00e9l\u00e9communication, les mines, la m\u00e9tallurgie, les finances, le commerce en ligne, l\u2019agriculture, l\u2019industrie, l\u2019\u00e9ducation, la sant\u00e9, et nous faisons \u00e9galement du consulting d\u2019affaires. Tout ceci avec des partenaires de confiance et de renomm\u00e9e internationale. Aujourd\u2019hui, nous avons avec nous le cabinet Baker Global Advisory des Etats-Unis, D2X International de France, Aren Group de Turquie, ICG Capital and Finance d\u2019Isra\u00ebl, le Conglom\u00e9rat Haier de Chine, le groupe LSA des Etats-Unis, Magtech d\u2019Isra\u00ebl et Swissfay Finance de Suisse. Nous constituons un r\u00e9seau de d\u00e9veloppeurs de projets dont Saige est le chef de file en Afrique et dans les Cara\u00efbes.<br>Tout d\u2019abord, je voudrais saluer les efforts du Pr\u00e9sident Faure Essozimna GNASSINGBE pour la promotion du secteur priv\u00e9 dans un cadre juridique bien d\u00e9fini. Saige Group a directement ou indirectement r\u00e9alis\u00e9 des projets de PPP au Togo. On peut citer particuli\u00e8rement la mise en place de PEGITIF, la Plateforme Electronique de Gestion d\u2019Identit\u00e9, des Transports et d\u2019Interm\u00e9diation-financi\u00e8re qui permet aux autorit\u00e9s douani\u00e8res et s\u00e9curitaires de lutter contre la fraude, et donc d\u2019accro\u00eetre les recettes.<br><strong>Vous venez de lancer SAIGE-STORE. L\u2019e-commerce peut-il vraiment positionner l\u2019Afrique dans le commerce mondial ?<\/strong><br>Aujourd\u2019hui, il est tr\u00e8s clair que les nouvelles technologies de l\u2019information et de la communication doivent permettre de renforcer davantage les relations commerciales entre l\u2019Afrique et le reste monde. Le d\u00e9veloppement de l\u2019e-commerce en Afrique fournit un nouveau canal de distribution de tous types de biens, locaux et internationaux. Cela r\u00e9pond \u00e0 des besoins exprim\u00e9s par la population et \u00e0 des enjeux majeurs pour les grands groupes internationaux. A Saige Group, nous sommes convaincus que l\u2019e-commerce porte l\u2019avenir commercial de l\u2019Afrique et du reste du monde. C\u2019est pourquoi nous nous sommes mis en relation avec le puissant conglom\u00e9rat chinois Haier sur ce projet de plateforme e-commerciale. SAIGE et ses partenaires peuvent travailler en toute confiance dans un syst\u00e8me bien digitalis\u00e9.<br><strong>Comment la diaspora peut concourir au d\u00e9veloppement \u00e9conomique du continent ?<\/strong><br>Nous estimons que la diaspora africaine doit s\u2019organiser davantage pour porter le d\u00e9veloppement du continent. Il faut l\u2019inciter \u00e0 investir en Afrique dans un cadre bien d\u00e9fini, afin de cr\u00e9er de la richesse et de l\u2019emploi. Cela nous a motiv\u00e9 \u00e0 lancer depuis 2018, l\u2019initiative \u00ab Mois de la Diaspora Africaine Constructive \u00bb.<br>Le potentiel \u00e9conomique et socioculturel de la diaspora joue un r\u00f4le essentiel dans le d\u00e9veloppement des pays de provenance des migrants, dont les transferts d\u2019argent \u00e0 des proches et \u00e0 des connaissances, ainsi que les investissements dans de petites entreprises stimulent l\u2019\u00e9conomie. Les rencontres du \u00ab Mois de la Diaspora Africaine Constructive \u00bb ont permis de cr\u00e9er un vaste r\u00e9seau d\u2019Africains de la diaspora, devenus nos partenaires.<br><strong><em>La r\u00e9daction<\/em><\/strong><\/p>\n","protected":false},"excerpt":{"rendered":"<p>Il est le pr\u00e9sident directeur g\u00e9n\u00e9ral de la Soci\u00e9t\u00e9 Africaine d\u2019Investissements et de Gestion d\u2019Entreprises (SAIGE-SAS), \u00e9galement maire depuis quelques<\/p>\n","protected":false},"author":2,"featured_media":3737,"comment_status":"open","ping_status":"closed","sticky":false,"template":"","format":"standard","meta":{"footnotes":""},"categories":[4],"tags":[],"class_list":["post-3736","post","type-post","status-publish","format-standard","has-post-thumbnail","hentry","category-economie"],"yoast_head":"<!-- This site is optimized with the Yoast SEO plugin v23.9 - https:\/\/yoast.com\/wordpress\/plugins\/seo\/ -->\n<title>Kovi Adanbounou, conviction et actions -<\/title>\n<meta name=\"robots\" content=\"index, follow, max-snippet:-1, max-image-preview:large, max-video-preview:-1\" \/>\n<link rel=\"canonical\" href=\"https:\/\/lepoint-actu.tg\/index.php\/2024\/08\/17\/kovi-adanbounou-conviction-et-actions\/\" \/>\n<meta property=\"og:locale\" content=\"fr_FR\" \/>\n<meta property=\"og:type\" content=\"article\" \/>\n<meta property=\"og:title\" content=\"Kovi Adanbounou, conviction et actions -\" \/>\n<meta property=\"og:description\" content=\"Il est le pr\u00e9sident directeur g\u00e9n\u00e9ral de la Soci\u00e9t\u00e9 Africaine d\u2019Investissements et de Gestion d\u2019Entreprises (SAIGE-SAS), \u00e9galement maire depuis quelques\" \/>\n<meta property=\"og:url\" content=\"https:\/\/lepoint-actu.tg\/index.php\/2024\/08\/17\/kovi-adanbounou-conviction-et-actions\/\" \/>\n<meta property=\"article:published_time\" content=\"2024-08-17T15:57:15+00:00\" \/>\n<meta property=\"article:modified_time\" content=\"2024-08-20T16:06:00+00:00\" \/>\n<meta property=\"og:image\" content=\"https:\/\/lepoint-actu.tg\/wp-content\/uploads\/2024\/08\/kovi-a-adanbounou.jpg\" \/>\n\t<meta property=\"og:image:width\" content=\"893\" \/>\n\t<meta property=\"og:image:height\" content=\"1080\" \/>\n\t<meta property=\"og:image:type\" content=\"image\/jpeg\" \/>\n<meta name=\"author\" content=\"La Redaction\" \/>\n<meta name=\"twitter:card\" content=\"summary_large_image\" \/>\n<meta name=\"twitter:label1\" content=\"\u00c9crit par\" \/>\n\t<meta name=\"twitter:data1\" content=\"La Redaction\" \/>\n\t<meta name=\"twitter:label2\" content=\"Dur\u00e9e de lecture estim\u00e9e\" \/>\n\t<meta name=\"twitter:data2\" content=\"4 minutes\" \/>\n<script type=\"application\/ld+json\" class=\"yoast-schema-graph\">{\"@context\":\"https:\/\/schema.org\",\"@graph\":[{\"@type\":\"WebPage\",\"@id\":\"https:\/\/lepoint-actu.tg\/index.php\/2024\/08\/17\/kovi-adanbounou-conviction-et-actions\/\",\"url\":\"https:\/\/lepoint-actu.tg\/index.php\/2024\/08\/17\/kovi-adanbounou-conviction-et-actions\/\",\"name\":\"Kovi Adanbounou, conviction et actions -\",\"isPartOf\":{\"@id\":\"https:\/\/lepoint-actu.tg\/#website\"},\"primaryImageOfPage\":{\"@id\":\"https:\/\/lepoint-actu.tg\/index.php\/2024\/08\/17\/kovi-adanbounou-conviction-et-actions\/#primaryimage\"},\"image\":{\"@id\":\"https:\/\/lepoint-actu.tg\/index.php\/2024\/08\/17\/kovi-adanbounou-conviction-et-actions\/#primaryimage\"},\"thumbnailUrl\":\"https:\/\/lepoint-actu.tg\/wp-content\/uploads\/2024\/08\/kovi-a-adanbounou.jpg\",\"datePublished\":\"2024-08-17T15:57:15+00:00\",\"dateModified\":\"2024-08-20T16:06:00+00:00\",\"author\":{\"@id\":\"https:\/\/lepoint-actu.tg\/#\/schema\/person\/e4026d66cbdc205cab83e169ab7eaca1\"},\"breadcrumb\":{\"@id\":\"https:\/\/lepoint-actu.tg\/index.php\/2024\/08\/17\/kovi-adanbounou-conviction-et-actions\/#breadcrumb\"},\"inLanguage\":\"fr-FR\",\"potentialAction\":[{\"@type\":\"ReadAction\",\"target\":[\"https:\/\/lepoint-actu.tg\/index.php\/2024\/08\/17\/kovi-adanbounou-conviction-et-actions\/\"]}]},{\"@type\":\"ImageObject\",\"inLanguage\":\"fr-FR\",\"@id\":\"https:\/\/lepoint-actu.tg\/index.php\/2024\/08\/17\/kovi-adanbounou-conviction-et-actions\/#primaryimage\",\"url\":\"https:\/\/lepoint-actu.tg\/wp-content\/uploads\/2024\/08\/kovi-a-adanbounou.jpg\",\"contentUrl\":\"https:\/\/lepoint-actu.tg\/wp-content\/uploads\/2024\/08\/kovi-a-adanbounou.jpg\",\"width\":893,\"height\":1080},{\"@type\":\"BreadcrumbList\",\"@id\":\"https:\/\/lepoint-actu.tg\/index.php\/2024\/08\/17\/kovi-adanbounou-conviction-et-actions\/#breadcrumb\",\"itemListElement\":[{\"@type\":\"ListItem\",\"position\":1,\"name\":\"Accueil\",\"item\":\"https:\/\/lepoint-actu.tg\/\"},{\"@type\":\"ListItem\",\"position\":2,\"name\":\"Kovi Adanbounou, conviction et actions\"}]},{\"@type\":\"WebSite\",\"@id\":\"https:\/\/lepoint-actu.tg\/#website\",\"url\":\"https:\/\/lepoint-actu.tg\/\",\"name\":\"\",\"description\":\"R\u00e9c\u00e9piss\u00e9 N\u00b00022\/HAAC\/12-2020\/pL\/P, lepointactu07@gmail.com\",\"potentialAction\":[{\"@type\":\"SearchAction\",\"target\":{\"@type\":\"EntryPoint\",\"urlTemplate\":\"https:\/\/lepoint-actu.tg\/?s={search_term_string}\"},\"query-input\":{\"@type\":\"PropertyValueSpecification\",\"valueRequired\":true,\"valueName\":\"search_term_string\"}}],\"inLanguage\":\"fr-FR\"},{\"@type\":\"Person\",\"@id\":\"https:\/\/lepoint-actu.tg\/#\/schema\/person\/e4026d66cbdc205cab83e169ab7eaca1\",\"name\":\"La Redaction\",\"image\":{\"@type\":\"ImageObject\",\"inLanguage\":\"fr-FR\",\"@id\":\"https:\/\/lepoint-actu.tg\/#\/schema\/person\/image\/\",\"url\":\"https:\/\/secure.gravatar.com\/avatar\/1682a0ff7e2c36efa51c5d262eea092000ec1ce420118e6261440956730308c2?s=96&d=mm&r=g\",\"contentUrl\":\"https:\/\/secure.gravatar.com\/avatar\/1682a0ff7e2c36efa51c5d262eea092000ec1ce420118e6261440956730308c2?s=96&d=mm&r=g\",\"caption\":\"La Redaction\"},\"url\":\"https:\/\/lepoint-actu.tg\/index.php\/author\/raymondsama\/\"}]}<\/script>\n<!-- \/ Yoast SEO plugin. -->","yoast_head_json":{"title":"Kovi Adanbounou, conviction et actions -","robots":{"index":"index","follow":"follow","max-snippet":"max-snippet:-1","max-image-preview":"max-image-preview:large","max-video-preview":"max-video-preview:-1"},"canonical":"https:\/\/lepoint-actu.tg\/index.php\/2024\/08\/17\/kovi-adanbounou-conviction-et-actions\/","og_locale":"fr_FR","og_type":"article","og_title":"Kovi Adanbounou, conviction et actions -","og_description":"Il est le pr\u00e9sident directeur g\u00e9n\u00e9ral de la Soci\u00e9t\u00e9 Africaine d\u2019Investissements et de Gestion d\u2019Entreprises (SAIGE-SAS), \u00e9galement maire depuis quelques","og_url":"https:\/\/lepoint-actu.tg\/index.php\/2024\/08\/17\/kovi-adanbounou-conviction-et-actions\/","article_published_time":"2024-08-17T15:57:15+00:00","article_modified_time":"2024-08-20T16:06:00+00:00","og_image":[{"width":893,"height":1080,"url":"https:\/\/lepoint-actu.tg\/wp-content\/uploads\/2024\/08\/kovi-a-adanbounou.jpg","type":"image\/jpeg"}],"author":"La Redaction","twitter_card":"summary_large_image","twitter_misc":{"\u00c9crit par":"La Redaction","Dur\u00e9e de lecture estim\u00e9e":"4 minutes"},"schema":{"@context":"https:\/\/schema.org","@graph":[{"@type":"WebPage","@id":"https:\/\/lepoint-actu.tg\/index.php\/2024\/08\/17\/kovi-adanbounou-conviction-et-actions\/","url":"https:\/\/lepoint-actu.tg\/index.php\/2024\/08\/17\/kovi-adanbounou-conviction-et-actions\/","name":"Kovi Adanbounou, conviction et actions -","isPartOf":{"@id":"https:\/\/lepoint-actu.tg\/#website"},"primaryImageOfPage":{"@id":"https:\/\/lepoint-actu.tg\/index.php\/2024\/08\/17\/kovi-adanbounou-conviction-et-actions\/#primaryimage"},"image":{"@id":"https:\/\/lepoint-actu.tg\/index.php\/2024\/08\/17\/kovi-adanbounou-conviction-et-actions\/#primaryimage"},"thumbnailUrl":"https:\/\/lepoint-actu.tg\/wp-content\/uploads\/2024\/08\/kovi-a-adanbounou.jpg","datePublished":"2024-08-17T15:57:15+00:00","dateModified":"2024-08-20T16:06:00+00:00","author":{"@id":"https:\/\/lepoint-actu.tg\/#\/schema\/person\/e4026d66cbdc205cab83e169ab7eaca1"},"breadcrumb":{"@id":"https:\/\/lepoint-actu.tg\/index.php\/2024\/08\/17\/kovi-adanbounou-conviction-et-actions\/#breadcrumb"},"inLanguage":"fr-FR","potentialAction":[{"@type":"ReadAction","target":["https:\/\/lepoint-actu.tg\/index.php\/2024\/08\/17\/kovi-adanbounou-conviction-et-actions\/"]}]},{"@type":"ImageObject","inLanguage":"fr-FR","@id":"https:\/\/lepoint-actu.tg\/index.php\/2024\/08\/17\/kovi-adanbounou-conviction-et-actions\/#primaryimage","url":"https:\/\/lepoint-actu.tg\/wp-content\/uploads\/2024\/08\/kovi-a-adanbounou.jpg","contentUrl":"https:\/\/lepoint-actu.tg\/wp-content\/uploads\/2024\/08\/kovi-a-adanbounou.jpg","width":893,"height":1080},{"@type":"BreadcrumbList","@id":"https:\/\/lepoint-actu.tg\/index.php\/2024\/08\/17\/kovi-adanbounou-conviction-et-actions\/#breadcrumb","itemListElement":[{"@type":"ListItem","position":1,"name":"Accueil","item":"https:\/\/lepoint-actu.tg\/"},{"@type":"ListItem","position":2,"name":"Kovi Adanbounou, conviction et actions"}]},{"@type":"WebSite","@id":"https:\/\/lepoint-actu.tg\/#website","url":"https:\/\/lepoint-actu.tg\/","name":"","description":"R\u00e9c\u00e9piss\u00e9 N\u00b00022\/HAAC\/12-2020\/pL\/P, lepointactu07@gmail.com","potentialAction":[{"@type":"SearchAction","target":{"@type":"EntryPoint","urlTemplate":"https:\/\/lepoint-actu.tg\/?s={search_term_string}"},"query-input":{"@type":"PropertyValueSpecification","valueRequired":true,"valueName":"search_term_string"}}],"inLanguage":"fr-FR"},{"@type":"Person","@id":"https:\/\/lepoint-actu.tg\/#\/schema\/person\/e4026d66cbdc205cab83e169ab7eaca1","name":"La Redaction","image":{"@type":"ImageObject","inLanguage":"fr-FR","@id":"https:\/\/lepoint-actu.tg\/#\/schema\/person\/image\/","url":"https:\/\/secure.gravatar.com\/avatar\/1682a0ff7e2c36efa51c5d262eea092000ec1ce420118e6261440956730308c2?s=96&d=mm&r=g","contentUrl":"https:\/\/secure.gravatar.com\/avatar\/1682a0ff7e2c36efa51c5d262eea092000ec1ce420118e6261440956730308c2?s=96&d=mm&r=g","caption":"La Redaction"},"url":"https:\/\/lepoint-actu.tg\/index.php\/author\/raymondsama\/"}]}},"_links":{"self":[{"href":"https:\/\/lepoint-actu.tg\/index.php\/wp-json\/wp\/v2\/posts\/3736","targetHints":{"allow":["GET"]}}],"collection":[{"href":"https:\/\/lepoint-actu.tg\/index.php\/wp-json\/wp\/v2\/posts"}],"about":[{"href":"https:\/\/lepoint-actu.tg\/index.php\/wp-json\/wp\/v2\/types\/post"}],"author":[{"embeddable":true,"href":"https:\/\/lepoint-actu.tg\/index.php\/wp-json\/wp\/v2\/users\/2"}],"replies":[{"embeddable":true,"href":"https:\/\/lepoint-actu.tg\/index.php\/wp-json\/wp\/v2\/comments?post=3736"}],"version-history":[{"count":1,"href":"https:\/\/lepoint-actu.tg\/index.php\/wp-json\/wp\/v2\/posts\/3736\/revisions"}],"predecessor-version":[{"id":3738,"href":"https:\/\/lepoint-actu.tg\/index.php\/wp-json\/wp\/v2\/posts\/3736\/revisions\/3738"}],"wp:featuredmedia":[{"embeddable":true,"href":"https:\/\/lepoint-actu.tg\/index.php\/wp-json\/wp\/v2\/media\/3737"}],"wp:attachment":[{"href":"https:\/\/lepoint-actu.tg\/index.php\/wp-json\/wp\/v2\/media?parent=3736"}],"wp:term":[{"taxonomy":"category","embeddable":true,"href":"https:\/\/lepoint-actu.tg\/index.php\/wp-json\/wp\/v2\/categories?post=3736"},{"taxonomy":"post_tag","embeddable":true,"href":"https:\/\/lepoint-actu.tg\/index.php\/wp-json\/wp\/v2\/tags?post=3736"}],"curies":[{"name":"wp","href":"https:\/\/api.w.org\/{rel}","templated":true}]}}