{"id":3739,"date":"2024-08-16T16:36:19","date_gmt":"2024-08-16T16:36:19","guid":{"rendered":"https:\/\/lepoint-actu.tg\/?p=3739"},"modified":"2024-08-20T16:40:12","modified_gmt":"2024-08-20T16:40:12","slug":"jose-symenouhnouveau-patron-de-la-cci-togo","status":"publish","type":"post","link":"https:\/\/lepoint-actu.tg\/index.php\/2024\/08\/16\/jose-symenouhnouveau-patron-de-la-cci-togo\/","title":{"rendered":"Jos\u00e9 Sym\u00e9nouh,nouveau patron de la CCI-Togo"},"content":{"rendered":"\n<p><\/p>\n\n\n\n<p>C\u2019est d\u00e9sormais fait, la Chambre de commerce et d&rsquo;industrie du Togo (CCI-Togo) a un nouveau pr\u00e9sident depuis ce 16 ao\u00fbt 2024.<br>En effet, tr\u00e8s connu dans le monde des assurances, Jos\u00e9 Symenouh va pr\u00e9sider pour les 4 prochaines ann\u00e9es la Chambre de commerce et d&rsquo;industrie du Togo (CCI-Togo). Il a \u00e9t\u00e9 \u00e9lu \u00e0 ce poste vendredi 16 ao\u00fbt 2024 \u00e0 Lom\u00e9, lors de la premi\u00e8re session de la nouvelle assembl\u00e9e consulaire de ladite chambre qui a r\u00e9uni 75 d\u00e9l\u00e9gu\u00e9s. Jos\u00e9 Symenouh a remport\u00e9 l&rsquo;\u00e9lection avec 43 voix, devan\u00e7ant son principal challenger, Patrick Magnon, qui a obtenu 31 voix. L\u2019\u00e9lection de ce bureau marque ainsi la fin de la mission de la d\u00e9l\u00e9gation sp\u00e9ciale consulaire de la CCI-Togo, dirig\u00e9e par Nathalie Bitho, depuis d\u00e9cembre 2020.<br>Jos\u00e9 Symenouh, homme d\u2019affaires reconnu, est une figure incontournable du paysage \u00e9conomique togolais. Il a \u00e9t\u00e9 \u00e0 la t\u00eate de plusieurs entreprises dans des domaines vari\u00e9s tels que les assurances et l\u2019enseignement sup\u00e9rieur. Ancien pr\u00e9sident de l&rsquo;Association des grandes entreprises du Togo (AGET) et ex-directeur de NSIA-Togo, Jos\u00e9 Symenouh est \u00e0 la t\u00eate de sa propre soci\u00e9t\u00e9 de conseil et d&rsquo;ing\u00e9nierie d&rsquo;assurances La Protectrice.<br>A la pr\u00e9sidence de la CCI-Togo, cette structure qui joue le r\u00f4le d\u2019interface entre le monde des affaires et les pouvoirs publics, Jos\u00e9 Symenouh aura pour mission principale d\u2019amener les op\u00e9rateurs \u00e9conomiques \u00e0 collaborer avec le gouvernement en vue du d\u00e9veloppement du pays dans un contexte de mise \u0153uvre de la feuille de route gouvernementale Togo 2025.<br><strong><em>Roger Gadoss\u00e9<\/em><\/strong><\/p>\n","protected":false},"excerpt":{"rendered":"<p>C\u2019est d\u00e9sormais fait, la Chambre de commerce et d&rsquo;industrie du Togo (CCI-Togo) a un nouveau pr\u00e9sident depuis ce 16 ao\u00fbt<\/p>\n","protected":false},"author":2,"featured_media":3740,"comment_status":"open","ping_status":"closed","sticky":false,"template":"","format":"standard","meta":{"footnotes":""},"categories":[4],"tags":[],"class_list":["post-3739","post","type-post","status-publish","format-standard","has-post-thumbnail","hentry","category-economie"],"yoast_head":"<!-- This site is optimized with the Yoast SEO plugin v23.9 - https:\/\/yoast.com\/wordpress\/plugins\/seo\/ -->\n<title>Jos\u00e9 Sym\u00e9nouh,nouveau patron de la CCI-Togo -<\/title>\n<meta name=\"robots\" content=\"index, follow, max-snippet:-1, max-image-preview:large, max-video-preview:-1\" \/>\n<link rel=\"canonical\" href=\"https:\/\/lepoint-actu.tg\/index.php\/2024\/08\/16\/jose-symenouhnouveau-patron-de-la-cci-togo\/\" \/>\n<meta property=\"og:locale\" content=\"fr_FR\" \/>\n<meta property=\"og:type\" content=\"article\" \/>\n<meta property=\"og:title\" content=\"Jos\u00e9 Sym\u00e9nouh,nouveau patron de la CCI-Togo -\" \/>\n<meta property=\"og:description\" content=\"C\u2019est d\u00e9sormais fait, la Chambre de commerce et d&rsquo;industrie du Togo (CCI-Togo) a un nouveau pr\u00e9sident depuis ce 16 ao\u00fbt\" \/>\n<meta property=\"og:url\" content=\"https:\/\/lepoint-actu.tg\/index.php\/2024\/08\/16\/jose-symenouhnouveau-patron-de-la-cci-togo\/\" \/>\n<meta property=\"article:published_time\" content=\"2024-08-16T16:36:19+00:00\" \/>\n<meta property=\"article:modified_time\" content=\"2024-08-20T16:40:12+00:00\" \/>\n<meta property=\"og:image\" content=\"https:\/\/lepoint-actu.tg\/wp-content\/uploads\/2024\/08\/Screenshot_20240820-163505_1.jpg\" \/>\n\t<meta property=\"og:image:width\" content=\"668\" \/>\n\t<meta property=\"og:image:height\" content=\"528\" \/>\n\t<meta property=\"og:image:type\" content=\"image\/jpeg\" \/>\n<meta name=\"author\" content=\"La Redaction\" \/>\n<meta name=\"twitter:card\" content=\"summary_large_image\" \/>\n<meta name=\"twitter:label1\" content=\"\u00c9crit par\" \/>\n\t<meta name=\"twitter:data1\" content=\"La Redaction\" \/>\n\t<meta name=\"twitter:label2\" content=\"Dur\u00e9e de lecture estim\u00e9e\" \/>\n\t<meta name=\"twitter:data2\" content=\"2 minutes\" \/>\n<script type=\"application\/ld+json\" class=\"yoast-schema-graph\">{\"@context\":\"https:\/\/schema.org\",\"@graph\":[{\"@type\":\"WebPage\",\"@id\":\"https:\/\/lepoint-actu.tg\/index.php\/2024\/08\/16\/jose-symenouhnouveau-patron-de-la-cci-togo\/\",\"url\":\"https:\/\/lepoint-actu.tg\/index.php\/2024\/08\/16\/jose-symenouhnouveau-patron-de-la-cci-togo\/\",\"name\":\"Jos\u00e9 Sym\u00e9nouh,nouveau patron de la CCI-Togo -\",\"isPartOf\":{\"@id\":\"https:\/\/lepoint-actu.tg\/#website\"},\"primaryImageOfPage\":{\"@id\":\"https:\/\/lepoint-actu.tg\/index.php\/2024\/08\/16\/jose-symenouhnouveau-patron-de-la-cci-togo\/#primaryimage\"},\"image\":{\"@id\":\"https:\/\/lepoint-actu.tg\/index.php\/2024\/08\/16\/jose-symenouhnouveau-patron-de-la-cci-togo\/#primaryimage\"},\"thumbnailUrl\":\"https:\/\/lepoint-actu.tg\/wp-content\/uploads\/2024\/08\/Screenshot_20240820-163505_1.jpg\",\"datePublished\":\"2024-08-16T16:36:19+00:00\",\"dateModified\":\"2024-08-20T16:40:12+00:00\",\"author\":{\"@id\":\"https:\/\/lepoint-actu.tg\/#\/schema\/person\/e4026d66cbdc205cab83e169ab7eaca1\"},\"breadcrumb\":{\"@id\":\"https:\/\/lepoint-actu.tg\/index.php\/2024\/08\/16\/jose-symenouhnouveau-patron-de-la-cci-togo\/#breadcrumb\"},\"inLanguage\":\"fr-FR\",\"potentialAction\":[{\"@type\":\"ReadAction\",\"target\":[\"https:\/\/lepoint-actu.tg\/index.php\/2024\/08\/16\/jose-symenouhnouveau-patron-de-la-cci-togo\/\"]}]},{\"@type\":\"ImageObject\",\"inLanguage\":\"fr-FR\",\"@id\":\"https:\/\/lepoint-actu.tg\/index.php\/2024\/08\/16\/jose-symenouhnouveau-patron-de-la-cci-togo\/#primaryimage\",\"url\":\"https:\/\/lepoint-actu.tg\/wp-content\/uploads\/2024\/08\/Screenshot_20240820-163505_1.jpg\",\"contentUrl\":\"https:\/\/lepoint-actu.tg\/wp-content\/uploads\/2024\/08\/Screenshot_20240820-163505_1.jpg\",\"width\":668,\"height\":528},{\"@type\":\"BreadcrumbList\",\"@id\":\"https:\/\/lepoint-actu.tg\/index.php\/2024\/08\/16\/jose-symenouhnouveau-patron-de-la-cci-togo\/#breadcrumb\",\"itemListElement\":[{\"@type\":\"ListItem\",\"position\":1,\"name\":\"Accueil\",\"item\":\"https:\/\/lepoint-actu.tg\/\"},{\"@type\":\"ListItem\",\"position\":2,\"name\":\"Jos\u00e9 Sym\u00e9nouh,nouveau patron de la CCI-Togo\"}]},{\"@type\":\"WebSite\",\"@id\":\"https:\/\/lepoint-actu.tg\/#website\",\"url\":\"https:\/\/lepoint-actu.tg\/\",\"name\":\"\",\"description\":\"R\u00e9c\u00e9piss\u00e9 N\u00b00022\/HAAC\/12-2020\/pL\/P, lepointactu07@gmail.com\",\"potentialAction\":[{\"@type\":\"SearchAction\",\"target\":{\"@type\":\"EntryPoint\",\"urlTemplate\":\"https:\/\/lepoint-actu.tg\/?s={search_term_string}\"},\"query-input\":{\"@type\":\"PropertyValueSpecification\",\"valueRequired\":true,\"valueName\":\"search_term_string\"}}],\"inLanguage\":\"fr-FR\"},{\"@type\":\"Person\",\"@id\":\"https:\/\/lepoint-actu.tg\/#\/schema\/person\/e4026d66cbdc205cab83e169ab7eaca1\",\"name\":\"La Redaction\",\"image\":{\"@type\":\"ImageObject\",\"inLanguage\":\"fr-FR\",\"@id\":\"https:\/\/lepoint-actu.tg\/#\/schema\/person\/image\/\",\"url\":\"https:\/\/secure.gravatar.com\/avatar\/1682a0ff7e2c36efa51c5d262eea092000ec1ce420118e6261440956730308c2?s=96&d=mm&r=g\",\"contentUrl\":\"https:\/\/secure.gravatar.com\/avatar\/1682a0ff7e2c36efa51c5d262eea092000ec1ce420118e6261440956730308c2?s=96&d=mm&r=g\",\"caption\":\"La Redaction\"},\"url\":\"https:\/\/lepoint-actu.tg\/index.php\/author\/raymondsama\/\"}]}<\/script>\n<!-- \/ Yoast SEO plugin. -->","yoast_head_json":{"title":"Jos\u00e9 Sym\u00e9nouh,nouveau patron de la CCI-Togo -","robots":{"index":"index","follow":"follow","max-snippet":"max-snippet:-1","max-image-preview":"max-image-preview:large","max-video-preview":"max-video-preview:-1"},"canonical":"https:\/\/lepoint-actu.tg\/index.php\/2024\/08\/16\/jose-symenouhnouveau-patron-de-la-cci-togo\/","og_locale":"fr_FR","og_type":"article","og_title":"Jos\u00e9 Sym\u00e9nouh,nouveau patron de la CCI-Togo -","og_description":"C\u2019est d\u00e9sormais fait, la Chambre de commerce et d&rsquo;industrie du Togo (CCI-Togo) a un nouveau pr\u00e9sident depuis ce 16 ao\u00fbt","og_url":"https:\/\/lepoint-actu.tg\/index.php\/2024\/08\/16\/jose-symenouhnouveau-patron-de-la-cci-togo\/","article_published_time":"2024-08-16T16:36:19+00:00","article_modified_time":"2024-08-20T16:40:12+00:00","og_image":[{"width":668,"height":528,"url":"https:\/\/lepoint-actu.tg\/wp-content\/uploads\/2024\/08\/Screenshot_20240820-163505_1.jpg","type":"image\/jpeg"}],"author":"La Redaction","twitter_card":"summary_large_image","twitter_misc":{"\u00c9crit par":"La Redaction","Dur\u00e9e de lecture estim\u00e9e":"2 minutes"},"schema":{"@context":"https:\/\/schema.org","@graph":[{"@type":"WebPage","@id":"https:\/\/lepoint-actu.tg\/index.php\/2024\/08\/16\/jose-symenouhnouveau-patron-de-la-cci-togo\/","url":"https:\/\/lepoint-actu.tg\/index.php\/2024\/08\/16\/jose-symenouhnouveau-patron-de-la-cci-togo\/","name":"Jos\u00e9 Sym\u00e9nouh,nouveau patron de la CCI-Togo -","isPartOf":{"@id":"https:\/\/lepoint-actu.tg\/#website"},"primaryImageOfPage":{"@id":"https:\/\/lepoint-actu.tg\/index.php\/2024\/08\/16\/jose-symenouhnouveau-patron-de-la-cci-togo\/#primaryimage"},"image":{"@id":"https:\/\/lepoint-actu.tg\/index.php\/2024\/08\/16\/jose-symenouhnouveau-patron-de-la-cci-togo\/#primaryimage"},"thumbnailUrl":"https:\/\/lepoint-actu.tg\/wp-content\/uploads\/2024\/08\/Screenshot_20240820-163505_1.jpg","datePublished":"2024-08-16T16:36:19+00:00","dateModified":"2024-08-20T16:40:12+00:00","author":{"@id":"https:\/\/lepoint-actu.tg\/#\/schema\/person\/e4026d66cbdc205cab83e169ab7eaca1"},"breadcrumb":{"@id":"https:\/\/lepoint-actu.tg\/index.php\/2024\/08\/16\/jose-symenouhnouveau-patron-de-la-cci-togo\/#breadcrumb"},"inLanguage":"fr-FR","potentialAction":[{"@type":"ReadAction","target":["https:\/\/lepoint-actu.tg\/index.php\/2024\/08\/16\/jose-symenouhnouveau-patron-de-la-cci-togo\/"]}]},{"@type":"ImageObject","inLanguage":"fr-FR","@id":"https:\/\/lepoint-actu.tg\/index.php\/2024\/08\/16\/jose-symenouhnouveau-patron-de-la-cci-togo\/#primaryimage","url":"https:\/\/lepoint-actu.tg\/wp-content\/uploads\/2024\/08\/Screenshot_20240820-163505_1.jpg","contentUrl":"https:\/\/lepoint-actu.tg\/wp-content\/uploads\/2024\/08\/Screenshot_20240820-163505_1.jpg","width":668,"height":528},{"@type":"BreadcrumbList","@id":"https:\/\/lepoint-actu.tg\/index.php\/2024\/08\/16\/jose-symenouhnouveau-patron-de-la-cci-togo\/#breadcrumb","itemListElement":[{"@type":"ListItem","position":1,"name":"Accueil","item":"https:\/\/lepoint-actu.tg\/"},{"@type":"ListItem","position":2,"name":"Jos\u00e9 Sym\u00e9nouh,nouveau patron de la CCI-Togo"}]},{"@type":"WebSite","@id":"https:\/\/lepoint-actu.tg\/#website","url":"https:\/\/lepoint-actu.tg\/","name":"","description":"R\u00e9c\u00e9piss\u00e9 N\u00b00022\/HAAC\/12-2020\/pL\/P, lepointactu07@gmail.com","potentialAction":[{"@type":"SearchAction","target":{"@type":"EntryPoint","urlTemplate":"https:\/\/lepoint-actu.tg\/?s={search_term_string}"},"query-input":{"@type":"PropertyValueSpecification","valueRequired":true,"valueName":"search_term_string"}}],"inLanguage":"fr-FR"},{"@type":"Person","@id":"https:\/\/lepoint-actu.tg\/#\/schema\/person\/e4026d66cbdc205cab83e169ab7eaca1","name":"La Redaction","image":{"@type":"ImageObject","inLanguage":"fr-FR","@id":"https:\/\/lepoint-actu.tg\/#\/schema\/person\/image\/","url":"https:\/\/secure.gravatar.com\/avatar\/1682a0ff7e2c36efa51c5d262eea092000ec1ce420118e6261440956730308c2?s=96&d=mm&r=g","contentUrl":"https:\/\/secure.gravatar.com\/avatar\/1682a0ff7e2c36efa51c5d262eea092000ec1ce420118e6261440956730308c2?s=96&d=mm&r=g","caption":"La Redaction"},"url":"https:\/\/lepoint-actu.tg\/index.php\/author\/raymondsama\/"}]}},"_links":{"self":[{"href":"https:\/\/lepoint-actu.tg\/index.php\/wp-json\/wp\/v2\/posts\/3739","targetHints":{"allow":["GET"]}}],"collection":[{"href":"https:\/\/lepoint-actu.tg\/index.php\/wp-json\/wp\/v2\/posts"}],"about":[{"href":"https:\/\/lepoint-actu.tg\/index.php\/wp-json\/wp\/v2\/types\/post"}],"author":[{"embeddable":true,"href":"https:\/\/lepoint-actu.tg\/index.php\/wp-json\/wp\/v2\/users\/2"}],"replies":[{"embeddable":true,"href":"https:\/\/lepoint-actu.tg\/index.php\/wp-json\/wp\/v2\/comments?post=3739"}],"version-history":[{"count":1,"href":"https:\/\/lepoint-actu.tg\/index.php\/wp-json\/wp\/v2\/posts\/3739\/revisions"}],"predecessor-version":[{"id":3741,"href":"https:\/\/lepoint-actu.tg\/index.php\/wp-json\/wp\/v2\/posts\/3739\/revisions\/3741"}],"wp:featuredmedia":[{"embeddable":true,"href":"https:\/\/lepoint-actu.tg\/index.php\/wp-json\/wp\/v2\/media\/3740"}],"wp:attachment":[{"href":"https:\/\/lepoint-actu.tg\/index.php\/wp-json\/wp\/v2\/media?parent=3739"}],"wp:term":[{"taxonomy":"category","embeddable":true,"href":"https:\/\/lepoint-actu.tg\/index.php\/wp-json\/wp\/v2\/categories?post=3739"},{"taxonomy":"post_tag","embeddable":true,"href":"https:\/\/lepoint-actu.tg\/index.php\/wp-json\/wp\/v2\/tags?post=3739"}],"curies":[{"name":"wp","href":"https:\/\/api.w.org\/{rel}","templated":true}]}}