{"id":3779,"date":"2024-08-26T06:30:30","date_gmt":"2024-08-26T06:30:30","guid":{"rendered":"https:\/\/lepoint-actu.tg\/?p=3779"},"modified":"2024-08-26T18:33:00","modified_gmt":"2024-08-26T18:33:00","slug":"venez-a-ce-grand-rendez-vous-de-trois-jours-pour-la-reanimation-de-la-foi","status":"publish","type":"post","link":"https:\/\/lepoint-actu.tg\/index.php\/2024\/08\/26\/venez-a-ce-grand-rendez-vous-de-trois-jours-pour-la-reanimation-de-la-foi\/","title":{"rendered":"Venez \u00e0 ce grand rendez-vous de 3 jours pour la r\u00e9animation de la foi"},"content":{"rendered":"\n<p><br>L\u2019Eglise \u00ab\u00a0Rama Secours\u00a0\u00bb tient sa convention de l\u2019ann\u00e9e 2024 les 30, 31 ao\u00fbt et 1er septembre \u00e0 Lom\u00e9. Toutes personnes, chr\u00e9tiens ou non sont invit\u00e9s \u00e0 ce rendez-vous de taille o\u00f9 l\u2019Eternel DIEU touchera chacun de mani\u00e8re sp\u00e9ciale.<br>Avec pour objectif principal \u00ab\u00a0la r\u00e9animation de la foi chr\u00e9tienne\u00a0\u00bb, cette croisade n\u2019est pas destin\u00e9e seulement pour les fid\u00e8les de l\u2019Eglise Rama Secours ou seulement pour les fid\u00e8les chr\u00e9tiens en g\u00e9n\u00e9ral mais aussi pour toute autre personne qui ne croyant pas en Christ voudrait l\u2019exp\u00e9rimenter ou en tout cas voudrait y apprendre quelque chose ou l\u2019exposer un probl\u00e8me particulier pour le tester<br><strong>Un rendez-vous avec J\u00e9sus-Christ pour la restauration\u2026<\/strong><br>La convention dont il s\u2019agit est une croisade o\u00f9 il y aura la manifestation du Saint Esprit de diff\u00e9rentes mani\u00e8res: gu\u00e9risons, d\u00e9livrances, ouverture des portes, &#8230; \u00ab\u00a0Rama Secours\u00a0\u00bb et la R\u00e9v\u00e9rende Proph\u00e9tesse Patience Okouma invitent \u00ab\u00a0toutes personnes ayant un probl\u00e8me de sant\u00e9, voyage, foyer, travail\u2026 \u00e0 cette croisade\u00a0\u00bb.<\/p>\n\n\n\n<figure class=\"wp-block-image size-full\"><img loading=\"lazy\" decoding=\"async\" width=\"672\" height=\"520\" src=\"https:\/\/lepoint-actu.tg\/wp-content\/uploads\/2024\/08\/Screenshot_20240826-063132_1.jpg\" alt=\"\" class=\"wp-image-3782\" srcset=\"https:\/\/lepoint-actu.tg\/wp-content\/uploads\/2024\/08\/Screenshot_20240826-063132_1.jpg 672w, https:\/\/lepoint-actu.tg\/wp-content\/uploads\/2024\/08\/Screenshot_20240826-063132_1-300x232.jpg 300w\" sizes=\"auto, (max-width: 672px) 100vw, 672px\" \/><\/figure>\n\n\n\n<p>\u00ab\u00a0Nous avons foi que le Seigneur va favorablement r\u00e9pondre aux pr\u00e9occupations de tout un chacun de nous. Tout ceux qui veulent sp\u00e9cialement rencontrer le Seigneur J\u00e9sus-Christ, pour un changement spontan\u00e9 dans leur vie sont \u00e9galement invit\u00e9s\u00a0\u00bb, mart\u00e8le dans un air candide la R\u00e9v\u00e9rende Proph\u00e9tesse Patience Okouma .<br>Selon les informations, la croisade de cette ann\u00e9e est sp\u00e9ciale en ce sens que \u00e7a fait un bon moment qu\u2019il n\u2019y a plus eu une telle organisation, de l\u2019Eglise Rama Secours, pour des raisons que sont essentiellement l\u2019av\u00e8nement de la pand\u00e9mie de coronavirus (COVID-19) et ses cons\u00e9quences.<br>Le lieu de la croisade est le quartier Totsi gblinkom\u00e8, \u00e0 c\u00f4t\u00e9 de la pharmacie B\u00e9tania, Lom\u00e9<\/p>\n\n\n\n<p><strong><em>Ali Legrand <\/em><\/strong><\/p>\n","protected":false},"excerpt":{"rendered":"<p>L\u2019Eglise \u00ab\u00a0Rama Secours\u00a0\u00bb tient sa convention de l\u2019ann\u00e9e 2024 les 30, 31 ao\u00fbt et 1er septembre \u00e0 Lom\u00e9. Toutes personnes,<\/p>\n","protected":false},"author":2,"featured_media":3780,"comment_status":"open","ping_status":"closed","sticky":false,"template":"","format":"standard","meta":{"footnotes":""},"categories":[1],"tags":[],"class_list":["post-3779","post","type-post","status-publish","format-standard","has-post-thumbnail","hentry","category-societe"],"yoast_head":"<!-- This site is optimized with the Yoast SEO plugin v23.9 - https:\/\/yoast.com\/wordpress\/plugins\/seo\/ -->\n<title>Venez \u00e0 ce grand rendez-vous de 3 jours pour la r\u00e9animation de la foi -<\/title>\n<meta name=\"robots\" content=\"index, follow, max-snippet:-1, max-image-preview:large, max-video-preview:-1\" \/>\n<link rel=\"canonical\" href=\"https:\/\/lepoint-actu.tg\/index.php\/2024\/08\/26\/venez-a-ce-grand-rendez-vous-de-trois-jours-pour-la-reanimation-de-la-foi\/\" \/>\n<meta property=\"og:locale\" content=\"fr_FR\" \/>\n<meta property=\"og:type\" content=\"article\" \/>\n<meta property=\"og:title\" content=\"Venez \u00e0 ce grand rendez-vous de 3 jours pour la r\u00e9animation de la foi -\" \/>\n<meta property=\"og:description\" content=\"L\u2019Eglise \u00ab\u00a0Rama Secours\u00a0\u00bb tient sa convention de l\u2019ann\u00e9e 2024 les 30, 31 ao\u00fbt et 1er septembre \u00e0 Lom\u00e9. Toutes personnes,\" \/>\n<meta property=\"og:url\" content=\"https:\/\/lepoint-actu.tg\/index.php\/2024\/08\/26\/venez-a-ce-grand-rendez-vous-de-trois-jours-pour-la-reanimation-de-la-foi\/\" \/>\n<meta property=\"article:published_time\" content=\"2024-08-26T06:30:30+00:00\" \/>\n<meta property=\"article:modified_time\" content=\"2024-08-26T18:33:00+00:00\" \/>\n<meta property=\"og:image\" content=\"https:\/\/lepoint-actu.tg\/wp-content\/uploads\/2024\/08\/Screenshot_20240826-051956_1.jpg\" \/>\n\t<meta property=\"og:image:width\" content=\"645\" \/>\n\t<meta property=\"og:image:height\" content=\"503\" \/>\n\t<meta property=\"og:image:type\" content=\"image\/jpeg\" \/>\n<meta name=\"author\" content=\"La Redaction\" \/>\n<meta name=\"twitter:card\" content=\"summary_large_image\" \/>\n<meta name=\"twitter:label1\" content=\"\u00c9crit par\" \/>\n\t<meta name=\"twitter:data1\" content=\"La Redaction\" \/>\n\t<meta name=\"twitter:label2\" content=\"Dur\u00e9e de lecture estim\u00e9e\" \/>\n\t<meta name=\"twitter:data2\" content=\"2 minutes\" \/>\n<script type=\"application\/ld+json\" class=\"yoast-schema-graph\">{\"@context\":\"https:\/\/schema.org\",\"@graph\":[{\"@type\":\"WebPage\",\"@id\":\"https:\/\/lepoint-actu.tg\/index.php\/2024\/08\/26\/venez-a-ce-grand-rendez-vous-de-trois-jours-pour-la-reanimation-de-la-foi\/\",\"url\":\"https:\/\/lepoint-actu.tg\/index.php\/2024\/08\/26\/venez-a-ce-grand-rendez-vous-de-trois-jours-pour-la-reanimation-de-la-foi\/\",\"name\":\"Venez \u00e0 ce grand rendez-vous de 3 jours pour la r\u00e9animation de la foi -\",\"isPartOf\":{\"@id\":\"https:\/\/lepoint-actu.tg\/#website\"},\"primaryImageOfPage\":{\"@id\":\"https:\/\/lepoint-actu.tg\/index.php\/2024\/08\/26\/venez-a-ce-grand-rendez-vous-de-trois-jours-pour-la-reanimation-de-la-foi\/#primaryimage\"},\"image\":{\"@id\":\"https:\/\/lepoint-actu.tg\/index.php\/2024\/08\/26\/venez-a-ce-grand-rendez-vous-de-trois-jours-pour-la-reanimation-de-la-foi\/#primaryimage\"},\"thumbnailUrl\":\"https:\/\/lepoint-actu.tg\/wp-content\/uploads\/2024\/08\/Screenshot_20240826-051956_1.jpg\",\"datePublished\":\"2024-08-26T06:30:30+00:00\",\"dateModified\":\"2024-08-26T18:33:00+00:00\",\"author\":{\"@id\":\"https:\/\/lepoint-actu.tg\/#\/schema\/person\/e4026d66cbdc205cab83e169ab7eaca1\"},\"breadcrumb\":{\"@id\":\"https:\/\/lepoint-actu.tg\/index.php\/2024\/08\/26\/venez-a-ce-grand-rendez-vous-de-trois-jours-pour-la-reanimation-de-la-foi\/#breadcrumb\"},\"inLanguage\":\"fr-FR\",\"potentialAction\":[{\"@type\":\"ReadAction\",\"target\":[\"https:\/\/lepoint-actu.tg\/index.php\/2024\/08\/26\/venez-a-ce-grand-rendez-vous-de-trois-jours-pour-la-reanimation-de-la-foi\/\"]}]},{\"@type\":\"ImageObject\",\"inLanguage\":\"fr-FR\",\"@id\":\"https:\/\/lepoint-actu.tg\/index.php\/2024\/08\/26\/venez-a-ce-grand-rendez-vous-de-trois-jours-pour-la-reanimation-de-la-foi\/#primaryimage\",\"url\":\"https:\/\/lepoint-actu.tg\/wp-content\/uploads\/2024\/08\/Screenshot_20240826-051956_1.jpg\",\"contentUrl\":\"https:\/\/lepoint-actu.tg\/wp-content\/uploads\/2024\/08\/Screenshot_20240826-051956_1.jpg\",\"width\":645,\"height\":503},{\"@type\":\"BreadcrumbList\",\"@id\":\"https:\/\/lepoint-actu.tg\/index.php\/2024\/08\/26\/venez-a-ce-grand-rendez-vous-de-trois-jours-pour-la-reanimation-de-la-foi\/#breadcrumb\",\"itemListElement\":[{\"@type\":\"ListItem\",\"position\":1,\"name\":\"Accueil\",\"item\":\"https:\/\/lepoint-actu.tg\/\"},{\"@type\":\"ListItem\",\"position\":2,\"name\":\"Venez \u00e0 ce grand rendez-vous de 3 jours pour la r\u00e9animation de la foi\"}]},{\"@type\":\"WebSite\",\"@id\":\"https:\/\/lepoint-actu.tg\/#website\",\"url\":\"https:\/\/lepoint-actu.tg\/\",\"name\":\"\",\"description\":\"R\u00e9c\u00e9piss\u00e9 N\u00b00022\/HAAC\/12-2020\/pL\/P, lepointactu07@gmail.com\",\"potentialAction\":[{\"@type\":\"SearchAction\",\"target\":{\"@type\":\"EntryPoint\",\"urlTemplate\":\"https:\/\/lepoint-actu.tg\/?s={search_term_string}\"},\"query-input\":{\"@type\":\"PropertyValueSpecification\",\"valueRequired\":true,\"valueName\":\"search_term_string\"}}],\"inLanguage\":\"fr-FR\"},{\"@type\":\"Person\",\"@id\":\"https:\/\/lepoint-actu.tg\/#\/schema\/person\/e4026d66cbdc205cab83e169ab7eaca1\",\"name\":\"La Redaction\",\"image\":{\"@type\":\"ImageObject\",\"inLanguage\":\"fr-FR\",\"@id\":\"https:\/\/lepoint-actu.tg\/#\/schema\/person\/image\/\",\"url\":\"https:\/\/secure.gravatar.com\/avatar\/1682a0ff7e2c36efa51c5d262eea092000ec1ce420118e6261440956730308c2?s=96&d=mm&r=g\",\"contentUrl\":\"https:\/\/secure.gravatar.com\/avatar\/1682a0ff7e2c36efa51c5d262eea092000ec1ce420118e6261440956730308c2?s=96&d=mm&r=g\",\"caption\":\"La Redaction\"},\"url\":\"https:\/\/lepoint-actu.tg\/index.php\/author\/raymondsama\/\"}]}<\/script>\n<!-- \/ Yoast SEO plugin. -->","yoast_head_json":{"title":"Venez \u00e0 ce grand rendez-vous de 3 jours pour la r\u00e9animation de la foi -","robots":{"index":"index","follow":"follow","max-snippet":"max-snippet:-1","max-image-preview":"max-image-preview:large","max-video-preview":"max-video-preview:-1"},"canonical":"https:\/\/lepoint-actu.tg\/index.php\/2024\/08\/26\/venez-a-ce-grand-rendez-vous-de-trois-jours-pour-la-reanimation-de-la-foi\/","og_locale":"fr_FR","og_type":"article","og_title":"Venez \u00e0 ce grand rendez-vous de 3 jours pour la r\u00e9animation de la foi -","og_description":"L\u2019Eglise \u00ab\u00a0Rama Secours\u00a0\u00bb tient sa convention de l\u2019ann\u00e9e 2024 les 30, 31 ao\u00fbt et 1er septembre \u00e0 Lom\u00e9. Toutes personnes,","og_url":"https:\/\/lepoint-actu.tg\/index.php\/2024\/08\/26\/venez-a-ce-grand-rendez-vous-de-trois-jours-pour-la-reanimation-de-la-foi\/","article_published_time":"2024-08-26T06:30:30+00:00","article_modified_time":"2024-08-26T18:33:00+00:00","og_image":[{"width":645,"height":503,"url":"https:\/\/lepoint-actu.tg\/wp-content\/uploads\/2024\/08\/Screenshot_20240826-051956_1.jpg","type":"image\/jpeg"}],"author":"La Redaction","twitter_card":"summary_large_image","twitter_misc":{"\u00c9crit par":"La Redaction","Dur\u00e9e de lecture estim\u00e9e":"2 minutes"},"schema":{"@context":"https:\/\/schema.org","@graph":[{"@type":"WebPage","@id":"https:\/\/lepoint-actu.tg\/index.php\/2024\/08\/26\/venez-a-ce-grand-rendez-vous-de-trois-jours-pour-la-reanimation-de-la-foi\/","url":"https:\/\/lepoint-actu.tg\/index.php\/2024\/08\/26\/venez-a-ce-grand-rendez-vous-de-trois-jours-pour-la-reanimation-de-la-foi\/","name":"Venez \u00e0 ce grand rendez-vous de 3 jours pour la r\u00e9animation de la foi -","isPartOf":{"@id":"https:\/\/lepoint-actu.tg\/#website"},"primaryImageOfPage":{"@id":"https:\/\/lepoint-actu.tg\/index.php\/2024\/08\/26\/venez-a-ce-grand-rendez-vous-de-trois-jours-pour-la-reanimation-de-la-foi\/#primaryimage"},"image":{"@id":"https:\/\/lepoint-actu.tg\/index.php\/2024\/08\/26\/venez-a-ce-grand-rendez-vous-de-trois-jours-pour-la-reanimation-de-la-foi\/#primaryimage"},"thumbnailUrl":"https:\/\/lepoint-actu.tg\/wp-content\/uploads\/2024\/08\/Screenshot_20240826-051956_1.jpg","datePublished":"2024-08-26T06:30:30+00:00","dateModified":"2024-08-26T18:33:00+00:00","author":{"@id":"https:\/\/lepoint-actu.tg\/#\/schema\/person\/e4026d66cbdc205cab83e169ab7eaca1"},"breadcrumb":{"@id":"https:\/\/lepoint-actu.tg\/index.php\/2024\/08\/26\/venez-a-ce-grand-rendez-vous-de-trois-jours-pour-la-reanimation-de-la-foi\/#breadcrumb"},"inLanguage":"fr-FR","potentialAction":[{"@type":"ReadAction","target":["https:\/\/lepoint-actu.tg\/index.php\/2024\/08\/26\/venez-a-ce-grand-rendez-vous-de-trois-jours-pour-la-reanimation-de-la-foi\/"]}]},{"@type":"ImageObject","inLanguage":"fr-FR","@id":"https:\/\/lepoint-actu.tg\/index.php\/2024\/08\/26\/venez-a-ce-grand-rendez-vous-de-trois-jours-pour-la-reanimation-de-la-foi\/#primaryimage","url":"https:\/\/lepoint-actu.tg\/wp-content\/uploads\/2024\/08\/Screenshot_20240826-051956_1.jpg","contentUrl":"https:\/\/lepoint-actu.tg\/wp-content\/uploads\/2024\/08\/Screenshot_20240826-051956_1.jpg","width":645,"height":503},{"@type":"BreadcrumbList","@id":"https:\/\/lepoint-actu.tg\/index.php\/2024\/08\/26\/venez-a-ce-grand-rendez-vous-de-trois-jours-pour-la-reanimation-de-la-foi\/#breadcrumb","itemListElement":[{"@type":"ListItem","position":1,"name":"Accueil","item":"https:\/\/lepoint-actu.tg\/"},{"@type":"ListItem","position":2,"name":"Venez \u00e0 ce grand rendez-vous de 3 jours pour la r\u00e9animation de la foi"}]},{"@type":"WebSite","@id":"https:\/\/lepoint-actu.tg\/#website","url":"https:\/\/lepoint-actu.tg\/","name":"","description":"R\u00e9c\u00e9piss\u00e9 N\u00b00022\/HAAC\/12-2020\/pL\/P, lepointactu07@gmail.com","potentialAction":[{"@type":"SearchAction","target":{"@type":"EntryPoint","urlTemplate":"https:\/\/lepoint-actu.tg\/?s={search_term_string}"},"query-input":{"@type":"PropertyValueSpecification","valueRequired":true,"valueName":"search_term_string"}}],"inLanguage":"fr-FR"},{"@type":"Person","@id":"https:\/\/lepoint-actu.tg\/#\/schema\/person\/e4026d66cbdc205cab83e169ab7eaca1","name":"La Redaction","image":{"@type":"ImageObject","inLanguage":"fr-FR","@id":"https:\/\/lepoint-actu.tg\/#\/schema\/person\/image\/","url":"https:\/\/secure.gravatar.com\/avatar\/1682a0ff7e2c36efa51c5d262eea092000ec1ce420118e6261440956730308c2?s=96&d=mm&r=g","contentUrl":"https:\/\/secure.gravatar.com\/avatar\/1682a0ff7e2c36efa51c5d262eea092000ec1ce420118e6261440956730308c2?s=96&d=mm&r=g","caption":"La Redaction"},"url":"https:\/\/lepoint-actu.tg\/index.php\/author\/raymondsama\/"}]}},"_links":{"self":[{"href":"https:\/\/lepoint-actu.tg\/index.php\/wp-json\/wp\/v2\/posts\/3779","targetHints":{"allow":["GET"]}}],"collection":[{"href":"https:\/\/lepoint-actu.tg\/index.php\/wp-json\/wp\/v2\/posts"}],"about":[{"href":"https:\/\/lepoint-actu.tg\/index.php\/wp-json\/wp\/v2\/types\/post"}],"author":[{"embeddable":true,"href":"https:\/\/lepoint-actu.tg\/index.php\/wp-json\/wp\/v2\/users\/2"}],"replies":[{"embeddable":true,"href":"https:\/\/lepoint-actu.tg\/index.php\/wp-json\/wp\/v2\/comments?post=3779"}],"version-history":[{"count":7,"href":"https:\/\/lepoint-actu.tg\/index.php\/wp-json\/wp\/v2\/posts\/3779\/revisions"}],"predecessor-version":[{"id":3792,"href":"https:\/\/lepoint-actu.tg\/index.php\/wp-json\/wp\/v2\/posts\/3779\/revisions\/3792"}],"wp:featuredmedia":[{"embeddable":true,"href":"https:\/\/lepoint-actu.tg\/index.php\/wp-json\/wp\/v2\/media\/3780"}],"wp:attachment":[{"href":"https:\/\/lepoint-actu.tg\/index.php\/wp-json\/wp\/v2\/media?parent=3779"}],"wp:term":[{"taxonomy":"category","embeddable":true,"href":"https:\/\/lepoint-actu.tg\/index.php\/wp-json\/wp\/v2\/categories?post=3779"},{"taxonomy":"post_tag","embeddable":true,"href":"https:\/\/lepoint-actu.tg\/index.php\/wp-json\/wp\/v2\/tags?post=3779"}],"curies":[{"name":"wp","href":"https:\/\/api.w.org\/{rel}","templated":true}]}}