{"id":3796,"date":"2024-08-28T19:58:12","date_gmt":"2024-08-28T19:58:12","guid":{"rendered":"https:\/\/lepoint-actu.tg\/?p=3796"},"modified":"2024-08-29T20:00:20","modified_gmt":"2024-08-29T20:00:20","slug":"de-fortes-pluies-annoncees-au-togo-des-septembre-2024","status":"publish","type":"post","link":"https:\/\/lepoint-actu.tg\/index.php\/2024\/08\/28\/de-fortes-pluies-annoncees-au-togo-des-septembre-2024\/","title":{"rendered":"De fortes pluies annonc\u00e9es au Togo d\u00e8s septembre 2024"},"content":{"rendered":"\n<p><br>Le Togo fera face \u00e0 de fortes pluies \u00e0 partir du mois de septembre 2024 jusqu&rsquo;en novembre soit trois mois courant lesquels les populations et les gouvernants sont appel\u00e9s \u00e0 la viligence et au renforcement des mesures s\u00e9curitaire contre d&rsquo;\u00e9ventuelles inondations . Particuli\u00e8rement, l&rsquo;on renseigne que dans les r\u00e9gions des plateaux et maritimes seront les foyers de ces importantes pluies. Il s&rsquo;agit, dit-on, d&rsquo;une petite saison qui sera caract\u00e9ris\u00e9e par une pluviom\u00e9trie exc\u00e9dentaire \u00e0 tendance normale.<br>L\u2019annonce a \u00e9t\u00e9 faite, il y a quelques jours, par l\u2019Agence nationale de la m\u00e9t\u00e9orologie (ANAMET) qui conseille aux producteurs d\u2019anticiper les pr\u00e9parations des sols et de semer d\u00e8s les premi\u00e8res pluies. Il est \u00e9galement recommand\u00e9 d\u2019utiliser des vari\u00e9t\u00e9s de cultures \u00e0 cycle court et r\u00e9silientes pour minimiser les pertes.<br>Selon les pr\u00e9visions, ces conditions m\u00e9t\u00e9orologiques qui sont favorables \u00e0 l\u2019agriculture comportent des risques d\u2019inondations dans les bassins versants du lac Togo, du Mono et de l\u2019Ou\u00e9m\u00e9.<br>\u00ab Les populations doivent \u00e9viter l\u2019occupation anarchique des zones inondables, en particulier, dans les agglom\u00e9rations urbaines et bassins, et veiller \u00e0 la gestion rationnelle des ressources en eau, pour assurer les besoins des barrages hydro-\u00e9lectriques et des am\u00e9nagements hydro-agricoles \u00bb, a indiqu\u00e9 Latifou Issaou, directeur g\u00e9n\u00e9ral de l\u2019ANAMET.<br>Rappelons que la grande saison des pluies avait \u00e9t\u00e9 \u00e9galement marqu\u00e9e par une pluviom\u00e9trie normale \u00e0 exc\u00e9dentaire.<\/p>\n\n\n\n<p><strong><em>Jules T\u00e9t\u00e9 <\/em><\/strong><\/p>\n","protected":false},"excerpt":{"rendered":"<p>Le Togo fera face \u00e0 de fortes pluies \u00e0 partir du mois de septembre 2024 jusqu&rsquo;en novembre soit trois mois<\/p>\n","protected":false},"author":2,"featured_media":3797,"comment_status":"open","ping_status":"closed","sticky":false,"template":"","format":"standard","meta":{"footnotes":""},"categories":[6],"tags":[],"class_list":["post-3796","post","type-post","status-publish","format-standard","has-post-thumbnail","hentry","category-environnement"],"yoast_head":"<!-- This site is optimized with the Yoast SEO plugin v23.9 - https:\/\/yoast.com\/wordpress\/plugins\/seo\/ -->\n<title>De fortes pluies annonc\u00e9es au Togo d\u00e8s septembre 2024 -<\/title>\n<meta name=\"robots\" content=\"index, follow, max-snippet:-1, max-image-preview:large, max-video-preview:-1\" \/>\n<link rel=\"canonical\" href=\"https:\/\/lepoint-actu.tg\/index.php\/2024\/08\/28\/de-fortes-pluies-annoncees-au-togo-des-septembre-2024\/\" \/>\n<meta property=\"og:locale\" content=\"fr_FR\" \/>\n<meta property=\"og:type\" content=\"article\" \/>\n<meta property=\"og:title\" content=\"De fortes pluies annonc\u00e9es au Togo d\u00e8s septembre 2024 -\" \/>\n<meta property=\"og:description\" content=\"Le Togo fera face \u00e0 de fortes pluies \u00e0 partir du mois de septembre 2024 jusqu&rsquo;en novembre soit trois mois\" \/>\n<meta property=\"og:url\" content=\"https:\/\/lepoint-actu.tg\/index.php\/2024\/08\/28\/de-fortes-pluies-annoncees-au-togo-des-septembre-2024\/\" \/>\n<meta property=\"article:published_time\" content=\"2024-08-28T19:58:12+00:00\" \/>\n<meta property=\"article:modified_time\" content=\"2024-08-29T20:00:20+00:00\" \/>\n<meta property=\"og:image\" content=\"https:\/\/lepoint-actu.tg\/wp-content\/uploads\/2024\/08\/Screenshot_20240829-195555_2.jpg\" \/>\n\t<meta property=\"og:image:width\" content=\"627\" \/>\n\t<meta property=\"og:image:height\" content=\"485\" \/>\n\t<meta property=\"og:image:type\" content=\"image\/jpeg\" \/>\n<meta name=\"author\" content=\"La Redaction\" \/>\n<meta name=\"twitter:card\" content=\"summary_large_image\" \/>\n<meta name=\"twitter:label1\" content=\"\u00c9crit par\" \/>\n\t<meta name=\"twitter:data1\" content=\"La Redaction\" \/>\n\t<meta name=\"twitter:label2\" content=\"Dur\u00e9e de lecture estim\u00e9e\" \/>\n\t<meta name=\"twitter:data2\" content=\"2 minutes\" \/>\n<script type=\"application\/ld+json\" class=\"yoast-schema-graph\">{\"@context\":\"https:\/\/schema.org\",\"@graph\":[{\"@type\":\"WebPage\",\"@id\":\"https:\/\/lepoint-actu.tg\/index.php\/2024\/08\/28\/de-fortes-pluies-annoncees-au-togo-des-septembre-2024\/\",\"url\":\"https:\/\/lepoint-actu.tg\/index.php\/2024\/08\/28\/de-fortes-pluies-annoncees-au-togo-des-septembre-2024\/\",\"name\":\"De fortes pluies annonc\u00e9es au Togo d\u00e8s septembre 2024 -\",\"isPartOf\":{\"@id\":\"https:\/\/lepoint-actu.tg\/#website\"},\"primaryImageOfPage\":{\"@id\":\"https:\/\/lepoint-actu.tg\/index.php\/2024\/08\/28\/de-fortes-pluies-annoncees-au-togo-des-septembre-2024\/#primaryimage\"},\"image\":{\"@id\":\"https:\/\/lepoint-actu.tg\/index.php\/2024\/08\/28\/de-fortes-pluies-annoncees-au-togo-des-septembre-2024\/#primaryimage\"},\"thumbnailUrl\":\"https:\/\/lepoint-actu.tg\/wp-content\/uploads\/2024\/08\/Screenshot_20240829-195555_2.jpg\",\"datePublished\":\"2024-08-28T19:58:12+00:00\",\"dateModified\":\"2024-08-29T20:00:20+00:00\",\"author\":{\"@id\":\"https:\/\/lepoint-actu.tg\/#\/schema\/person\/e4026d66cbdc205cab83e169ab7eaca1\"},\"breadcrumb\":{\"@id\":\"https:\/\/lepoint-actu.tg\/index.php\/2024\/08\/28\/de-fortes-pluies-annoncees-au-togo-des-septembre-2024\/#breadcrumb\"},\"inLanguage\":\"fr-FR\",\"potentialAction\":[{\"@type\":\"ReadAction\",\"target\":[\"https:\/\/lepoint-actu.tg\/index.php\/2024\/08\/28\/de-fortes-pluies-annoncees-au-togo-des-septembre-2024\/\"]}]},{\"@type\":\"ImageObject\",\"inLanguage\":\"fr-FR\",\"@id\":\"https:\/\/lepoint-actu.tg\/index.php\/2024\/08\/28\/de-fortes-pluies-annoncees-au-togo-des-septembre-2024\/#primaryimage\",\"url\":\"https:\/\/lepoint-actu.tg\/wp-content\/uploads\/2024\/08\/Screenshot_20240829-195555_2.jpg\",\"contentUrl\":\"https:\/\/lepoint-actu.tg\/wp-content\/uploads\/2024\/08\/Screenshot_20240829-195555_2.jpg\",\"width\":627,\"height\":485},{\"@type\":\"BreadcrumbList\",\"@id\":\"https:\/\/lepoint-actu.tg\/index.php\/2024\/08\/28\/de-fortes-pluies-annoncees-au-togo-des-septembre-2024\/#breadcrumb\",\"itemListElement\":[{\"@type\":\"ListItem\",\"position\":1,\"name\":\"Accueil\",\"item\":\"https:\/\/lepoint-actu.tg\/\"},{\"@type\":\"ListItem\",\"position\":2,\"name\":\"De fortes pluies annonc\u00e9es au Togo d\u00e8s septembre 2024\"}]},{\"@type\":\"WebSite\",\"@id\":\"https:\/\/lepoint-actu.tg\/#website\",\"url\":\"https:\/\/lepoint-actu.tg\/\",\"name\":\"\",\"description\":\"R\u00e9c\u00e9piss\u00e9 N\u00b00022\/HAAC\/12-2020\/pL\/P, lepointactu07@gmail.com\",\"potentialAction\":[{\"@type\":\"SearchAction\",\"target\":{\"@type\":\"EntryPoint\",\"urlTemplate\":\"https:\/\/lepoint-actu.tg\/?s={search_term_string}\"},\"query-input\":{\"@type\":\"PropertyValueSpecification\",\"valueRequired\":true,\"valueName\":\"search_term_string\"}}],\"inLanguage\":\"fr-FR\"},{\"@type\":\"Person\",\"@id\":\"https:\/\/lepoint-actu.tg\/#\/schema\/person\/e4026d66cbdc205cab83e169ab7eaca1\",\"name\":\"La Redaction\",\"image\":{\"@type\":\"ImageObject\",\"inLanguage\":\"fr-FR\",\"@id\":\"https:\/\/lepoint-actu.tg\/#\/schema\/person\/image\/\",\"url\":\"https:\/\/secure.gravatar.com\/avatar\/1682a0ff7e2c36efa51c5d262eea092000ec1ce420118e6261440956730308c2?s=96&d=mm&r=g\",\"contentUrl\":\"https:\/\/secure.gravatar.com\/avatar\/1682a0ff7e2c36efa51c5d262eea092000ec1ce420118e6261440956730308c2?s=96&d=mm&r=g\",\"caption\":\"La Redaction\"},\"url\":\"https:\/\/lepoint-actu.tg\/index.php\/author\/raymondsama\/\"}]}<\/script>\n<!-- \/ Yoast SEO plugin. -->","yoast_head_json":{"title":"De fortes pluies annonc\u00e9es au Togo d\u00e8s septembre 2024 -","robots":{"index":"index","follow":"follow","max-snippet":"max-snippet:-1","max-image-preview":"max-image-preview:large","max-video-preview":"max-video-preview:-1"},"canonical":"https:\/\/lepoint-actu.tg\/index.php\/2024\/08\/28\/de-fortes-pluies-annoncees-au-togo-des-septembre-2024\/","og_locale":"fr_FR","og_type":"article","og_title":"De fortes pluies annonc\u00e9es au Togo d\u00e8s septembre 2024 -","og_description":"Le Togo fera face \u00e0 de fortes pluies \u00e0 partir du mois de septembre 2024 jusqu&rsquo;en novembre soit trois mois","og_url":"https:\/\/lepoint-actu.tg\/index.php\/2024\/08\/28\/de-fortes-pluies-annoncees-au-togo-des-septembre-2024\/","article_published_time":"2024-08-28T19:58:12+00:00","article_modified_time":"2024-08-29T20:00:20+00:00","og_image":[{"width":627,"height":485,"url":"https:\/\/lepoint-actu.tg\/wp-content\/uploads\/2024\/08\/Screenshot_20240829-195555_2.jpg","type":"image\/jpeg"}],"author":"La Redaction","twitter_card":"summary_large_image","twitter_misc":{"\u00c9crit par":"La Redaction","Dur\u00e9e de lecture estim\u00e9e":"2 minutes"},"schema":{"@context":"https:\/\/schema.org","@graph":[{"@type":"WebPage","@id":"https:\/\/lepoint-actu.tg\/index.php\/2024\/08\/28\/de-fortes-pluies-annoncees-au-togo-des-septembre-2024\/","url":"https:\/\/lepoint-actu.tg\/index.php\/2024\/08\/28\/de-fortes-pluies-annoncees-au-togo-des-septembre-2024\/","name":"De fortes pluies annonc\u00e9es au Togo d\u00e8s septembre 2024 -","isPartOf":{"@id":"https:\/\/lepoint-actu.tg\/#website"},"primaryImageOfPage":{"@id":"https:\/\/lepoint-actu.tg\/index.php\/2024\/08\/28\/de-fortes-pluies-annoncees-au-togo-des-septembre-2024\/#primaryimage"},"image":{"@id":"https:\/\/lepoint-actu.tg\/index.php\/2024\/08\/28\/de-fortes-pluies-annoncees-au-togo-des-septembre-2024\/#primaryimage"},"thumbnailUrl":"https:\/\/lepoint-actu.tg\/wp-content\/uploads\/2024\/08\/Screenshot_20240829-195555_2.jpg","datePublished":"2024-08-28T19:58:12+00:00","dateModified":"2024-08-29T20:00:20+00:00","author":{"@id":"https:\/\/lepoint-actu.tg\/#\/schema\/person\/e4026d66cbdc205cab83e169ab7eaca1"},"breadcrumb":{"@id":"https:\/\/lepoint-actu.tg\/index.php\/2024\/08\/28\/de-fortes-pluies-annoncees-au-togo-des-septembre-2024\/#breadcrumb"},"inLanguage":"fr-FR","potentialAction":[{"@type":"ReadAction","target":["https:\/\/lepoint-actu.tg\/index.php\/2024\/08\/28\/de-fortes-pluies-annoncees-au-togo-des-septembre-2024\/"]}]},{"@type":"ImageObject","inLanguage":"fr-FR","@id":"https:\/\/lepoint-actu.tg\/index.php\/2024\/08\/28\/de-fortes-pluies-annoncees-au-togo-des-septembre-2024\/#primaryimage","url":"https:\/\/lepoint-actu.tg\/wp-content\/uploads\/2024\/08\/Screenshot_20240829-195555_2.jpg","contentUrl":"https:\/\/lepoint-actu.tg\/wp-content\/uploads\/2024\/08\/Screenshot_20240829-195555_2.jpg","width":627,"height":485},{"@type":"BreadcrumbList","@id":"https:\/\/lepoint-actu.tg\/index.php\/2024\/08\/28\/de-fortes-pluies-annoncees-au-togo-des-septembre-2024\/#breadcrumb","itemListElement":[{"@type":"ListItem","position":1,"name":"Accueil","item":"https:\/\/lepoint-actu.tg\/"},{"@type":"ListItem","position":2,"name":"De fortes pluies annonc\u00e9es au Togo d\u00e8s septembre 2024"}]},{"@type":"WebSite","@id":"https:\/\/lepoint-actu.tg\/#website","url":"https:\/\/lepoint-actu.tg\/","name":"","description":"R\u00e9c\u00e9piss\u00e9 N\u00b00022\/HAAC\/12-2020\/pL\/P, lepointactu07@gmail.com","potentialAction":[{"@type":"SearchAction","target":{"@type":"EntryPoint","urlTemplate":"https:\/\/lepoint-actu.tg\/?s={search_term_string}"},"query-input":{"@type":"PropertyValueSpecification","valueRequired":true,"valueName":"search_term_string"}}],"inLanguage":"fr-FR"},{"@type":"Person","@id":"https:\/\/lepoint-actu.tg\/#\/schema\/person\/e4026d66cbdc205cab83e169ab7eaca1","name":"La Redaction","image":{"@type":"ImageObject","inLanguage":"fr-FR","@id":"https:\/\/lepoint-actu.tg\/#\/schema\/person\/image\/","url":"https:\/\/secure.gravatar.com\/avatar\/1682a0ff7e2c36efa51c5d262eea092000ec1ce420118e6261440956730308c2?s=96&d=mm&r=g","contentUrl":"https:\/\/secure.gravatar.com\/avatar\/1682a0ff7e2c36efa51c5d262eea092000ec1ce420118e6261440956730308c2?s=96&d=mm&r=g","caption":"La Redaction"},"url":"https:\/\/lepoint-actu.tg\/index.php\/author\/raymondsama\/"}]}},"_links":{"self":[{"href":"https:\/\/lepoint-actu.tg\/index.php\/wp-json\/wp\/v2\/posts\/3796","targetHints":{"allow":["GET"]}}],"collection":[{"href":"https:\/\/lepoint-actu.tg\/index.php\/wp-json\/wp\/v2\/posts"}],"about":[{"href":"https:\/\/lepoint-actu.tg\/index.php\/wp-json\/wp\/v2\/types\/post"}],"author":[{"embeddable":true,"href":"https:\/\/lepoint-actu.tg\/index.php\/wp-json\/wp\/v2\/users\/2"}],"replies":[{"embeddable":true,"href":"https:\/\/lepoint-actu.tg\/index.php\/wp-json\/wp\/v2\/comments?post=3796"}],"version-history":[{"count":1,"href":"https:\/\/lepoint-actu.tg\/index.php\/wp-json\/wp\/v2\/posts\/3796\/revisions"}],"predecessor-version":[{"id":3798,"href":"https:\/\/lepoint-actu.tg\/index.php\/wp-json\/wp\/v2\/posts\/3796\/revisions\/3798"}],"wp:featuredmedia":[{"embeddable":true,"href":"https:\/\/lepoint-actu.tg\/index.php\/wp-json\/wp\/v2\/media\/3797"}],"wp:attachment":[{"href":"https:\/\/lepoint-actu.tg\/index.php\/wp-json\/wp\/v2\/media?parent=3796"}],"wp:term":[{"taxonomy":"category","embeddable":true,"href":"https:\/\/lepoint-actu.tg\/index.php\/wp-json\/wp\/v2\/categories?post=3796"},{"taxonomy":"post_tag","embeddable":true,"href":"https:\/\/lepoint-actu.tg\/index.php\/wp-json\/wp\/v2\/tags?post=3796"}],"curies":[{"name":"wp","href":"https:\/\/api.w.org\/{rel}","templated":true}]}}