{"id":3813,"date":"2024-08-31T12:35:00","date_gmt":"2024-08-31T12:35:00","guid":{"rendered":"https:\/\/lepoint-actu.tg\/?p=3813"},"modified":"2024-09-02T12:37:58","modified_gmt":"2024-09-02T12:37:58","slug":"le-togo-opte-pour-le-transport-a-faible-emission-de-carbone","status":"publish","type":"post","link":"https:\/\/lepoint-actu.tg\/index.php\/2024\/08\/31\/le-togo-opte-pour-le-transport-a-faible-emission-de-carbone\/","title":{"rendered":"Le Togo opte pour le transport \u00e0 faible \u00e9mission de carbone"},"content":{"rendered":"\n<p><br>Les d\u00e9fis environnementaux sont \u00e9normes et il faut agir efficacement. Dans cet \u00e9lan, le Togo dans le cadre du programme multipays Readiness, financ\u00e9 par le Fonds vert pour le climat (FVC), pr\u00e9voit l&rsquo;adoption d&rsquo;un syst\u00e8me de transport visant \u00e0 promouvoir la croissance verte et \u00e0 r\u00e9duire les \u00e9missions de carbone. A travers son minist\u00e8re de l&rsquo;Environnement, le pays a officiellement lanc\u00e9, le jeudi 29 ao\u00fbt 2024 \u00e0 Lom\u00e9, la phase op\u00e9rationnelle de ce projet.<br>Ce programme pr\u00e9voit l&rsquo;\u00e9laboration et la mise en place d&rsquo;un syst\u00e8me de transport ax\u00e9 sur la croissance verte, avec pour objectif central de diminuer significativement l&rsquo;\u00e9mission de carbone. Concr\u00e8tement, ce dispositif encouragera une mobilit\u00e9 durable en favorisant l&rsquo;expansion et la modernisation du r\u00e9seau de transport public, incluant les bus, les trains et les syst\u00e8mes de transport en commun rapide. \u00ab Cela vise \u00e0 r\u00e9duire la d\u00e9pendance aux v\u00e9hicules individuels, souvent plus polluants \u00bb, souligne-t-on.<br>\u00ab Le projet contribuera \u00e0 la mise en \u0153uvre des mesures d\u2019att\u00e9nuation ou de r\u00e9duction des \u00e9missions de gaz \u00e0 effet de serre dans le secteur des transports \u00bb, a pr\u00e9cis\u00e9 Mery Yaou, directrice de l&rsquo;Environnement au Togo.<br>La mise en \u0153uvre de Readiness au Togo, devrait ainsi contribuer \u00e0 l\u2019atteinte des objectifs du pays c\u00f4tier, notamment la r\u00e9duction des \u00e9missions des gaz \u00e0 effet de serre (GES) de 31,14 % \u00e0 l\u2019horizon 2030. Le pays, fid\u00e8le \u00e0 sa vision \u00e9cologique, a d\u00e9j\u00e0 initi\u00e9 plusieurs actions, dont la mise en \u0153uvre du programme de mobilit\u00e9 verte et l\u2019adoption d\u2019une strat\u00e9gie d\u00e9cennale de r\u00e9duction des \u00e9missions de gaz \u00e0 effet de serre.<br>Vivement que les efforts soient continu\u00e9s pour le bien-\u00eatre des g\u00e9n\u00e9rations pr\u00e9sentes et futures.<\/p>\n\n\n\n<p><strong><em>Roger Gadoss\u00e9 <\/em><\/strong><\/p>\n","protected":false},"excerpt":{"rendered":"<p>Les d\u00e9fis environnementaux sont \u00e9normes et il faut agir efficacement. Dans cet \u00e9lan, le Togo dans le cadre du programme<\/p>\n","protected":false},"author":2,"featured_media":3814,"comment_status":"open","ping_status":"closed","sticky":false,"template":"","format":"standard","meta":{"footnotes":""},"categories":[6],"tags":[],"class_list":["post-3813","post","type-post","status-publish","format-standard","has-post-thumbnail","hentry","category-environnement"],"yoast_head":"<!-- This site is optimized with the Yoast SEO plugin v23.9 - https:\/\/yoast.com\/wordpress\/plugins\/seo\/ -->\n<title>Le Togo opte pour le transport \u00e0 faible \u00e9mission de carbone -<\/title>\n<meta name=\"robots\" content=\"index, follow, max-snippet:-1, max-image-preview:large, max-video-preview:-1\" \/>\n<link rel=\"canonical\" href=\"https:\/\/lepoint-actu.tg\/index.php\/2024\/08\/31\/le-togo-opte-pour-le-transport-a-faible-emission-de-carbone\/\" \/>\n<meta property=\"og:locale\" content=\"fr_FR\" \/>\n<meta property=\"og:type\" content=\"article\" \/>\n<meta property=\"og:title\" content=\"Le Togo opte pour le transport \u00e0 faible \u00e9mission de carbone -\" \/>\n<meta property=\"og:description\" content=\"Les d\u00e9fis environnementaux sont \u00e9normes et il faut agir efficacement. Dans cet \u00e9lan, le Togo dans le cadre du programme\" \/>\n<meta property=\"og:url\" content=\"https:\/\/lepoint-actu.tg\/index.php\/2024\/08\/31\/le-togo-opte-pour-le-transport-a-faible-emission-de-carbone\/\" \/>\n<meta property=\"article:published_time\" content=\"2024-08-31T12:35:00+00:00\" \/>\n<meta property=\"article:modified_time\" content=\"2024-09-02T12:37:58+00:00\" \/>\n<meta property=\"og:image\" content=\"https:\/\/lepoint-actu.tg\/wp-content\/uploads\/2024\/09\/Visuels-Articles-LH9-1020x512-1.jpg\" \/>\n\t<meta property=\"og:image:width\" content=\"1020\" \/>\n\t<meta property=\"og:image:height\" content=\"512\" \/>\n\t<meta property=\"og:image:type\" content=\"image\/jpeg\" \/>\n<meta name=\"author\" content=\"La Redaction\" \/>\n<meta name=\"twitter:card\" content=\"summary_large_image\" \/>\n<meta name=\"twitter:label1\" content=\"\u00c9crit par\" \/>\n\t<meta name=\"twitter:data1\" content=\"La Redaction\" \/>\n\t<meta name=\"twitter:label2\" content=\"Dur\u00e9e de lecture estim\u00e9e\" \/>\n\t<meta name=\"twitter:data2\" content=\"2 minutes\" \/>\n<script type=\"application\/ld+json\" class=\"yoast-schema-graph\">{\"@context\":\"https:\/\/schema.org\",\"@graph\":[{\"@type\":\"WebPage\",\"@id\":\"https:\/\/lepoint-actu.tg\/index.php\/2024\/08\/31\/le-togo-opte-pour-le-transport-a-faible-emission-de-carbone\/\",\"url\":\"https:\/\/lepoint-actu.tg\/index.php\/2024\/08\/31\/le-togo-opte-pour-le-transport-a-faible-emission-de-carbone\/\",\"name\":\"Le Togo opte pour le transport \u00e0 faible \u00e9mission de carbone -\",\"isPartOf\":{\"@id\":\"https:\/\/lepoint-actu.tg\/#website\"},\"primaryImageOfPage\":{\"@id\":\"https:\/\/lepoint-actu.tg\/index.php\/2024\/08\/31\/le-togo-opte-pour-le-transport-a-faible-emission-de-carbone\/#primaryimage\"},\"image\":{\"@id\":\"https:\/\/lepoint-actu.tg\/index.php\/2024\/08\/31\/le-togo-opte-pour-le-transport-a-faible-emission-de-carbone\/#primaryimage\"},\"thumbnailUrl\":\"https:\/\/lepoint-actu.tg\/wp-content\/uploads\/2024\/09\/Visuels-Articles-LH9-1020x512-1.jpg\",\"datePublished\":\"2024-08-31T12:35:00+00:00\",\"dateModified\":\"2024-09-02T12:37:58+00:00\",\"author\":{\"@id\":\"https:\/\/lepoint-actu.tg\/#\/schema\/person\/e4026d66cbdc205cab83e169ab7eaca1\"},\"breadcrumb\":{\"@id\":\"https:\/\/lepoint-actu.tg\/index.php\/2024\/08\/31\/le-togo-opte-pour-le-transport-a-faible-emission-de-carbone\/#breadcrumb\"},\"inLanguage\":\"fr-FR\",\"potentialAction\":[{\"@type\":\"ReadAction\",\"target\":[\"https:\/\/lepoint-actu.tg\/index.php\/2024\/08\/31\/le-togo-opte-pour-le-transport-a-faible-emission-de-carbone\/\"]}]},{\"@type\":\"ImageObject\",\"inLanguage\":\"fr-FR\",\"@id\":\"https:\/\/lepoint-actu.tg\/index.php\/2024\/08\/31\/le-togo-opte-pour-le-transport-a-faible-emission-de-carbone\/#primaryimage\",\"url\":\"https:\/\/lepoint-actu.tg\/wp-content\/uploads\/2024\/09\/Visuels-Articles-LH9-1020x512-1.jpg\",\"contentUrl\":\"https:\/\/lepoint-actu.tg\/wp-content\/uploads\/2024\/09\/Visuels-Articles-LH9-1020x512-1.jpg\",\"width\":1020,\"height\":512},{\"@type\":\"BreadcrumbList\",\"@id\":\"https:\/\/lepoint-actu.tg\/index.php\/2024\/08\/31\/le-togo-opte-pour-le-transport-a-faible-emission-de-carbone\/#breadcrumb\",\"itemListElement\":[{\"@type\":\"ListItem\",\"position\":1,\"name\":\"Accueil\",\"item\":\"https:\/\/lepoint-actu.tg\/\"},{\"@type\":\"ListItem\",\"position\":2,\"name\":\"Le Togo opte pour le transport \u00e0 faible \u00e9mission de carbone\"}]},{\"@type\":\"WebSite\",\"@id\":\"https:\/\/lepoint-actu.tg\/#website\",\"url\":\"https:\/\/lepoint-actu.tg\/\",\"name\":\"\",\"description\":\"R\u00e9c\u00e9piss\u00e9 N\u00b00022\/HAAC\/12-2020\/pL\/P, lepointactu07@gmail.com\",\"potentialAction\":[{\"@type\":\"SearchAction\",\"target\":{\"@type\":\"EntryPoint\",\"urlTemplate\":\"https:\/\/lepoint-actu.tg\/?s={search_term_string}\"},\"query-input\":{\"@type\":\"PropertyValueSpecification\",\"valueRequired\":true,\"valueName\":\"search_term_string\"}}],\"inLanguage\":\"fr-FR\"},{\"@type\":\"Person\",\"@id\":\"https:\/\/lepoint-actu.tg\/#\/schema\/person\/e4026d66cbdc205cab83e169ab7eaca1\",\"name\":\"La Redaction\",\"image\":{\"@type\":\"ImageObject\",\"inLanguage\":\"fr-FR\",\"@id\":\"https:\/\/lepoint-actu.tg\/#\/schema\/person\/image\/\",\"url\":\"https:\/\/secure.gravatar.com\/avatar\/1682a0ff7e2c36efa51c5d262eea092000ec1ce420118e6261440956730308c2?s=96&d=mm&r=g\",\"contentUrl\":\"https:\/\/secure.gravatar.com\/avatar\/1682a0ff7e2c36efa51c5d262eea092000ec1ce420118e6261440956730308c2?s=96&d=mm&r=g\",\"caption\":\"La Redaction\"},\"url\":\"https:\/\/lepoint-actu.tg\/index.php\/author\/raymondsama\/\"}]}<\/script>\n<!-- \/ Yoast SEO plugin. -->","yoast_head_json":{"title":"Le Togo opte pour le transport \u00e0 faible \u00e9mission de carbone -","robots":{"index":"index","follow":"follow","max-snippet":"max-snippet:-1","max-image-preview":"max-image-preview:large","max-video-preview":"max-video-preview:-1"},"canonical":"https:\/\/lepoint-actu.tg\/index.php\/2024\/08\/31\/le-togo-opte-pour-le-transport-a-faible-emission-de-carbone\/","og_locale":"fr_FR","og_type":"article","og_title":"Le Togo opte pour le transport \u00e0 faible \u00e9mission de carbone -","og_description":"Les d\u00e9fis environnementaux sont \u00e9normes et il faut agir efficacement. Dans cet \u00e9lan, le Togo dans le cadre du programme","og_url":"https:\/\/lepoint-actu.tg\/index.php\/2024\/08\/31\/le-togo-opte-pour-le-transport-a-faible-emission-de-carbone\/","article_published_time":"2024-08-31T12:35:00+00:00","article_modified_time":"2024-09-02T12:37:58+00:00","og_image":[{"width":1020,"height":512,"url":"https:\/\/lepoint-actu.tg\/wp-content\/uploads\/2024\/09\/Visuels-Articles-LH9-1020x512-1.jpg","type":"image\/jpeg"}],"author":"La Redaction","twitter_card":"summary_large_image","twitter_misc":{"\u00c9crit par":"La Redaction","Dur\u00e9e de lecture estim\u00e9e":"2 minutes"},"schema":{"@context":"https:\/\/schema.org","@graph":[{"@type":"WebPage","@id":"https:\/\/lepoint-actu.tg\/index.php\/2024\/08\/31\/le-togo-opte-pour-le-transport-a-faible-emission-de-carbone\/","url":"https:\/\/lepoint-actu.tg\/index.php\/2024\/08\/31\/le-togo-opte-pour-le-transport-a-faible-emission-de-carbone\/","name":"Le Togo opte pour le transport \u00e0 faible \u00e9mission de carbone -","isPartOf":{"@id":"https:\/\/lepoint-actu.tg\/#website"},"primaryImageOfPage":{"@id":"https:\/\/lepoint-actu.tg\/index.php\/2024\/08\/31\/le-togo-opte-pour-le-transport-a-faible-emission-de-carbone\/#primaryimage"},"image":{"@id":"https:\/\/lepoint-actu.tg\/index.php\/2024\/08\/31\/le-togo-opte-pour-le-transport-a-faible-emission-de-carbone\/#primaryimage"},"thumbnailUrl":"https:\/\/lepoint-actu.tg\/wp-content\/uploads\/2024\/09\/Visuels-Articles-LH9-1020x512-1.jpg","datePublished":"2024-08-31T12:35:00+00:00","dateModified":"2024-09-02T12:37:58+00:00","author":{"@id":"https:\/\/lepoint-actu.tg\/#\/schema\/person\/e4026d66cbdc205cab83e169ab7eaca1"},"breadcrumb":{"@id":"https:\/\/lepoint-actu.tg\/index.php\/2024\/08\/31\/le-togo-opte-pour-le-transport-a-faible-emission-de-carbone\/#breadcrumb"},"inLanguage":"fr-FR","potentialAction":[{"@type":"ReadAction","target":["https:\/\/lepoint-actu.tg\/index.php\/2024\/08\/31\/le-togo-opte-pour-le-transport-a-faible-emission-de-carbone\/"]}]},{"@type":"ImageObject","inLanguage":"fr-FR","@id":"https:\/\/lepoint-actu.tg\/index.php\/2024\/08\/31\/le-togo-opte-pour-le-transport-a-faible-emission-de-carbone\/#primaryimage","url":"https:\/\/lepoint-actu.tg\/wp-content\/uploads\/2024\/09\/Visuels-Articles-LH9-1020x512-1.jpg","contentUrl":"https:\/\/lepoint-actu.tg\/wp-content\/uploads\/2024\/09\/Visuels-Articles-LH9-1020x512-1.jpg","width":1020,"height":512},{"@type":"BreadcrumbList","@id":"https:\/\/lepoint-actu.tg\/index.php\/2024\/08\/31\/le-togo-opte-pour-le-transport-a-faible-emission-de-carbone\/#breadcrumb","itemListElement":[{"@type":"ListItem","position":1,"name":"Accueil","item":"https:\/\/lepoint-actu.tg\/"},{"@type":"ListItem","position":2,"name":"Le Togo opte pour le transport \u00e0 faible \u00e9mission de carbone"}]},{"@type":"WebSite","@id":"https:\/\/lepoint-actu.tg\/#website","url":"https:\/\/lepoint-actu.tg\/","name":"","description":"R\u00e9c\u00e9piss\u00e9 N\u00b00022\/HAAC\/12-2020\/pL\/P, lepointactu07@gmail.com","potentialAction":[{"@type":"SearchAction","target":{"@type":"EntryPoint","urlTemplate":"https:\/\/lepoint-actu.tg\/?s={search_term_string}"},"query-input":{"@type":"PropertyValueSpecification","valueRequired":true,"valueName":"search_term_string"}}],"inLanguage":"fr-FR"},{"@type":"Person","@id":"https:\/\/lepoint-actu.tg\/#\/schema\/person\/e4026d66cbdc205cab83e169ab7eaca1","name":"La Redaction","image":{"@type":"ImageObject","inLanguage":"fr-FR","@id":"https:\/\/lepoint-actu.tg\/#\/schema\/person\/image\/","url":"https:\/\/secure.gravatar.com\/avatar\/1682a0ff7e2c36efa51c5d262eea092000ec1ce420118e6261440956730308c2?s=96&d=mm&r=g","contentUrl":"https:\/\/secure.gravatar.com\/avatar\/1682a0ff7e2c36efa51c5d262eea092000ec1ce420118e6261440956730308c2?s=96&d=mm&r=g","caption":"La Redaction"},"url":"https:\/\/lepoint-actu.tg\/index.php\/author\/raymondsama\/"}]}},"_links":{"self":[{"href":"https:\/\/lepoint-actu.tg\/index.php\/wp-json\/wp\/v2\/posts\/3813","targetHints":{"allow":["GET"]}}],"collection":[{"href":"https:\/\/lepoint-actu.tg\/index.php\/wp-json\/wp\/v2\/posts"}],"about":[{"href":"https:\/\/lepoint-actu.tg\/index.php\/wp-json\/wp\/v2\/types\/post"}],"author":[{"embeddable":true,"href":"https:\/\/lepoint-actu.tg\/index.php\/wp-json\/wp\/v2\/users\/2"}],"replies":[{"embeddable":true,"href":"https:\/\/lepoint-actu.tg\/index.php\/wp-json\/wp\/v2\/comments?post=3813"}],"version-history":[{"count":1,"href":"https:\/\/lepoint-actu.tg\/index.php\/wp-json\/wp\/v2\/posts\/3813\/revisions"}],"predecessor-version":[{"id":3815,"href":"https:\/\/lepoint-actu.tg\/index.php\/wp-json\/wp\/v2\/posts\/3813\/revisions\/3815"}],"wp:featuredmedia":[{"embeddable":true,"href":"https:\/\/lepoint-actu.tg\/index.php\/wp-json\/wp\/v2\/media\/3814"}],"wp:attachment":[{"href":"https:\/\/lepoint-actu.tg\/index.php\/wp-json\/wp\/v2\/media?parent=3813"}],"wp:term":[{"taxonomy":"category","embeddable":true,"href":"https:\/\/lepoint-actu.tg\/index.php\/wp-json\/wp\/v2\/categories?post=3813"},{"taxonomy":"post_tag","embeddable":true,"href":"https:\/\/lepoint-actu.tg\/index.php\/wp-json\/wp\/v2\/tags?post=3813"}],"curies":[{"name":"wp","href":"https:\/\/api.w.org\/{rel}","templated":true}]}}