{"id":3858,"date":"2024-09-21T08:35:59","date_gmt":"2024-09-21T08:35:59","guid":{"rendered":"https:\/\/lepoint-actu.tg\/?p=3858"},"modified":"2024-09-22T20:06:35","modified_gmt":"2024-09-22T20:06:35","slug":"direction-communication-de-coniia-germain-pouli-aux-commandes-2","status":"publish","type":"post","link":"https:\/\/lepoint-actu.tg\/index.php\/2024\/09\/21\/direction-communication-de-coniia-germain-pouli-aux-commandes-2\/","title":{"rendered":"Direction communication de CONIIA: Germain Pouli aux commandes"},"content":{"rendered":"\n<p><\/p>\n\n\n\n<p>Le journaliste togolais Germain Pouli marque ses pas \u00e0 l&rsquo;international. En effet, Germain Pouli a \u00e9t\u00e9 nomm\u00e9 \u00e0 la t\u00eate de la communication du Conseil International de l\u2019Intelligence Artificielle (CONIIA). Journaliste, pr\u00e9sident du Conseil national des patrons de presse (CONAPP) et directeur de publication de l\u2019hebdomadaire \u00abTogo r\u00e9veil\u00bb, M. Pouli a pris ses fonctions en tant que nouveau Directeur de la communication de CONIIA au cours d\u2019une c\u00e9r\u00e9monie qui s\u2019est d\u00e9roul\u00e9e le mardi 17 septembre 2024 dans la ville de Shenzen en Chine.<br>Nomm\u00e9 \u00e0 ce poste par Docteur Malik Morris MOUZOU, Pr\u00e9sident de CONIIA et Pr\u00e9sident d\u2019Honneur de HUMAN IA, Germain POULI aura d\u00e9sormais la responsabilit\u00e9 de rendre plus visibles et compr\u00e9hensibles les activit\u00e9s du Conseil Internationale de l\u2019Intelligence Artificielle.<br>Au cours de la c\u00e9r\u00e9monie \u00e0 laquelle ont pris part plusieurs d\u00e9l\u00e9gu\u00e9s de la soci\u00e9t\u00e9 venus d\u2019Asie et d\u2019Europe mais aussi des responsables de m\u00e9dia, Germain Pouli a d\u00e9clar\u00e9 : \u00ab C\u2019est un honneur pour le Togo et pour moi une lourde responsabilit\u00e9. Je voudrais remercier Dieu et lui confier le D\u00e9partement Communication de CONIIA. Ensuite dire toute ma gratitude au Docteur Malik Morris MOUZOU, \u00e0 J\u00e9r\u00f4me RIBEIRO et vous tous qui avez soutenu ma candidature. Merci pour la confiance. Dieu nous aidera \u00e0 contribuer \u00e0 la visibilit\u00e9 des grandes actions et ambitions que vous nourrissez pour l\u2019Afrique et le monde. Nous vous faisons la promesse de contribuer activement \u00e0 permettre \u00e0 CONIIA de b\u00e2tir les ponts entre les peuples gr\u00e2ce aux nombreuses opportunit\u00e9s que nous offre l\u2019IA aujourd\u2019hui. \u00bb<\/p>\n\n\n\n<figure class=\"wp-block-image size-full\"><img loading=\"lazy\" decoding=\"async\" width=\"672\" height=\"522\" src=\"https:\/\/lepoint-actu.tg\/wp-content\/uploads\/2024\/09\/Screenshot_20240919-224312_1.jpg\" alt=\"\" class=\"wp-image-3862\" srcset=\"https:\/\/lepoint-actu.tg\/wp-content\/uploads\/2024\/09\/Screenshot_20240919-224312_1.jpg 672w, https:\/\/lepoint-actu.tg\/wp-content\/uploads\/2024\/09\/Screenshot_20240919-224312_1-300x233.jpg 300w\" sizes=\"auto, (max-width: 672px) 100vw, 672px\" \/><\/figure>\n\n\n\n<p><br>Le Conseil International de l\u2019IA (CONIIA), en tant qu\u2019entit\u00e9 \u00e9mergente dans le domaine de l\u2019IA, rassemble des experts, des chercheurs, et des praticiens de premier plan \u00e0 l\u2019\u00e9chelle mondiale. Une Organisation Internationale qui a pour mission de promouvoir l\u2019innovation technologique, l\u2019\u00e9thique et l\u2019excellence dans le domaine de l\u2019intelligence artificielle.<br>Selon les informations, CONIIA \u0153uvre pour une IA qui b\u00e9n\u00e9ficie \u00e0 tous, en mettant l\u2019accent sur la recherche, l\u2019\u00e9thique\u2026 et les applications pratiques qui peuvent transformer positivement nos soci\u00e9t\u00e9s. Il est d\u00e9di\u00e9 \u00e0 la cr\u00e9ation de plateformes de collaboration et d\u2019\u00e9change, o\u00f9 les id\u00e9es peuvent prosp\u00e9rer et les partenariats se former. La Semaine de l\u2019Intelligence Artificielle-SIA, co-organis\u00e9e avec Human AI, au Togo, est le reflet de cet engagement, r\u00e9unissant des talents divers de l\u2019IA dans un cadre unique et dynamique.<\/p>\n\n\n\n<p><strong><em>La r\u00e9daction <\/em><\/strong><\/p>\n","protected":false},"excerpt":{"rendered":"<p>Le journaliste togolais Germain Pouli marque ses pas \u00e0 l&rsquo;international. En effet, Germain Pouli a \u00e9t\u00e9 nomm\u00e9 \u00e0 la t\u00eate<\/p>\n","protected":false},"author":2,"featured_media":3861,"comment_status":"open","ping_status":"closed","sticky":false,"template":"","format":"standard","meta":{"footnotes":""},"categories":[1],"tags":[],"class_list":["post-3858","post","type-post","status-publish","format-standard","has-post-thumbnail","hentry","category-societe"],"yoast_head":"<!-- This site is optimized with the Yoast SEO plugin v23.9 - https:\/\/yoast.com\/wordpress\/plugins\/seo\/ -->\n<title>Direction communication de CONIIA: Germain Pouli aux commandes -<\/title>\n<meta name=\"robots\" content=\"index, follow, max-snippet:-1, max-image-preview:large, max-video-preview:-1\" \/>\n<link rel=\"canonical\" href=\"https:\/\/lepoint-actu.tg\/index.php\/2024\/09\/21\/direction-communication-de-coniia-germain-pouli-aux-commandes-2\/\" \/>\n<meta property=\"og:locale\" content=\"fr_FR\" \/>\n<meta property=\"og:type\" content=\"article\" \/>\n<meta property=\"og:title\" content=\"Direction communication de CONIIA: Germain Pouli aux commandes -\" \/>\n<meta property=\"og:description\" content=\"Le journaliste togolais Germain Pouli marque ses pas \u00e0 l&rsquo;international. En effet, Germain Pouli a \u00e9t\u00e9 nomm\u00e9 \u00e0 la t\u00eate\" \/>\n<meta property=\"og:url\" content=\"https:\/\/lepoint-actu.tg\/index.php\/2024\/09\/21\/direction-communication-de-coniia-germain-pouli-aux-commandes-2\/\" \/>\n<meta property=\"article:published_time\" content=\"2024-09-21T08:35:59+00:00\" \/>\n<meta property=\"article:modified_time\" content=\"2024-09-22T20:06:35+00:00\" \/>\n<meta property=\"og:image\" content=\"https:\/\/lepoint-actu.tg\/wp-content\/uploads\/2024\/09\/Screenshot_20240919-224305_1.jpg\" \/>\n\t<meta property=\"og:image:width\" content=\"672\" \/>\n\t<meta property=\"og:image:height\" content=\"449\" \/>\n\t<meta property=\"og:image:type\" content=\"image\/jpeg\" \/>\n<meta name=\"author\" content=\"La Redaction\" \/>\n<meta name=\"twitter:card\" content=\"summary_large_image\" \/>\n<meta name=\"twitter:label1\" content=\"\u00c9crit par\" \/>\n\t<meta name=\"twitter:data1\" content=\"La Redaction\" \/>\n\t<meta name=\"twitter:label2\" content=\"Dur\u00e9e de lecture estim\u00e9e\" \/>\n\t<meta name=\"twitter:data2\" content=\"3 minutes\" \/>\n<script type=\"application\/ld+json\" class=\"yoast-schema-graph\">{\"@context\":\"https:\/\/schema.org\",\"@graph\":[{\"@type\":\"WebPage\",\"@id\":\"https:\/\/lepoint-actu.tg\/index.php\/2024\/09\/21\/direction-communication-de-coniia-germain-pouli-aux-commandes-2\/\",\"url\":\"https:\/\/lepoint-actu.tg\/index.php\/2024\/09\/21\/direction-communication-de-coniia-germain-pouli-aux-commandes-2\/\",\"name\":\"Direction communication de CONIIA: Germain Pouli aux commandes -\",\"isPartOf\":{\"@id\":\"https:\/\/lepoint-actu.tg\/#website\"},\"primaryImageOfPage\":{\"@id\":\"https:\/\/lepoint-actu.tg\/index.php\/2024\/09\/21\/direction-communication-de-coniia-germain-pouli-aux-commandes-2\/#primaryimage\"},\"image\":{\"@id\":\"https:\/\/lepoint-actu.tg\/index.php\/2024\/09\/21\/direction-communication-de-coniia-germain-pouli-aux-commandes-2\/#primaryimage\"},\"thumbnailUrl\":\"https:\/\/lepoint-actu.tg\/wp-content\/uploads\/2024\/09\/Screenshot_20240919-224305_1.jpg\",\"datePublished\":\"2024-09-21T08:35:59+00:00\",\"dateModified\":\"2024-09-22T20:06:35+00:00\",\"author\":{\"@id\":\"https:\/\/lepoint-actu.tg\/#\/schema\/person\/e4026d66cbdc205cab83e169ab7eaca1\"},\"breadcrumb\":{\"@id\":\"https:\/\/lepoint-actu.tg\/index.php\/2024\/09\/21\/direction-communication-de-coniia-germain-pouli-aux-commandes-2\/#breadcrumb\"},\"inLanguage\":\"fr-FR\",\"potentialAction\":[{\"@type\":\"ReadAction\",\"target\":[\"https:\/\/lepoint-actu.tg\/index.php\/2024\/09\/21\/direction-communication-de-coniia-germain-pouli-aux-commandes-2\/\"]}]},{\"@type\":\"ImageObject\",\"inLanguage\":\"fr-FR\",\"@id\":\"https:\/\/lepoint-actu.tg\/index.php\/2024\/09\/21\/direction-communication-de-coniia-germain-pouli-aux-commandes-2\/#primaryimage\",\"url\":\"https:\/\/lepoint-actu.tg\/wp-content\/uploads\/2024\/09\/Screenshot_20240919-224305_1.jpg\",\"contentUrl\":\"https:\/\/lepoint-actu.tg\/wp-content\/uploads\/2024\/09\/Screenshot_20240919-224305_1.jpg\",\"width\":672,\"height\":449},{\"@type\":\"BreadcrumbList\",\"@id\":\"https:\/\/lepoint-actu.tg\/index.php\/2024\/09\/21\/direction-communication-de-coniia-germain-pouli-aux-commandes-2\/#breadcrumb\",\"itemListElement\":[{\"@type\":\"ListItem\",\"position\":1,\"name\":\"Accueil\",\"item\":\"https:\/\/lepoint-actu.tg\/\"},{\"@type\":\"ListItem\",\"position\":2,\"name\":\"Direction communication de CONIIA: Germain Pouli aux commandes\"}]},{\"@type\":\"WebSite\",\"@id\":\"https:\/\/lepoint-actu.tg\/#website\",\"url\":\"https:\/\/lepoint-actu.tg\/\",\"name\":\"\",\"description\":\"R\u00e9c\u00e9piss\u00e9 N\u00b00022\/HAAC\/12-2020\/pL\/P, lepointactu07@gmail.com\",\"potentialAction\":[{\"@type\":\"SearchAction\",\"target\":{\"@type\":\"EntryPoint\",\"urlTemplate\":\"https:\/\/lepoint-actu.tg\/?s={search_term_string}\"},\"query-input\":{\"@type\":\"PropertyValueSpecification\",\"valueRequired\":true,\"valueName\":\"search_term_string\"}}],\"inLanguage\":\"fr-FR\"},{\"@type\":\"Person\",\"@id\":\"https:\/\/lepoint-actu.tg\/#\/schema\/person\/e4026d66cbdc205cab83e169ab7eaca1\",\"name\":\"La Redaction\",\"image\":{\"@type\":\"ImageObject\",\"inLanguage\":\"fr-FR\",\"@id\":\"https:\/\/lepoint-actu.tg\/#\/schema\/person\/image\/\",\"url\":\"https:\/\/secure.gravatar.com\/avatar\/1682a0ff7e2c36efa51c5d262eea092000ec1ce420118e6261440956730308c2?s=96&d=mm&r=g\",\"contentUrl\":\"https:\/\/secure.gravatar.com\/avatar\/1682a0ff7e2c36efa51c5d262eea092000ec1ce420118e6261440956730308c2?s=96&d=mm&r=g\",\"caption\":\"La Redaction\"},\"url\":\"https:\/\/lepoint-actu.tg\/index.php\/author\/raymondsama\/\"}]}<\/script>\n<!-- \/ Yoast SEO plugin. -->","yoast_head_json":{"title":"Direction communication de CONIIA: Germain Pouli aux commandes -","robots":{"index":"index","follow":"follow","max-snippet":"max-snippet:-1","max-image-preview":"max-image-preview:large","max-video-preview":"max-video-preview:-1"},"canonical":"https:\/\/lepoint-actu.tg\/index.php\/2024\/09\/21\/direction-communication-de-coniia-germain-pouli-aux-commandes-2\/","og_locale":"fr_FR","og_type":"article","og_title":"Direction communication de CONIIA: Germain Pouli aux commandes -","og_description":"Le journaliste togolais Germain Pouli marque ses pas \u00e0 l&rsquo;international. En effet, Germain Pouli a \u00e9t\u00e9 nomm\u00e9 \u00e0 la t\u00eate","og_url":"https:\/\/lepoint-actu.tg\/index.php\/2024\/09\/21\/direction-communication-de-coniia-germain-pouli-aux-commandes-2\/","article_published_time":"2024-09-21T08:35:59+00:00","article_modified_time":"2024-09-22T20:06:35+00:00","og_image":[{"width":672,"height":449,"url":"https:\/\/lepoint-actu.tg\/wp-content\/uploads\/2024\/09\/Screenshot_20240919-224305_1.jpg","type":"image\/jpeg"}],"author":"La Redaction","twitter_card":"summary_large_image","twitter_misc":{"\u00c9crit par":"La Redaction","Dur\u00e9e de lecture estim\u00e9e":"3 minutes"},"schema":{"@context":"https:\/\/schema.org","@graph":[{"@type":"WebPage","@id":"https:\/\/lepoint-actu.tg\/index.php\/2024\/09\/21\/direction-communication-de-coniia-germain-pouli-aux-commandes-2\/","url":"https:\/\/lepoint-actu.tg\/index.php\/2024\/09\/21\/direction-communication-de-coniia-germain-pouli-aux-commandes-2\/","name":"Direction communication de CONIIA: Germain Pouli aux commandes -","isPartOf":{"@id":"https:\/\/lepoint-actu.tg\/#website"},"primaryImageOfPage":{"@id":"https:\/\/lepoint-actu.tg\/index.php\/2024\/09\/21\/direction-communication-de-coniia-germain-pouli-aux-commandes-2\/#primaryimage"},"image":{"@id":"https:\/\/lepoint-actu.tg\/index.php\/2024\/09\/21\/direction-communication-de-coniia-germain-pouli-aux-commandes-2\/#primaryimage"},"thumbnailUrl":"https:\/\/lepoint-actu.tg\/wp-content\/uploads\/2024\/09\/Screenshot_20240919-224305_1.jpg","datePublished":"2024-09-21T08:35:59+00:00","dateModified":"2024-09-22T20:06:35+00:00","author":{"@id":"https:\/\/lepoint-actu.tg\/#\/schema\/person\/e4026d66cbdc205cab83e169ab7eaca1"},"breadcrumb":{"@id":"https:\/\/lepoint-actu.tg\/index.php\/2024\/09\/21\/direction-communication-de-coniia-germain-pouli-aux-commandes-2\/#breadcrumb"},"inLanguage":"fr-FR","potentialAction":[{"@type":"ReadAction","target":["https:\/\/lepoint-actu.tg\/index.php\/2024\/09\/21\/direction-communication-de-coniia-germain-pouli-aux-commandes-2\/"]}]},{"@type":"ImageObject","inLanguage":"fr-FR","@id":"https:\/\/lepoint-actu.tg\/index.php\/2024\/09\/21\/direction-communication-de-coniia-germain-pouli-aux-commandes-2\/#primaryimage","url":"https:\/\/lepoint-actu.tg\/wp-content\/uploads\/2024\/09\/Screenshot_20240919-224305_1.jpg","contentUrl":"https:\/\/lepoint-actu.tg\/wp-content\/uploads\/2024\/09\/Screenshot_20240919-224305_1.jpg","width":672,"height":449},{"@type":"BreadcrumbList","@id":"https:\/\/lepoint-actu.tg\/index.php\/2024\/09\/21\/direction-communication-de-coniia-germain-pouli-aux-commandes-2\/#breadcrumb","itemListElement":[{"@type":"ListItem","position":1,"name":"Accueil","item":"https:\/\/lepoint-actu.tg\/"},{"@type":"ListItem","position":2,"name":"Direction communication de CONIIA: Germain Pouli aux commandes"}]},{"@type":"WebSite","@id":"https:\/\/lepoint-actu.tg\/#website","url":"https:\/\/lepoint-actu.tg\/","name":"","description":"R\u00e9c\u00e9piss\u00e9 N\u00b00022\/HAAC\/12-2020\/pL\/P, lepointactu07@gmail.com","potentialAction":[{"@type":"SearchAction","target":{"@type":"EntryPoint","urlTemplate":"https:\/\/lepoint-actu.tg\/?s={search_term_string}"},"query-input":{"@type":"PropertyValueSpecification","valueRequired":true,"valueName":"search_term_string"}}],"inLanguage":"fr-FR"},{"@type":"Person","@id":"https:\/\/lepoint-actu.tg\/#\/schema\/person\/e4026d66cbdc205cab83e169ab7eaca1","name":"La Redaction","image":{"@type":"ImageObject","inLanguage":"fr-FR","@id":"https:\/\/lepoint-actu.tg\/#\/schema\/person\/image\/","url":"https:\/\/secure.gravatar.com\/avatar\/1682a0ff7e2c36efa51c5d262eea092000ec1ce420118e6261440956730308c2?s=96&d=mm&r=g","contentUrl":"https:\/\/secure.gravatar.com\/avatar\/1682a0ff7e2c36efa51c5d262eea092000ec1ce420118e6261440956730308c2?s=96&d=mm&r=g","caption":"La Redaction"},"url":"https:\/\/lepoint-actu.tg\/index.php\/author\/raymondsama\/"}]}},"_links":{"self":[{"href":"https:\/\/lepoint-actu.tg\/index.php\/wp-json\/wp\/v2\/posts\/3858","targetHints":{"allow":["GET"]}}],"collection":[{"href":"https:\/\/lepoint-actu.tg\/index.php\/wp-json\/wp\/v2\/posts"}],"about":[{"href":"https:\/\/lepoint-actu.tg\/index.php\/wp-json\/wp\/v2\/types\/post"}],"author":[{"embeddable":true,"href":"https:\/\/lepoint-actu.tg\/index.php\/wp-json\/wp\/v2\/users\/2"}],"replies":[{"embeddable":true,"href":"https:\/\/lepoint-actu.tg\/index.php\/wp-json\/wp\/v2\/comments?post=3858"}],"version-history":[{"count":2,"href":"https:\/\/lepoint-actu.tg\/index.php\/wp-json\/wp\/v2\/posts\/3858\/revisions"}],"predecessor-version":[{"id":3863,"href":"https:\/\/lepoint-actu.tg\/index.php\/wp-json\/wp\/v2\/posts\/3858\/revisions\/3863"}],"wp:featuredmedia":[{"embeddable":true,"href":"https:\/\/lepoint-actu.tg\/index.php\/wp-json\/wp\/v2\/media\/3861"}],"wp:attachment":[{"href":"https:\/\/lepoint-actu.tg\/index.php\/wp-json\/wp\/v2\/media?parent=3858"}],"wp:term":[{"taxonomy":"category","embeddable":true,"href":"https:\/\/lepoint-actu.tg\/index.php\/wp-json\/wp\/v2\/categories?post=3858"},{"taxonomy":"post_tag","embeddable":true,"href":"https:\/\/lepoint-actu.tg\/index.php\/wp-json\/wp\/v2\/tags?post=3858"}],"curies":[{"name":"wp","href":"https:\/\/api.w.org\/{rel}","templated":true}]}}