{"id":3864,"date":"2024-09-18T13:44:00","date_gmt":"2024-09-18T13:44:00","guid":{"rendered":"https:\/\/lepoint-actu.tg\/?p=3864"},"modified":"2024-10-04T14:08:22","modified_gmt":"2024-10-04T14:08:22","slug":"deces-de-georges-kwawu-aidam-hommage-a-un-grand-homme-chaleureux-et-engage-qui-sen-est-alle-les-armes-en-main","status":"publish","type":"post","link":"https:\/\/lepoint-actu.tg\/index.php\/2024\/09\/18\/deces-de-georges-kwawu-aidam-hommage-a-un-grand-homme-chaleureux-et-engage-qui-sen-est-alle-les-armes-en-main\/","title":{"rendered":"D\u00e9c\u00e8s de Georges Kwawu A\u00efdam: Hommage \u00e0 un grand homme chaleureux et engag\u00e9 qui s\u2019en est all\u00e9 les armes en main"},"content":{"rendered":"\n<p><\/p>\n\n\n\n<p>Requiescat in pace Georges Kwawu A\u00efdam. C\u2019est ce que l\u2019on peut souhaiter \u00e0 cet homme, digne fils du Togo, qui a marqu\u00e9 plus d\u2019un et surtout les jeunes en qu\u00eate de stabilit\u00e9 professionnelle dont \u00ab&nbsp;moi&nbsp;\u00bb. Comme la plupart de ceux qui le connaissent ou non, j\u2019ai appris la mort de Georges Kwawu A\u00efdam en fin de matin\u00e9e du lundi 09 septembre 2024&nbsp;; une nouvelle qui m\u2019a totalement d\u00e9vast\u00e9.<br>Etudiant en fin de cycle en 2011 \u00e0 la Facult\u00e9 de droit \u00e0 Lom\u00e9, j\u2019ai eu le droit de conna\u00eetre le grand homme de c\u0153ur qu&rsquo;il \u00e9tait&nbsp;; disponible, engag\u00e9, le sexag\u00e9naire savait d\u00e9j\u00e0 mettre \u00e9norm\u00e9ment son temps \u00e0 la disposition de la jeunesse pour d\u2019utiles conseils. Qu\u2019il s\u2019agisse de rencontres \u00e0 Lom\u00e9 ou \u00e0 Atakpam\u00e9, l\u2019homme jusqu\u2019\u00e0 la fin de ses jours sur cette terre aimait \u00e9changer avec la jeunesse et au-del\u00e0. Le lundi 09 septembre 2024, le papa, un des rares cadres de la pr\u00e9fecture de l\u2019Ogou, plut\u00f4t du Grand Ogou (Pr\u00e9fecture de l\u2019Est-mono, de l\u2019Ani\u00e9 et de l\u2019Ogou), qui aimait de temps en temps r\u00e9unir les cadres et la jeunesse m\u00eame dans sa maison a rendu l\u2019\u00e2me nous laissant orphelins.<br>A Atakpam\u00e9 le dimanche 08 septembre 2024, il \u00e9tait encore avec nous et devant nous le matin t\u00f4t lors des cultes d\u2019action de gr\u00e2ce \u00e0 la suite desquels il a su, devant moi, devant une foule des cadres du milieu et m\u00eame un peu tard dans la soir\u00e9e, dans une ambiance festive, convier chacun de nous \u00e0 l\u2019amour, \u00e0 l\u2019esprit d\u2019entraide. Probablement, il ne savait pas que c\u2019\u00e9tait sa derni\u00e8re fois de nous donner ces conseils ; la mort, qui a toujours tort, a eu raison de M. A\u00efdam<br>Georges Kwawu A\u00efdam est un homme politique avec une carri\u00e8re fournie. <\/p>\n\n\n\n<p>En effet, ancien membre influent du Comit\u00e9 d\u2019action pour le Renouveau (CAR, parti d\u2019opposition) depuis les ann\u00e9es 1990 ou 1991, le natif de l\u2019Ogou est membre fondateur en avril 2012 \u00e0 Atakpam\u00e9 du parti Union pour la R\u00e9publique (UNIR, parti au pouvoir, pr\u00e9sid\u00e9 par Faure Gnassingb\u00e9) dont il \u00e9tait le 1er vice-pr\u00e9sident aux premi\u00e8res heures et ce pendant environ sept (07) ans. L\u2019histoire retient que c\u2019est sous Georges A\u00efdam que le parti UNIR a gagn\u00e9 les \u00e9lections l\u00e9gislatives de 2013\u00a0; c\u2019est \u00e9galement sous lui en tant que 1er vice-pr\u00e9sident dudit parti que Faure Gnassingb\u00e9, actuel Chef de l\u2019Etat, a \u00e9t\u00e9 investi candidat pour l\u2019\u00e9lection pr\u00e9sidentielle de 2015 et remport\u00e9e d\u2019ailleurs avec \u00e9clat. Ministre d\u00e9l\u00e9gu\u00e9 aupr\u00e8s du ministre des Enseignements primaire et secondaire charg\u00e9 de l\u2019Enseignement technique et de la formation professionnelle en 2015 apr\u00e8s l\u2019\u00e9lection pr\u00e9sidentielle de ladite ann\u00e9e, Georges A\u00efdam est militant de UNIR jusqu\u2019\u00e0, la fin de ses jours et a \u00e9t\u00e9 \u00e9lu m\u00eame conseiller r\u00e9gional sous la banni\u00e8re de son parti lors des \u00e9lections r\u00e9gionales d\u2019avril dernier.<br>Titulaire d\u2019un C2 de Ma\u00eetrise en Histoire Contemporaine, Georges A\u00efdam a fait toute sa carri\u00e8re professionnelle comme professeur d\u2019Histoire, avant de rentrer en politique en 1991, \u00e0 la faveur de l\u2019ouverture du processus d\u00e9mocratique au Togo, au d\u00e9but des ann\u00e9es 90. Secr\u00e9taire d<code>Etat charg\u00e9 des consultations \u00e9lectorales dans le gouvernement d<\/code>union nationale de transition en 1992, les actions de M. A\u00efdam ont conduit aux consultations r\u00e9f\u00e9rendaires avec l\u2019adoption de la constitution de 1992.<br>Je garde de l\u2019illustre disparu l\u2019image d\u2019un homme simple, aimable, disponible et qui aime \u00e9couter pour donner ses conseils et ou points de vue. Beaucoup d&rsquo;entre vous savent ou sauront lors d&rsquo;une recherche sur Internet dans l\u2019histoire du Togo, le grand homme qu&rsquo;il \u00e9tait au service de la paix et du d\u00e9veloppement. Je l&rsquo;ai connu, je l&rsquo;ai vu faire et je l&rsquo;ai admir\u00e9 pour cela.<br>J\u2019admire et j&rsquo;admirai l&rsquo;homme qu&rsquo;il \u00e9tait, au-del\u00e0 des titres, de ses r\u00e9ussites, de sa renomm\u00e9e. Il savait \u00eatre l\u00e0, simplement.<br>C\u00e9l\u00e9brons ce grand homme, \u00e0 d\u00e9faut de le faire suffisamment de son vivant car, comme l\u2019\u00e9crit le po\u00e8te fran\u00e7ais, Jean Cocteau, \u00ab\u00a0le vrai tombeau des morts, c&rsquo;est le coeur des vivants\u00a0\u00bb.<br>Paix \u00e0 ton \u00e2me\u00a0papa, digne fils de l\u2019Ogou et du beau pays le Togo !<br><strong><em>Paru dans L&rsquo;audience n\u00b0109 du 17\/09\/2024<\/em><\/strong><\/p>\n\n\n\n<p><\/p>\n","protected":false},"excerpt":{"rendered":"<p>Requiescat in pace Georges Kwawu A\u00efdam. C\u2019est ce que l\u2019on peut souhaiter \u00e0 cet homme, digne fils du Togo, qui<\/p>\n","protected":false},"author":2,"featured_media":3865,"comment_status":"open","ping_status":"closed","sticky":false,"template":"","format":"standard","meta":{"footnotes":""},"categories":[1],"tags":[],"class_list":["post-3864","post","type-post","status-publish","format-standard","has-post-thumbnail","hentry","category-societe"],"yoast_head":"<!-- This site is optimized with the Yoast SEO plugin v23.9 - https:\/\/yoast.com\/wordpress\/plugins\/seo\/ -->\n<title>D\u00e9c\u00e8s de Georges Kwawu A\u00efdam: Hommage \u00e0 un grand homme chaleureux et engag\u00e9 qui s\u2019en est all\u00e9 les armes en main -<\/title>\n<meta name=\"robots\" content=\"index, follow, max-snippet:-1, max-image-preview:large, max-video-preview:-1\" \/>\n<link rel=\"canonical\" href=\"https:\/\/lepoint-actu.tg\/index.php\/2024\/09\/18\/deces-de-georges-kwawu-aidam-hommage-a-un-grand-homme-chaleureux-et-engage-qui-sen-est-alle-les-armes-en-main\/\" \/>\n<meta property=\"og:locale\" content=\"fr_FR\" \/>\n<meta property=\"og:type\" content=\"article\" \/>\n<meta property=\"og:title\" content=\"D\u00e9c\u00e8s de Georges Kwawu A\u00efdam: Hommage \u00e0 un grand homme chaleureux et engag\u00e9 qui s\u2019en est all\u00e9 les armes en main -\" \/>\n<meta property=\"og:description\" content=\"Requiescat in pace Georges Kwawu A\u00efdam. C\u2019est ce que l\u2019on peut souhaiter \u00e0 cet homme, digne fils du Togo, qui\" \/>\n<meta property=\"og:url\" content=\"https:\/\/lepoint-actu.tg\/index.php\/2024\/09\/18\/deces-de-georges-kwawu-aidam-hommage-a-un-grand-homme-chaleureux-et-engage-qui-sen-est-alle-les-armes-en-main\/\" \/>\n<meta property=\"article:published_time\" content=\"2024-09-18T13:44:00+00:00\" \/>\n<meta property=\"article:modified_time\" content=\"2024-10-04T14:08:22+00:00\" \/>\n<meta property=\"og:image\" content=\"https:\/\/lepoint-actu.tg\/wp-content\/uploads\/2024\/10\/maintenir-le-cap-des-reformes_i480.jpg\" \/>\n\t<meta property=\"og:image:width\" content=\"479\" \/>\n\t<meta property=\"og:image:height\" content=\"319\" \/>\n\t<meta property=\"og:image:type\" content=\"image\/jpeg\" \/>\n<meta name=\"author\" content=\"La Redaction\" \/>\n<meta name=\"twitter:card\" content=\"summary_large_image\" \/>\n<meta name=\"twitter:label1\" content=\"\u00c9crit par\" \/>\n\t<meta name=\"twitter:data1\" content=\"La Redaction\" \/>\n\t<meta name=\"twitter:label2\" content=\"Dur\u00e9e de lecture estim\u00e9e\" \/>\n\t<meta name=\"twitter:data2\" content=\"4 minutes\" \/>\n<script type=\"application\/ld+json\" class=\"yoast-schema-graph\">{\"@context\":\"https:\/\/schema.org\",\"@graph\":[{\"@type\":\"WebPage\",\"@id\":\"https:\/\/lepoint-actu.tg\/index.php\/2024\/09\/18\/deces-de-georges-kwawu-aidam-hommage-a-un-grand-homme-chaleureux-et-engage-qui-sen-est-alle-les-armes-en-main\/\",\"url\":\"https:\/\/lepoint-actu.tg\/index.php\/2024\/09\/18\/deces-de-georges-kwawu-aidam-hommage-a-un-grand-homme-chaleureux-et-engage-qui-sen-est-alle-les-armes-en-main\/\",\"name\":\"D\u00e9c\u00e8s de Georges Kwawu A\u00efdam: Hommage \u00e0 un grand homme chaleureux et engag\u00e9 qui s\u2019en est all\u00e9 les armes en main -\",\"isPartOf\":{\"@id\":\"https:\/\/lepoint-actu.tg\/#website\"},\"primaryImageOfPage\":{\"@id\":\"https:\/\/lepoint-actu.tg\/index.php\/2024\/09\/18\/deces-de-georges-kwawu-aidam-hommage-a-un-grand-homme-chaleureux-et-engage-qui-sen-est-alle-les-armes-en-main\/#primaryimage\"},\"image\":{\"@id\":\"https:\/\/lepoint-actu.tg\/index.php\/2024\/09\/18\/deces-de-georges-kwawu-aidam-hommage-a-un-grand-homme-chaleureux-et-engage-qui-sen-est-alle-les-armes-en-main\/#primaryimage\"},\"thumbnailUrl\":\"https:\/\/lepoint-actu.tg\/wp-content\/uploads\/2024\/10\/maintenir-le-cap-des-reformes_i480.jpg\",\"datePublished\":\"2024-09-18T13:44:00+00:00\",\"dateModified\":\"2024-10-04T14:08:22+00:00\",\"author\":{\"@id\":\"https:\/\/lepoint-actu.tg\/#\/schema\/person\/e4026d66cbdc205cab83e169ab7eaca1\"},\"breadcrumb\":{\"@id\":\"https:\/\/lepoint-actu.tg\/index.php\/2024\/09\/18\/deces-de-georges-kwawu-aidam-hommage-a-un-grand-homme-chaleureux-et-engage-qui-sen-est-alle-les-armes-en-main\/#breadcrumb\"},\"inLanguage\":\"fr-FR\",\"potentialAction\":[{\"@type\":\"ReadAction\",\"target\":[\"https:\/\/lepoint-actu.tg\/index.php\/2024\/09\/18\/deces-de-georges-kwawu-aidam-hommage-a-un-grand-homme-chaleureux-et-engage-qui-sen-est-alle-les-armes-en-main\/\"]}]},{\"@type\":\"ImageObject\",\"inLanguage\":\"fr-FR\",\"@id\":\"https:\/\/lepoint-actu.tg\/index.php\/2024\/09\/18\/deces-de-georges-kwawu-aidam-hommage-a-un-grand-homme-chaleureux-et-engage-qui-sen-est-alle-les-armes-en-main\/#primaryimage\",\"url\":\"https:\/\/lepoint-actu.tg\/wp-content\/uploads\/2024\/10\/maintenir-le-cap-des-reformes_i480.jpg\",\"contentUrl\":\"https:\/\/lepoint-actu.tg\/wp-content\/uploads\/2024\/10\/maintenir-le-cap-des-reformes_i480.jpg\",\"width\":479,\"height\":319},{\"@type\":\"BreadcrumbList\",\"@id\":\"https:\/\/lepoint-actu.tg\/index.php\/2024\/09\/18\/deces-de-georges-kwawu-aidam-hommage-a-un-grand-homme-chaleureux-et-engage-qui-sen-est-alle-les-armes-en-main\/#breadcrumb\",\"itemListElement\":[{\"@type\":\"ListItem\",\"position\":1,\"name\":\"Accueil\",\"item\":\"https:\/\/lepoint-actu.tg\/\"},{\"@type\":\"ListItem\",\"position\":2,\"name\":\"D\u00e9c\u00e8s de Georges Kwawu A\u00efdam: Hommage \u00e0 un grand homme chaleureux et engag\u00e9 qui s\u2019en est all\u00e9 les armes en main\"}]},{\"@type\":\"WebSite\",\"@id\":\"https:\/\/lepoint-actu.tg\/#website\",\"url\":\"https:\/\/lepoint-actu.tg\/\",\"name\":\"\",\"description\":\"R\u00e9c\u00e9piss\u00e9 N\u00b00022\/HAAC\/12-2020\/pL\/P, lepointactu07@gmail.com\",\"potentialAction\":[{\"@type\":\"SearchAction\",\"target\":{\"@type\":\"EntryPoint\",\"urlTemplate\":\"https:\/\/lepoint-actu.tg\/?s={search_term_string}\"},\"query-input\":{\"@type\":\"PropertyValueSpecification\",\"valueRequired\":true,\"valueName\":\"search_term_string\"}}],\"inLanguage\":\"fr-FR\"},{\"@type\":\"Person\",\"@id\":\"https:\/\/lepoint-actu.tg\/#\/schema\/person\/e4026d66cbdc205cab83e169ab7eaca1\",\"name\":\"La Redaction\",\"image\":{\"@type\":\"ImageObject\",\"inLanguage\":\"fr-FR\",\"@id\":\"https:\/\/lepoint-actu.tg\/#\/schema\/person\/image\/\",\"url\":\"https:\/\/secure.gravatar.com\/avatar\/1682a0ff7e2c36efa51c5d262eea092000ec1ce420118e6261440956730308c2?s=96&d=mm&r=g\",\"contentUrl\":\"https:\/\/secure.gravatar.com\/avatar\/1682a0ff7e2c36efa51c5d262eea092000ec1ce420118e6261440956730308c2?s=96&d=mm&r=g\",\"caption\":\"La Redaction\"},\"url\":\"https:\/\/lepoint-actu.tg\/index.php\/author\/raymondsama\/\"}]}<\/script>\n<!-- \/ Yoast SEO plugin. -->","yoast_head_json":{"title":"D\u00e9c\u00e8s de Georges Kwawu A\u00efdam: Hommage \u00e0 un grand homme chaleureux et engag\u00e9 qui s\u2019en est all\u00e9 les armes en main -","robots":{"index":"index","follow":"follow","max-snippet":"max-snippet:-1","max-image-preview":"max-image-preview:large","max-video-preview":"max-video-preview:-1"},"canonical":"https:\/\/lepoint-actu.tg\/index.php\/2024\/09\/18\/deces-de-georges-kwawu-aidam-hommage-a-un-grand-homme-chaleureux-et-engage-qui-sen-est-alle-les-armes-en-main\/","og_locale":"fr_FR","og_type":"article","og_title":"D\u00e9c\u00e8s de Georges Kwawu A\u00efdam: Hommage \u00e0 un grand homme chaleureux et engag\u00e9 qui s\u2019en est all\u00e9 les armes en main -","og_description":"Requiescat in pace Georges Kwawu A\u00efdam. C\u2019est ce que l\u2019on peut souhaiter \u00e0 cet homme, digne fils du Togo, qui","og_url":"https:\/\/lepoint-actu.tg\/index.php\/2024\/09\/18\/deces-de-georges-kwawu-aidam-hommage-a-un-grand-homme-chaleureux-et-engage-qui-sen-est-alle-les-armes-en-main\/","article_published_time":"2024-09-18T13:44:00+00:00","article_modified_time":"2024-10-04T14:08:22+00:00","og_image":[{"width":479,"height":319,"url":"https:\/\/lepoint-actu.tg\/wp-content\/uploads\/2024\/10\/maintenir-le-cap-des-reformes_i480.jpg","type":"image\/jpeg"}],"author":"La Redaction","twitter_card":"summary_large_image","twitter_misc":{"\u00c9crit par":"La Redaction","Dur\u00e9e de lecture estim\u00e9e":"4 minutes"},"schema":{"@context":"https:\/\/schema.org","@graph":[{"@type":"WebPage","@id":"https:\/\/lepoint-actu.tg\/index.php\/2024\/09\/18\/deces-de-georges-kwawu-aidam-hommage-a-un-grand-homme-chaleureux-et-engage-qui-sen-est-alle-les-armes-en-main\/","url":"https:\/\/lepoint-actu.tg\/index.php\/2024\/09\/18\/deces-de-georges-kwawu-aidam-hommage-a-un-grand-homme-chaleureux-et-engage-qui-sen-est-alle-les-armes-en-main\/","name":"D\u00e9c\u00e8s de Georges Kwawu A\u00efdam: Hommage \u00e0 un grand homme chaleureux et engag\u00e9 qui s\u2019en est all\u00e9 les armes en main -","isPartOf":{"@id":"https:\/\/lepoint-actu.tg\/#website"},"primaryImageOfPage":{"@id":"https:\/\/lepoint-actu.tg\/index.php\/2024\/09\/18\/deces-de-georges-kwawu-aidam-hommage-a-un-grand-homme-chaleureux-et-engage-qui-sen-est-alle-les-armes-en-main\/#primaryimage"},"image":{"@id":"https:\/\/lepoint-actu.tg\/index.php\/2024\/09\/18\/deces-de-georges-kwawu-aidam-hommage-a-un-grand-homme-chaleureux-et-engage-qui-sen-est-alle-les-armes-en-main\/#primaryimage"},"thumbnailUrl":"https:\/\/lepoint-actu.tg\/wp-content\/uploads\/2024\/10\/maintenir-le-cap-des-reformes_i480.jpg","datePublished":"2024-09-18T13:44:00+00:00","dateModified":"2024-10-04T14:08:22+00:00","author":{"@id":"https:\/\/lepoint-actu.tg\/#\/schema\/person\/e4026d66cbdc205cab83e169ab7eaca1"},"breadcrumb":{"@id":"https:\/\/lepoint-actu.tg\/index.php\/2024\/09\/18\/deces-de-georges-kwawu-aidam-hommage-a-un-grand-homme-chaleureux-et-engage-qui-sen-est-alle-les-armes-en-main\/#breadcrumb"},"inLanguage":"fr-FR","potentialAction":[{"@type":"ReadAction","target":["https:\/\/lepoint-actu.tg\/index.php\/2024\/09\/18\/deces-de-georges-kwawu-aidam-hommage-a-un-grand-homme-chaleureux-et-engage-qui-sen-est-alle-les-armes-en-main\/"]}]},{"@type":"ImageObject","inLanguage":"fr-FR","@id":"https:\/\/lepoint-actu.tg\/index.php\/2024\/09\/18\/deces-de-georges-kwawu-aidam-hommage-a-un-grand-homme-chaleureux-et-engage-qui-sen-est-alle-les-armes-en-main\/#primaryimage","url":"https:\/\/lepoint-actu.tg\/wp-content\/uploads\/2024\/10\/maintenir-le-cap-des-reformes_i480.jpg","contentUrl":"https:\/\/lepoint-actu.tg\/wp-content\/uploads\/2024\/10\/maintenir-le-cap-des-reformes_i480.jpg","width":479,"height":319},{"@type":"BreadcrumbList","@id":"https:\/\/lepoint-actu.tg\/index.php\/2024\/09\/18\/deces-de-georges-kwawu-aidam-hommage-a-un-grand-homme-chaleureux-et-engage-qui-sen-est-alle-les-armes-en-main\/#breadcrumb","itemListElement":[{"@type":"ListItem","position":1,"name":"Accueil","item":"https:\/\/lepoint-actu.tg\/"},{"@type":"ListItem","position":2,"name":"D\u00e9c\u00e8s de Georges Kwawu A\u00efdam: Hommage \u00e0 un grand homme chaleureux et engag\u00e9 qui s\u2019en est all\u00e9 les armes en main"}]},{"@type":"WebSite","@id":"https:\/\/lepoint-actu.tg\/#website","url":"https:\/\/lepoint-actu.tg\/","name":"","description":"R\u00e9c\u00e9piss\u00e9 N\u00b00022\/HAAC\/12-2020\/pL\/P, lepointactu07@gmail.com","potentialAction":[{"@type":"SearchAction","target":{"@type":"EntryPoint","urlTemplate":"https:\/\/lepoint-actu.tg\/?s={search_term_string}"},"query-input":{"@type":"PropertyValueSpecification","valueRequired":true,"valueName":"search_term_string"}}],"inLanguage":"fr-FR"},{"@type":"Person","@id":"https:\/\/lepoint-actu.tg\/#\/schema\/person\/e4026d66cbdc205cab83e169ab7eaca1","name":"La Redaction","image":{"@type":"ImageObject","inLanguage":"fr-FR","@id":"https:\/\/lepoint-actu.tg\/#\/schema\/person\/image\/","url":"https:\/\/secure.gravatar.com\/avatar\/1682a0ff7e2c36efa51c5d262eea092000ec1ce420118e6261440956730308c2?s=96&d=mm&r=g","contentUrl":"https:\/\/secure.gravatar.com\/avatar\/1682a0ff7e2c36efa51c5d262eea092000ec1ce420118e6261440956730308c2?s=96&d=mm&r=g","caption":"La Redaction"},"url":"https:\/\/lepoint-actu.tg\/index.php\/author\/raymondsama\/"}]}},"_links":{"self":[{"href":"https:\/\/lepoint-actu.tg\/index.php\/wp-json\/wp\/v2\/posts\/3864","targetHints":{"allow":["GET"]}}],"collection":[{"href":"https:\/\/lepoint-actu.tg\/index.php\/wp-json\/wp\/v2\/posts"}],"about":[{"href":"https:\/\/lepoint-actu.tg\/index.php\/wp-json\/wp\/v2\/types\/post"}],"author":[{"embeddable":true,"href":"https:\/\/lepoint-actu.tg\/index.php\/wp-json\/wp\/v2\/users\/2"}],"replies":[{"embeddable":true,"href":"https:\/\/lepoint-actu.tg\/index.php\/wp-json\/wp\/v2\/comments?post=3864"}],"version-history":[{"count":2,"href":"https:\/\/lepoint-actu.tg\/index.php\/wp-json\/wp\/v2\/posts\/3864\/revisions"}],"predecessor-version":[{"id":3870,"href":"https:\/\/lepoint-actu.tg\/index.php\/wp-json\/wp\/v2\/posts\/3864\/revisions\/3870"}],"wp:featuredmedia":[{"embeddable":true,"href":"https:\/\/lepoint-actu.tg\/index.php\/wp-json\/wp\/v2\/media\/3865"}],"wp:attachment":[{"href":"https:\/\/lepoint-actu.tg\/index.php\/wp-json\/wp\/v2\/media?parent=3864"}],"wp:term":[{"taxonomy":"category","embeddable":true,"href":"https:\/\/lepoint-actu.tg\/index.php\/wp-json\/wp\/v2\/categories?post=3864"},{"taxonomy":"post_tag","embeddable":true,"href":"https:\/\/lepoint-actu.tg\/index.php\/wp-json\/wp\/v2\/tags?post=3864"}],"curies":[{"name":"wp","href":"https:\/\/api.w.org\/{rel}","templated":true}]}}