{"id":3952,"date":"2024-11-06T16:02:59","date_gmt":"2024-11-06T16:02:59","guid":{"rendered":"https:\/\/lepoint-actu.tg\/?p=3952"},"modified":"2024-11-12T16:07:03","modified_gmt":"2024-11-12T16:07:03","slug":"derniere-ligne-droite-pour-la-19eme-edition-de-la-fil","status":"publish","type":"post","link":"https:\/\/lepoint-actu.tg\/index.php\/2024\/11\/06\/derniere-ligne-droite-pour-la-19eme-edition-de-la-fil\/","title":{"rendered":"Derni\u00e8re ligne droite pour la 19\u00e8me \u00e9dition de la FIL"},"content":{"rendered":"\n<p><br>Le Directeur G\u00e9n\u00e9ral du Centre Togolais des Expositions et Foires (CETEF Togo 2000), Alexandre de SOUZA et toute son \u00e9quipe s\u2019arment et sont dans la derni\u00e8re ligne droite pour accueillir la 19\u00e8me \u00e9dition de la Foire Internationale de Lom\u00e9 (FIL). Travaux d\u2019am\u00e9nagement et de construction, innovations majeures, opportunit\u00e9 d\u2019affaires sont en cours pour garantir la r\u00e9ussite de ce rendez-vous \u00e9conomique<br>Selon les premiers responsables de CETEF Togo 2000, l\u2019\u00e9dition 19 de la FIL a lieu du 22 novembre au 08 d\u00e9cembre 2024. Pour respecter les d\u00e9lais et rendre le site pr\u00eat \u00e0 accueillir exposants et visiteurs, le CETEF Togo 2000 a mobilis\u00e9 une \u00e9quipe de techniciens sp\u00e9cialis\u00e9s dans divers domaines. Les travaux en cours comprennent l\u2019am\u00e9nagement du parking, qui pourra accueillir jusqu\u2019\u00e0 800 v\u00e9hicules, et l\u2019am\u00e9nagement de plusieurs espaces d\u00e9di\u00e9s aux exposants. \u00ab\u00a0Un total de 11 parkings sera \u00e0 la disposition des usagers de la foire incluant des emplacements pour les v\u00e9hicules et les motos\u00a0\u00bb, renseigne-t-on. Le site du CETEF a \u00e9galement b\u00e9n\u00e9fici\u00e9 de travaux de d\u00e9sherbage et de nettoyage. Les caniveaux ont \u00e9t\u00e9 nettoy\u00e9s, les toitures des stands ont \u00e9t\u00e9 refaites, et des am\u00e9liorations sont apport\u00e9es aux infrastructures existantes, notamment en mati\u00e8re de plomberie, de climatisation et de menuiserie. L\u2019ensemble de ces interventions vise \u00e0 offrir un cadre fonctionnel et attrayant pour cette grande f\u00eate foraine. Cette 19e \u00e9dition de la Foire de Lom\u00e9 s\u2019annonce sous le signe de l\u2019innovation. Parmi les nouveaut\u00e9s, le CETEF Togo 2000 met en place un num\u00e9ro vert pour faciliter la coordination des activit\u00e9s et renforcer la gestion de la s\u00e9curit\u00e9 durant l\u2019\u00e9v\u00e9nement. De plus, un bureau d\u2019information sera cr\u00e9\u00e9 pour informer le public sur la participation du Togo \u00e0 l\u2019Exposition Universelle d\u2019Osaka, au Japon.<br><strong>Une ambition environnementale digne<\/strong><br>Selon les informations, la foire mettra \u00e9galement en place des initiatives environnementales avec le lancement du programme \u201cZ\u00e9ro D\u00e9chets Plastiques\u201d qui s\u2019\u00e9tendra jusqu\u2019en 2026, afin de promouvoir un environnement plus propre et durable. L\u2019on informe aussi qu\u2019un autre temps fort de cette \u00e9dition sera la cr\u00e9ation d\u2019un \u201cVillage de l\u2019Investissement\u201d destin\u00e9 \u00e0 regrouper les entreprises industrielles et promouvoir les projets d\u2019investissement. Des espaces d\u00e9di\u00e9s aux jeunes entrepreneurs seront am\u00e9nag\u00e9s pour leur permettre de pr\u00e9senter leurs projets et d\u2019\u00e9changer avec les acteurs du secteur. Acteurs \u00e9conomiques, professionnels, ainsi que grand public sont invit\u00e9s \u00e0 vivre un \u00e9v\u00e9nement exceptionnel plac\u00e9 sous le signe du dynamisme et de l\u2019innovation.<\/p>\n\n\n\n<p><strong><em>Ali Legrand <\/em><\/strong><\/p>\n","protected":false},"excerpt":{"rendered":"<p>Le Directeur G\u00e9n\u00e9ral du Centre Togolais des Expositions et Foires (CETEF Togo 2000), Alexandre de SOUZA et toute son \u00e9quipe<\/p>\n","protected":false},"author":2,"featured_media":3953,"comment_status":"open","ping_status":"closed","sticky":false,"template":"","format":"standard","meta":{"footnotes":""},"categories":[4],"tags":[],"class_list":["post-3952","post","type-post","status-publish","format-standard","has-post-thumbnail","hentry","category-economie"],"yoast_head":"<!-- This site is optimized with the Yoast SEO plugin v23.9 - https:\/\/yoast.com\/wordpress\/plugins\/seo\/ -->\n<title>Derni\u00e8re ligne droite pour la 19\u00e8me \u00e9dition de la FIL -<\/title>\n<meta name=\"robots\" content=\"index, follow, max-snippet:-1, max-image-preview:large, max-video-preview:-1\" \/>\n<link rel=\"canonical\" href=\"https:\/\/lepoint-actu.tg\/index.php\/2024\/11\/06\/derniere-ligne-droite-pour-la-19eme-edition-de-la-fil\/\" \/>\n<meta property=\"og:locale\" content=\"fr_FR\" \/>\n<meta property=\"og:type\" content=\"article\" \/>\n<meta property=\"og:title\" content=\"Derni\u00e8re ligne droite pour la 19\u00e8me \u00e9dition de la FIL -\" \/>\n<meta property=\"og:description\" content=\"Le Directeur G\u00e9n\u00e9ral du Centre Togolais des Expositions et Foires (CETEF Togo 2000), Alexandre de SOUZA et toute son \u00e9quipe\" \/>\n<meta property=\"og:url\" content=\"https:\/\/lepoint-actu.tg\/index.php\/2024\/11\/06\/derniere-ligne-droite-pour-la-19eme-edition-de-la-fil\/\" \/>\n<meta property=\"article:published_time\" content=\"2024-11-06T16:02:59+00:00\" \/>\n<meta property=\"article:modified_time\" content=\"2024-11-12T16:07:03+00:00\" \/>\n<meta property=\"og:image\" content=\"https:\/\/lepoint-actu.tg\/wp-content\/uploads\/2024\/11\/283ab74bd1e45d4d7e3b286b6200976b_L.jpg\" \/>\n\t<meta property=\"og:image:width\" content=\"500\" \/>\n\t<meta property=\"og:image:height\" content=\"326\" \/>\n\t<meta property=\"og:image:type\" content=\"image\/jpeg\" \/>\n<meta name=\"author\" content=\"La Redaction\" \/>\n<meta name=\"twitter:card\" content=\"summary_large_image\" \/>\n<meta name=\"twitter:label1\" content=\"\u00c9crit par\" \/>\n\t<meta name=\"twitter:data1\" content=\"La Redaction\" \/>\n\t<meta name=\"twitter:label2\" content=\"Dur\u00e9e de lecture estim\u00e9e\" \/>\n\t<meta name=\"twitter:data2\" content=\"3 minutes\" \/>\n<script type=\"application\/ld+json\" class=\"yoast-schema-graph\">{\"@context\":\"https:\/\/schema.org\",\"@graph\":[{\"@type\":\"WebPage\",\"@id\":\"https:\/\/lepoint-actu.tg\/index.php\/2024\/11\/06\/derniere-ligne-droite-pour-la-19eme-edition-de-la-fil\/\",\"url\":\"https:\/\/lepoint-actu.tg\/index.php\/2024\/11\/06\/derniere-ligne-droite-pour-la-19eme-edition-de-la-fil\/\",\"name\":\"Derni\u00e8re ligne droite pour la 19\u00e8me \u00e9dition de la FIL -\",\"isPartOf\":{\"@id\":\"https:\/\/lepoint-actu.tg\/#website\"},\"primaryImageOfPage\":{\"@id\":\"https:\/\/lepoint-actu.tg\/index.php\/2024\/11\/06\/derniere-ligne-droite-pour-la-19eme-edition-de-la-fil\/#primaryimage\"},\"image\":{\"@id\":\"https:\/\/lepoint-actu.tg\/index.php\/2024\/11\/06\/derniere-ligne-droite-pour-la-19eme-edition-de-la-fil\/#primaryimage\"},\"thumbnailUrl\":\"https:\/\/lepoint-actu.tg\/wp-content\/uploads\/2024\/11\/283ab74bd1e45d4d7e3b286b6200976b_L.jpg\",\"datePublished\":\"2024-11-06T16:02:59+00:00\",\"dateModified\":\"2024-11-12T16:07:03+00:00\",\"author\":{\"@id\":\"https:\/\/lepoint-actu.tg\/#\/schema\/person\/e4026d66cbdc205cab83e169ab7eaca1\"},\"breadcrumb\":{\"@id\":\"https:\/\/lepoint-actu.tg\/index.php\/2024\/11\/06\/derniere-ligne-droite-pour-la-19eme-edition-de-la-fil\/#breadcrumb\"},\"inLanguage\":\"fr-FR\",\"potentialAction\":[{\"@type\":\"ReadAction\",\"target\":[\"https:\/\/lepoint-actu.tg\/index.php\/2024\/11\/06\/derniere-ligne-droite-pour-la-19eme-edition-de-la-fil\/\"]}]},{\"@type\":\"ImageObject\",\"inLanguage\":\"fr-FR\",\"@id\":\"https:\/\/lepoint-actu.tg\/index.php\/2024\/11\/06\/derniere-ligne-droite-pour-la-19eme-edition-de-la-fil\/#primaryimage\",\"url\":\"https:\/\/lepoint-actu.tg\/wp-content\/uploads\/2024\/11\/283ab74bd1e45d4d7e3b286b6200976b_L.jpg\",\"contentUrl\":\"https:\/\/lepoint-actu.tg\/wp-content\/uploads\/2024\/11\/283ab74bd1e45d4d7e3b286b6200976b_L.jpg\",\"width\":500,\"height\":326},{\"@type\":\"BreadcrumbList\",\"@id\":\"https:\/\/lepoint-actu.tg\/index.php\/2024\/11\/06\/derniere-ligne-droite-pour-la-19eme-edition-de-la-fil\/#breadcrumb\",\"itemListElement\":[{\"@type\":\"ListItem\",\"position\":1,\"name\":\"Accueil\",\"item\":\"https:\/\/lepoint-actu.tg\/\"},{\"@type\":\"ListItem\",\"position\":2,\"name\":\"Derni\u00e8re ligne droite pour la 19\u00e8me \u00e9dition de la FIL\"}]},{\"@type\":\"WebSite\",\"@id\":\"https:\/\/lepoint-actu.tg\/#website\",\"url\":\"https:\/\/lepoint-actu.tg\/\",\"name\":\"\",\"description\":\"R\u00e9c\u00e9piss\u00e9 N\u00b00022\/HAAC\/12-2020\/pL\/P, lepointactu07@gmail.com\",\"potentialAction\":[{\"@type\":\"SearchAction\",\"target\":{\"@type\":\"EntryPoint\",\"urlTemplate\":\"https:\/\/lepoint-actu.tg\/?s={search_term_string}\"},\"query-input\":{\"@type\":\"PropertyValueSpecification\",\"valueRequired\":true,\"valueName\":\"search_term_string\"}}],\"inLanguage\":\"fr-FR\"},{\"@type\":\"Person\",\"@id\":\"https:\/\/lepoint-actu.tg\/#\/schema\/person\/e4026d66cbdc205cab83e169ab7eaca1\",\"name\":\"La Redaction\",\"image\":{\"@type\":\"ImageObject\",\"inLanguage\":\"fr-FR\",\"@id\":\"https:\/\/lepoint-actu.tg\/#\/schema\/person\/image\/\",\"url\":\"https:\/\/secure.gravatar.com\/avatar\/1682a0ff7e2c36efa51c5d262eea092000ec1ce420118e6261440956730308c2?s=96&d=mm&r=g\",\"contentUrl\":\"https:\/\/secure.gravatar.com\/avatar\/1682a0ff7e2c36efa51c5d262eea092000ec1ce420118e6261440956730308c2?s=96&d=mm&r=g\",\"caption\":\"La Redaction\"},\"url\":\"https:\/\/lepoint-actu.tg\/index.php\/author\/raymondsama\/\"}]}<\/script>\n<!-- \/ Yoast SEO plugin. -->","yoast_head_json":{"title":"Derni\u00e8re ligne droite pour la 19\u00e8me \u00e9dition de la FIL -","robots":{"index":"index","follow":"follow","max-snippet":"max-snippet:-1","max-image-preview":"max-image-preview:large","max-video-preview":"max-video-preview:-1"},"canonical":"https:\/\/lepoint-actu.tg\/index.php\/2024\/11\/06\/derniere-ligne-droite-pour-la-19eme-edition-de-la-fil\/","og_locale":"fr_FR","og_type":"article","og_title":"Derni\u00e8re ligne droite pour la 19\u00e8me \u00e9dition de la FIL -","og_description":"Le Directeur G\u00e9n\u00e9ral du Centre Togolais des Expositions et Foires (CETEF Togo 2000), Alexandre de SOUZA et toute son \u00e9quipe","og_url":"https:\/\/lepoint-actu.tg\/index.php\/2024\/11\/06\/derniere-ligne-droite-pour-la-19eme-edition-de-la-fil\/","article_published_time":"2024-11-06T16:02:59+00:00","article_modified_time":"2024-11-12T16:07:03+00:00","og_image":[{"width":500,"height":326,"url":"https:\/\/lepoint-actu.tg\/wp-content\/uploads\/2024\/11\/283ab74bd1e45d4d7e3b286b6200976b_L.jpg","type":"image\/jpeg"}],"author":"La Redaction","twitter_card":"summary_large_image","twitter_misc":{"\u00c9crit par":"La Redaction","Dur\u00e9e de lecture estim\u00e9e":"3 minutes"},"schema":{"@context":"https:\/\/schema.org","@graph":[{"@type":"WebPage","@id":"https:\/\/lepoint-actu.tg\/index.php\/2024\/11\/06\/derniere-ligne-droite-pour-la-19eme-edition-de-la-fil\/","url":"https:\/\/lepoint-actu.tg\/index.php\/2024\/11\/06\/derniere-ligne-droite-pour-la-19eme-edition-de-la-fil\/","name":"Derni\u00e8re ligne droite pour la 19\u00e8me \u00e9dition de la FIL -","isPartOf":{"@id":"https:\/\/lepoint-actu.tg\/#website"},"primaryImageOfPage":{"@id":"https:\/\/lepoint-actu.tg\/index.php\/2024\/11\/06\/derniere-ligne-droite-pour-la-19eme-edition-de-la-fil\/#primaryimage"},"image":{"@id":"https:\/\/lepoint-actu.tg\/index.php\/2024\/11\/06\/derniere-ligne-droite-pour-la-19eme-edition-de-la-fil\/#primaryimage"},"thumbnailUrl":"https:\/\/lepoint-actu.tg\/wp-content\/uploads\/2024\/11\/283ab74bd1e45d4d7e3b286b6200976b_L.jpg","datePublished":"2024-11-06T16:02:59+00:00","dateModified":"2024-11-12T16:07:03+00:00","author":{"@id":"https:\/\/lepoint-actu.tg\/#\/schema\/person\/e4026d66cbdc205cab83e169ab7eaca1"},"breadcrumb":{"@id":"https:\/\/lepoint-actu.tg\/index.php\/2024\/11\/06\/derniere-ligne-droite-pour-la-19eme-edition-de-la-fil\/#breadcrumb"},"inLanguage":"fr-FR","potentialAction":[{"@type":"ReadAction","target":["https:\/\/lepoint-actu.tg\/index.php\/2024\/11\/06\/derniere-ligne-droite-pour-la-19eme-edition-de-la-fil\/"]}]},{"@type":"ImageObject","inLanguage":"fr-FR","@id":"https:\/\/lepoint-actu.tg\/index.php\/2024\/11\/06\/derniere-ligne-droite-pour-la-19eme-edition-de-la-fil\/#primaryimage","url":"https:\/\/lepoint-actu.tg\/wp-content\/uploads\/2024\/11\/283ab74bd1e45d4d7e3b286b6200976b_L.jpg","contentUrl":"https:\/\/lepoint-actu.tg\/wp-content\/uploads\/2024\/11\/283ab74bd1e45d4d7e3b286b6200976b_L.jpg","width":500,"height":326},{"@type":"BreadcrumbList","@id":"https:\/\/lepoint-actu.tg\/index.php\/2024\/11\/06\/derniere-ligne-droite-pour-la-19eme-edition-de-la-fil\/#breadcrumb","itemListElement":[{"@type":"ListItem","position":1,"name":"Accueil","item":"https:\/\/lepoint-actu.tg\/"},{"@type":"ListItem","position":2,"name":"Derni\u00e8re ligne droite pour la 19\u00e8me \u00e9dition de la FIL"}]},{"@type":"WebSite","@id":"https:\/\/lepoint-actu.tg\/#website","url":"https:\/\/lepoint-actu.tg\/","name":"","description":"R\u00e9c\u00e9piss\u00e9 N\u00b00022\/HAAC\/12-2020\/pL\/P, lepointactu07@gmail.com","potentialAction":[{"@type":"SearchAction","target":{"@type":"EntryPoint","urlTemplate":"https:\/\/lepoint-actu.tg\/?s={search_term_string}"},"query-input":{"@type":"PropertyValueSpecification","valueRequired":true,"valueName":"search_term_string"}}],"inLanguage":"fr-FR"},{"@type":"Person","@id":"https:\/\/lepoint-actu.tg\/#\/schema\/person\/e4026d66cbdc205cab83e169ab7eaca1","name":"La Redaction","image":{"@type":"ImageObject","inLanguage":"fr-FR","@id":"https:\/\/lepoint-actu.tg\/#\/schema\/person\/image\/","url":"https:\/\/secure.gravatar.com\/avatar\/1682a0ff7e2c36efa51c5d262eea092000ec1ce420118e6261440956730308c2?s=96&d=mm&r=g","contentUrl":"https:\/\/secure.gravatar.com\/avatar\/1682a0ff7e2c36efa51c5d262eea092000ec1ce420118e6261440956730308c2?s=96&d=mm&r=g","caption":"La Redaction"},"url":"https:\/\/lepoint-actu.tg\/index.php\/author\/raymondsama\/"}]}},"_links":{"self":[{"href":"https:\/\/lepoint-actu.tg\/index.php\/wp-json\/wp\/v2\/posts\/3952","targetHints":{"allow":["GET"]}}],"collection":[{"href":"https:\/\/lepoint-actu.tg\/index.php\/wp-json\/wp\/v2\/posts"}],"about":[{"href":"https:\/\/lepoint-actu.tg\/index.php\/wp-json\/wp\/v2\/types\/post"}],"author":[{"embeddable":true,"href":"https:\/\/lepoint-actu.tg\/index.php\/wp-json\/wp\/v2\/users\/2"}],"replies":[{"embeddable":true,"href":"https:\/\/lepoint-actu.tg\/index.php\/wp-json\/wp\/v2\/comments?post=3952"}],"version-history":[{"count":1,"href":"https:\/\/lepoint-actu.tg\/index.php\/wp-json\/wp\/v2\/posts\/3952\/revisions"}],"predecessor-version":[{"id":3954,"href":"https:\/\/lepoint-actu.tg\/index.php\/wp-json\/wp\/v2\/posts\/3952\/revisions\/3954"}],"wp:featuredmedia":[{"embeddable":true,"href":"https:\/\/lepoint-actu.tg\/index.php\/wp-json\/wp\/v2\/media\/3953"}],"wp:attachment":[{"href":"https:\/\/lepoint-actu.tg\/index.php\/wp-json\/wp\/v2\/media?parent=3952"}],"wp:term":[{"taxonomy":"category","embeddable":true,"href":"https:\/\/lepoint-actu.tg\/index.php\/wp-json\/wp\/v2\/categories?post=3952"},{"taxonomy":"post_tag","embeddable":true,"href":"https:\/\/lepoint-actu.tg\/index.php\/wp-json\/wp\/v2\/tags?post=3952"}],"curies":[{"name":"wp","href":"https:\/\/api.w.org\/{rel}","templated":true}]}}