{"id":3984,"date":"2024-11-21T13:04:49","date_gmt":"2024-11-21T13:04:49","guid":{"rendered":"https:\/\/lepoint-actu.tg\/?p=3984"},"modified":"2024-11-22T13:08:09","modified_gmt":"2024-11-22T13:08:09","slug":"30-novembre-2024-demarrage-du-5eme-recensement-agricole","status":"publish","type":"post","link":"https:\/\/lepoint-actu.tg\/index.php\/2024\/11\/21\/30-novembre-2024-demarrage-du-5eme-recensement-agricole\/","title":{"rendered":"30 novembre 2024: d\u00e9marrage du 5\u00e8me recensement agricole"},"content":{"rendered":"\n<p><br>Selon le minist\u00e8re en charge de l\u2019agriculture du Togo, la phase de collecte des donn\u00e9es pour le cinqui\u00e8me Recensement National de l\u2019Agriculture (RNA 5) d\u00e9butera le 30 novembre 2024. Le d\u00e9marrage sera pr\u00e9c\u00e9d\u00e9 d\u2019une formation des agents recenseurs, pr\u00e9vue du 27 au 29 novembre dans leurs pr\u00e9fectures respectives. \u00ab\u00a0Ces agents seront aff\u00fbt\u00e9s en techniques et outils n\u00e9cessaires \u00e0 la collecte des informations aupr\u00e8s des agriculteurs. Sur le terrain, ils auront pour mission de recueillir des donn\u00e9es d\u00e9sagr\u00e9g\u00e9es et pr\u00e9cises, indispensables \u00e0 une \u00e9valuation rigoureuse des politiques et projets agricoles en cours\u00a0\u00bb, apprend-t-on. Selon le minist\u00e8re, ces donn\u00e9es pourraient \u00e9galement \u00eatre utilis\u00e9es pour le rebasage du Produit Int\u00e9rieur Brut (PIB) du pays. Les pr\u00e9c\u00e9dentes donn\u00e9es issues du RNA 4, r\u00e9alis\u00e9 il y a 12 ans, mettent en \u00e9vidence le r\u00f4le central de l\u2019agriculture dans l\u2019\u00e9conomie togolaise. Le secteur emploie environ 60 % de la population active et contribue \u00e0 pr\u00e8s de 40 % du PIB. Ce cinqui\u00e8me recensement, qui s\u2019\u00e9tendra sur une p\u00e9riode de 24 mois, vise \u00e0 actualiser ces statistiques et \u00e0 fournir une base solide pour orienter les politiques publiques et les investissements dans le secteur agricole.<\/p>\n","protected":false},"excerpt":{"rendered":"<p>Selon le minist\u00e8re en charge de l\u2019agriculture du Togo, la phase de collecte des donn\u00e9es pour le cinqui\u00e8me Recensement National<\/p>\n","protected":false},"author":2,"featured_media":3985,"comment_status":"open","ping_status":"closed","sticky":false,"template":"","format":"standard","meta":{"footnotes":""},"categories":[4],"tags":[],"class_list":["post-3984","post","type-post","status-publish","format-standard","has-post-thumbnail","hentry","category-economie"],"yoast_head":"<!-- This site is optimized with the Yoast SEO plugin v23.9 - https:\/\/yoast.com\/wordpress\/plugins\/seo\/ -->\n<title>30 novembre 2024: d\u00e9marrage du 5\u00e8me recensement agricole -<\/title>\n<meta name=\"robots\" content=\"index, follow, max-snippet:-1, max-image-preview:large, max-video-preview:-1\" \/>\n<link rel=\"canonical\" href=\"https:\/\/lepoint-actu.tg\/index.php\/2024\/11\/21\/30-novembre-2024-demarrage-du-5eme-recensement-agricole\/\" \/>\n<meta property=\"og:locale\" content=\"fr_FR\" \/>\n<meta property=\"og:type\" content=\"article\" \/>\n<meta property=\"og:title\" content=\"30 novembre 2024: d\u00e9marrage du 5\u00e8me recensement agricole -\" \/>\n<meta property=\"og:description\" content=\"Selon le minist\u00e8re en charge de l\u2019agriculture du Togo, la phase de collecte des donn\u00e9es pour le cinqui\u00e8me Recensement National\" \/>\n<meta property=\"og:url\" content=\"https:\/\/lepoint-actu.tg\/index.php\/2024\/11\/21\/30-novembre-2024-demarrage-du-5eme-recensement-agricole\/\" \/>\n<meta property=\"article:published_time\" content=\"2024-11-21T13:04:49+00:00\" \/>\n<meta property=\"article:modified_time\" content=\"2024-11-22T13:08:09+00:00\" \/>\n<meta property=\"og:image\" content=\"https:\/\/lepoint-actu.tg\/wp-content\/uploads\/2024\/11\/logoRNA5tg.png\" \/>\n\t<meta property=\"og:image:width\" content=\"243\" \/>\n\t<meta property=\"og:image:height\" content=\"237\" \/>\n\t<meta property=\"og:image:type\" content=\"image\/png\" \/>\n<meta name=\"author\" content=\"La Redaction\" \/>\n<meta name=\"twitter:card\" content=\"summary_large_image\" \/>\n<meta name=\"twitter:label1\" content=\"\u00c9crit par\" \/>\n\t<meta name=\"twitter:data1\" content=\"La Redaction\" \/>\n\t<meta name=\"twitter:label2\" content=\"Dur\u00e9e de lecture estim\u00e9e\" \/>\n\t<meta name=\"twitter:data2\" content=\"2 minutes\" \/>\n<script type=\"application\/ld+json\" class=\"yoast-schema-graph\">{\"@context\":\"https:\/\/schema.org\",\"@graph\":[{\"@type\":\"WebPage\",\"@id\":\"https:\/\/lepoint-actu.tg\/index.php\/2024\/11\/21\/30-novembre-2024-demarrage-du-5eme-recensement-agricole\/\",\"url\":\"https:\/\/lepoint-actu.tg\/index.php\/2024\/11\/21\/30-novembre-2024-demarrage-du-5eme-recensement-agricole\/\",\"name\":\"30 novembre 2024: d\u00e9marrage du 5\u00e8me recensement agricole -\",\"isPartOf\":{\"@id\":\"https:\/\/lepoint-actu.tg\/#website\"},\"primaryImageOfPage\":{\"@id\":\"https:\/\/lepoint-actu.tg\/index.php\/2024\/11\/21\/30-novembre-2024-demarrage-du-5eme-recensement-agricole\/#primaryimage\"},\"image\":{\"@id\":\"https:\/\/lepoint-actu.tg\/index.php\/2024\/11\/21\/30-novembre-2024-demarrage-du-5eme-recensement-agricole\/#primaryimage\"},\"thumbnailUrl\":\"https:\/\/lepoint-actu.tg\/wp-content\/uploads\/2024\/11\/logoRNA5tg.png\",\"datePublished\":\"2024-11-21T13:04:49+00:00\",\"dateModified\":\"2024-11-22T13:08:09+00:00\",\"author\":{\"@id\":\"https:\/\/lepoint-actu.tg\/#\/schema\/person\/e4026d66cbdc205cab83e169ab7eaca1\"},\"breadcrumb\":{\"@id\":\"https:\/\/lepoint-actu.tg\/index.php\/2024\/11\/21\/30-novembre-2024-demarrage-du-5eme-recensement-agricole\/#breadcrumb\"},\"inLanguage\":\"fr-FR\",\"potentialAction\":[{\"@type\":\"ReadAction\",\"target\":[\"https:\/\/lepoint-actu.tg\/index.php\/2024\/11\/21\/30-novembre-2024-demarrage-du-5eme-recensement-agricole\/\"]}]},{\"@type\":\"ImageObject\",\"inLanguage\":\"fr-FR\",\"@id\":\"https:\/\/lepoint-actu.tg\/index.php\/2024\/11\/21\/30-novembre-2024-demarrage-du-5eme-recensement-agricole\/#primaryimage\",\"url\":\"https:\/\/lepoint-actu.tg\/wp-content\/uploads\/2024\/11\/logoRNA5tg.png\",\"contentUrl\":\"https:\/\/lepoint-actu.tg\/wp-content\/uploads\/2024\/11\/logoRNA5tg.png\",\"width\":243,\"height\":237},{\"@type\":\"BreadcrumbList\",\"@id\":\"https:\/\/lepoint-actu.tg\/index.php\/2024\/11\/21\/30-novembre-2024-demarrage-du-5eme-recensement-agricole\/#breadcrumb\",\"itemListElement\":[{\"@type\":\"ListItem\",\"position\":1,\"name\":\"Accueil\",\"item\":\"https:\/\/lepoint-actu.tg\/\"},{\"@type\":\"ListItem\",\"position\":2,\"name\":\"30 novembre 2024: d\u00e9marrage du 5\u00e8me recensement agricole\"}]},{\"@type\":\"WebSite\",\"@id\":\"https:\/\/lepoint-actu.tg\/#website\",\"url\":\"https:\/\/lepoint-actu.tg\/\",\"name\":\"\",\"description\":\"R\u00e9c\u00e9piss\u00e9 N\u00b00022\/HAAC\/12-2020\/pL\/P, lepointactu07@gmail.com\",\"potentialAction\":[{\"@type\":\"SearchAction\",\"target\":{\"@type\":\"EntryPoint\",\"urlTemplate\":\"https:\/\/lepoint-actu.tg\/?s={search_term_string}\"},\"query-input\":{\"@type\":\"PropertyValueSpecification\",\"valueRequired\":true,\"valueName\":\"search_term_string\"}}],\"inLanguage\":\"fr-FR\"},{\"@type\":\"Person\",\"@id\":\"https:\/\/lepoint-actu.tg\/#\/schema\/person\/e4026d66cbdc205cab83e169ab7eaca1\",\"name\":\"La Redaction\",\"image\":{\"@type\":\"ImageObject\",\"inLanguage\":\"fr-FR\",\"@id\":\"https:\/\/lepoint-actu.tg\/#\/schema\/person\/image\/\",\"url\":\"https:\/\/secure.gravatar.com\/avatar\/1682a0ff7e2c36efa51c5d262eea092000ec1ce420118e6261440956730308c2?s=96&d=mm&r=g\",\"contentUrl\":\"https:\/\/secure.gravatar.com\/avatar\/1682a0ff7e2c36efa51c5d262eea092000ec1ce420118e6261440956730308c2?s=96&d=mm&r=g\",\"caption\":\"La Redaction\"},\"url\":\"https:\/\/lepoint-actu.tg\/index.php\/author\/raymondsama\/\"}]}<\/script>\n<!-- \/ Yoast SEO plugin. -->","yoast_head_json":{"title":"30 novembre 2024: d\u00e9marrage du 5\u00e8me recensement agricole -","robots":{"index":"index","follow":"follow","max-snippet":"max-snippet:-1","max-image-preview":"max-image-preview:large","max-video-preview":"max-video-preview:-1"},"canonical":"https:\/\/lepoint-actu.tg\/index.php\/2024\/11\/21\/30-novembre-2024-demarrage-du-5eme-recensement-agricole\/","og_locale":"fr_FR","og_type":"article","og_title":"30 novembre 2024: d\u00e9marrage du 5\u00e8me recensement agricole -","og_description":"Selon le minist\u00e8re en charge de l\u2019agriculture du Togo, la phase de collecte des donn\u00e9es pour le cinqui\u00e8me Recensement National","og_url":"https:\/\/lepoint-actu.tg\/index.php\/2024\/11\/21\/30-novembre-2024-demarrage-du-5eme-recensement-agricole\/","article_published_time":"2024-11-21T13:04:49+00:00","article_modified_time":"2024-11-22T13:08:09+00:00","og_image":[{"width":243,"height":237,"url":"https:\/\/lepoint-actu.tg\/wp-content\/uploads\/2024\/11\/logoRNA5tg.png","type":"image\/png"}],"author":"La Redaction","twitter_card":"summary_large_image","twitter_misc":{"\u00c9crit par":"La Redaction","Dur\u00e9e de lecture estim\u00e9e":"2 minutes"},"schema":{"@context":"https:\/\/schema.org","@graph":[{"@type":"WebPage","@id":"https:\/\/lepoint-actu.tg\/index.php\/2024\/11\/21\/30-novembre-2024-demarrage-du-5eme-recensement-agricole\/","url":"https:\/\/lepoint-actu.tg\/index.php\/2024\/11\/21\/30-novembre-2024-demarrage-du-5eme-recensement-agricole\/","name":"30 novembre 2024: d\u00e9marrage du 5\u00e8me recensement agricole -","isPartOf":{"@id":"https:\/\/lepoint-actu.tg\/#website"},"primaryImageOfPage":{"@id":"https:\/\/lepoint-actu.tg\/index.php\/2024\/11\/21\/30-novembre-2024-demarrage-du-5eme-recensement-agricole\/#primaryimage"},"image":{"@id":"https:\/\/lepoint-actu.tg\/index.php\/2024\/11\/21\/30-novembre-2024-demarrage-du-5eme-recensement-agricole\/#primaryimage"},"thumbnailUrl":"https:\/\/lepoint-actu.tg\/wp-content\/uploads\/2024\/11\/logoRNA5tg.png","datePublished":"2024-11-21T13:04:49+00:00","dateModified":"2024-11-22T13:08:09+00:00","author":{"@id":"https:\/\/lepoint-actu.tg\/#\/schema\/person\/e4026d66cbdc205cab83e169ab7eaca1"},"breadcrumb":{"@id":"https:\/\/lepoint-actu.tg\/index.php\/2024\/11\/21\/30-novembre-2024-demarrage-du-5eme-recensement-agricole\/#breadcrumb"},"inLanguage":"fr-FR","potentialAction":[{"@type":"ReadAction","target":["https:\/\/lepoint-actu.tg\/index.php\/2024\/11\/21\/30-novembre-2024-demarrage-du-5eme-recensement-agricole\/"]}]},{"@type":"ImageObject","inLanguage":"fr-FR","@id":"https:\/\/lepoint-actu.tg\/index.php\/2024\/11\/21\/30-novembre-2024-demarrage-du-5eme-recensement-agricole\/#primaryimage","url":"https:\/\/lepoint-actu.tg\/wp-content\/uploads\/2024\/11\/logoRNA5tg.png","contentUrl":"https:\/\/lepoint-actu.tg\/wp-content\/uploads\/2024\/11\/logoRNA5tg.png","width":243,"height":237},{"@type":"BreadcrumbList","@id":"https:\/\/lepoint-actu.tg\/index.php\/2024\/11\/21\/30-novembre-2024-demarrage-du-5eme-recensement-agricole\/#breadcrumb","itemListElement":[{"@type":"ListItem","position":1,"name":"Accueil","item":"https:\/\/lepoint-actu.tg\/"},{"@type":"ListItem","position":2,"name":"30 novembre 2024: d\u00e9marrage du 5\u00e8me recensement agricole"}]},{"@type":"WebSite","@id":"https:\/\/lepoint-actu.tg\/#website","url":"https:\/\/lepoint-actu.tg\/","name":"","description":"R\u00e9c\u00e9piss\u00e9 N\u00b00022\/HAAC\/12-2020\/pL\/P, lepointactu07@gmail.com","potentialAction":[{"@type":"SearchAction","target":{"@type":"EntryPoint","urlTemplate":"https:\/\/lepoint-actu.tg\/?s={search_term_string}"},"query-input":{"@type":"PropertyValueSpecification","valueRequired":true,"valueName":"search_term_string"}}],"inLanguage":"fr-FR"},{"@type":"Person","@id":"https:\/\/lepoint-actu.tg\/#\/schema\/person\/e4026d66cbdc205cab83e169ab7eaca1","name":"La Redaction","image":{"@type":"ImageObject","inLanguage":"fr-FR","@id":"https:\/\/lepoint-actu.tg\/#\/schema\/person\/image\/","url":"https:\/\/secure.gravatar.com\/avatar\/1682a0ff7e2c36efa51c5d262eea092000ec1ce420118e6261440956730308c2?s=96&d=mm&r=g","contentUrl":"https:\/\/secure.gravatar.com\/avatar\/1682a0ff7e2c36efa51c5d262eea092000ec1ce420118e6261440956730308c2?s=96&d=mm&r=g","caption":"La Redaction"},"url":"https:\/\/lepoint-actu.tg\/index.php\/author\/raymondsama\/"}]}},"_links":{"self":[{"href":"https:\/\/lepoint-actu.tg\/index.php\/wp-json\/wp\/v2\/posts\/3984","targetHints":{"allow":["GET"]}}],"collection":[{"href":"https:\/\/lepoint-actu.tg\/index.php\/wp-json\/wp\/v2\/posts"}],"about":[{"href":"https:\/\/lepoint-actu.tg\/index.php\/wp-json\/wp\/v2\/types\/post"}],"author":[{"embeddable":true,"href":"https:\/\/lepoint-actu.tg\/index.php\/wp-json\/wp\/v2\/users\/2"}],"replies":[{"embeddable":true,"href":"https:\/\/lepoint-actu.tg\/index.php\/wp-json\/wp\/v2\/comments?post=3984"}],"version-history":[{"count":1,"href":"https:\/\/lepoint-actu.tg\/index.php\/wp-json\/wp\/v2\/posts\/3984\/revisions"}],"predecessor-version":[{"id":3986,"href":"https:\/\/lepoint-actu.tg\/index.php\/wp-json\/wp\/v2\/posts\/3984\/revisions\/3986"}],"wp:featuredmedia":[{"embeddable":true,"href":"https:\/\/lepoint-actu.tg\/index.php\/wp-json\/wp\/v2\/media\/3985"}],"wp:attachment":[{"href":"https:\/\/lepoint-actu.tg\/index.php\/wp-json\/wp\/v2\/media?parent=3984"}],"wp:term":[{"taxonomy":"category","embeddable":true,"href":"https:\/\/lepoint-actu.tg\/index.php\/wp-json\/wp\/v2\/categories?post=3984"},{"taxonomy":"post_tag","embeddable":true,"href":"https:\/\/lepoint-actu.tg\/index.php\/wp-json\/wp\/v2\/tags?post=3984"}],"curies":[{"name":"wp","href":"https:\/\/api.w.org\/{rel}","templated":true}]}}