{"id":4043,"date":"2024-11-28T17:00:51","date_gmt":"2024-11-28T17:00:51","guid":{"rendered":"https:\/\/lepoint-actu.tg\/?p=4043"},"modified":"2024-11-28T17:01:05","modified_gmt":"2024-11-28T17:01:05","slug":"la-cci-t-engagee-pour-la-promotion-du-riz-local-hausse-le-ton-a-la-19e-fil","status":"publish","type":"post","link":"https:\/\/lepoint-actu.tg\/index.php\/2024\/11\/28\/la-cci-t-engagee-pour-la-promotion-du-riz-local-hausse-le-ton-a-la-19e-fil\/","title":{"rendered":"La CCI-T engag\u00e9e pour la promotion du riz local hausse le ton \u00e0 la 19\u00e8 FIL"},"content":{"rendered":"\n<p><\/p>\n\n\n\n<p>La Chambre de Commerce et d&rsquo;Industrie du Togo (CCI-Togo) demeure dynamique et m\u00e9thodique dans sa politique de donner une plus value aux produits locaux et surtout le riz. Dans cet \u00e9lan, elle a conclu avec le Conseil interprofessionnel de la fili\u00e8re riz un accord le mercredi 27 novembre 2024, en marge de la 19\u1d49 Foire internationale de Lom\u00e9 (FIL).<br>L&rsquo;objectif, selon les informations, est de s\u2019unir pour insuffler une nouvelle dynamique \u00e0 la fili\u00e8re rizicole togolaise \u00e0 travers la mise en \u0153uvre du Projet d&rsquo;appui \u00e0 la valorisation du riz togolais (PAVRIT).<br>Concr\u00e8tement, les deux entit\u00e9s se concentreront principalement sur la promotion et la valorisation du riz produit localement. Un des volets de cette collaboration porte sur la communication, qui vise \u00e0 mieux positionner le riz togolais sur le march\u00e9 et \u00e0 le rendre plus visible aupr\u00e8s des consommateurs.<br>\u00c9galement, la CCI-Togo pr\u00e9voit de soutenir les producteurs \u00e0 travers des subventions, une strat\u00e9gie destin\u00e9e \u00e0 r\u00e9duire le co\u00fbt du riz, le rendant ainsi plus accessible. \u201cCes mesures s\u2019inscrivent dans une volont\u00e9 de stimuler la comp\u00e9titivit\u00e9 du riz local face aux produits import\u00e9s\u201d, a soutenu la Chambre.<br>Lire aussi : Exposition internationale d\u2019import de Chine : le riz togolais en promotion<br>Le projet PAVRIT ambitionne aussi d\u2019apporter des solutions aux d\u00e9fis structurels rencontr\u00e9s par les diff\u00e9rents maillons de la cha\u00eene de valeur. Dans ce cadre, des discussions seront engag\u00e9es avec les transformateurs pour mieux cerner leurs besoins et contraintes. Une \u00e9tude approfondie de la fili\u00e8re est \u00e9galement pr\u00e9vue afin d\u2019identifier les pistes d\u2019am\u00e9lioration et de favoriser une meilleure organisation du secteur.<br>Pour Krystel Dicoh, coordinatrice du projet, il est n\u00e9cessaire de changer les perceptions autour du riz togolais en mettant en avant sa qualit\u00e9. De fait, les deux entit\u00e9s dans le cadre de cet accord, vont travailler \u00e0 d\u00e9montrer que le riz local peut rivaliser avec celui import\u00e9.<br>Ce partenariat entre la CCI-Togo et la fili\u00e8re rizicole pourrait ainsi poser les bases d\u2019une transformation durable du secteur agricole au Togo. Pour Karine Adotevi Edoh, directrice g\u00e9n\u00e9rale de la CCI-Togo, il refl\u00e8te l\u2019engagement de l\u2019institution \u00e0 cr\u00e9er un environnement favorable \u00e0 l\u2019\u00e9panouissement des entreprises togolaises.<br>Marc Okuw\u00e9<\/p>\n","protected":false},"excerpt":{"rendered":"<p>La Chambre de Commerce et d&rsquo;Industrie du Togo (CCI-Togo) demeure dynamique et m\u00e9thodique dans sa politique de donner une plus<\/p>\n","protected":false},"author":2,"featured_media":4044,"comment_status":"open","ping_status":"closed","sticky":false,"template":"","format":"standard","meta":{"footnotes":""},"categories":[4],"tags":[],"class_list":["post-4043","post","type-post","status-publish","format-standard","has-post-thumbnail","hentry","category-economie"],"yoast_head":"<!-- This site is optimized with the Yoast SEO plugin v23.9 - https:\/\/yoast.com\/wordpress\/plugins\/seo\/ -->\n<title>La CCI-T engag\u00e9e pour la promotion du riz local hausse le ton \u00e0 la 19\u00e8 FIL -<\/title>\n<meta name=\"robots\" content=\"index, follow, max-snippet:-1, max-image-preview:large, max-video-preview:-1\" \/>\n<link rel=\"canonical\" href=\"https:\/\/lepoint-actu.tg\/index.php\/2024\/11\/28\/la-cci-t-engagee-pour-la-promotion-du-riz-local-hausse-le-ton-a-la-19e-fil\/\" \/>\n<meta property=\"og:locale\" content=\"fr_FR\" \/>\n<meta property=\"og:type\" content=\"article\" \/>\n<meta property=\"og:title\" content=\"La CCI-T engag\u00e9e pour la promotion du riz local hausse le ton \u00e0 la 19\u00e8 FIL -\" \/>\n<meta property=\"og:description\" content=\"La Chambre de Commerce et d&rsquo;Industrie du Togo (CCI-Togo) demeure dynamique et m\u00e9thodique dans sa politique de donner une plus\" \/>\n<meta property=\"og:url\" content=\"https:\/\/lepoint-actu.tg\/index.php\/2024\/11\/28\/la-cci-t-engagee-pour-la-promotion-du-riz-local-hausse-le-ton-a-la-19e-fil\/\" \/>\n<meta property=\"article:published_time\" content=\"2024-11-28T17:00:51+00:00\" \/>\n<meta property=\"article:modified_time\" content=\"2024-11-28T17:01:05+00:00\" \/>\n<meta property=\"og:image\" content=\"https:\/\/lepoint-actu.tg\/wp-content\/uploads\/2024\/11\/6747d7cae1d4c_468519494_888486683394583_8491743066769880448_n-1.jpg\" \/>\n\t<meta property=\"og:image:width\" content=\"600\" \/>\n\t<meta property=\"og:image:height\" content=\"398\" \/>\n\t<meta property=\"og:image:type\" content=\"image\/jpeg\" \/>\n<meta name=\"author\" content=\"La Redaction\" \/>\n<meta name=\"twitter:card\" content=\"summary_large_image\" \/>\n<meta name=\"twitter:label1\" content=\"\u00c9crit par\" \/>\n\t<meta name=\"twitter:data1\" content=\"La Redaction\" \/>\n\t<meta name=\"twitter:label2\" content=\"Dur\u00e9e de lecture estim\u00e9e\" \/>\n\t<meta name=\"twitter:data2\" content=\"3 minutes\" \/>\n<script type=\"application\/ld+json\" class=\"yoast-schema-graph\">{\"@context\":\"https:\/\/schema.org\",\"@graph\":[{\"@type\":\"WebPage\",\"@id\":\"https:\/\/lepoint-actu.tg\/index.php\/2024\/11\/28\/la-cci-t-engagee-pour-la-promotion-du-riz-local-hausse-le-ton-a-la-19e-fil\/\",\"url\":\"https:\/\/lepoint-actu.tg\/index.php\/2024\/11\/28\/la-cci-t-engagee-pour-la-promotion-du-riz-local-hausse-le-ton-a-la-19e-fil\/\",\"name\":\"La CCI-T engag\u00e9e pour la promotion du riz local hausse le ton \u00e0 la 19\u00e8 FIL -\",\"isPartOf\":{\"@id\":\"https:\/\/lepoint-actu.tg\/#website\"},\"primaryImageOfPage\":{\"@id\":\"https:\/\/lepoint-actu.tg\/index.php\/2024\/11\/28\/la-cci-t-engagee-pour-la-promotion-du-riz-local-hausse-le-ton-a-la-19e-fil\/#primaryimage\"},\"image\":{\"@id\":\"https:\/\/lepoint-actu.tg\/index.php\/2024\/11\/28\/la-cci-t-engagee-pour-la-promotion-du-riz-local-hausse-le-ton-a-la-19e-fil\/#primaryimage\"},\"thumbnailUrl\":\"https:\/\/lepoint-actu.tg\/wp-content\/uploads\/2024\/11\/6747d7cae1d4c_468519494_888486683394583_8491743066769880448_n-1.jpg\",\"datePublished\":\"2024-11-28T17:00:51+00:00\",\"dateModified\":\"2024-11-28T17:01:05+00:00\",\"author\":{\"@id\":\"https:\/\/lepoint-actu.tg\/#\/schema\/person\/e4026d66cbdc205cab83e169ab7eaca1\"},\"breadcrumb\":{\"@id\":\"https:\/\/lepoint-actu.tg\/index.php\/2024\/11\/28\/la-cci-t-engagee-pour-la-promotion-du-riz-local-hausse-le-ton-a-la-19e-fil\/#breadcrumb\"},\"inLanguage\":\"fr-FR\",\"potentialAction\":[{\"@type\":\"ReadAction\",\"target\":[\"https:\/\/lepoint-actu.tg\/index.php\/2024\/11\/28\/la-cci-t-engagee-pour-la-promotion-du-riz-local-hausse-le-ton-a-la-19e-fil\/\"]}]},{\"@type\":\"ImageObject\",\"inLanguage\":\"fr-FR\",\"@id\":\"https:\/\/lepoint-actu.tg\/index.php\/2024\/11\/28\/la-cci-t-engagee-pour-la-promotion-du-riz-local-hausse-le-ton-a-la-19e-fil\/#primaryimage\",\"url\":\"https:\/\/lepoint-actu.tg\/wp-content\/uploads\/2024\/11\/6747d7cae1d4c_468519494_888486683394583_8491743066769880448_n-1.jpg\",\"contentUrl\":\"https:\/\/lepoint-actu.tg\/wp-content\/uploads\/2024\/11\/6747d7cae1d4c_468519494_888486683394583_8491743066769880448_n-1.jpg\",\"width\":600,\"height\":398},{\"@type\":\"BreadcrumbList\",\"@id\":\"https:\/\/lepoint-actu.tg\/index.php\/2024\/11\/28\/la-cci-t-engagee-pour-la-promotion-du-riz-local-hausse-le-ton-a-la-19e-fil\/#breadcrumb\",\"itemListElement\":[{\"@type\":\"ListItem\",\"position\":1,\"name\":\"Accueil\",\"item\":\"https:\/\/lepoint-actu.tg\/\"},{\"@type\":\"ListItem\",\"position\":2,\"name\":\"La CCI-T engag\u00e9e pour la promotion du riz local hausse le ton \u00e0 la 19\u00e8 FIL\"}]},{\"@type\":\"WebSite\",\"@id\":\"https:\/\/lepoint-actu.tg\/#website\",\"url\":\"https:\/\/lepoint-actu.tg\/\",\"name\":\"\",\"description\":\"R\u00e9c\u00e9piss\u00e9 N\u00b00022\/HAAC\/12-2020\/pL\/P, lepointactu07@gmail.com\",\"potentialAction\":[{\"@type\":\"SearchAction\",\"target\":{\"@type\":\"EntryPoint\",\"urlTemplate\":\"https:\/\/lepoint-actu.tg\/?s={search_term_string}\"},\"query-input\":{\"@type\":\"PropertyValueSpecification\",\"valueRequired\":true,\"valueName\":\"search_term_string\"}}],\"inLanguage\":\"fr-FR\"},{\"@type\":\"Person\",\"@id\":\"https:\/\/lepoint-actu.tg\/#\/schema\/person\/e4026d66cbdc205cab83e169ab7eaca1\",\"name\":\"La Redaction\",\"image\":{\"@type\":\"ImageObject\",\"inLanguage\":\"fr-FR\",\"@id\":\"https:\/\/lepoint-actu.tg\/#\/schema\/person\/image\/\",\"url\":\"https:\/\/secure.gravatar.com\/avatar\/1682a0ff7e2c36efa51c5d262eea092000ec1ce420118e6261440956730308c2?s=96&d=mm&r=g\",\"contentUrl\":\"https:\/\/secure.gravatar.com\/avatar\/1682a0ff7e2c36efa51c5d262eea092000ec1ce420118e6261440956730308c2?s=96&d=mm&r=g\",\"caption\":\"La Redaction\"},\"url\":\"https:\/\/lepoint-actu.tg\/index.php\/author\/raymondsama\/\"}]}<\/script>\n<!-- \/ Yoast SEO plugin. -->","yoast_head_json":{"title":"La CCI-T engag\u00e9e pour la promotion du riz local hausse le ton \u00e0 la 19\u00e8 FIL -","robots":{"index":"index","follow":"follow","max-snippet":"max-snippet:-1","max-image-preview":"max-image-preview:large","max-video-preview":"max-video-preview:-1"},"canonical":"https:\/\/lepoint-actu.tg\/index.php\/2024\/11\/28\/la-cci-t-engagee-pour-la-promotion-du-riz-local-hausse-le-ton-a-la-19e-fil\/","og_locale":"fr_FR","og_type":"article","og_title":"La CCI-T engag\u00e9e pour la promotion du riz local hausse le ton \u00e0 la 19\u00e8 FIL -","og_description":"La Chambre de Commerce et d&rsquo;Industrie du Togo (CCI-Togo) demeure dynamique et m\u00e9thodique dans sa politique de donner une plus","og_url":"https:\/\/lepoint-actu.tg\/index.php\/2024\/11\/28\/la-cci-t-engagee-pour-la-promotion-du-riz-local-hausse-le-ton-a-la-19e-fil\/","article_published_time":"2024-11-28T17:00:51+00:00","article_modified_time":"2024-11-28T17:01:05+00:00","og_image":[{"width":600,"height":398,"url":"https:\/\/lepoint-actu.tg\/wp-content\/uploads\/2024\/11\/6747d7cae1d4c_468519494_888486683394583_8491743066769880448_n-1.jpg","type":"image\/jpeg"}],"author":"La Redaction","twitter_card":"summary_large_image","twitter_misc":{"\u00c9crit par":"La Redaction","Dur\u00e9e de lecture estim\u00e9e":"3 minutes"},"schema":{"@context":"https:\/\/schema.org","@graph":[{"@type":"WebPage","@id":"https:\/\/lepoint-actu.tg\/index.php\/2024\/11\/28\/la-cci-t-engagee-pour-la-promotion-du-riz-local-hausse-le-ton-a-la-19e-fil\/","url":"https:\/\/lepoint-actu.tg\/index.php\/2024\/11\/28\/la-cci-t-engagee-pour-la-promotion-du-riz-local-hausse-le-ton-a-la-19e-fil\/","name":"La CCI-T engag\u00e9e pour la promotion du riz local hausse le ton \u00e0 la 19\u00e8 FIL -","isPartOf":{"@id":"https:\/\/lepoint-actu.tg\/#website"},"primaryImageOfPage":{"@id":"https:\/\/lepoint-actu.tg\/index.php\/2024\/11\/28\/la-cci-t-engagee-pour-la-promotion-du-riz-local-hausse-le-ton-a-la-19e-fil\/#primaryimage"},"image":{"@id":"https:\/\/lepoint-actu.tg\/index.php\/2024\/11\/28\/la-cci-t-engagee-pour-la-promotion-du-riz-local-hausse-le-ton-a-la-19e-fil\/#primaryimage"},"thumbnailUrl":"https:\/\/lepoint-actu.tg\/wp-content\/uploads\/2024\/11\/6747d7cae1d4c_468519494_888486683394583_8491743066769880448_n-1.jpg","datePublished":"2024-11-28T17:00:51+00:00","dateModified":"2024-11-28T17:01:05+00:00","author":{"@id":"https:\/\/lepoint-actu.tg\/#\/schema\/person\/e4026d66cbdc205cab83e169ab7eaca1"},"breadcrumb":{"@id":"https:\/\/lepoint-actu.tg\/index.php\/2024\/11\/28\/la-cci-t-engagee-pour-la-promotion-du-riz-local-hausse-le-ton-a-la-19e-fil\/#breadcrumb"},"inLanguage":"fr-FR","potentialAction":[{"@type":"ReadAction","target":["https:\/\/lepoint-actu.tg\/index.php\/2024\/11\/28\/la-cci-t-engagee-pour-la-promotion-du-riz-local-hausse-le-ton-a-la-19e-fil\/"]}]},{"@type":"ImageObject","inLanguage":"fr-FR","@id":"https:\/\/lepoint-actu.tg\/index.php\/2024\/11\/28\/la-cci-t-engagee-pour-la-promotion-du-riz-local-hausse-le-ton-a-la-19e-fil\/#primaryimage","url":"https:\/\/lepoint-actu.tg\/wp-content\/uploads\/2024\/11\/6747d7cae1d4c_468519494_888486683394583_8491743066769880448_n-1.jpg","contentUrl":"https:\/\/lepoint-actu.tg\/wp-content\/uploads\/2024\/11\/6747d7cae1d4c_468519494_888486683394583_8491743066769880448_n-1.jpg","width":600,"height":398},{"@type":"BreadcrumbList","@id":"https:\/\/lepoint-actu.tg\/index.php\/2024\/11\/28\/la-cci-t-engagee-pour-la-promotion-du-riz-local-hausse-le-ton-a-la-19e-fil\/#breadcrumb","itemListElement":[{"@type":"ListItem","position":1,"name":"Accueil","item":"https:\/\/lepoint-actu.tg\/"},{"@type":"ListItem","position":2,"name":"La CCI-T engag\u00e9e pour la promotion du riz local hausse le ton \u00e0 la 19\u00e8 FIL"}]},{"@type":"WebSite","@id":"https:\/\/lepoint-actu.tg\/#website","url":"https:\/\/lepoint-actu.tg\/","name":"","description":"R\u00e9c\u00e9piss\u00e9 N\u00b00022\/HAAC\/12-2020\/pL\/P, lepointactu07@gmail.com","potentialAction":[{"@type":"SearchAction","target":{"@type":"EntryPoint","urlTemplate":"https:\/\/lepoint-actu.tg\/?s={search_term_string}"},"query-input":{"@type":"PropertyValueSpecification","valueRequired":true,"valueName":"search_term_string"}}],"inLanguage":"fr-FR"},{"@type":"Person","@id":"https:\/\/lepoint-actu.tg\/#\/schema\/person\/e4026d66cbdc205cab83e169ab7eaca1","name":"La Redaction","image":{"@type":"ImageObject","inLanguage":"fr-FR","@id":"https:\/\/lepoint-actu.tg\/#\/schema\/person\/image\/","url":"https:\/\/secure.gravatar.com\/avatar\/1682a0ff7e2c36efa51c5d262eea092000ec1ce420118e6261440956730308c2?s=96&d=mm&r=g","contentUrl":"https:\/\/secure.gravatar.com\/avatar\/1682a0ff7e2c36efa51c5d262eea092000ec1ce420118e6261440956730308c2?s=96&d=mm&r=g","caption":"La Redaction"},"url":"https:\/\/lepoint-actu.tg\/index.php\/author\/raymondsama\/"}]}},"_links":{"self":[{"href":"https:\/\/lepoint-actu.tg\/index.php\/wp-json\/wp\/v2\/posts\/4043","targetHints":{"allow":["GET"]}}],"collection":[{"href":"https:\/\/lepoint-actu.tg\/index.php\/wp-json\/wp\/v2\/posts"}],"about":[{"href":"https:\/\/lepoint-actu.tg\/index.php\/wp-json\/wp\/v2\/types\/post"}],"author":[{"embeddable":true,"href":"https:\/\/lepoint-actu.tg\/index.php\/wp-json\/wp\/v2\/users\/2"}],"replies":[{"embeddable":true,"href":"https:\/\/lepoint-actu.tg\/index.php\/wp-json\/wp\/v2\/comments?post=4043"}],"version-history":[{"count":1,"href":"https:\/\/lepoint-actu.tg\/index.php\/wp-json\/wp\/v2\/posts\/4043\/revisions"}],"predecessor-version":[{"id":4045,"href":"https:\/\/lepoint-actu.tg\/index.php\/wp-json\/wp\/v2\/posts\/4043\/revisions\/4045"}],"wp:featuredmedia":[{"embeddable":true,"href":"https:\/\/lepoint-actu.tg\/index.php\/wp-json\/wp\/v2\/media\/4044"}],"wp:attachment":[{"href":"https:\/\/lepoint-actu.tg\/index.php\/wp-json\/wp\/v2\/media?parent=4043"}],"wp:term":[{"taxonomy":"category","embeddable":true,"href":"https:\/\/lepoint-actu.tg\/index.php\/wp-json\/wp\/v2\/categories?post=4043"},{"taxonomy":"post_tag","embeddable":true,"href":"https:\/\/lepoint-actu.tg\/index.php\/wp-json\/wp\/v2\/tags?post=4043"}],"curies":[{"name":"wp","href":"https:\/\/api.w.org\/{rel}","templated":true}]}}