{"id":4099,"date":"2024-12-14T14:18:37","date_gmt":"2024-12-14T14:18:37","guid":{"rendered":"https:\/\/lepoint-actu.tg\/?p=4099"},"modified":"2024-12-16T14:23:07","modified_gmt":"2024-12-16T14:23:07","slug":"a-istanbul-lia-au-coeur-des-discussions-sur-la-gouvernance-publique","status":"publish","type":"post","link":"https:\/\/lepoint-actu.tg\/index.php\/2024\/12\/14\/a-istanbul-lia-au-coeur-des-discussions-sur-la-gouvernance-publique\/","title":{"rendered":"A Istanbul : l\u2019IA au c\u0153ur des discussions sur la gouvernance publique"},"content":{"rendered":"\n<p><\/p>\n\n\n\n<p>Yawa Kouigan, ministre en charge de la Communication, des m\u00e9dias, de la culture et porte-parole du gouvernement au Togo, participe \u00e0 l\u2019\u00e9dition 2024 du prestigieux Sommet sur la Communication Strat\u00e9gique, qui se tient \u00e0 Istanbul les 13 et 14 d\u00e9cembre. Cet \u00e9v\u00e9nement international r\u00e9unit experts, d\u00e9cideurs politiques, et professionnels de la communication autour des enjeux contemporains li\u00e9s \u00e0 la strat\u00e9gie et \u00e0 l\u2019innovation dans les politiques publiques.<\/p>\n\n\n\n<p>Lors de son intervention, Mme Kouigan a mis en lumi\u00e8re le r\u00f4le croissant de l\u2019intelligence artificielle (IA) dans la gouvernance et la communication publique. Soulignant les transformations majeures induites par l\u2019IA, elle a expliqu\u00e9 comment cette technologie r\u00e9volutionne les interactions entre les gouvernements et les citoyens, tout en renfor\u00e7ant la transparence et l\u2019efficacit\u00e9 des administrations.<\/p>\n\n\n\n<p><strong>L\u2019IA, un levier pour une communication inclusive et efficace<\/strong><\/p>\n\n\n\n<p>La ministre a pr\u00e9sent\u00e9 des exemples concrets issus du Togo, o\u00f9 l\u2019IA est progressivement int\u00e9gr\u00e9e dans les processus de gestion publique, notamment \u00e0 travers la num\u00e9risation des services administratifs et la personnalisation de la communication citoyenne. Elle a \u00e9galement soulign\u00e9 les d\u00e9fis \u00e9thiques et r\u00e9glementaires li\u00e9s \u00e0 l\u2019utilisation de l\u2019IA, appelant \u00e0 une gouvernance responsable et \u00e0 une coop\u00e9ration internationale pour garantir une utilisation \u00e9quitable de ces technologies.<\/p>\n\n\n\n<p>Dans un contexte marqu\u00e9 par une acc\u00e9l\u00e9ration des innovations technologiques, Mme Kouigan a plaid\u00e9 pour une collaboration renforc\u00e9e entre les \u00c9tats africains et leurs partenaires internationaux. \u00ab\u00a0L\u2019intelligence artificielle n\u2019est pas seulement une opportunit\u00e9 pour am\u00e9liorer nos syst\u00e8mes de gouvernance, mais \u00e9galement un outil puissant pour r\u00e9duire les in\u00e9galit\u00e9s num\u00e9riques et promouvoir une communication inclusive,\u00a0\u00bb a-t-elle d\u00e9clar\u00e9.<\/p>\n\n\n\n<p>Ce sommet constitue une plateforme essentielle pour envisager un futur o\u00f9 technologie et gouvernance se rejoignent pour r\u00e9pondre aux d\u00e9fis du si\u00e8cle.<\/p>\n\n\n\n<p><strong><em>Marc Okuw\u00e9<\/em><\/strong><\/p>\n","protected":false},"excerpt":{"rendered":"<p>Yawa Kouigan, ministre en charge de la Communication, des m\u00e9dias, de la culture et porte-parole du gouvernement au Togo, participe<\/p>\n","protected":false},"author":2,"featured_media":4100,"comment_status":"open","ping_status":"closed","sticky":false,"template":"","format":"standard","meta":{"footnotes":""},"categories":[1],"tags":[],"class_list":["post-4099","post","type-post","status-publish","format-standard","has-post-thumbnail","hentry","category-societe"],"yoast_head":"<!-- This site is optimized with the Yoast SEO plugin v23.9 - https:\/\/yoast.com\/wordpress\/plugins\/seo\/ -->\n<title>A Istanbul : l\u2019IA au c\u0153ur des discussions sur la gouvernance publique -<\/title>\n<meta name=\"robots\" content=\"index, follow, max-snippet:-1, max-image-preview:large, max-video-preview:-1\" \/>\n<link rel=\"canonical\" href=\"https:\/\/lepoint-actu.tg\/index.php\/2024\/12\/14\/a-istanbul-lia-au-coeur-des-discussions-sur-la-gouvernance-publique\/\" \/>\n<meta property=\"og:locale\" content=\"fr_FR\" \/>\n<meta property=\"og:type\" content=\"article\" \/>\n<meta property=\"og:title\" content=\"A Istanbul : l\u2019IA au c\u0153ur des discussions sur la gouvernance publique -\" \/>\n<meta property=\"og:description\" content=\"Yawa Kouigan, ministre en charge de la Communication, des m\u00e9dias, de la culture et porte-parole du gouvernement au Togo, participe\" \/>\n<meta property=\"og:url\" content=\"https:\/\/lepoint-actu.tg\/index.php\/2024\/12\/14\/a-istanbul-lia-au-coeur-des-discussions-sur-la-gouvernance-publique\/\" \/>\n<meta property=\"article:published_time\" content=\"2024-12-14T14:18:37+00:00\" \/>\n<meta property=\"article:modified_time\" content=\"2024-12-16T14:23:07+00:00\" \/>\n<meta property=\"og:image\" content=\"https:\/\/lepoint-actu.tg\/wp-content\/uploads\/2024\/12\/Screenshot_20241216-141008_1.jpg\" \/>\n\t<meta property=\"og:image:width\" content=\"607\" \/>\n\t<meta property=\"og:image:height\" content=\"522\" \/>\n\t<meta property=\"og:image:type\" content=\"image\/jpeg\" \/>\n<meta name=\"author\" content=\"La Redaction\" \/>\n<meta name=\"twitter:card\" content=\"summary_large_image\" \/>\n<meta name=\"twitter:label1\" content=\"\u00c9crit par\" \/>\n\t<meta name=\"twitter:data1\" content=\"La Redaction\" \/>\n\t<meta name=\"twitter:label2\" content=\"Dur\u00e9e de lecture estim\u00e9e\" \/>\n\t<meta name=\"twitter:data2\" content=\"2 minutes\" \/>\n<script type=\"application\/ld+json\" class=\"yoast-schema-graph\">{\"@context\":\"https:\/\/schema.org\",\"@graph\":[{\"@type\":\"WebPage\",\"@id\":\"https:\/\/lepoint-actu.tg\/index.php\/2024\/12\/14\/a-istanbul-lia-au-coeur-des-discussions-sur-la-gouvernance-publique\/\",\"url\":\"https:\/\/lepoint-actu.tg\/index.php\/2024\/12\/14\/a-istanbul-lia-au-coeur-des-discussions-sur-la-gouvernance-publique\/\",\"name\":\"A Istanbul : l\u2019IA au c\u0153ur des discussions sur la gouvernance publique -\",\"isPartOf\":{\"@id\":\"https:\/\/lepoint-actu.tg\/#website\"},\"primaryImageOfPage\":{\"@id\":\"https:\/\/lepoint-actu.tg\/index.php\/2024\/12\/14\/a-istanbul-lia-au-coeur-des-discussions-sur-la-gouvernance-publique\/#primaryimage\"},\"image\":{\"@id\":\"https:\/\/lepoint-actu.tg\/index.php\/2024\/12\/14\/a-istanbul-lia-au-coeur-des-discussions-sur-la-gouvernance-publique\/#primaryimage\"},\"thumbnailUrl\":\"https:\/\/lepoint-actu.tg\/wp-content\/uploads\/2024\/12\/Screenshot_20241216-141008_1.jpg\",\"datePublished\":\"2024-12-14T14:18:37+00:00\",\"dateModified\":\"2024-12-16T14:23:07+00:00\",\"author\":{\"@id\":\"https:\/\/lepoint-actu.tg\/#\/schema\/person\/e4026d66cbdc205cab83e169ab7eaca1\"},\"breadcrumb\":{\"@id\":\"https:\/\/lepoint-actu.tg\/index.php\/2024\/12\/14\/a-istanbul-lia-au-coeur-des-discussions-sur-la-gouvernance-publique\/#breadcrumb\"},\"inLanguage\":\"fr-FR\",\"potentialAction\":[{\"@type\":\"ReadAction\",\"target\":[\"https:\/\/lepoint-actu.tg\/index.php\/2024\/12\/14\/a-istanbul-lia-au-coeur-des-discussions-sur-la-gouvernance-publique\/\"]}]},{\"@type\":\"ImageObject\",\"inLanguage\":\"fr-FR\",\"@id\":\"https:\/\/lepoint-actu.tg\/index.php\/2024\/12\/14\/a-istanbul-lia-au-coeur-des-discussions-sur-la-gouvernance-publique\/#primaryimage\",\"url\":\"https:\/\/lepoint-actu.tg\/wp-content\/uploads\/2024\/12\/Screenshot_20241216-141008_1.jpg\",\"contentUrl\":\"https:\/\/lepoint-actu.tg\/wp-content\/uploads\/2024\/12\/Screenshot_20241216-141008_1.jpg\",\"width\":607,\"height\":522},{\"@type\":\"BreadcrumbList\",\"@id\":\"https:\/\/lepoint-actu.tg\/index.php\/2024\/12\/14\/a-istanbul-lia-au-coeur-des-discussions-sur-la-gouvernance-publique\/#breadcrumb\",\"itemListElement\":[{\"@type\":\"ListItem\",\"position\":1,\"name\":\"Accueil\",\"item\":\"https:\/\/lepoint-actu.tg\/\"},{\"@type\":\"ListItem\",\"position\":2,\"name\":\"A Istanbul : l\u2019IA au c\u0153ur des discussions sur la gouvernance publique\"}]},{\"@type\":\"WebSite\",\"@id\":\"https:\/\/lepoint-actu.tg\/#website\",\"url\":\"https:\/\/lepoint-actu.tg\/\",\"name\":\"\",\"description\":\"R\u00e9c\u00e9piss\u00e9 N\u00b00022\/HAAC\/12-2020\/pL\/P, lepointactu07@gmail.com\",\"potentialAction\":[{\"@type\":\"SearchAction\",\"target\":{\"@type\":\"EntryPoint\",\"urlTemplate\":\"https:\/\/lepoint-actu.tg\/?s={search_term_string}\"},\"query-input\":{\"@type\":\"PropertyValueSpecification\",\"valueRequired\":true,\"valueName\":\"search_term_string\"}}],\"inLanguage\":\"fr-FR\"},{\"@type\":\"Person\",\"@id\":\"https:\/\/lepoint-actu.tg\/#\/schema\/person\/e4026d66cbdc205cab83e169ab7eaca1\",\"name\":\"La Redaction\",\"image\":{\"@type\":\"ImageObject\",\"inLanguage\":\"fr-FR\",\"@id\":\"https:\/\/lepoint-actu.tg\/#\/schema\/person\/image\/\",\"url\":\"https:\/\/secure.gravatar.com\/avatar\/1682a0ff7e2c36efa51c5d262eea092000ec1ce420118e6261440956730308c2?s=96&d=mm&r=g\",\"contentUrl\":\"https:\/\/secure.gravatar.com\/avatar\/1682a0ff7e2c36efa51c5d262eea092000ec1ce420118e6261440956730308c2?s=96&d=mm&r=g\",\"caption\":\"La Redaction\"},\"url\":\"https:\/\/lepoint-actu.tg\/index.php\/author\/raymondsama\/\"}]}<\/script>\n<!-- \/ Yoast SEO plugin. -->","yoast_head_json":{"title":"A Istanbul : l\u2019IA au c\u0153ur des discussions sur la gouvernance publique -","robots":{"index":"index","follow":"follow","max-snippet":"max-snippet:-1","max-image-preview":"max-image-preview:large","max-video-preview":"max-video-preview:-1"},"canonical":"https:\/\/lepoint-actu.tg\/index.php\/2024\/12\/14\/a-istanbul-lia-au-coeur-des-discussions-sur-la-gouvernance-publique\/","og_locale":"fr_FR","og_type":"article","og_title":"A Istanbul : l\u2019IA au c\u0153ur des discussions sur la gouvernance publique -","og_description":"Yawa Kouigan, ministre en charge de la Communication, des m\u00e9dias, de la culture et porte-parole du gouvernement au Togo, participe","og_url":"https:\/\/lepoint-actu.tg\/index.php\/2024\/12\/14\/a-istanbul-lia-au-coeur-des-discussions-sur-la-gouvernance-publique\/","article_published_time":"2024-12-14T14:18:37+00:00","article_modified_time":"2024-12-16T14:23:07+00:00","og_image":[{"width":607,"height":522,"url":"https:\/\/lepoint-actu.tg\/wp-content\/uploads\/2024\/12\/Screenshot_20241216-141008_1.jpg","type":"image\/jpeg"}],"author":"La Redaction","twitter_card":"summary_large_image","twitter_misc":{"\u00c9crit par":"La Redaction","Dur\u00e9e de lecture estim\u00e9e":"2 minutes"},"schema":{"@context":"https:\/\/schema.org","@graph":[{"@type":"WebPage","@id":"https:\/\/lepoint-actu.tg\/index.php\/2024\/12\/14\/a-istanbul-lia-au-coeur-des-discussions-sur-la-gouvernance-publique\/","url":"https:\/\/lepoint-actu.tg\/index.php\/2024\/12\/14\/a-istanbul-lia-au-coeur-des-discussions-sur-la-gouvernance-publique\/","name":"A Istanbul : l\u2019IA au c\u0153ur des discussions sur la gouvernance publique -","isPartOf":{"@id":"https:\/\/lepoint-actu.tg\/#website"},"primaryImageOfPage":{"@id":"https:\/\/lepoint-actu.tg\/index.php\/2024\/12\/14\/a-istanbul-lia-au-coeur-des-discussions-sur-la-gouvernance-publique\/#primaryimage"},"image":{"@id":"https:\/\/lepoint-actu.tg\/index.php\/2024\/12\/14\/a-istanbul-lia-au-coeur-des-discussions-sur-la-gouvernance-publique\/#primaryimage"},"thumbnailUrl":"https:\/\/lepoint-actu.tg\/wp-content\/uploads\/2024\/12\/Screenshot_20241216-141008_1.jpg","datePublished":"2024-12-14T14:18:37+00:00","dateModified":"2024-12-16T14:23:07+00:00","author":{"@id":"https:\/\/lepoint-actu.tg\/#\/schema\/person\/e4026d66cbdc205cab83e169ab7eaca1"},"breadcrumb":{"@id":"https:\/\/lepoint-actu.tg\/index.php\/2024\/12\/14\/a-istanbul-lia-au-coeur-des-discussions-sur-la-gouvernance-publique\/#breadcrumb"},"inLanguage":"fr-FR","potentialAction":[{"@type":"ReadAction","target":["https:\/\/lepoint-actu.tg\/index.php\/2024\/12\/14\/a-istanbul-lia-au-coeur-des-discussions-sur-la-gouvernance-publique\/"]}]},{"@type":"ImageObject","inLanguage":"fr-FR","@id":"https:\/\/lepoint-actu.tg\/index.php\/2024\/12\/14\/a-istanbul-lia-au-coeur-des-discussions-sur-la-gouvernance-publique\/#primaryimage","url":"https:\/\/lepoint-actu.tg\/wp-content\/uploads\/2024\/12\/Screenshot_20241216-141008_1.jpg","contentUrl":"https:\/\/lepoint-actu.tg\/wp-content\/uploads\/2024\/12\/Screenshot_20241216-141008_1.jpg","width":607,"height":522},{"@type":"BreadcrumbList","@id":"https:\/\/lepoint-actu.tg\/index.php\/2024\/12\/14\/a-istanbul-lia-au-coeur-des-discussions-sur-la-gouvernance-publique\/#breadcrumb","itemListElement":[{"@type":"ListItem","position":1,"name":"Accueil","item":"https:\/\/lepoint-actu.tg\/"},{"@type":"ListItem","position":2,"name":"A Istanbul : l\u2019IA au c\u0153ur des discussions sur la gouvernance publique"}]},{"@type":"WebSite","@id":"https:\/\/lepoint-actu.tg\/#website","url":"https:\/\/lepoint-actu.tg\/","name":"","description":"R\u00e9c\u00e9piss\u00e9 N\u00b00022\/HAAC\/12-2020\/pL\/P, lepointactu07@gmail.com","potentialAction":[{"@type":"SearchAction","target":{"@type":"EntryPoint","urlTemplate":"https:\/\/lepoint-actu.tg\/?s={search_term_string}"},"query-input":{"@type":"PropertyValueSpecification","valueRequired":true,"valueName":"search_term_string"}}],"inLanguage":"fr-FR"},{"@type":"Person","@id":"https:\/\/lepoint-actu.tg\/#\/schema\/person\/e4026d66cbdc205cab83e169ab7eaca1","name":"La Redaction","image":{"@type":"ImageObject","inLanguage":"fr-FR","@id":"https:\/\/lepoint-actu.tg\/#\/schema\/person\/image\/","url":"https:\/\/secure.gravatar.com\/avatar\/1682a0ff7e2c36efa51c5d262eea092000ec1ce420118e6261440956730308c2?s=96&d=mm&r=g","contentUrl":"https:\/\/secure.gravatar.com\/avatar\/1682a0ff7e2c36efa51c5d262eea092000ec1ce420118e6261440956730308c2?s=96&d=mm&r=g","caption":"La Redaction"},"url":"https:\/\/lepoint-actu.tg\/index.php\/author\/raymondsama\/"}]}},"_links":{"self":[{"href":"https:\/\/lepoint-actu.tg\/index.php\/wp-json\/wp\/v2\/posts\/4099","targetHints":{"allow":["GET"]}}],"collection":[{"href":"https:\/\/lepoint-actu.tg\/index.php\/wp-json\/wp\/v2\/posts"}],"about":[{"href":"https:\/\/lepoint-actu.tg\/index.php\/wp-json\/wp\/v2\/types\/post"}],"author":[{"embeddable":true,"href":"https:\/\/lepoint-actu.tg\/index.php\/wp-json\/wp\/v2\/users\/2"}],"replies":[{"embeddable":true,"href":"https:\/\/lepoint-actu.tg\/index.php\/wp-json\/wp\/v2\/comments?post=4099"}],"version-history":[{"count":1,"href":"https:\/\/lepoint-actu.tg\/index.php\/wp-json\/wp\/v2\/posts\/4099\/revisions"}],"predecessor-version":[{"id":4101,"href":"https:\/\/lepoint-actu.tg\/index.php\/wp-json\/wp\/v2\/posts\/4099\/revisions\/4101"}],"wp:featuredmedia":[{"embeddable":true,"href":"https:\/\/lepoint-actu.tg\/index.php\/wp-json\/wp\/v2\/media\/4100"}],"wp:attachment":[{"href":"https:\/\/lepoint-actu.tg\/index.php\/wp-json\/wp\/v2\/media?parent=4099"}],"wp:term":[{"taxonomy":"category","embeddable":true,"href":"https:\/\/lepoint-actu.tg\/index.php\/wp-json\/wp\/v2\/categories?post=4099"},{"taxonomy":"post_tag","embeddable":true,"href":"https:\/\/lepoint-actu.tg\/index.php\/wp-json\/wp\/v2\/tags?post=4099"}],"curies":[{"name":"wp","href":"https:\/\/api.w.org\/{rel}","templated":true}]}}