{"id":4141,"date":"2025-01-03T21:10:29","date_gmt":"2025-01-03T21:10:29","guid":{"rendered":"https:\/\/lepoint-actu.tg\/?p=4141"},"modified":"2025-01-03T21:10:41","modified_gmt":"2025-01-03T21:10:41","slug":"voeux-de-la-ministre-kouigan-a-lendroit-des-differents-corps-de-metiers-dependant-de-son-ministere","status":"publish","type":"post","link":"https:\/\/lepoint-actu.tg\/index.php\/2025\/01\/03\/voeux-de-la-ministre-kouigan-a-lendroit-des-differents-corps-de-metiers-dependant-de-son-ministere\/","title":{"rendered":"Voeux de la ministre Kouigan \u00e0 l&rsquo;endroit des diff\u00e9rents corps de m\u00e9tiers d\u00e9pendant de son minist\u00e8re"},"content":{"rendered":"\n<p>\u00abJe forme \u00e0 l\u2019endroit de tous les acteurs de la communication, des m\u00e9dias et de la culture, des v\u0153ux de sant\u00e9, de paix, d\u2019\u00e9panouissement individuel et de r\u00e9ussite collective.<br>Poursuivons les efforts engag\u00e9s pour renforcer la communication de proximit\u00e9 dans notre pays, pour promouvoir un paysage m\u00e9diatique dynamique et un secteur culturel inclusif et prosp\u00e8re.<br>Ensemble, consolidons les acquis de notre pays, renfor\u00e7ons l\u2019unit\u00e9 nationale, contribuons au rayonnement de la tr\u00e8s riche culture togolaise\u2026<br>Bonne ann\u00e9e 2025\u00bb.    <\/p>\n\n\n\n<p>Ce sont les mots de Madame Yawa Kouigan, ministre de la communication, des m\u00e9dias et la culture, porte-parole du gouvernement. Ces mots, \u00e0 l&rsquo;occasion de cette ann\u00e9e nouvelle 2025, sont adress\u00e9s \u00e0 diff\u00e9rents acteurs d\u00e9pendant de son minist\u00e8re.<\/p>\n","protected":false},"excerpt":{"rendered":"<p>\u00abJe forme \u00e0 l\u2019endroit de tous les acteurs de la communication, des m\u00e9dias et de la culture, des v\u0153ux de<\/p>\n","protected":false},"author":2,"featured_media":4142,"comment_status":"open","ping_status":"closed","sticky":false,"template":"","format":"standard","meta":{"footnotes":""},"categories":[1],"tags":[],"class_list":["post-4141","post","type-post","status-publish","format-standard","has-post-thumbnail","hentry","category-societe"],"yoast_head":"<!-- This site is optimized with the Yoast SEO plugin v23.9 - https:\/\/yoast.com\/wordpress\/plugins\/seo\/ -->\n<title>Voeux de la ministre Kouigan \u00e0 l&#039;endroit des diff\u00e9rents corps de m\u00e9tiers d\u00e9pendant de son minist\u00e8re -<\/title>\n<meta name=\"robots\" content=\"index, follow, max-snippet:-1, max-image-preview:large, max-video-preview:-1\" \/>\n<link rel=\"canonical\" href=\"https:\/\/lepoint-actu.tg\/index.php\/2025\/01\/03\/voeux-de-la-ministre-kouigan-a-lendroit-des-differents-corps-de-metiers-dependant-de-son-ministere\/\" \/>\n<meta property=\"og:locale\" content=\"fr_FR\" \/>\n<meta property=\"og:type\" content=\"article\" \/>\n<meta property=\"og:title\" content=\"Voeux de la ministre Kouigan \u00e0 l&#039;endroit des diff\u00e9rents corps de m\u00e9tiers d\u00e9pendant de son minist\u00e8re -\" \/>\n<meta property=\"og:description\" content=\"\u00abJe forme \u00e0 l\u2019endroit de tous les acteurs de la communication, des m\u00e9dias et de la culture, des v\u0153ux de\" \/>\n<meta property=\"og:url\" content=\"https:\/\/lepoint-actu.tg\/index.php\/2025\/01\/03\/voeux-de-la-ministre-kouigan-a-lendroit-des-differents-corps-de-metiers-dependant-de-son-ministere\/\" \/>\n<meta property=\"article:published_time\" content=\"2025-01-03T21:10:29+00:00\" \/>\n<meta property=\"article:modified_time\" content=\"2025-01-03T21:10:41+00:00\" \/>\n<meta property=\"og:image\" content=\"https:\/\/lepoint-actu.tg\/wp-content\/uploads\/2025\/01\/Screenshot_20250103-205607_1.jpg\" \/>\n\t<meta property=\"og:image:width\" content=\"434\" \/>\n\t<meta property=\"og:image:height\" content=\"470\" \/>\n\t<meta property=\"og:image:type\" content=\"image\/jpeg\" \/>\n<meta name=\"author\" content=\"La Redaction\" \/>\n<meta name=\"twitter:card\" content=\"summary_large_image\" \/>\n<meta name=\"twitter:label1\" content=\"\u00c9crit par\" \/>\n\t<meta name=\"twitter:data1\" content=\"La Redaction\" \/>\n\t<meta name=\"twitter:label2\" content=\"Dur\u00e9e de lecture estim\u00e9e\" \/>\n\t<meta name=\"twitter:data2\" content=\"1 minute\" \/>\n<script type=\"application\/ld+json\" class=\"yoast-schema-graph\">{\"@context\":\"https:\/\/schema.org\",\"@graph\":[{\"@type\":\"WebPage\",\"@id\":\"https:\/\/lepoint-actu.tg\/index.php\/2025\/01\/03\/voeux-de-la-ministre-kouigan-a-lendroit-des-differents-corps-de-metiers-dependant-de-son-ministere\/\",\"url\":\"https:\/\/lepoint-actu.tg\/index.php\/2025\/01\/03\/voeux-de-la-ministre-kouigan-a-lendroit-des-differents-corps-de-metiers-dependant-de-son-ministere\/\",\"name\":\"Voeux de la ministre Kouigan \u00e0 l'endroit des diff\u00e9rents corps de m\u00e9tiers d\u00e9pendant de son minist\u00e8re -\",\"isPartOf\":{\"@id\":\"https:\/\/lepoint-actu.tg\/#website\"},\"primaryImageOfPage\":{\"@id\":\"https:\/\/lepoint-actu.tg\/index.php\/2025\/01\/03\/voeux-de-la-ministre-kouigan-a-lendroit-des-differents-corps-de-metiers-dependant-de-son-ministere\/#primaryimage\"},\"image\":{\"@id\":\"https:\/\/lepoint-actu.tg\/index.php\/2025\/01\/03\/voeux-de-la-ministre-kouigan-a-lendroit-des-differents-corps-de-metiers-dependant-de-son-ministere\/#primaryimage\"},\"thumbnailUrl\":\"https:\/\/lepoint-actu.tg\/wp-content\/uploads\/2025\/01\/Screenshot_20250103-205607_1.jpg\",\"datePublished\":\"2025-01-03T21:10:29+00:00\",\"dateModified\":\"2025-01-03T21:10:41+00:00\",\"author\":{\"@id\":\"https:\/\/lepoint-actu.tg\/#\/schema\/person\/e4026d66cbdc205cab83e169ab7eaca1\"},\"breadcrumb\":{\"@id\":\"https:\/\/lepoint-actu.tg\/index.php\/2025\/01\/03\/voeux-de-la-ministre-kouigan-a-lendroit-des-differents-corps-de-metiers-dependant-de-son-ministere\/#breadcrumb\"},\"inLanguage\":\"fr-FR\",\"potentialAction\":[{\"@type\":\"ReadAction\",\"target\":[\"https:\/\/lepoint-actu.tg\/index.php\/2025\/01\/03\/voeux-de-la-ministre-kouigan-a-lendroit-des-differents-corps-de-metiers-dependant-de-son-ministere\/\"]}]},{\"@type\":\"ImageObject\",\"inLanguage\":\"fr-FR\",\"@id\":\"https:\/\/lepoint-actu.tg\/index.php\/2025\/01\/03\/voeux-de-la-ministre-kouigan-a-lendroit-des-differents-corps-de-metiers-dependant-de-son-ministere\/#primaryimage\",\"url\":\"https:\/\/lepoint-actu.tg\/wp-content\/uploads\/2025\/01\/Screenshot_20250103-205607_1.jpg\",\"contentUrl\":\"https:\/\/lepoint-actu.tg\/wp-content\/uploads\/2025\/01\/Screenshot_20250103-205607_1.jpg\",\"width\":434,\"height\":470},{\"@type\":\"BreadcrumbList\",\"@id\":\"https:\/\/lepoint-actu.tg\/index.php\/2025\/01\/03\/voeux-de-la-ministre-kouigan-a-lendroit-des-differents-corps-de-metiers-dependant-de-son-ministere\/#breadcrumb\",\"itemListElement\":[{\"@type\":\"ListItem\",\"position\":1,\"name\":\"Accueil\",\"item\":\"https:\/\/lepoint-actu.tg\/\"},{\"@type\":\"ListItem\",\"position\":2,\"name\":\"Voeux de la ministre Kouigan \u00e0 l&rsquo;endroit des diff\u00e9rents corps de m\u00e9tiers d\u00e9pendant de son minist\u00e8re\"}]},{\"@type\":\"WebSite\",\"@id\":\"https:\/\/lepoint-actu.tg\/#website\",\"url\":\"https:\/\/lepoint-actu.tg\/\",\"name\":\"\",\"description\":\"R\u00e9c\u00e9piss\u00e9 N\u00b00022\/HAAC\/12-2020\/pL\/P, lepointactu07@gmail.com\",\"potentialAction\":[{\"@type\":\"SearchAction\",\"target\":{\"@type\":\"EntryPoint\",\"urlTemplate\":\"https:\/\/lepoint-actu.tg\/?s={search_term_string}\"},\"query-input\":{\"@type\":\"PropertyValueSpecification\",\"valueRequired\":true,\"valueName\":\"search_term_string\"}}],\"inLanguage\":\"fr-FR\"},{\"@type\":\"Person\",\"@id\":\"https:\/\/lepoint-actu.tg\/#\/schema\/person\/e4026d66cbdc205cab83e169ab7eaca1\",\"name\":\"La Redaction\",\"image\":{\"@type\":\"ImageObject\",\"inLanguage\":\"fr-FR\",\"@id\":\"https:\/\/lepoint-actu.tg\/#\/schema\/person\/image\/\",\"url\":\"https:\/\/secure.gravatar.com\/avatar\/1682a0ff7e2c36efa51c5d262eea092000ec1ce420118e6261440956730308c2?s=96&d=mm&r=g\",\"contentUrl\":\"https:\/\/secure.gravatar.com\/avatar\/1682a0ff7e2c36efa51c5d262eea092000ec1ce420118e6261440956730308c2?s=96&d=mm&r=g\",\"caption\":\"La Redaction\"},\"url\":\"https:\/\/lepoint-actu.tg\/index.php\/author\/raymondsama\/\"}]}<\/script>\n<!-- \/ Yoast SEO plugin. -->","yoast_head_json":{"title":"Voeux de la ministre Kouigan \u00e0 l'endroit des diff\u00e9rents corps de m\u00e9tiers d\u00e9pendant de son minist\u00e8re -","robots":{"index":"index","follow":"follow","max-snippet":"max-snippet:-1","max-image-preview":"max-image-preview:large","max-video-preview":"max-video-preview:-1"},"canonical":"https:\/\/lepoint-actu.tg\/index.php\/2025\/01\/03\/voeux-de-la-ministre-kouigan-a-lendroit-des-differents-corps-de-metiers-dependant-de-son-ministere\/","og_locale":"fr_FR","og_type":"article","og_title":"Voeux de la ministre Kouigan \u00e0 l'endroit des diff\u00e9rents corps de m\u00e9tiers d\u00e9pendant de son minist\u00e8re -","og_description":"\u00abJe forme \u00e0 l\u2019endroit de tous les acteurs de la communication, des m\u00e9dias et de la culture, des v\u0153ux de","og_url":"https:\/\/lepoint-actu.tg\/index.php\/2025\/01\/03\/voeux-de-la-ministre-kouigan-a-lendroit-des-differents-corps-de-metiers-dependant-de-son-ministere\/","article_published_time":"2025-01-03T21:10:29+00:00","article_modified_time":"2025-01-03T21:10:41+00:00","og_image":[{"width":434,"height":470,"url":"https:\/\/lepoint-actu.tg\/wp-content\/uploads\/2025\/01\/Screenshot_20250103-205607_1.jpg","type":"image\/jpeg"}],"author":"La Redaction","twitter_card":"summary_large_image","twitter_misc":{"\u00c9crit par":"La Redaction","Dur\u00e9e de lecture estim\u00e9e":"1 minute"},"schema":{"@context":"https:\/\/schema.org","@graph":[{"@type":"WebPage","@id":"https:\/\/lepoint-actu.tg\/index.php\/2025\/01\/03\/voeux-de-la-ministre-kouigan-a-lendroit-des-differents-corps-de-metiers-dependant-de-son-ministere\/","url":"https:\/\/lepoint-actu.tg\/index.php\/2025\/01\/03\/voeux-de-la-ministre-kouigan-a-lendroit-des-differents-corps-de-metiers-dependant-de-son-ministere\/","name":"Voeux de la ministre Kouigan \u00e0 l'endroit des diff\u00e9rents corps de m\u00e9tiers d\u00e9pendant de son minist\u00e8re -","isPartOf":{"@id":"https:\/\/lepoint-actu.tg\/#website"},"primaryImageOfPage":{"@id":"https:\/\/lepoint-actu.tg\/index.php\/2025\/01\/03\/voeux-de-la-ministre-kouigan-a-lendroit-des-differents-corps-de-metiers-dependant-de-son-ministere\/#primaryimage"},"image":{"@id":"https:\/\/lepoint-actu.tg\/index.php\/2025\/01\/03\/voeux-de-la-ministre-kouigan-a-lendroit-des-differents-corps-de-metiers-dependant-de-son-ministere\/#primaryimage"},"thumbnailUrl":"https:\/\/lepoint-actu.tg\/wp-content\/uploads\/2025\/01\/Screenshot_20250103-205607_1.jpg","datePublished":"2025-01-03T21:10:29+00:00","dateModified":"2025-01-03T21:10:41+00:00","author":{"@id":"https:\/\/lepoint-actu.tg\/#\/schema\/person\/e4026d66cbdc205cab83e169ab7eaca1"},"breadcrumb":{"@id":"https:\/\/lepoint-actu.tg\/index.php\/2025\/01\/03\/voeux-de-la-ministre-kouigan-a-lendroit-des-differents-corps-de-metiers-dependant-de-son-ministere\/#breadcrumb"},"inLanguage":"fr-FR","potentialAction":[{"@type":"ReadAction","target":["https:\/\/lepoint-actu.tg\/index.php\/2025\/01\/03\/voeux-de-la-ministre-kouigan-a-lendroit-des-differents-corps-de-metiers-dependant-de-son-ministere\/"]}]},{"@type":"ImageObject","inLanguage":"fr-FR","@id":"https:\/\/lepoint-actu.tg\/index.php\/2025\/01\/03\/voeux-de-la-ministre-kouigan-a-lendroit-des-differents-corps-de-metiers-dependant-de-son-ministere\/#primaryimage","url":"https:\/\/lepoint-actu.tg\/wp-content\/uploads\/2025\/01\/Screenshot_20250103-205607_1.jpg","contentUrl":"https:\/\/lepoint-actu.tg\/wp-content\/uploads\/2025\/01\/Screenshot_20250103-205607_1.jpg","width":434,"height":470},{"@type":"BreadcrumbList","@id":"https:\/\/lepoint-actu.tg\/index.php\/2025\/01\/03\/voeux-de-la-ministre-kouigan-a-lendroit-des-differents-corps-de-metiers-dependant-de-son-ministere\/#breadcrumb","itemListElement":[{"@type":"ListItem","position":1,"name":"Accueil","item":"https:\/\/lepoint-actu.tg\/"},{"@type":"ListItem","position":2,"name":"Voeux de la ministre Kouigan \u00e0 l&rsquo;endroit des diff\u00e9rents corps de m\u00e9tiers d\u00e9pendant de son minist\u00e8re"}]},{"@type":"WebSite","@id":"https:\/\/lepoint-actu.tg\/#website","url":"https:\/\/lepoint-actu.tg\/","name":"","description":"R\u00e9c\u00e9piss\u00e9 N\u00b00022\/HAAC\/12-2020\/pL\/P, lepointactu07@gmail.com","potentialAction":[{"@type":"SearchAction","target":{"@type":"EntryPoint","urlTemplate":"https:\/\/lepoint-actu.tg\/?s={search_term_string}"},"query-input":{"@type":"PropertyValueSpecification","valueRequired":true,"valueName":"search_term_string"}}],"inLanguage":"fr-FR"},{"@type":"Person","@id":"https:\/\/lepoint-actu.tg\/#\/schema\/person\/e4026d66cbdc205cab83e169ab7eaca1","name":"La Redaction","image":{"@type":"ImageObject","inLanguage":"fr-FR","@id":"https:\/\/lepoint-actu.tg\/#\/schema\/person\/image\/","url":"https:\/\/secure.gravatar.com\/avatar\/1682a0ff7e2c36efa51c5d262eea092000ec1ce420118e6261440956730308c2?s=96&d=mm&r=g","contentUrl":"https:\/\/secure.gravatar.com\/avatar\/1682a0ff7e2c36efa51c5d262eea092000ec1ce420118e6261440956730308c2?s=96&d=mm&r=g","caption":"La Redaction"},"url":"https:\/\/lepoint-actu.tg\/index.php\/author\/raymondsama\/"}]}},"_links":{"self":[{"href":"https:\/\/lepoint-actu.tg\/index.php\/wp-json\/wp\/v2\/posts\/4141","targetHints":{"allow":["GET"]}}],"collection":[{"href":"https:\/\/lepoint-actu.tg\/index.php\/wp-json\/wp\/v2\/posts"}],"about":[{"href":"https:\/\/lepoint-actu.tg\/index.php\/wp-json\/wp\/v2\/types\/post"}],"author":[{"embeddable":true,"href":"https:\/\/lepoint-actu.tg\/index.php\/wp-json\/wp\/v2\/users\/2"}],"replies":[{"embeddable":true,"href":"https:\/\/lepoint-actu.tg\/index.php\/wp-json\/wp\/v2\/comments?post=4141"}],"version-history":[{"count":1,"href":"https:\/\/lepoint-actu.tg\/index.php\/wp-json\/wp\/v2\/posts\/4141\/revisions"}],"predecessor-version":[{"id":4143,"href":"https:\/\/lepoint-actu.tg\/index.php\/wp-json\/wp\/v2\/posts\/4141\/revisions\/4143"}],"wp:featuredmedia":[{"embeddable":true,"href":"https:\/\/lepoint-actu.tg\/index.php\/wp-json\/wp\/v2\/media\/4142"}],"wp:attachment":[{"href":"https:\/\/lepoint-actu.tg\/index.php\/wp-json\/wp\/v2\/media?parent=4141"}],"wp:term":[{"taxonomy":"category","embeddable":true,"href":"https:\/\/lepoint-actu.tg\/index.php\/wp-json\/wp\/v2\/categories?post=4141"},{"taxonomy":"post_tag","embeddable":true,"href":"https:\/\/lepoint-actu.tg\/index.php\/wp-json\/wp\/v2\/tags?post=4141"}],"curies":[{"name":"wp","href":"https:\/\/api.w.org\/{rel}","templated":true}]}}