{"id":4167,"date":"2025-01-17T19:22:23","date_gmt":"2025-01-17T19:22:23","guid":{"rendered":"https:\/\/lepoint-actu.tg\/?p=4167"},"modified":"2025-01-17T19:22:30","modified_gmt":"2025-01-17T19:22:30","slug":"cas-de-meningite-detectes-au-togo-les-mesures-prises","status":"publish","type":"post","link":"https:\/\/lepoint-actu.tg\/index.php\/2025\/01\/17\/cas-de-meningite-detectes-au-togo-les-mesures-prises\/","title":{"rendered":"Cas de m\u00e9ningite d\u00e9tect\u00e9s au Togo, les mesures prises"},"content":{"rendered":"\n<p><br>Le mal pour l&rsquo;heure s\u00e9vit dans la r\u00e9gion de la Kara, au nord du pays, selon les autorit\u00e9s sanitaires. De nouveaux cas de m\u00e9ningite ont \u00e9t\u00e9 confirm\u00e9s, principalement dans la pr\u00e9fecture de Dankpen, renseigne-t-on. Selon le ministre de la sant\u00e9 et de l\u2019hygi\u00e8ne publique, Tchim Darr\u00e9, qui a donn\u00e9 l&rsquo;information travers un communiqu\u00e9 officiel le 15 janvier, plusieurs mesures sont prises.<br>En substance, un dispositif pour garantir une d\u00e9tection pr\u00e9coce des nouveaux cas et assurer une prise en charge ad\u00e9quate des patients a \u00e9t\u00e9 mis en place. Selon la m\u00eame source, ces mesures incluent la mobilisation des formations sanitaires pour l\u2019accueil des malades et des campagnes de sensibilisation cibl\u00e9es. L\u2019objectif est d\u2019informer la population sur les pr\u00e9cautions \u00e0 adopter et d\u2019encourager \u00e0 une consultation rapide en cas de signes \u00e9vocateurs.<br>Pour contenir la propagation de la maladie, le minist\u00e8re de la sant\u00e9 a annonc\u00e9 le lancement d\u2019investigations au sein des communaut\u00e9s affect\u00e9es. Objectif : identifier d\u2019\u00e9ventuels nouveaux cas et intervenir rapidement pour \u00e9viter toute complication ou transmission suppl\u00e9mentaire.<br>Rappelons que la m\u00e9ningite, une infection potentiellement mortelle et hautement contagieuse, est caus\u00e9e par divers agents pathog\u00e8nes. Elle se manifeste par une fi\u00e8vre soudaine, des maux de t\u00eate intenses, des vomissements, une raideur de la nuque, et dans les cas graves, des \u00e9pisodes de perte de conscience ou des crises convulsives. Sa transmission se fait par contact direct avec les gouttelettes respiratoires ou la salive d\u2019une personne infect\u00e9e.<\/p>\n","protected":false},"excerpt":{"rendered":"<p>Le mal pour l&rsquo;heure s\u00e9vit dans la r\u00e9gion de la Kara, au nord du pays, selon les autorit\u00e9s sanitaires. De<\/p>\n","protected":false},"author":2,"featured_media":4168,"comment_status":"open","ping_status":"closed","sticky":false,"template":"","format":"standard","meta":{"footnotes":""},"categories":[1],"tags":[],"class_list":["post-4167","post","type-post","status-publish","format-standard","has-post-thumbnail","hentry","category-societe"],"yoast_head":"<!-- This site is optimized with the Yoast SEO plugin v23.9 - https:\/\/yoast.com\/wordpress\/plugins\/seo\/ -->\n<title>Cas de m\u00e9ningite d\u00e9tect\u00e9s au Togo, les mesures prises -<\/title>\n<meta name=\"robots\" content=\"index, follow, max-snippet:-1, max-image-preview:large, max-video-preview:-1\" \/>\n<link rel=\"canonical\" href=\"https:\/\/lepoint-actu.tg\/index.php\/2025\/01\/17\/cas-de-meningite-detectes-au-togo-les-mesures-prises\/\" \/>\n<meta property=\"og:locale\" content=\"fr_FR\" \/>\n<meta property=\"og:type\" content=\"article\" \/>\n<meta property=\"og:title\" content=\"Cas de m\u00e9ningite d\u00e9tect\u00e9s au Togo, les mesures prises -\" \/>\n<meta property=\"og:description\" content=\"Le mal pour l&rsquo;heure s\u00e9vit dans la r\u00e9gion de la Kara, au nord du pays, selon les autorit\u00e9s sanitaires. De\" \/>\n<meta property=\"og:url\" content=\"https:\/\/lepoint-actu.tg\/index.php\/2025\/01\/17\/cas-de-meningite-detectes-au-togo-les-mesures-prises\/\" \/>\n<meta property=\"article:published_time\" content=\"2025-01-17T19:22:23+00:00\" \/>\n<meta property=\"article:modified_time\" content=\"2025-01-17T19:22:30+00:00\" \/>\n<meta property=\"og:image\" content=\"https:\/\/lepoint-actu.tg\/wp-content\/uploads\/2025\/01\/370541237_1013144022978464_943462141940500338_n.jpg\" \/>\n\t<meta property=\"og:image:width\" content=\"526\" \/>\n\t<meta property=\"og:image:height\" content=\"526\" \/>\n\t<meta property=\"og:image:type\" content=\"image\/jpeg\" \/>\n<meta name=\"author\" content=\"La Redaction\" \/>\n<meta name=\"twitter:card\" content=\"summary_large_image\" \/>\n<meta name=\"twitter:label1\" content=\"\u00c9crit par\" \/>\n\t<meta name=\"twitter:data1\" content=\"La Redaction\" \/>\n\t<meta name=\"twitter:label2\" content=\"Dur\u00e9e de lecture estim\u00e9e\" \/>\n\t<meta name=\"twitter:data2\" content=\"2 minutes\" \/>\n<script type=\"application\/ld+json\" class=\"yoast-schema-graph\">{\"@context\":\"https:\/\/schema.org\",\"@graph\":[{\"@type\":\"WebPage\",\"@id\":\"https:\/\/lepoint-actu.tg\/index.php\/2025\/01\/17\/cas-de-meningite-detectes-au-togo-les-mesures-prises\/\",\"url\":\"https:\/\/lepoint-actu.tg\/index.php\/2025\/01\/17\/cas-de-meningite-detectes-au-togo-les-mesures-prises\/\",\"name\":\"Cas de m\u00e9ningite d\u00e9tect\u00e9s au Togo, les mesures prises -\",\"isPartOf\":{\"@id\":\"https:\/\/lepoint-actu.tg\/#website\"},\"primaryImageOfPage\":{\"@id\":\"https:\/\/lepoint-actu.tg\/index.php\/2025\/01\/17\/cas-de-meningite-detectes-au-togo-les-mesures-prises\/#primaryimage\"},\"image\":{\"@id\":\"https:\/\/lepoint-actu.tg\/index.php\/2025\/01\/17\/cas-de-meningite-detectes-au-togo-les-mesures-prises\/#primaryimage\"},\"thumbnailUrl\":\"https:\/\/lepoint-actu.tg\/wp-content\/uploads\/2025\/01\/370541237_1013144022978464_943462141940500338_n.jpg\",\"datePublished\":\"2025-01-17T19:22:23+00:00\",\"dateModified\":\"2025-01-17T19:22:30+00:00\",\"author\":{\"@id\":\"https:\/\/lepoint-actu.tg\/#\/schema\/person\/e4026d66cbdc205cab83e169ab7eaca1\"},\"breadcrumb\":{\"@id\":\"https:\/\/lepoint-actu.tg\/index.php\/2025\/01\/17\/cas-de-meningite-detectes-au-togo-les-mesures-prises\/#breadcrumb\"},\"inLanguage\":\"fr-FR\",\"potentialAction\":[{\"@type\":\"ReadAction\",\"target\":[\"https:\/\/lepoint-actu.tg\/index.php\/2025\/01\/17\/cas-de-meningite-detectes-au-togo-les-mesures-prises\/\"]}]},{\"@type\":\"ImageObject\",\"inLanguage\":\"fr-FR\",\"@id\":\"https:\/\/lepoint-actu.tg\/index.php\/2025\/01\/17\/cas-de-meningite-detectes-au-togo-les-mesures-prises\/#primaryimage\",\"url\":\"https:\/\/lepoint-actu.tg\/wp-content\/uploads\/2025\/01\/370541237_1013144022978464_943462141940500338_n.jpg\",\"contentUrl\":\"https:\/\/lepoint-actu.tg\/wp-content\/uploads\/2025\/01\/370541237_1013144022978464_943462141940500338_n.jpg\",\"width\":526,\"height\":526},{\"@type\":\"BreadcrumbList\",\"@id\":\"https:\/\/lepoint-actu.tg\/index.php\/2025\/01\/17\/cas-de-meningite-detectes-au-togo-les-mesures-prises\/#breadcrumb\",\"itemListElement\":[{\"@type\":\"ListItem\",\"position\":1,\"name\":\"Accueil\",\"item\":\"https:\/\/lepoint-actu.tg\/\"},{\"@type\":\"ListItem\",\"position\":2,\"name\":\"Cas de m\u00e9ningite d\u00e9tect\u00e9s au Togo, les mesures prises\"}]},{\"@type\":\"WebSite\",\"@id\":\"https:\/\/lepoint-actu.tg\/#website\",\"url\":\"https:\/\/lepoint-actu.tg\/\",\"name\":\"\",\"description\":\"R\u00e9c\u00e9piss\u00e9 N\u00b00022\/HAAC\/12-2020\/pL\/P, lepointactu07@gmail.com\",\"potentialAction\":[{\"@type\":\"SearchAction\",\"target\":{\"@type\":\"EntryPoint\",\"urlTemplate\":\"https:\/\/lepoint-actu.tg\/?s={search_term_string}\"},\"query-input\":{\"@type\":\"PropertyValueSpecification\",\"valueRequired\":true,\"valueName\":\"search_term_string\"}}],\"inLanguage\":\"fr-FR\"},{\"@type\":\"Person\",\"@id\":\"https:\/\/lepoint-actu.tg\/#\/schema\/person\/e4026d66cbdc205cab83e169ab7eaca1\",\"name\":\"La Redaction\",\"image\":{\"@type\":\"ImageObject\",\"inLanguage\":\"fr-FR\",\"@id\":\"https:\/\/lepoint-actu.tg\/#\/schema\/person\/image\/\",\"url\":\"https:\/\/secure.gravatar.com\/avatar\/1682a0ff7e2c36efa51c5d262eea092000ec1ce420118e6261440956730308c2?s=96&d=mm&r=g\",\"contentUrl\":\"https:\/\/secure.gravatar.com\/avatar\/1682a0ff7e2c36efa51c5d262eea092000ec1ce420118e6261440956730308c2?s=96&d=mm&r=g\",\"caption\":\"La Redaction\"},\"url\":\"https:\/\/lepoint-actu.tg\/index.php\/author\/raymondsama\/\"}]}<\/script>\n<!-- \/ Yoast SEO plugin. -->","yoast_head_json":{"title":"Cas de m\u00e9ningite d\u00e9tect\u00e9s au Togo, les mesures prises -","robots":{"index":"index","follow":"follow","max-snippet":"max-snippet:-1","max-image-preview":"max-image-preview:large","max-video-preview":"max-video-preview:-1"},"canonical":"https:\/\/lepoint-actu.tg\/index.php\/2025\/01\/17\/cas-de-meningite-detectes-au-togo-les-mesures-prises\/","og_locale":"fr_FR","og_type":"article","og_title":"Cas de m\u00e9ningite d\u00e9tect\u00e9s au Togo, les mesures prises -","og_description":"Le mal pour l&rsquo;heure s\u00e9vit dans la r\u00e9gion de la Kara, au nord du pays, selon les autorit\u00e9s sanitaires. De","og_url":"https:\/\/lepoint-actu.tg\/index.php\/2025\/01\/17\/cas-de-meningite-detectes-au-togo-les-mesures-prises\/","article_published_time":"2025-01-17T19:22:23+00:00","article_modified_time":"2025-01-17T19:22:30+00:00","og_image":[{"width":526,"height":526,"url":"https:\/\/lepoint-actu.tg\/wp-content\/uploads\/2025\/01\/370541237_1013144022978464_943462141940500338_n.jpg","type":"image\/jpeg"}],"author":"La Redaction","twitter_card":"summary_large_image","twitter_misc":{"\u00c9crit par":"La Redaction","Dur\u00e9e de lecture estim\u00e9e":"2 minutes"},"schema":{"@context":"https:\/\/schema.org","@graph":[{"@type":"WebPage","@id":"https:\/\/lepoint-actu.tg\/index.php\/2025\/01\/17\/cas-de-meningite-detectes-au-togo-les-mesures-prises\/","url":"https:\/\/lepoint-actu.tg\/index.php\/2025\/01\/17\/cas-de-meningite-detectes-au-togo-les-mesures-prises\/","name":"Cas de m\u00e9ningite d\u00e9tect\u00e9s au Togo, les mesures prises -","isPartOf":{"@id":"https:\/\/lepoint-actu.tg\/#website"},"primaryImageOfPage":{"@id":"https:\/\/lepoint-actu.tg\/index.php\/2025\/01\/17\/cas-de-meningite-detectes-au-togo-les-mesures-prises\/#primaryimage"},"image":{"@id":"https:\/\/lepoint-actu.tg\/index.php\/2025\/01\/17\/cas-de-meningite-detectes-au-togo-les-mesures-prises\/#primaryimage"},"thumbnailUrl":"https:\/\/lepoint-actu.tg\/wp-content\/uploads\/2025\/01\/370541237_1013144022978464_943462141940500338_n.jpg","datePublished":"2025-01-17T19:22:23+00:00","dateModified":"2025-01-17T19:22:30+00:00","author":{"@id":"https:\/\/lepoint-actu.tg\/#\/schema\/person\/e4026d66cbdc205cab83e169ab7eaca1"},"breadcrumb":{"@id":"https:\/\/lepoint-actu.tg\/index.php\/2025\/01\/17\/cas-de-meningite-detectes-au-togo-les-mesures-prises\/#breadcrumb"},"inLanguage":"fr-FR","potentialAction":[{"@type":"ReadAction","target":["https:\/\/lepoint-actu.tg\/index.php\/2025\/01\/17\/cas-de-meningite-detectes-au-togo-les-mesures-prises\/"]}]},{"@type":"ImageObject","inLanguage":"fr-FR","@id":"https:\/\/lepoint-actu.tg\/index.php\/2025\/01\/17\/cas-de-meningite-detectes-au-togo-les-mesures-prises\/#primaryimage","url":"https:\/\/lepoint-actu.tg\/wp-content\/uploads\/2025\/01\/370541237_1013144022978464_943462141940500338_n.jpg","contentUrl":"https:\/\/lepoint-actu.tg\/wp-content\/uploads\/2025\/01\/370541237_1013144022978464_943462141940500338_n.jpg","width":526,"height":526},{"@type":"BreadcrumbList","@id":"https:\/\/lepoint-actu.tg\/index.php\/2025\/01\/17\/cas-de-meningite-detectes-au-togo-les-mesures-prises\/#breadcrumb","itemListElement":[{"@type":"ListItem","position":1,"name":"Accueil","item":"https:\/\/lepoint-actu.tg\/"},{"@type":"ListItem","position":2,"name":"Cas de m\u00e9ningite d\u00e9tect\u00e9s au Togo, les mesures prises"}]},{"@type":"WebSite","@id":"https:\/\/lepoint-actu.tg\/#website","url":"https:\/\/lepoint-actu.tg\/","name":"","description":"R\u00e9c\u00e9piss\u00e9 N\u00b00022\/HAAC\/12-2020\/pL\/P, lepointactu07@gmail.com","potentialAction":[{"@type":"SearchAction","target":{"@type":"EntryPoint","urlTemplate":"https:\/\/lepoint-actu.tg\/?s={search_term_string}"},"query-input":{"@type":"PropertyValueSpecification","valueRequired":true,"valueName":"search_term_string"}}],"inLanguage":"fr-FR"},{"@type":"Person","@id":"https:\/\/lepoint-actu.tg\/#\/schema\/person\/e4026d66cbdc205cab83e169ab7eaca1","name":"La Redaction","image":{"@type":"ImageObject","inLanguage":"fr-FR","@id":"https:\/\/lepoint-actu.tg\/#\/schema\/person\/image\/","url":"https:\/\/secure.gravatar.com\/avatar\/1682a0ff7e2c36efa51c5d262eea092000ec1ce420118e6261440956730308c2?s=96&d=mm&r=g","contentUrl":"https:\/\/secure.gravatar.com\/avatar\/1682a0ff7e2c36efa51c5d262eea092000ec1ce420118e6261440956730308c2?s=96&d=mm&r=g","caption":"La Redaction"},"url":"https:\/\/lepoint-actu.tg\/index.php\/author\/raymondsama\/"}]}},"_links":{"self":[{"href":"https:\/\/lepoint-actu.tg\/index.php\/wp-json\/wp\/v2\/posts\/4167","targetHints":{"allow":["GET"]}}],"collection":[{"href":"https:\/\/lepoint-actu.tg\/index.php\/wp-json\/wp\/v2\/posts"}],"about":[{"href":"https:\/\/lepoint-actu.tg\/index.php\/wp-json\/wp\/v2\/types\/post"}],"author":[{"embeddable":true,"href":"https:\/\/lepoint-actu.tg\/index.php\/wp-json\/wp\/v2\/users\/2"}],"replies":[{"embeddable":true,"href":"https:\/\/lepoint-actu.tg\/index.php\/wp-json\/wp\/v2\/comments?post=4167"}],"version-history":[{"count":1,"href":"https:\/\/lepoint-actu.tg\/index.php\/wp-json\/wp\/v2\/posts\/4167\/revisions"}],"predecessor-version":[{"id":4169,"href":"https:\/\/lepoint-actu.tg\/index.php\/wp-json\/wp\/v2\/posts\/4167\/revisions\/4169"}],"wp:featuredmedia":[{"embeddable":true,"href":"https:\/\/lepoint-actu.tg\/index.php\/wp-json\/wp\/v2\/media\/4168"}],"wp:attachment":[{"href":"https:\/\/lepoint-actu.tg\/index.php\/wp-json\/wp\/v2\/media?parent=4167"}],"wp:term":[{"taxonomy":"category","embeddable":true,"href":"https:\/\/lepoint-actu.tg\/index.php\/wp-json\/wp\/v2\/categories?post=4167"},{"taxonomy":"post_tag","embeddable":true,"href":"https:\/\/lepoint-actu.tg\/index.php\/wp-json\/wp\/v2\/tags?post=4167"}],"curies":[{"name":"wp","href":"https:\/\/api.w.org\/{rel}","templated":true}]}}