{"id":4247,"date":"2025-04-21T19:19:00","date_gmt":"2025-04-21T19:19:00","guid":{"rendered":"https:\/\/lepoint-actu.tg\/?p=4247"},"modified":"2025-05-20T19:21:19","modified_gmt":"2025-05-20T19:21:19","slug":"lunite-nationale-celebree-dans-golfe-2-avec-une-course-aux-couleurs-de-lindependance","status":"publish","type":"post","link":"https:\/\/lepoint-actu.tg\/index.php\/2025\/04\/21\/lunite-nationale-celebree-dans-golfe-2-avec-une-course-aux-couleurs-de-lindependance\/","title":{"rendered":"L\u2019unit\u00e9 nationale c\u00e9l\u00e9br\u00e9e dans Golfe 2 avec une Course aux couleurs de l\u2019Ind\u00e9pendance"},"content":{"rendered":"\n<p><br>Au Togo, le 65 \u00e8me anniversaire de l\u2019ind\u00e9pendance s\u2019approche \u00e0 grand pas avec plusieurs activit\u00e9s au menu. Dans cet \u00e9lan, dans la Commune du Golfe 2 et sous l\u2019impulsion des autorit\u00e9s municipales, ladite commune a vibr\u00e9 samedi 19 avril 2025 au rythme de la premi\u00e8re \u00e9dition de la Course de l\u2019Ind\u00e9pendance.<br>Cette initiative sportive, souligne-t-on, est organis\u00e9e dans le cadre de la c\u00e9l\u00e9bration du 65e anniversaire de l\u2019accession du Togo \u00e0 la souverainet\u00e9 internationale m\u00eame si elle s\u2019inscrit \u00e9galement dans la dynamique de la Journ\u00e9e nationale du sport observ\u00e9e dans le pays ces derni\u00e8res ann\u00e9es. Partant du Centre de Formation en Entrepreneuriat et Renforcement des Capacit\u00e9s (CEFER) pour une arriv\u00e9e sur l\u2019esplanade du CETEF-Togo 2000, les coureurs ont arpent\u00e9 un itin\u00e9raire de plus de trois kilom\u00e8tres, dans une ambiance empreinte de ferveur citoyenne. Des athl\u00e8tes de tous \u00e2ges et horizons \u00e9taient au rendez-vous, traduisant l\u2019esprit de coh\u00e9sion sociale, de paix et d\u2019unit\u00e9 que pr\u00f4ne la commune.<br>Pour le maire Noukafou Konou, \u00ab cette course incarne les valeurs d\u2019unit\u00e9 et de paix. Elle promeut \u00e9galement la pratique sportive et le vivre-ensemble au sein de notre population \u00bb. Il s\u2019agit, selon les responsables communaux, d\u2019une course qui loge dans un ensemble de programme d\u2019activit\u00e9s culturelles et sportives lanc\u00e9 depuis le 4 janvier dernier et entend devenir un rendez-vous annuel incontournable dans le calendrier sportif local. Pour pr\u00e9cision, la cat\u00e9gorie f\u00e9minine, Binguitcha Latifatou s\u2019est illustr\u00e9e en franchissant la ligne d\u2019arriv\u00e9e en t\u00eate avec un temps de 13 minutes et 24 secondes. Elle a \u00e9t\u00e9 suivie de pr\u00e8s par Djamlan Adjo (13 min 29 s) et Gbordzortor Evelyne (14 min 13 s). Du c\u00f4t\u00e9 des hommes, Douti Oyou a domin\u00e9 la comp\u00e9tition avec un temps remarquable de 11 minutes 21 secondes, talonn\u00e9 par Glokpo Robert (11 min 29 s) et Tossoukpe Kossi (11 min 30 s). Les autorit\u00e9s de Golfe 2 ambitionnent d\u2019inscrire durablement cet \u00e9v\u00e9nement dans la m\u00e9moire collective, en tant que symbole vivant d\u2019engagement citoyen et de patriotisme actif.<br><strong><em>Marc Okuw\u00e9<\/em><\/strong><\/p>\n","protected":false},"excerpt":{"rendered":"<p>Au Togo, le 65 \u00e8me anniversaire de l\u2019ind\u00e9pendance s\u2019approche \u00e0 grand pas avec plusieurs activit\u00e9s au menu. Dans cet \u00e9lan,<\/p>\n","protected":false},"author":2,"featured_media":4248,"comment_status":"open","ping_status":"closed","sticky":false,"template":"","format":"standard","meta":{"footnotes":""},"categories":[1],"tags":[],"class_list":["post-4247","post","type-post","status-publish","format-standard","has-post-thumbnail","hentry","category-societe"],"yoast_head":"<!-- This site is optimized with the Yoast SEO plugin v23.9 - https:\/\/yoast.com\/wordpress\/plugins\/seo\/ -->\n<title>L\u2019unit\u00e9 nationale c\u00e9l\u00e9br\u00e9e dans Golfe 2 avec une Course aux couleurs de l\u2019Ind\u00e9pendance -<\/title>\n<meta name=\"robots\" content=\"index, follow, max-snippet:-1, max-image-preview:large, max-video-preview:-1\" \/>\n<link rel=\"canonical\" href=\"https:\/\/lepoint-actu.tg\/index.php\/2025\/04\/21\/lunite-nationale-celebree-dans-golfe-2-avec-une-course-aux-couleurs-de-lindependance\/\" \/>\n<meta property=\"og:locale\" content=\"fr_FR\" \/>\n<meta property=\"og:type\" content=\"article\" \/>\n<meta property=\"og:title\" content=\"L\u2019unit\u00e9 nationale c\u00e9l\u00e9br\u00e9e dans Golfe 2 avec une Course aux couleurs de l\u2019Ind\u00e9pendance -\" \/>\n<meta property=\"og:description\" content=\"Au Togo, le 65 \u00e8me anniversaire de l\u2019ind\u00e9pendance s\u2019approche \u00e0 grand pas avec plusieurs activit\u00e9s au menu. Dans cet \u00e9lan,\" \/>\n<meta property=\"og:url\" content=\"https:\/\/lepoint-actu.tg\/index.php\/2025\/04\/21\/lunite-nationale-celebree-dans-golfe-2-avec-une-course-aux-couleurs-de-lindependance\/\" \/>\n<meta property=\"article:published_time\" content=\"2025-04-21T19:19:00+00:00\" \/>\n<meta property=\"article:modified_time\" content=\"2025-05-20T19:21:19+00:00\" \/>\n<meta property=\"og:image\" content=\"https:\/\/lepoint-actu.tg\/wp-content\/uploads\/2025\/05\/GOLFE2-COURSE1.jpg\" \/>\n\t<meta property=\"og:image:width\" content=\"587\" \/>\n\t<meta property=\"og:image:height\" content=\"440\" \/>\n\t<meta property=\"og:image:type\" content=\"image\/jpeg\" \/>\n<meta name=\"author\" content=\"La Redaction\" \/>\n<meta name=\"twitter:card\" content=\"summary_large_image\" \/>\n<meta name=\"twitter:label1\" content=\"\u00c9crit par\" \/>\n\t<meta name=\"twitter:data1\" content=\"La Redaction\" \/>\n\t<meta name=\"twitter:label2\" content=\"Dur\u00e9e de lecture estim\u00e9e\" \/>\n\t<meta name=\"twitter:data2\" content=\"2 minutes\" \/>\n<script type=\"application\/ld+json\" class=\"yoast-schema-graph\">{\"@context\":\"https:\/\/schema.org\",\"@graph\":[{\"@type\":\"WebPage\",\"@id\":\"https:\/\/lepoint-actu.tg\/index.php\/2025\/04\/21\/lunite-nationale-celebree-dans-golfe-2-avec-une-course-aux-couleurs-de-lindependance\/\",\"url\":\"https:\/\/lepoint-actu.tg\/index.php\/2025\/04\/21\/lunite-nationale-celebree-dans-golfe-2-avec-une-course-aux-couleurs-de-lindependance\/\",\"name\":\"L\u2019unit\u00e9 nationale c\u00e9l\u00e9br\u00e9e dans Golfe 2 avec une Course aux couleurs de l\u2019Ind\u00e9pendance -\",\"isPartOf\":{\"@id\":\"https:\/\/lepoint-actu.tg\/#website\"},\"primaryImageOfPage\":{\"@id\":\"https:\/\/lepoint-actu.tg\/index.php\/2025\/04\/21\/lunite-nationale-celebree-dans-golfe-2-avec-une-course-aux-couleurs-de-lindependance\/#primaryimage\"},\"image\":{\"@id\":\"https:\/\/lepoint-actu.tg\/index.php\/2025\/04\/21\/lunite-nationale-celebree-dans-golfe-2-avec-une-course-aux-couleurs-de-lindependance\/#primaryimage\"},\"thumbnailUrl\":\"https:\/\/lepoint-actu.tg\/wp-content\/uploads\/2025\/05\/GOLFE2-COURSE1.jpg\",\"datePublished\":\"2025-04-21T19:19:00+00:00\",\"dateModified\":\"2025-05-20T19:21:19+00:00\",\"author\":{\"@id\":\"https:\/\/lepoint-actu.tg\/#\/schema\/person\/e4026d66cbdc205cab83e169ab7eaca1\"},\"breadcrumb\":{\"@id\":\"https:\/\/lepoint-actu.tg\/index.php\/2025\/04\/21\/lunite-nationale-celebree-dans-golfe-2-avec-une-course-aux-couleurs-de-lindependance\/#breadcrumb\"},\"inLanguage\":\"fr-FR\",\"potentialAction\":[{\"@type\":\"ReadAction\",\"target\":[\"https:\/\/lepoint-actu.tg\/index.php\/2025\/04\/21\/lunite-nationale-celebree-dans-golfe-2-avec-une-course-aux-couleurs-de-lindependance\/\"]}]},{\"@type\":\"ImageObject\",\"inLanguage\":\"fr-FR\",\"@id\":\"https:\/\/lepoint-actu.tg\/index.php\/2025\/04\/21\/lunite-nationale-celebree-dans-golfe-2-avec-une-course-aux-couleurs-de-lindependance\/#primaryimage\",\"url\":\"https:\/\/lepoint-actu.tg\/wp-content\/uploads\/2025\/05\/GOLFE2-COURSE1.jpg\",\"contentUrl\":\"https:\/\/lepoint-actu.tg\/wp-content\/uploads\/2025\/05\/GOLFE2-COURSE1.jpg\",\"width\":587,\"height\":440},{\"@type\":\"BreadcrumbList\",\"@id\":\"https:\/\/lepoint-actu.tg\/index.php\/2025\/04\/21\/lunite-nationale-celebree-dans-golfe-2-avec-une-course-aux-couleurs-de-lindependance\/#breadcrumb\",\"itemListElement\":[{\"@type\":\"ListItem\",\"position\":1,\"name\":\"Accueil\",\"item\":\"https:\/\/lepoint-actu.tg\/\"},{\"@type\":\"ListItem\",\"position\":2,\"name\":\"L\u2019unit\u00e9 nationale c\u00e9l\u00e9br\u00e9e dans Golfe 2 avec une Course aux couleurs de l\u2019Ind\u00e9pendance\"}]},{\"@type\":\"WebSite\",\"@id\":\"https:\/\/lepoint-actu.tg\/#website\",\"url\":\"https:\/\/lepoint-actu.tg\/\",\"name\":\"\",\"description\":\"R\u00e9c\u00e9piss\u00e9 N\u00b00022\/HAAC\/12-2020\/pL\/P, lepointactu07@gmail.com\",\"potentialAction\":[{\"@type\":\"SearchAction\",\"target\":{\"@type\":\"EntryPoint\",\"urlTemplate\":\"https:\/\/lepoint-actu.tg\/?s={search_term_string}\"},\"query-input\":{\"@type\":\"PropertyValueSpecification\",\"valueRequired\":true,\"valueName\":\"search_term_string\"}}],\"inLanguage\":\"fr-FR\"},{\"@type\":\"Person\",\"@id\":\"https:\/\/lepoint-actu.tg\/#\/schema\/person\/e4026d66cbdc205cab83e169ab7eaca1\",\"name\":\"La Redaction\",\"image\":{\"@type\":\"ImageObject\",\"inLanguage\":\"fr-FR\",\"@id\":\"https:\/\/lepoint-actu.tg\/#\/schema\/person\/image\/\",\"url\":\"https:\/\/secure.gravatar.com\/avatar\/1682a0ff7e2c36efa51c5d262eea092000ec1ce420118e6261440956730308c2?s=96&d=mm&r=g\",\"contentUrl\":\"https:\/\/secure.gravatar.com\/avatar\/1682a0ff7e2c36efa51c5d262eea092000ec1ce420118e6261440956730308c2?s=96&d=mm&r=g\",\"caption\":\"La Redaction\"},\"url\":\"https:\/\/lepoint-actu.tg\/index.php\/author\/raymondsama\/\"}]}<\/script>\n<!-- \/ Yoast SEO plugin. -->","yoast_head_json":{"title":"L\u2019unit\u00e9 nationale c\u00e9l\u00e9br\u00e9e dans Golfe 2 avec une Course aux couleurs de l\u2019Ind\u00e9pendance -","robots":{"index":"index","follow":"follow","max-snippet":"max-snippet:-1","max-image-preview":"max-image-preview:large","max-video-preview":"max-video-preview:-1"},"canonical":"https:\/\/lepoint-actu.tg\/index.php\/2025\/04\/21\/lunite-nationale-celebree-dans-golfe-2-avec-une-course-aux-couleurs-de-lindependance\/","og_locale":"fr_FR","og_type":"article","og_title":"L\u2019unit\u00e9 nationale c\u00e9l\u00e9br\u00e9e dans Golfe 2 avec une Course aux couleurs de l\u2019Ind\u00e9pendance -","og_description":"Au Togo, le 65 \u00e8me anniversaire de l\u2019ind\u00e9pendance s\u2019approche \u00e0 grand pas avec plusieurs activit\u00e9s au menu. Dans cet \u00e9lan,","og_url":"https:\/\/lepoint-actu.tg\/index.php\/2025\/04\/21\/lunite-nationale-celebree-dans-golfe-2-avec-une-course-aux-couleurs-de-lindependance\/","article_published_time":"2025-04-21T19:19:00+00:00","article_modified_time":"2025-05-20T19:21:19+00:00","og_image":[{"width":587,"height":440,"url":"https:\/\/lepoint-actu.tg\/wp-content\/uploads\/2025\/05\/GOLFE2-COURSE1.jpg","type":"image\/jpeg"}],"author":"La Redaction","twitter_card":"summary_large_image","twitter_misc":{"\u00c9crit par":"La Redaction","Dur\u00e9e de lecture estim\u00e9e":"2 minutes"},"schema":{"@context":"https:\/\/schema.org","@graph":[{"@type":"WebPage","@id":"https:\/\/lepoint-actu.tg\/index.php\/2025\/04\/21\/lunite-nationale-celebree-dans-golfe-2-avec-une-course-aux-couleurs-de-lindependance\/","url":"https:\/\/lepoint-actu.tg\/index.php\/2025\/04\/21\/lunite-nationale-celebree-dans-golfe-2-avec-une-course-aux-couleurs-de-lindependance\/","name":"L\u2019unit\u00e9 nationale c\u00e9l\u00e9br\u00e9e dans Golfe 2 avec une Course aux couleurs de l\u2019Ind\u00e9pendance -","isPartOf":{"@id":"https:\/\/lepoint-actu.tg\/#website"},"primaryImageOfPage":{"@id":"https:\/\/lepoint-actu.tg\/index.php\/2025\/04\/21\/lunite-nationale-celebree-dans-golfe-2-avec-une-course-aux-couleurs-de-lindependance\/#primaryimage"},"image":{"@id":"https:\/\/lepoint-actu.tg\/index.php\/2025\/04\/21\/lunite-nationale-celebree-dans-golfe-2-avec-une-course-aux-couleurs-de-lindependance\/#primaryimage"},"thumbnailUrl":"https:\/\/lepoint-actu.tg\/wp-content\/uploads\/2025\/05\/GOLFE2-COURSE1.jpg","datePublished":"2025-04-21T19:19:00+00:00","dateModified":"2025-05-20T19:21:19+00:00","author":{"@id":"https:\/\/lepoint-actu.tg\/#\/schema\/person\/e4026d66cbdc205cab83e169ab7eaca1"},"breadcrumb":{"@id":"https:\/\/lepoint-actu.tg\/index.php\/2025\/04\/21\/lunite-nationale-celebree-dans-golfe-2-avec-une-course-aux-couleurs-de-lindependance\/#breadcrumb"},"inLanguage":"fr-FR","potentialAction":[{"@type":"ReadAction","target":["https:\/\/lepoint-actu.tg\/index.php\/2025\/04\/21\/lunite-nationale-celebree-dans-golfe-2-avec-une-course-aux-couleurs-de-lindependance\/"]}]},{"@type":"ImageObject","inLanguage":"fr-FR","@id":"https:\/\/lepoint-actu.tg\/index.php\/2025\/04\/21\/lunite-nationale-celebree-dans-golfe-2-avec-une-course-aux-couleurs-de-lindependance\/#primaryimage","url":"https:\/\/lepoint-actu.tg\/wp-content\/uploads\/2025\/05\/GOLFE2-COURSE1.jpg","contentUrl":"https:\/\/lepoint-actu.tg\/wp-content\/uploads\/2025\/05\/GOLFE2-COURSE1.jpg","width":587,"height":440},{"@type":"BreadcrumbList","@id":"https:\/\/lepoint-actu.tg\/index.php\/2025\/04\/21\/lunite-nationale-celebree-dans-golfe-2-avec-une-course-aux-couleurs-de-lindependance\/#breadcrumb","itemListElement":[{"@type":"ListItem","position":1,"name":"Accueil","item":"https:\/\/lepoint-actu.tg\/"},{"@type":"ListItem","position":2,"name":"L\u2019unit\u00e9 nationale c\u00e9l\u00e9br\u00e9e dans Golfe 2 avec une Course aux couleurs de l\u2019Ind\u00e9pendance"}]},{"@type":"WebSite","@id":"https:\/\/lepoint-actu.tg\/#website","url":"https:\/\/lepoint-actu.tg\/","name":"","description":"R\u00e9c\u00e9piss\u00e9 N\u00b00022\/HAAC\/12-2020\/pL\/P, lepointactu07@gmail.com","potentialAction":[{"@type":"SearchAction","target":{"@type":"EntryPoint","urlTemplate":"https:\/\/lepoint-actu.tg\/?s={search_term_string}"},"query-input":{"@type":"PropertyValueSpecification","valueRequired":true,"valueName":"search_term_string"}}],"inLanguage":"fr-FR"},{"@type":"Person","@id":"https:\/\/lepoint-actu.tg\/#\/schema\/person\/e4026d66cbdc205cab83e169ab7eaca1","name":"La Redaction","image":{"@type":"ImageObject","inLanguage":"fr-FR","@id":"https:\/\/lepoint-actu.tg\/#\/schema\/person\/image\/","url":"https:\/\/secure.gravatar.com\/avatar\/1682a0ff7e2c36efa51c5d262eea092000ec1ce420118e6261440956730308c2?s=96&d=mm&r=g","contentUrl":"https:\/\/secure.gravatar.com\/avatar\/1682a0ff7e2c36efa51c5d262eea092000ec1ce420118e6261440956730308c2?s=96&d=mm&r=g","caption":"La Redaction"},"url":"https:\/\/lepoint-actu.tg\/index.php\/author\/raymondsama\/"}]}},"_links":{"self":[{"href":"https:\/\/lepoint-actu.tg\/index.php\/wp-json\/wp\/v2\/posts\/4247","targetHints":{"allow":["GET"]}}],"collection":[{"href":"https:\/\/lepoint-actu.tg\/index.php\/wp-json\/wp\/v2\/posts"}],"about":[{"href":"https:\/\/lepoint-actu.tg\/index.php\/wp-json\/wp\/v2\/types\/post"}],"author":[{"embeddable":true,"href":"https:\/\/lepoint-actu.tg\/index.php\/wp-json\/wp\/v2\/users\/2"}],"replies":[{"embeddable":true,"href":"https:\/\/lepoint-actu.tg\/index.php\/wp-json\/wp\/v2\/comments?post=4247"}],"version-history":[{"count":1,"href":"https:\/\/lepoint-actu.tg\/index.php\/wp-json\/wp\/v2\/posts\/4247\/revisions"}],"predecessor-version":[{"id":4249,"href":"https:\/\/lepoint-actu.tg\/index.php\/wp-json\/wp\/v2\/posts\/4247\/revisions\/4249"}],"wp:featuredmedia":[{"embeddable":true,"href":"https:\/\/lepoint-actu.tg\/index.php\/wp-json\/wp\/v2\/media\/4248"}],"wp:attachment":[{"href":"https:\/\/lepoint-actu.tg\/index.php\/wp-json\/wp\/v2\/media?parent=4247"}],"wp:term":[{"taxonomy":"category","embeddable":true,"href":"https:\/\/lepoint-actu.tg\/index.php\/wp-json\/wp\/v2\/categories?post=4247"},{"taxonomy":"post_tag","embeddable":true,"href":"https:\/\/lepoint-actu.tg\/index.php\/wp-json\/wp\/v2\/tags?post=4247"}],"curies":[{"name":"wp","href":"https:\/\/api.w.org\/{rel}","templated":true}]}}