{"id":4250,"date":"2025-04-22T19:30:00","date_gmt":"2025-04-22T19:30:00","guid":{"rendered":"https:\/\/lepoint-actu.tg\/?p=4250"},"modified":"2025-05-20T19:33:23","modified_gmt":"2025-05-20T19:33:23","slug":"transition-energetique-les-savanes-dotes-dune-centrale-solaire","status":"publish","type":"post","link":"https:\/\/lepoint-actu.tg\/index.php\/2025\/04\/22\/transition-energetique-les-savanes-dotes-dune-centrale-solaire\/","title":{"rendered":"Transition \u00e9nerg\u00e9tique\/Les Savanes dot\u00e9s d\u2019une centrale solaire"},"content":{"rendered":"\n<p><br>La transition \u00e9nerg\u00e9tique se mat\u00e9rialise davantage au Togo avec l\u2019amorce ce mardi 22 avril 2025 de la pose symbolique du premier panneau de la centrale solaire photovolta\u00efque de Dapaong, dans la r\u00e9gion des Savanes.<br>Coup d\u2019envoi du Projet R\u00e9gional d\u2019Intervention d\u2019Urgence en Mati\u00e8re d\u2019\u00c9nergie Solaire (RESPITE), il s\u2019agit d\u2019un programme ambitieux port\u00e9 par le minist\u00e8re des Mines et des Ressources \u00e9nerg\u00e9tiques, en partenariat avec la Banque mondiale. Pr\u00e9sid\u00e9e par le pr\u00e9sident du s\u00e9nat et repr\u00e9sentant du Chef de l\u2019Etat, Barry Moussa Barqu\u00e9, pr\u00e9sident d\u2019honneur de l\u2019\u00e9v\u00e9nement, la c\u00e9r\u00e9monie a rassembl\u00e9 plusieurs autorit\u00e9s locales, notamment le gouverneur de la r\u00e9gion, Affo Atcha-D\u00e9dji, ainsi que le ministre d\u00e9l\u00e9gu\u00e9 aupr\u00e8s du ministre des Mines et des Ressources \u00e9nerg\u00e9tiques, Paul Mawussi Kakatsi. Sur une superficie de 74 hectares, le projet pr\u00e9voit l\u2019installation d\u2019une centrale solaire d\u2019une capacit\u00e9 de 25 m\u00e9gawatts-cr\u00eate (MWc), coupl\u00e9e \u00e0 un syst\u00e8me de stockage d\u2019\u00e9nergie par batteries (BESS) de 36 m\u00e9gawattheures (MWh), avec un raccordement pr\u00e9vu en 20 kV. Cette infrastructure verte permettra d\u2019accro\u00eetre de mani\u00e8re significative l\u2019acc\u00e8s \u00e0 l\u2019\u00e9lectricit\u00e9 dans les r\u00e9gions septentrionales, tout en r\u00e9duisant la d\u00e9pendance du pays aux \u00e9nergies fossiles. \u00ab Cette centrale traduit la volont\u00e9 du Chef de l\u2019\u00c9tat de garantir \u00e0 toutes les populations une s\u00e9curit\u00e9 \u00e9nerg\u00e9tique durable \u00bb, a affirm\u00e9 le gouverneur Affo Atcha-D\u00e9dji, saluant l\u2019appui d\u00e9terminant de la Banque mondiale. \u00ab Sans \u00e9nergie, aucun d\u00e9veloppement \u00e9conomique n\u2019est possible \u00bb, a-t-il ajout\u00e9.<br>\u00ab Notre contrat social avec les populations repose sur la disponibilit\u00e9, l\u2019accessibilit\u00e9 et la durabilit\u00e9 de l\u2019\u00e9nergie. Cette centrale n\u2019est qu\u2019un d\u00e9but \u00bb, a d\u00e9clar\u00e9 le ministre Paul Mawussi Kakatsi.<br>Selon les informations, le projet RESPITE s\u2019inscrit dans la strat\u00e9gie nationale de d\u00e9veloppement durable, en phase avec les engagements climatiques du Togo. Il refl\u00e8te \u00e9galement l\u2019ambition du pays de jouer un r\u00f4le moteur dans la promotion des \u00e9nergies propres en Afrique de l\u2019Ouest. Bonne chance au Togo dans la politique de promotion des \u00e9nergies propres.<br><strong><em>Marc Okuw\u00e9<\/em><\/strong><\/p>\n","protected":false},"excerpt":{"rendered":"<p>La transition \u00e9nerg\u00e9tique se mat\u00e9rialise davantage au Togo avec l\u2019amorce ce mardi 22 avril 2025 de la pose symbolique du<\/p>\n","protected":false},"author":2,"featured_media":4251,"comment_status":"open","ping_status":"closed","sticky":false,"template":"","format":"standard","meta":{"footnotes":""},"categories":[1],"tags":[],"class_list":["post-4250","post","type-post","status-publish","format-standard","has-post-thumbnail","hentry","category-societe"],"yoast_head":"<!-- This site is optimized with the Yoast SEO plugin v23.9 - https:\/\/yoast.com\/wordpress\/plugins\/seo\/ -->\n<title>Transition \u00e9nerg\u00e9tique\/Les Savanes dot\u00e9s d\u2019une centrale solaire -<\/title>\n<meta name=\"robots\" content=\"index, follow, max-snippet:-1, max-image-preview:large, max-video-preview:-1\" \/>\n<link rel=\"canonical\" href=\"https:\/\/lepoint-actu.tg\/index.php\/2025\/04\/22\/transition-energetique-les-savanes-dotes-dune-centrale-solaire\/\" \/>\n<meta property=\"og:locale\" content=\"fr_FR\" \/>\n<meta property=\"og:type\" content=\"article\" \/>\n<meta property=\"og:title\" content=\"Transition \u00e9nerg\u00e9tique\/Les Savanes dot\u00e9s d\u2019une centrale solaire -\" \/>\n<meta property=\"og:description\" content=\"La transition \u00e9nerg\u00e9tique se mat\u00e9rialise davantage au Togo avec l\u2019amorce ce mardi 22 avril 2025 de la pose symbolique du\" \/>\n<meta property=\"og:url\" content=\"https:\/\/lepoint-actu.tg\/index.php\/2025\/04\/22\/transition-energetique-les-savanes-dotes-dune-centrale-solaire\/\" \/>\n<meta property=\"article:published_time\" content=\"2025-04-22T19:30:00+00:00\" \/>\n<meta property=\"article:modified_time\" content=\"2025-05-20T19:33:23+00:00\" \/>\n<meta property=\"og:image\" content=\"https:\/\/lepoint-actu.tg\/wp-content\/uploads\/2025\/05\/cf9f63f5cd2bb87a4673210a81f128cc_L.jpg\" \/>\n\t<meta property=\"og:image:width\" content=\"500\" \/>\n\t<meta property=\"og:image:height\" content=\"333\" \/>\n\t<meta property=\"og:image:type\" content=\"image\/jpeg\" \/>\n<meta name=\"author\" content=\"La Redaction\" \/>\n<meta name=\"twitter:card\" content=\"summary_large_image\" \/>\n<meta name=\"twitter:label1\" content=\"\u00c9crit par\" \/>\n\t<meta name=\"twitter:data1\" content=\"La Redaction\" \/>\n\t<meta name=\"twitter:label2\" content=\"Dur\u00e9e de lecture estim\u00e9e\" \/>\n\t<meta name=\"twitter:data2\" content=\"2 minutes\" \/>\n<script type=\"application\/ld+json\" class=\"yoast-schema-graph\">{\"@context\":\"https:\/\/schema.org\",\"@graph\":[{\"@type\":\"WebPage\",\"@id\":\"https:\/\/lepoint-actu.tg\/index.php\/2025\/04\/22\/transition-energetique-les-savanes-dotes-dune-centrale-solaire\/\",\"url\":\"https:\/\/lepoint-actu.tg\/index.php\/2025\/04\/22\/transition-energetique-les-savanes-dotes-dune-centrale-solaire\/\",\"name\":\"Transition \u00e9nerg\u00e9tique\/Les Savanes dot\u00e9s d\u2019une centrale solaire -\",\"isPartOf\":{\"@id\":\"https:\/\/lepoint-actu.tg\/#website\"},\"primaryImageOfPage\":{\"@id\":\"https:\/\/lepoint-actu.tg\/index.php\/2025\/04\/22\/transition-energetique-les-savanes-dotes-dune-centrale-solaire\/#primaryimage\"},\"image\":{\"@id\":\"https:\/\/lepoint-actu.tg\/index.php\/2025\/04\/22\/transition-energetique-les-savanes-dotes-dune-centrale-solaire\/#primaryimage\"},\"thumbnailUrl\":\"https:\/\/lepoint-actu.tg\/wp-content\/uploads\/2025\/05\/cf9f63f5cd2bb87a4673210a81f128cc_L.jpg\",\"datePublished\":\"2025-04-22T19:30:00+00:00\",\"dateModified\":\"2025-05-20T19:33:23+00:00\",\"author\":{\"@id\":\"https:\/\/lepoint-actu.tg\/#\/schema\/person\/e4026d66cbdc205cab83e169ab7eaca1\"},\"breadcrumb\":{\"@id\":\"https:\/\/lepoint-actu.tg\/index.php\/2025\/04\/22\/transition-energetique-les-savanes-dotes-dune-centrale-solaire\/#breadcrumb\"},\"inLanguage\":\"fr-FR\",\"potentialAction\":[{\"@type\":\"ReadAction\",\"target\":[\"https:\/\/lepoint-actu.tg\/index.php\/2025\/04\/22\/transition-energetique-les-savanes-dotes-dune-centrale-solaire\/\"]}]},{\"@type\":\"ImageObject\",\"inLanguage\":\"fr-FR\",\"@id\":\"https:\/\/lepoint-actu.tg\/index.php\/2025\/04\/22\/transition-energetique-les-savanes-dotes-dune-centrale-solaire\/#primaryimage\",\"url\":\"https:\/\/lepoint-actu.tg\/wp-content\/uploads\/2025\/05\/cf9f63f5cd2bb87a4673210a81f128cc_L.jpg\",\"contentUrl\":\"https:\/\/lepoint-actu.tg\/wp-content\/uploads\/2025\/05\/cf9f63f5cd2bb87a4673210a81f128cc_L.jpg\",\"width\":500,\"height\":333},{\"@type\":\"BreadcrumbList\",\"@id\":\"https:\/\/lepoint-actu.tg\/index.php\/2025\/04\/22\/transition-energetique-les-savanes-dotes-dune-centrale-solaire\/#breadcrumb\",\"itemListElement\":[{\"@type\":\"ListItem\",\"position\":1,\"name\":\"Accueil\",\"item\":\"https:\/\/lepoint-actu.tg\/\"},{\"@type\":\"ListItem\",\"position\":2,\"name\":\"Transition \u00e9nerg\u00e9tique\/Les Savanes dot\u00e9s d\u2019une centrale solaire\"}]},{\"@type\":\"WebSite\",\"@id\":\"https:\/\/lepoint-actu.tg\/#website\",\"url\":\"https:\/\/lepoint-actu.tg\/\",\"name\":\"\",\"description\":\"R\u00e9c\u00e9piss\u00e9 N\u00b00022\/HAAC\/12-2020\/pL\/P, lepointactu07@gmail.com\",\"potentialAction\":[{\"@type\":\"SearchAction\",\"target\":{\"@type\":\"EntryPoint\",\"urlTemplate\":\"https:\/\/lepoint-actu.tg\/?s={search_term_string}\"},\"query-input\":{\"@type\":\"PropertyValueSpecification\",\"valueRequired\":true,\"valueName\":\"search_term_string\"}}],\"inLanguage\":\"fr-FR\"},{\"@type\":\"Person\",\"@id\":\"https:\/\/lepoint-actu.tg\/#\/schema\/person\/e4026d66cbdc205cab83e169ab7eaca1\",\"name\":\"La Redaction\",\"image\":{\"@type\":\"ImageObject\",\"inLanguage\":\"fr-FR\",\"@id\":\"https:\/\/lepoint-actu.tg\/#\/schema\/person\/image\/\",\"url\":\"https:\/\/secure.gravatar.com\/avatar\/1682a0ff7e2c36efa51c5d262eea092000ec1ce420118e6261440956730308c2?s=96&d=mm&r=g\",\"contentUrl\":\"https:\/\/secure.gravatar.com\/avatar\/1682a0ff7e2c36efa51c5d262eea092000ec1ce420118e6261440956730308c2?s=96&d=mm&r=g\",\"caption\":\"La Redaction\"},\"url\":\"https:\/\/lepoint-actu.tg\/index.php\/author\/raymondsama\/\"}]}<\/script>\n<!-- \/ Yoast SEO plugin. -->","yoast_head_json":{"title":"Transition \u00e9nerg\u00e9tique\/Les Savanes dot\u00e9s d\u2019une centrale solaire -","robots":{"index":"index","follow":"follow","max-snippet":"max-snippet:-1","max-image-preview":"max-image-preview:large","max-video-preview":"max-video-preview:-1"},"canonical":"https:\/\/lepoint-actu.tg\/index.php\/2025\/04\/22\/transition-energetique-les-savanes-dotes-dune-centrale-solaire\/","og_locale":"fr_FR","og_type":"article","og_title":"Transition \u00e9nerg\u00e9tique\/Les Savanes dot\u00e9s d\u2019une centrale solaire -","og_description":"La transition \u00e9nerg\u00e9tique se mat\u00e9rialise davantage au Togo avec l\u2019amorce ce mardi 22 avril 2025 de la pose symbolique du","og_url":"https:\/\/lepoint-actu.tg\/index.php\/2025\/04\/22\/transition-energetique-les-savanes-dotes-dune-centrale-solaire\/","article_published_time":"2025-04-22T19:30:00+00:00","article_modified_time":"2025-05-20T19:33:23+00:00","og_image":[{"width":500,"height":333,"url":"https:\/\/lepoint-actu.tg\/wp-content\/uploads\/2025\/05\/cf9f63f5cd2bb87a4673210a81f128cc_L.jpg","type":"image\/jpeg"}],"author":"La Redaction","twitter_card":"summary_large_image","twitter_misc":{"\u00c9crit par":"La Redaction","Dur\u00e9e de lecture estim\u00e9e":"2 minutes"},"schema":{"@context":"https:\/\/schema.org","@graph":[{"@type":"WebPage","@id":"https:\/\/lepoint-actu.tg\/index.php\/2025\/04\/22\/transition-energetique-les-savanes-dotes-dune-centrale-solaire\/","url":"https:\/\/lepoint-actu.tg\/index.php\/2025\/04\/22\/transition-energetique-les-savanes-dotes-dune-centrale-solaire\/","name":"Transition \u00e9nerg\u00e9tique\/Les Savanes dot\u00e9s d\u2019une centrale solaire -","isPartOf":{"@id":"https:\/\/lepoint-actu.tg\/#website"},"primaryImageOfPage":{"@id":"https:\/\/lepoint-actu.tg\/index.php\/2025\/04\/22\/transition-energetique-les-savanes-dotes-dune-centrale-solaire\/#primaryimage"},"image":{"@id":"https:\/\/lepoint-actu.tg\/index.php\/2025\/04\/22\/transition-energetique-les-savanes-dotes-dune-centrale-solaire\/#primaryimage"},"thumbnailUrl":"https:\/\/lepoint-actu.tg\/wp-content\/uploads\/2025\/05\/cf9f63f5cd2bb87a4673210a81f128cc_L.jpg","datePublished":"2025-04-22T19:30:00+00:00","dateModified":"2025-05-20T19:33:23+00:00","author":{"@id":"https:\/\/lepoint-actu.tg\/#\/schema\/person\/e4026d66cbdc205cab83e169ab7eaca1"},"breadcrumb":{"@id":"https:\/\/lepoint-actu.tg\/index.php\/2025\/04\/22\/transition-energetique-les-savanes-dotes-dune-centrale-solaire\/#breadcrumb"},"inLanguage":"fr-FR","potentialAction":[{"@type":"ReadAction","target":["https:\/\/lepoint-actu.tg\/index.php\/2025\/04\/22\/transition-energetique-les-savanes-dotes-dune-centrale-solaire\/"]}]},{"@type":"ImageObject","inLanguage":"fr-FR","@id":"https:\/\/lepoint-actu.tg\/index.php\/2025\/04\/22\/transition-energetique-les-savanes-dotes-dune-centrale-solaire\/#primaryimage","url":"https:\/\/lepoint-actu.tg\/wp-content\/uploads\/2025\/05\/cf9f63f5cd2bb87a4673210a81f128cc_L.jpg","contentUrl":"https:\/\/lepoint-actu.tg\/wp-content\/uploads\/2025\/05\/cf9f63f5cd2bb87a4673210a81f128cc_L.jpg","width":500,"height":333},{"@type":"BreadcrumbList","@id":"https:\/\/lepoint-actu.tg\/index.php\/2025\/04\/22\/transition-energetique-les-savanes-dotes-dune-centrale-solaire\/#breadcrumb","itemListElement":[{"@type":"ListItem","position":1,"name":"Accueil","item":"https:\/\/lepoint-actu.tg\/"},{"@type":"ListItem","position":2,"name":"Transition \u00e9nerg\u00e9tique\/Les Savanes dot\u00e9s d\u2019une centrale solaire"}]},{"@type":"WebSite","@id":"https:\/\/lepoint-actu.tg\/#website","url":"https:\/\/lepoint-actu.tg\/","name":"","description":"R\u00e9c\u00e9piss\u00e9 N\u00b00022\/HAAC\/12-2020\/pL\/P, lepointactu07@gmail.com","potentialAction":[{"@type":"SearchAction","target":{"@type":"EntryPoint","urlTemplate":"https:\/\/lepoint-actu.tg\/?s={search_term_string}"},"query-input":{"@type":"PropertyValueSpecification","valueRequired":true,"valueName":"search_term_string"}}],"inLanguage":"fr-FR"},{"@type":"Person","@id":"https:\/\/lepoint-actu.tg\/#\/schema\/person\/e4026d66cbdc205cab83e169ab7eaca1","name":"La Redaction","image":{"@type":"ImageObject","inLanguage":"fr-FR","@id":"https:\/\/lepoint-actu.tg\/#\/schema\/person\/image\/","url":"https:\/\/secure.gravatar.com\/avatar\/1682a0ff7e2c36efa51c5d262eea092000ec1ce420118e6261440956730308c2?s=96&d=mm&r=g","contentUrl":"https:\/\/secure.gravatar.com\/avatar\/1682a0ff7e2c36efa51c5d262eea092000ec1ce420118e6261440956730308c2?s=96&d=mm&r=g","caption":"La Redaction"},"url":"https:\/\/lepoint-actu.tg\/index.php\/author\/raymondsama\/"}]}},"_links":{"self":[{"href":"https:\/\/lepoint-actu.tg\/index.php\/wp-json\/wp\/v2\/posts\/4250","targetHints":{"allow":["GET"]}}],"collection":[{"href":"https:\/\/lepoint-actu.tg\/index.php\/wp-json\/wp\/v2\/posts"}],"about":[{"href":"https:\/\/lepoint-actu.tg\/index.php\/wp-json\/wp\/v2\/types\/post"}],"author":[{"embeddable":true,"href":"https:\/\/lepoint-actu.tg\/index.php\/wp-json\/wp\/v2\/users\/2"}],"replies":[{"embeddable":true,"href":"https:\/\/lepoint-actu.tg\/index.php\/wp-json\/wp\/v2\/comments?post=4250"}],"version-history":[{"count":1,"href":"https:\/\/lepoint-actu.tg\/index.php\/wp-json\/wp\/v2\/posts\/4250\/revisions"}],"predecessor-version":[{"id":4252,"href":"https:\/\/lepoint-actu.tg\/index.php\/wp-json\/wp\/v2\/posts\/4250\/revisions\/4252"}],"wp:featuredmedia":[{"embeddable":true,"href":"https:\/\/lepoint-actu.tg\/index.php\/wp-json\/wp\/v2\/media\/4251"}],"wp:attachment":[{"href":"https:\/\/lepoint-actu.tg\/index.php\/wp-json\/wp\/v2\/media?parent=4250"}],"wp:term":[{"taxonomy":"category","embeddable":true,"href":"https:\/\/lepoint-actu.tg\/index.php\/wp-json\/wp\/v2\/categories?post=4250"},{"taxonomy":"post_tag","embeddable":true,"href":"https:\/\/lepoint-actu.tg\/index.php\/wp-json\/wp\/v2\/tags?post=4250"}],"curies":[{"name":"wp","href":"https:\/\/api.w.org\/{rel}","templated":true}]}}