{"id":4257,"date":"2025-04-25T20:09:00","date_gmt":"2025-04-25T20:09:00","guid":{"rendered":"https:\/\/lepoint-actu.tg\/?p=4257"},"modified":"2025-05-20T20:16:16","modified_gmt":"2025-05-20T20:16:16","slug":"un-colloque-international-se-tient-depuis-hier-a-luniversite-lome","status":"publish","type":"post","link":"https:\/\/lepoint-actu.tg\/index.php\/2025\/04\/25\/un-colloque-international-se-tient-depuis-hier-a-luniversite-lome\/","title":{"rendered":"Un colloque international se tient depuis hier \u00e0 L&rsquo;Universit\u00e9 Lom\u00e9"},"content":{"rendered":"\n<p>Le colloque international sur le th\u00e8me\u00a0\u00ab\u00a0Reconstruire le monde, 70 ans apr\u00e8s Bandung : Quelle solidarit\u00e9 pour une communaut\u00e9 de destin Afrique-Asie\u202f\u00a0?\u00a0\u00bb se tient depuis hier \u00e0 Lom\u00e9.  Cet \u00e9v\u00e9nement, r\u00e9unissant des chercheurs, experts et acteurs de la relation Afrique-Asie d\u00e9marr\u00e9 hier prend fin ce\u00a025 avril 2025.<\/p>\n\n\n\n<h5 class=\"wp-block-heading\"><strong>Contexte et Objectifs<\/strong><\/h5>\n\n\n\n<p>La conf\u00e9rence de Bandung de 1955 a \u00e9t\u00e9 un \u00e9v\u00e9nement marquant de l\u2019histoire mondiale, rassemblant des nations d\u2019Asie et d\u2019Afrique autour de visions communes. Soixante-dix ans plus tard, ce colloque vise \u00e0 revisiter cet h\u00e9ritage et \u00e0 examiner la pertinence actuelle des principes de solidarit\u00e9 et de collaboration \u00e9nonc\u00e9s lors de la conf\u00e9rence de Bandung.<\/p>\n\n\n\n<h5 class=\"wp-block-heading\"><strong>Th\u00e9matiques du Colloque<\/strong><\/h5>\n\n\n\n<p>Les discussions sont structur\u00e9es autour des axes suivants :<\/p>\n\n\n\n<ul class=\"wp-block-list\">\n<li>Histoire et h\u00e9ritage de la conf\u00e9rence de Bandung dans le projet de communaut\u00e9 de destin Afrique-Asie.<\/li>\n\n\n\n<li>Perspectives pour l\u2019ordre mondial 70 ans apr\u00e8s Bandung.<\/li>\n\n\n\n<li>Conceptualisation et implications de la transition de l\u2019ancien Sud au Sud global.<\/li>\n<\/ul>\n\n\n\n<h5 class=\"wp-block-heading\"><strong>Partenaires et Organisations<\/strong><\/h5>\n\n\n\n<p>Cet \u00e9v\u00e9nement est organis\u00e9 par le Centre de Recherche Chine-Afrique (CRCA) de l\u2019Universit\u00e9 de Lom\u00e9, en collaboration avec l\u2019Institut d\u2019\u00c9tudes Afro-Asiatiques et Internationales de Ouagadougou (Burkina Faso), l\u2019Institut des \u00c9tudes Africaines de la Zhejiang Normal University (Chine), et l\u2019Ambassade de la R\u00e9publique Populaire de Chine au Togo.<\/p>\n\n\n\n<p><strong><em>Jules T\u00e9t\u00e9<\/em><\/strong><\/p>\n","protected":false},"excerpt":{"rendered":"<p>Le colloque international sur le th\u00e8me\u00a0\u00ab\u00a0Reconstruire le monde, 70 ans apr\u00e8s Bandung : Quelle solidarit\u00e9 pour une communaut\u00e9 de destin<\/p>\n","protected":false},"author":2,"featured_media":4258,"comment_status":"open","ping_status":"closed","sticky":false,"template":"","format":"standard","meta":{"footnotes":""},"categories":[1],"tags":[],"class_list":["post-4257","post","type-post","status-publish","format-standard","has-post-thumbnail","hentry","category-societe"],"yoast_head":"<!-- This site is optimized with the Yoast SEO plugin v23.9 - https:\/\/yoast.com\/wordpress\/plugins\/seo\/ -->\n<title>Un colloque international se tient depuis hier \u00e0 L&#039;Universit\u00e9 Lom\u00e9 -<\/title>\n<meta name=\"robots\" content=\"index, follow, max-snippet:-1, max-image-preview:large, max-video-preview:-1\" \/>\n<link rel=\"canonical\" href=\"https:\/\/lepoint-actu.tg\/index.php\/2025\/04\/25\/un-colloque-international-se-tient-depuis-hier-a-luniversite-lome\/\" \/>\n<meta property=\"og:locale\" content=\"fr_FR\" \/>\n<meta property=\"og:type\" content=\"article\" \/>\n<meta property=\"og:title\" content=\"Un colloque international se tient depuis hier \u00e0 L&#039;Universit\u00e9 Lom\u00e9 -\" \/>\n<meta property=\"og:description\" content=\"Le colloque international sur le th\u00e8me\u00a0\u00ab\u00a0Reconstruire le monde, 70 ans apr\u00e8s Bandung : Quelle solidarit\u00e9 pour une communaut\u00e9 de destin\" \/>\n<meta property=\"og:url\" content=\"https:\/\/lepoint-actu.tg\/index.php\/2025\/04\/25\/un-colloque-international-se-tient-depuis-hier-a-luniversite-lome\/\" \/>\n<meta property=\"article:published_time\" content=\"2025-04-25T20:09:00+00:00\" \/>\n<meta property=\"article:modified_time\" content=\"2025-05-20T20:16:16+00:00\" \/>\n<meta property=\"og:image\" content=\"https:\/\/lepoint-actu.tg\/wp-content\/uploads\/2025\/05\/Univ-Lome.jpg\" \/>\n\t<meta property=\"og:image:width\" content=\"770\" \/>\n\t<meta property=\"og:image:height\" content=\"433\" \/>\n\t<meta property=\"og:image:type\" content=\"image\/jpeg\" \/>\n<meta name=\"author\" content=\"La Redaction\" \/>\n<meta name=\"twitter:card\" content=\"summary_large_image\" \/>\n<meta name=\"twitter:label1\" content=\"\u00c9crit par\" \/>\n\t<meta name=\"twitter:data1\" content=\"La Redaction\" \/>\n\t<meta name=\"twitter:label2\" content=\"Dur\u00e9e de lecture estim\u00e9e\" \/>\n\t<meta name=\"twitter:data2\" content=\"2 minutes\" \/>\n<script type=\"application\/ld+json\" class=\"yoast-schema-graph\">{\"@context\":\"https:\/\/schema.org\",\"@graph\":[{\"@type\":\"WebPage\",\"@id\":\"https:\/\/lepoint-actu.tg\/index.php\/2025\/04\/25\/un-colloque-international-se-tient-depuis-hier-a-luniversite-lome\/\",\"url\":\"https:\/\/lepoint-actu.tg\/index.php\/2025\/04\/25\/un-colloque-international-se-tient-depuis-hier-a-luniversite-lome\/\",\"name\":\"Un colloque international se tient depuis hier \u00e0 L'Universit\u00e9 Lom\u00e9 -\",\"isPartOf\":{\"@id\":\"https:\/\/lepoint-actu.tg\/#website\"},\"primaryImageOfPage\":{\"@id\":\"https:\/\/lepoint-actu.tg\/index.php\/2025\/04\/25\/un-colloque-international-se-tient-depuis-hier-a-luniversite-lome\/#primaryimage\"},\"image\":{\"@id\":\"https:\/\/lepoint-actu.tg\/index.php\/2025\/04\/25\/un-colloque-international-se-tient-depuis-hier-a-luniversite-lome\/#primaryimage\"},\"thumbnailUrl\":\"https:\/\/lepoint-actu.tg\/wp-content\/uploads\/2025\/05\/Univ-Lome.jpg\",\"datePublished\":\"2025-04-25T20:09:00+00:00\",\"dateModified\":\"2025-05-20T20:16:16+00:00\",\"author\":{\"@id\":\"https:\/\/lepoint-actu.tg\/#\/schema\/person\/e4026d66cbdc205cab83e169ab7eaca1\"},\"breadcrumb\":{\"@id\":\"https:\/\/lepoint-actu.tg\/index.php\/2025\/04\/25\/un-colloque-international-se-tient-depuis-hier-a-luniversite-lome\/#breadcrumb\"},\"inLanguage\":\"fr-FR\",\"potentialAction\":[{\"@type\":\"ReadAction\",\"target\":[\"https:\/\/lepoint-actu.tg\/index.php\/2025\/04\/25\/un-colloque-international-se-tient-depuis-hier-a-luniversite-lome\/\"]}]},{\"@type\":\"ImageObject\",\"inLanguage\":\"fr-FR\",\"@id\":\"https:\/\/lepoint-actu.tg\/index.php\/2025\/04\/25\/un-colloque-international-se-tient-depuis-hier-a-luniversite-lome\/#primaryimage\",\"url\":\"https:\/\/lepoint-actu.tg\/wp-content\/uploads\/2025\/05\/Univ-Lome.jpg\",\"contentUrl\":\"https:\/\/lepoint-actu.tg\/wp-content\/uploads\/2025\/05\/Univ-Lome.jpg\",\"width\":770,\"height\":433},{\"@type\":\"BreadcrumbList\",\"@id\":\"https:\/\/lepoint-actu.tg\/index.php\/2025\/04\/25\/un-colloque-international-se-tient-depuis-hier-a-luniversite-lome\/#breadcrumb\",\"itemListElement\":[{\"@type\":\"ListItem\",\"position\":1,\"name\":\"Accueil\",\"item\":\"https:\/\/lepoint-actu.tg\/\"},{\"@type\":\"ListItem\",\"position\":2,\"name\":\"Un colloque international se tient depuis hier \u00e0 L&rsquo;Universit\u00e9 Lom\u00e9\"}]},{\"@type\":\"WebSite\",\"@id\":\"https:\/\/lepoint-actu.tg\/#website\",\"url\":\"https:\/\/lepoint-actu.tg\/\",\"name\":\"\",\"description\":\"R\u00e9c\u00e9piss\u00e9 N\u00b00022\/HAAC\/12-2020\/pL\/P, lepointactu07@gmail.com\",\"potentialAction\":[{\"@type\":\"SearchAction\",\"target\":{\"@type\":\"EntryPoint\",\"urlTemplate\":\"https:\/\/lepoint-actu.tg\/?s={search_term_string}\"},\"query-input\":{\"@type\":\"PropertyValueSpecification\",\"valueRequired\":true,\"valueName\":\"search_term_string\"}}],\"inLanguage\":\"fr-FR\"},{\"@type\":\"Person\",\"@id\":\"https:\/\/lepoint-actu.tg\/#\/schema\/person\/e4026d66cbdc205cab83e169ab7eaca1\",\"name\":\"La Redaction\",\"image\":{\"@type\":\"ImageObject\",\"inLanguage\":\"fr-FR\",\"@id\":\"https:\/\/lepoint-actu.tg\/#\/schema\/person\/image\/\",\"url\":\"https:\/\/secure.gravatar.com\/avatar\/1682a0ff7e2c36efa51c5d262eea092000ec1ce420118e6261440956730308c2?s=96&d=mm&r=g\",\"contentUrl\":\"https:\/\/secure.gravatar.com\/avatar\/1682a0ff7e2c36efa51c5d262eea092000ec1ce420118e6261440956730308c2?s=96&d=mm&r=g\",\"caption\":\"La Redaction\"},\"url\":\"https:\/\/lepoint-actu.tg\/index.php\/author\/raymondsama\/\"}]}<\/script>\n<!-- \/ Yoast SEO plugin. -->","yoast_head_json":{"title":"Un colloque international se tient depuis hier \u00e0 L'Universit\u00e9 Lom\u00e9 -","robots":{"index":"index","follow":"follow","max-snippet":"max-snippet:-1","max-image-preview":"max-image-preview:large","max-video-preview":"max-video-preview:-1"},"canonical":"https:\/\/lepoint-actu.tg\/index.php\/2025\/04\/25\/un-colloque-international-se-tient-depuis-hier-a-luniversite-lome\/","og_locale":"fr_FR","og_type":"article","og_title":"Un colloque international se tient depuis hier \u00e0 L'Universit\u00e9 Lom\u00e9 -","og_description":"Le colloque international sur le th\u00e8me\u00a0\u00ab\u00a0Reconstruire le monde, 70 ans apr\u00e8s Bandung : Quelle solidarit\u00e9 pour une communaut\u00e9 de destin","og_url":"https:\/\/lepoint-actu.tg\/index.php\/2025\/04\/25\/un-colloque-international-se-tient-depuis-hier-a-luniversite-lome\/","article_published_time":"2025-04-25T20:09:00+00:00","article_modified_time":"2025-05-20T20:16:16+00:00","og_image":[{"width":770,"height":433,"url":"https:\/\/lepoint-actu.tg\/wp-content\/uploads\/2025\/05\/Univ-Lome.jpg","type":"image\/jpeg"}],"author":"La Redaction","twitter_card":"summary_large_image","twitter_misc":{"\u00c9crit par":"La Redaction","Dur\u00e9e de lecture estim\u00e9e":"2 minutes"},"schema":{"@context":"https:\/\/schema.org","@graph":[{"@type":"WebPage","@id":"https:\/\/lepoint-actu.tg\/index.php\/2025\/04\/25\/un-colloque-international-se-tient-depuis-hier-a-luniversite-lome\/","url":"https:\/\/lepoint-actu.tg\/index.php\/2025\/04\/25\/un-colloque-international-se-tient-depuis-hier-a-luniversite-lome\/","name":"Un colloque international se tient depuis hier \u00e0 L'Universit\u00e9 Lom\u00e9 -","isPartOf":{"@id":"https:\/\/lepoint-actu.tg\/#website"},"primaryImageOfPage":{"@id":"https:\/\/lepoint-actu.tg\/index.php\/2025\/04\/25\/un-colloque-international-se-tient-depuis-hier-a-luniversite-lome\/#primaryimage"},"image":{"@id":"https:\/\/lepoint-actu.tg\/index.php\/2025\/04\/25\/un-colloque-international-se-tient-depuis-hier-a-luniversite-lome\/#primaryimage"},"thumbnailUrl":"https:\/\/lepoint-actu.tg\/wp-content\/uploads\/2025\/05\/Univ-Lome.jpg","datePublished":"2025-04-25T20:09:00+00:00","dateModified":"2025-05-20T20:16:16+00:00","author":{"@id":"https:\/\/lepoint-actu.tg\/#\/schema\/person\/e4026d66cbdc205cab83e169ab7eaca1"},"breadcrumb":{"@id":"https:\/\/lepoint-actu.tg\/index.php\/2025\/04\/25\/un-colloque-international-se-tient-depuis-hier-a-luniversite-lome\/#breadcrumb"},"inLanguage":"fr-FR","potentialAction":[{"@type":"ReadAction","target":["https:\/\/lepoint-actu.tg\/index.php\/2025\/04\/25\/un-colloque-international-se-tient-depuis-hier-a-luniversite-lome\/"]}]},{"@type":"ImageObject","inLanguage":"fr-FR","@id":"https:\/\/lepoint-actu.tg\/index.php\/2025\/04\/25\/un-colloque-international-se-tient-depuis-hier-a-luniversite-lome\/#primaryimage","url":"https:\/\/lepoint-actu.tg\/wp-content\/uploads\/2025\/05\/Univ-Lome.jpg","contentUrl":"https:\/\/lepoint-actu.tg\/wp-content\/uploads\/2025\/05\/Univ-Lome.jpg","width":770,"height":433},{"@type":"BreadcrumbList","@id":"https:\/\/lepoint-actu.tg\/index.php\/2025\/04\/25\/un-colloque-international-se-tient-depuis-hier-a-luniversite-lome\/#breadcrumb","itemListElement":[{"@type":"ListItem","position":1,"name":"Accueil","item":"https:\/\/lepoint-actu.tg\/"},{"@type":"ListItem","position":2,"name":"Un colloque international se tient depuis hier \u00e0 L&rsquo;Universit\u00e9 Lom\u00e9"}]},{"@type":"WebSite","@id":"https:\/\/lepoint-actu.tg\/#website","url":"https:\/\/lepoint-actu.tg\/","name":"","description":"R\u00e9c\u00e9piss\u00e9 N\u00b00022\/HAAC\/12-2020\/pL\/P, lepointactu07@gmail.com","potentialAction":[{"@type":"SearchAction","target":{"@type":"EntryPoint","urlTemplate":"https:\/\/lepoint-actu.tg\/?s={search_term_string}"},"query-input":{"@type":"PropertyValueSpecification","valueRequired":true,"valueName":"search_term_string"}}],"inLanguage":"fr-FR"},{"@type":"Person","@id":"https:\/\/lepoint-actu.tg\/#\/schema\/person\/e4026d66cbdc205cab83e169ab7eaca1","name":"La Redaction","image":{"@type":"ImageObject","inLanguage":"fr-FR","@id":"https:\/\/lepoint-actu.tg\/#\/schema\/person\/image\/","url":"https:\/\/secure.gravatar.com\/avatar\/1682a0ff7e2c36efa51c5d262eea092000ec1ce420118e6261440956730308c2?s=96&d=mm&r=g","contentUrl":"https:\/\/secure.gravatar.com\/avatar\/1682a0ff7e2c36efa51c5d262eea092000ec1ce420118e6261440956730308c2?s=96&d=mm&r=g","caption":"La Redaction"},"url":"https:\/\/lepoint-actu.tg\/index.php\/author\/raymondsama\/"}]}},"_links":{"self":[{"href":"https:\/\/lepoint-actu.tg\/index.php\/wp-json\/wp\/v2\/posts\/4257","targetHints":{"allow":["GET"]}}],"collection":[{"href":"https:\/\/lepoint-actu.tg\/index.php\/wp-json\/wp\/v2\/posts"}],"about":[{"href":"https:\/\/lepoint-actu.tg\/index.php\/wp-json\/wp\/v2\/types\/post"}],"author":[{"embeddable":true,"href":"https:\/\/lepoint-actu.tg\/index.php\/wp-json\/wp\/v2\/users\/2"}],"replies":[{"embeddable":true,"href":"https:\/\/lepoint-actu.tg\/index.php\/wp-json\/wp\/v2\/comments?post=4257"}],"version-history":[{"count":1,"href":"https:\/\/lepoint-actu.tg\/index.php\/wp-json\/wp\/v2\/posts\/4257\/revisions"}],"predecessor-version":[{"id":4259,"href":"https:\/\/lepoint-actu.tg\/index.php\/wp-json\/wp\/v2\/posts\/4257\/revisions\/4259"}],"wp:featuredmedia":[{"embeddable":true,"href":"https:\/\/lepoint-actu.tg\/index.php\/wp-json\/wp\/v2\/media\/4258"}],"wp:attachment":[{"href":"https:\/\/lepoint-actu.tg\/index.php\/wp-json\/wp\/v2\/media?parent=4257"}],"wp:term":[{"taxonomy":"category","embeddable":true,"href":"https:\/\/lepoint-actu.tg\/index.php\/wp-json\/wp\/v2\/categories?post=4257"},{"taxonomy":"post_tag","embeddable":true,"href":"https:\/\/lepoint-actu.tg\/index.php\/wp-json\/wp\/v2\/tags?post=4257"}],"curies":[{"name":"wp","href":"https:\/\/api.w.org\/{rel}","templated":true}]}}