{"id":4267,"date":"2025-04-27T21:58:00","date_gmt":"2025-04-27T21:58:00","guid":{"rendered":"https:\/\/lepoint-actu.tg\/?p=4267"},"modified":"2025-05-22T22:03:41","modified_gmt":"2025-05-22T22:03:41","slug":"le-togo-celebre-son-65eme-annee-dindependance","status":"publish","type":"post","link":"https:\/\/lepoint-actu.tg\/index.php\/2025\/04\/27\/le-togo-celebre-son-65eme-annee-dindependance\/","title":{"rendered":"Le Togo c\u00e9l\u00e8bre son 65\u00e8me ann\u00e9e d&rsquo;ind\u00e9pendance"},"content":{"rendered":"\n<p><\/p>\n\n\n\n<p><br>27 avril 1960-27 avril 2025. Le Togo c\u00e9l\u00e8bre ce dimanche 27 avril le 65\u00e8me anniversaire de son accession \u00e0 l\u2019ind\u00e9pendance.<br>\u00ab\u00a0Depuis 65 ans, notre Nation affirme son attachement \u00e0 notre devise: travail, libert\u00e9, patrie. Ce 27 avril 2025, en c\u00e9l\u00e9brant notre ind\u00e9pendance, nous honorons la m\u00e9moire de nos pionniers et renouvelons notre engagement \u00e0 b\u00e2tir un Togo plus fort, plus juste et plus solidaire. \u00c0 toutes les Togolaises et \u00e0 tous les Togolais, je souhaite une joyeuse f\u00eate nationale, dans la fiert\u00e9 de notre histoire et la confiance en notre avenir commun\u00a0\u00bb, a \u00e9crit la Cheffe du gouvernement Victoire Tom\u00e9gah sur son compte x.<br>Conform\u00e9ment \u00e0 la tradition r\u00e9publicaine, plusieurs activit\u00e9s comm\u00e9moratives ont \u00e9t\u00e9 effectu\u00e9es en pr\u00e9lude, dont la ranimation symbolique de la flamme de l\u2019ind\u00e9pendance.<br>Ce dimanche, les festivit\u00e9s se poursuivent avec un grand d\u00e9fil\u00e9 militaire, paramilitaire et civil \u00e0 Lom\u00e9, en pr\u00e9sence du Pr\u00e9sident de la R\u00e9publique, Faure Essozimna Gnassingb\u00e9, et des officiels.<br>Partout \u00e0 l\u2019int\u00e9rieur du pays, plusieurs manifestations sont \u00e9galement pr\u00e9vues.<br><strong><em>Ali Legrand<\/em><\/strong><\/p>\n","protected":false},"excerpt":{"rendered":"<p>27 avril 1960-27 avril 2025. Le Togo c\u00e9l\u00e8bre ce dimanche 27 avril le 65\u00e8me anniversaire de son accession \u00e0 l\u2019ind\u00e9pendance.\u00ab\u00a0Depuis<\/p>\n","protected":false},"author":2,"featured_media":4268,"comment_status":"open","ping_status":"closed","sticky":false,"template":"","format":"standard","meta":{"footnotes":""},"categories":[1],"tags":[],"class_list":["post-4267","post","type-post","status-publish","format-standard","has-post-thumbnail","hentry","category-societe"],"yoast_head":"<!-- This site is optimized with the Yoast SEO plugin v23.9 - https:\/\/yoast.com\/wordpress\/plugins\/seo\/ -->\n<title>Le Togo c\u00e9l\u00e8bre son 65\u00e8me ann\u00e9e d&#039;ind\u00e9pendance -<\/title>\n<meta name=\"robots\" content=\"index, follow, max-snippet:-1, max-image-preview:large, max-video-preview:-1\" \/>\n<link rel=\"canonical\" href=\"https:\/\/lepoint-actu.tg\/index.php\/2025\/04\/27\/le-togo-celebre-son-65eme-annee-dindependance\/\" \/>\n<meta property=\"og:locale\" content=\"fr_FR\" \/>\n<meta property=\"og:type\" content=\"article\" \/>\n<meta property=\"og:title\" content=\"Le Togo c\u00e9l\u00e8bre son 65\u00e8me ann\u00e9e d&#039;ind\u00e9pendance -\" \/>\n<meta property=\"og:description\" content=\"27 avril 1960-27 avril 2025. Le Togo c\u00e9l\u00e8bre ce dimanche 27 avril le 65\u00e8me anniversaire de son accession \u00e0 l\u2019ind\u00e9pendance.\u00ab\u00a0Depuis\" \/>\n<meta property=\"og:url\" content=\"https:\/\/lepoint-actu.tg\/index.php\/2025\/04\/27\/le-togo-celebre-son-65eme-annee-dindependance\/\" \/>\n<meta property=\"article:published_time\" content=\"2025-04-27T21:58:00+00:00\" \/>\n<meta property=\"article:modified_time\" content=\"2025-05-22T22:03:41+00:00\" \/>\n<meta property=\"og:image\" content=\"https:\/\/lepoint-actu.tg\/wp-content\/uploads\/2025\/05\/Oliver-2025-04-27T145151.747.jpg\" \/>\n\t<meta property=\"og:image:width\" content=\"1182\" \/>\n\t<meta property=\"og:image:height\" content=\"670\" \/>\n\t<meta property=\"og:image:type\" content=\"image\/jpeg\" \/>\n<meta name=\"author\" content=\"La Redaction\" \/>\n<meta name=\"twitter:card\" content=\"summary_large_image\" \/>\n<meta name=\"twitter:label1\" content=\"\u00c9crit par\" \/>\n\t<meta name=\"twitter:data1\" content=\"La Redaction\" \/>\n\t<meta name=\"twitter:label2\" content=\"Dur\u00e9e de lecture estim\u00e9e\" \/>\n\t<meta name=\"twitter:data2\" content=\"2 minutes\" \/>\n<script type=\"application\/ld+json\" class=\"yoast-schema-graph\">{\"@context\":\"https:\/\/schema.org\",\"@graph\":[{\"@type\":\"WebPage\",\"@id\":\"https:\/\/lepoint-actu.tg\/index.php\/2025\/04\/27\/le-togo-celebre-son-65eme-annee-dindependance\/\",\"url\":\"https:\/\/lepoint-actu.tg\/index.php\/2025\/04\/27\/le-togo-celebre-son-65eme-annee-dindependance\/\",\"name\":\"Le Togo c\u00e9l\u00e8bre son 65\u00e8me ann\u00e9e d'ind\u00e9pendance -\",\"isPartOf\":{\"@id\":\"https:\/\/lepoint-actu.tg\/#website\"},\"primaryImageOfPage\":{\"@id\":\"https:\/\/lepoint-actu.tg\/index.php\/2025\/04\/27\/le-togo-celebre-son-65eme-annee-dindependance\/#primaryimage\"},\"image\":{\"@id\":\"https:\/\/lepoint-actu.tg\/index.php\/2025\/04\/27\/le-togo-celebre-son-65eme-annee-dindependance\/#primaryimage\"},\"thumbnailUrl\":\"https:\/\/lepoint-actu.tg\/wp-content\/uploads\/2025\/05\/Oliver-2025-04-27T145151.747.jpg\",\"datePublished\":\"2025-04-27T21:58:00+00:00\",\"dateModified\":\"2025-05-22T22:03:41+00:00\",\"author\":{\"@id\":\"https:\/\/lepoint-actu.tg\/#\/schema\/person\/e4026d66cbdc205cab83e169ab7eaca1\"},\"breadcrumb\":{\"@id\":\"https:\/\/lepoint-actu.tg\/index.php\/2025\/04\/27\/le-togo-celebre-son-65eme-annee-dindependance\/#breadcrumb\"},\"inLanguage\":\"fr-FR\",\"potentialAction\":[{\"@type\":\"ReadAction\",\"target\":[\"https:\/\/lepoint-actu.tg\/index.php\/2025\/04\/27\/le-togo-celebre-son-65eme-annee-dindependance\/\"]}]},{\"@type\":\"ImageObject\",\"inLanguage\":\"fr-FR\",\"@id\":\"https:\/\/lepoint-actu.tg\/index.php\/2025\/04\/27\/le-togo-celebre-son-65eme-annee-dindependance\/#primaryimage\",\"url\":\"https:\/\/lepoint-actu.tg\/wp-content\/uploads\/2025\/05\/Oliver-2025-04-27T145151.747.jpg\",\"contentUrl\":\"https:\/\/lepoint-actu.tg\/wp-content\/uploads\/2025\/05\/Oliver-2025-04-27T145151.747.jpg\",\"width\":1182,\"height\":670},{\"@type\":\"BreadcrumbList\",\"@id\":\"https:\/\/lepoint-actu.tg\/index.php\/2025\/04\/27\/le-togo-celebre-son-65eme-annee-dindependance\/#breadcrumb\",\"itemListElement\":[{\"@type\":\"ListItem\",\"position\":1,\"name\":\"Accueil\",\"item\":\"https:\/\/lepoint-actu.tg\/\"},{\"@type\":\"ListItem\",\"position\":2,\"name\":\"Le Togo c\u00e9l\u00e8bre son 65\u00e8me ann\u00e9e d&rsquo;ind\u00e9pendance\"}]},{\"@type\":\"WebSite\",\"@id\":\"https:\/\/lepoint-actu.tg\/#website\",\"url\":\"https:\/\/lepoint-actu.tg\/\",\"name\":\"\",\"description\":\"R\u00e9c\u00e9piss\u00e9 N\u00b00022\/HAAC\/12-2020\/pL\/P, lepointactu07@gmail.com\",\"potentialAction\":[{\"@type\":\"SearchAction\",\"target\":{\"@type\":\"EntryPoint\",\"urlTemplate\":\"https:\/\/lepoint-actu.tg\/?s={search_term_string}\"},\"query-input\":{\"@type\":\"PropertyValueSpecification\",\"valueRequired\":true,\"valueName\":\"search_term_string\"}}],\"inLanguage\":\"fr-FR\"},{\"@type\":\"Person\",\"@id\":\"https:\/\/lepoint-actu.tg\/#\/schema\/person\/e4026d66cbdc205cab83e169ab7eaca1\",\"name\":\"La Redaction\",\"image\":{\"@type\":\"ImageObject\",\"inLanguage\":\"fr-FR\",\"@id\":\"https:\/\/lepoint-actu.tg\/#\/schema\/person\/image\/\",\"url\":\"https:\/\/secure.gravatar.com\/avatar\/1682a0ff7e2c36efa51c5d262eea092000ec1ce420118e6261440956730308c2?s=96&d=mm&r=g\",\"contentUrl\":\"https:\/\/secure.gravatar.com\/avatar\/1682a0ff7e2c36efa51c5d262eea092000ec1ce420118e6261440956730308c2?s=96&d=mm&r=g\",\"caption\":\"La Redaction\"},\"url\":\"https:\/\/lepoint-actu.tg\/index.php\/author\/raymondsama\/\"}]}<\/script>\n<!-- \/ Yoast SEO plugin. -->","yoast_head_json":{"title":"Le Togo c\u00e9l\u00e8bre son 65\u00e8me ann\u00e9e d'ind\u00e9pendance -","robots":{"index":"index","follow":"follow","max-snippet":"max-snippet:-1","max-image-preview":"max-image-preview:large","max-video-preview":"max-video-preview:-1"},"canonical":"https:\/\/lepoint-actu.tg\/index.php\/2025\/04\/27\/le-togo-celebre-son-65eme-annee-dindependance\/","og_locale":"fr_FR","og_type":"article","og_title":"Le Togo c\u00e9l\u00e8bre son 65\u00e8me ann\u00e9e d'ind\u00e9pendance -","og_description":"27 avril 1960-27 avril 2025. Le Togo c\u00e9l\u00e8bre ce dimanche 27 avril le 65\u00e8me anniversaire de son accession \u00e0 l\u2019ind\u00e9pendance.\u00ab\u00a0Depuis","og_url":"https:\/\/lepoint-actu.tg\/index.php\/2025\/04\/27\/le-togo-celebre-son-65eme-annee-dindependance\/","article_published_time":"2025-04-27T21:58:00+00:00","article_modified_time":"2025-05-22T22:03:41+00:00","og_image":[{"width":1182,"height":670,"url":"https:\/\/lepoint-actu.tg\/wp-content\/uploads\/2025\/05\/Oliver-2025-04-27T145151.747.jpg","type":"image\/jpeg"}],"author":"La Redaction","twitter_card":"summary_large_image","twitter_misc":{"\u00c9crit par":"La Redaction","Dur\u00e9e de lecture estim\u00e9e":"2 minutes"},"schema":{"@context":"https:\/\/schema.org","@graph":[{"@type":"WebPage","@id":"https:\/\/lepoint-actu.tg\/index.php\/2025\/04\/27\/le-togo-celebre-son-65eme-annee-dindependance\/","url":"https:\/\/lepoint-actu.tg\/index.php\/2025\/04\/27\/le-togo-celebre-son-65eme-annee-dindependance\/","name":"Le Togo c\u00e9l\u00e8bre son 65\u00e8me ann\u00e9e d'ind\u00e9pendance -","isPartOf":{"@id":"https:\/\/lepoint-actu.tg\/#website"},"primaryImageOfPage":{"@id":"https:\/\/lepoint-actu.tg\/index.php\/2025\/04\/27\/le-togo-celebre-son-65eme-annee-dindependance\/#primaryimage"},"image":{"@id":"https:\/\/lepoint-actu.tg\/index.php\/2025\/04\/27\/le-togo-celebre-son-65eme-annee-dindependance\/#primaryimage"},"thumbnailUrl":"https:\/\/lepoint-actu.tg\/wp-content\/uploads\/2025\/05\/Oliver-2025-04-27T145151.747.jpg","datePublished":"2025-04-27T21:58:00+00:00","dateModified":"2025-05-22T22:03:41+00:00","author":{"@id":"https:\/\/lepoint-actu.tg\/#\/schema\/person\/e4026d66cbdc205cab83e169ab7eaca1"},"breadcrumb":{"@id":"https:\/\/lepoint-actu.tg\/index.php\/2025\/04\/27\/le-togo-celebre-son-65eme-annee-dindependance\/#breadcrumb"},"inLanguage":"fr-FR","potentialAction":[{"@type":"ReadAction","target":["https:\/\/lepoint-actu.tg\/index.php\/2025\/04\/27\/le-togo-celebre-son-65eme-annee-dindependance\/"]}]},{"@type":"ImageObject","inLanguage":"fr-FR","@id":"https:\/\/lepoint-actu.tg\/index.php\/2025\/04\/27\/le-togo-celebre-son-65eme-annee-dindependance\/#primaryimage","url":"https:\/\/lepoint-actu.tg\/wp-content\/uploads\/2025\/05\/Oliver-2025-04-27T145151.747.jpg","contentUrl":"https:\/\/lepoint-actu.tg\/wp-content\/uploads\/2025\/05\/Oliver-2025-04-27T145151.747.jpg","width":1182,"height":670},{"@type":"BreadcrumbList","@id":"https:\/\/lepoint-actu.tg\/index.php\/2025\/04\/27\/le-togo-celebre-son-65eme-annee-dindependance\/#breadcrumb","itemListElement":[{"@type":"ListItem","position":1,"name":"Accueil","item":"https:\/\/lepoint-actu.tg\/"},{"@type":"ListItem","position":2,"name":"Le Togo c\u00e9l\u00e8bre son 65\u00e8me ann\u00e9e d&rsquo;ind\u00e9pendance"}]},{"@type":"WebSite","@id":"https:\/\/lepoint-actu.tg\/#website","url":"https:\/\/lepoint-actu.tg\/","name":"","description":"R\u00e9c\u00e9piss\u00e9 N\u00b00022\/HAAC\/12-2020\/pL\/P, lepointactu07@gmail.com","potentialAction":[{"@type":"SearchAction","target":{"@type":"EntryPoint","urlTemplate":"https:\/\/lepoint-actu.tg\/?s={search_term_string}"},"query-input":{"@type":"PropertyValueSpecification","valueRequired":true,"valueName":"search_term_string"}}],"inLanguage":"fr-FR"},{"@type":"Person","@id":"https:\/\/lepoint-actu.tg\/#\/schema\/person\/e4026d66cbdc205cab83e169ab7eaca1","name":"La Redaction","image":{"@type":"ImageObject","inLanguage":"fr-FR","@id":"https:\/\/lepoint-actu.tg\/#\/schema\/person\/image\/","url":"https:\/\/secure.gravatar.com\/avatar\/1682a0ff7e2c36efa51c5d262eea092000ec1ce420118e6261440956730308c2?s=96&d=mm&r=g","contentUrl":"https:\/\/secure.gravatar.com\/avatar\/1682a0ff7e2c36efa51c5d262eea092000ec1ce420118e6261440956730308c2?s=96&d=mm&r=g","caption":"La Redaction"},"url":"https:\/\/lepoint-actu.tg\/index.php\/author\/raymondsama\/"}]}},"_links":{"self":[{"href":"https:\/\/lepoint-actu.tg\/index.php\/wp-json\/wp\/v2\/posts\/4267","targetHints":{"allow":["GET"]}}],"collection":[{"href":"https:\/\/lepoint-actu.tg\/index.php\/wp-json\/wp\/v2\/posts"}],"about":[{"href":"https:\/\/lepoint-actu.tg\/index.php\/wp-json\/wp\/v2\/types\/post"}],"author":[{"embeddable":true,"href":"https:\/\/lepoint-actu.tg\/index.php\/wp-json\/wp\/v2\/users\/2"}],"replies":[{"embeddable":true,"href":"https:\/\/lepoint-actu.tg\/index.php\/wp-json\/wp\/v2\/comments?post=4267"}],"version-history":[{"count":1,"href":"https:\/\/lepoint-actu.tg\/index.php\/wp-json\/wp\/v2\/posts\/4267\/revisions"}],"predecessor-version":[{"id":4269,"href":"https:\/\/lepoint-actu.tg\/index.php\/wp-json\/wp\/v2\/posts\/4267\/revisions\/4269"}],"wp:featuredmedia":[{"embeddable":true,"href":"https:\/\/lepoint-actu.tg\/index.php\/wp-json\/wp\/v2\/media\/4268"}],"wp:attachment":[{"href":"https:\/\/lepoint-actu.tg\/index.php\/wp-json\/wp\/v2\/media?parent=4267"}],"wp:term":[{"taxonomy":"category","embeddable":true,"href":"https:\/\/lepoint-actu.tg\/index.php\/wp-json\/wp\/v2\/categories?post=4267"},{"taxonomy":"post_tag","embeddable":true,"href":"https:\/\/lepoint-actu.tg\/index.php\/wp-json\/wp\/v2\/tags?post=4267"}],"curies":[{"name":"wp","href":"https:\/\/api.w.org\/{rel}","templated":true}]}}