{"id":4273,"date":"2025-04-28T22:39:00","date_gmt":"2025-04-28T22:39:00","guid":{"rendered":"https:\/\/lepoint-actu.tg\/?p=4273"},"modified":"2025-05-22T22:44:03","modified_gmt":"2025-05-22T22:44:03","slug":"les-universites-publiques-du-togo-et-cames-consolident-leurs-liens","status":"publish","type":"post","link":"https:\/\/lepoint-actu.tg\/index.php\/2025\/04\/28\/les-universites-publiques-du-togo-et-cames-consolident-leurs-liens\/","title":{"rendered":"Les Universit\u00e9s Publiques du Togo et CAMES consolident leurs liens"},"content":{"rendered":"\n<figure class=\"wp-block-image\"><img decoding=\"async\" src=\"https:\/\/univ-lome.tg\/wp-content\/uploads\/2025\/04\/441A7056b-1-scaled.jpg\" alt=\"Les Universit\u00e9s publiques du Togo et le CAMES dessinent l'avenir d\u2019un enseignement sup\u00e9rieur africain int\u00e9gr\u00e9\"\/><\/figure>\n\n\n\n<p><a href=\"https:\/\/www.facebook.com\/sharer\/sharer.php?caption=Les+Universit%C3%A9s+publiques+du+Togo+et+le+CAMES+dessinent+l%E2%80%99avenir+d%E2%80%99un+enseignement+sup%C3%A9rieur+africain+int%C3%A9gr%C3%A9&amp;u=https:\/\/univ-lome.tg\/les-universites-publiques-du-togo-et-le-cames-dessinent-lavenir-dun-enseignement-superieur-africain-integre\/\" target=\"_blank\" rel=\"noreferrer noopener\"><\/a><a href=\"http:\/\/www.linkedin.com\/shareArticle?mini=true&amp;url=https:\/\/univ-lome.tg\/les-universites-publiques-du-togo-et-le-cames-dessinent-lavenir-dun-enseignement-superieur-africain-integre\/&amp;title=Les+Universit%C3%A9s+publiques+du+Togo+et+le+CAMES+dessinent+l%E2%80%99avenir+d%E2%80%99un+enseignement+sup%C3%A9rieur+africain+int%C3%A9gr%C3%A9\" target=\"_blank\" rel=\"noreferrer noopener\"><\/a><a href=\"https:\/\/twitter.com\/intent\/tweet?text=Les+Universit%C3%A9s+publiques+du+Togo+et+le+CAMES+dessinent+l%E2%80%99avenir+d%E2%80%99un+enseignement+sup%C3%A9rieur+africain+int%C3%A9gr%C3%A9&amp;url=https:\/\/univ-lome.tg\/les-universites-publiques-du-togo-et-le-cames-dessinent-lavenir-dun-enseignement-superieur-africain-integre\/\" target=\"_blank\" rel=\"noreferrer noopener\"><\/a><\/p>\n\n\n\n<p><strong><em>Les pr\u00e9sidents des universit\u00e9s publiques du Togo ont eu, ce lundi 28 avril 2025, une s\u00e9ance de travail avec une d\u00e9l\u00e9gation du Conseil africain et malgache pour l\u2019enseignement sup\u00e9rieur (CAMES), conduite par son secr\u00e9taire g\u00e9n\u00e9ral, le professeur Souleymane Konat\u00e9. Cette rencontre, tenue dans la salle Gb\u00e9assor de la pr\u00e9sidence de l\u2019Universit\u00e9 de Lom\u00e9, s\u2019est d\u00e9roul\u00e9e en pr\u00e9sence du professeur Komlan Batawila, 1\u1d49\u02b3 vice-pr\u00e9sident de l\u2019Universit\u00e9 de Lom\u00e9, le professeur Kokou Tchari\u00e8, pr\u00e9sident de l\u2019Universit\u00e9 de Kara, ayant particip\u00e9 aux \u00e9changes en distanciel. Plac\u00e9e sous le signe de la collaboration, elle a permis d\u2019aborder des projets majeurs qui fa\u00e7onneront le futur de l\u2019enseignement sup\u00e9rieur dans l\u2019espace CAMES.<\/em><\/strong><\/p>\n\n\n\n<p>Les \u00e9changes ont port\u00e9 sur quatre sujets majeurs, dont l\u2019organisation du&nbsp;<strong>prochain Conseil des ministres du CAMES<\/strong>, pr\u00e9vu en mai 2025 en Guin\u00e9e Conakry. Cet \u00e9v\u00e9nement constituera une plateforme cruciale pour l\u2019harmonisation des politiques \u00e9ducatives des \u00c9tats membres pour un enseignement sup\u00e9rieur plus efficace et inclusif.<\/p>\n\n\n\n<figure class=\"wp-block-image\"><img decoding=\"async\" src=\"https:\/\/univ-lome.tg\/wp-content\/uploads\/2025\/04\/441A7084-1024x683.jpg\" alt=\"Les Universit\u00e9s publiques du Togo et le CAMES dessinent l'avenir d\u2019un enseignement sup\u00e9rieur africain int\u00e9gr\u00e9\" class=\"wp-image-30720\"\/><\/figure>\n\n\n\n<p><strong><em>De g. \u00e0 d. professeur Souleymane Konat\u00e9, SG du CAMES et professeur Adama Mawul\u00e9 Kpodar, pr\u00e9sident de l\u2019Universit\u00e9 de Lom\u00e9<\/em><\/strong>.<\/p>\n\n\n\n<p>Parmi les projets phares discut\u00e9s figure la&nbsp;<strong><em>cr\u00e9ation d\u2019une<\/em><\/strong>&nbsp;<strong><em>Acad\u00e9mie virtuelle<\/em><\/strong>, une plateforme strat\u00e9gique visant \u00e0 briser les barri\u00e8res g\u00e9ographiques et \u00e9conomiques pour offrir une \u00e9ducation de qualit\u00e9 \u00e0 des milliers d\u2019\u00e9tudiants africains et \u00e0 donner un acc\u00e8s \u00e0 l\u2019innovation p\u00e9dagogique \u00e0 l\u2019\u00e9chelle continentale. Ce projet s\u2019inscrit dans une dynamique de modernisation des outils \u00e9ducatifs, essentielle pour r\u00e9pondre aux d\u00e9fis du num\u00e9rique et de la mondialisation.&nbsp;<\/p>\n\n\n\n<p>En outre, les participants ont \u00e9voqu\u00e9 la tenue prochaine d\u2019un&nbsp;<strong>atelier sur la politique commune<\/strong>&nbsp;<strong>des universit\u00e9s<\/strong>&nbsp;<strong>publiques en mati\u00e8re de recherche<\/strong>. Cet atelier aura pour objectif d\u2019uniformiser les pratiques de recherche au sein de l\u2019espace CAMES, favorisant des collaborations scientifiques transfrontali\u00e8res et multidisciplinaires pour r\u00e9pondre aux d\u00e9fis sp\u00e9cifiques du d\u00e9veloppement africain.<\/p>\n\n\n\n<p>Enfin, la pr\u00e9paration du&nbsp;<strong>Comit\u00e9 Consultatif G\u00e9n\u00e9ral (CCG) extraordinaire<\/strong>, pr\u00e9vu en ligne le 7 mai 2025, a \u00e9galement \u00e9t\u00e9 abord\u00e9e. Cette instance sera l\u2019occasion d\u2019\u00e9valuer les concours d\u2019agr\u00e9gation et de faire le point sur l\u2019ex\u00e9cution du Plan strat\u00e9gique de d\u00e9veloppement 2024-2028 du CAMES.&nbsp;<\/p>\n\n\n\n<figure class=\"wp-block-image\"><img decoding=\"async\" src=\"https:\/\/univ-lome.tg\/wp-content\/uploads\/2025\/04\/441A7074-1024x683.jpg\" alt=\"Les Universit\u00e9s publiques du Togo et le CAMES dessinent l'avenir d\u2019un enseignement sup\u00e9rieur africain int\u00e9gr\u00e9\" class=\"wp-image-30718\"\/><\/figure>\n\n\n\n<p>Cette rencontre a mis en lumi\u00e8re l\u2019engagement commun des Universit\u00e9s publiques du Togo (Universit\u00e9 de Lom\u00e9 et Universit\u00e9 de Kara) et du CAMES \u00e0 construire un espace acad\u00e9mique africain unifi\u00e9. Cette alliance strat\u00e9gique repose sur trois piliers fondamentaux, \u00e0 savoir l\u2019innovation p\u00e9dagogique \u00e0 travers les nouvelles technologies, la mutualisation des ressources et expertises scientifiques et l\u2019harmonisation des syst\u00e8mes de certification.<\/p>\n\n\n\n<p>Les deux pr\u00e9sidents, professeurs Kpodar et Tchari\u00e8, ont r\u00e9affirm\u00e9 la volont\u00e9 de leur institution de jouer un r\u00f4le moteur dans cette dynamique panafricaine, en soutenant des initiatives comme les Programmes th\u00e9matiques de recherche du CAMES, qui encouragent la coop\u00e9ration r\u00e9gionale et r\u00e9pondent aux enjeux de d\u00e9veloppement du continent.<\/p>\n\n\n\n<p>Les projets discut\u00e9s auront des impacts tangibles en termes d\u2019acc\u00e8s \u00e9largi \u00e0 des formations d\u2019excellence via l\u2019Acad\u00e9mie Virtuelle pour les \u00e9tudiants. Ils constitueront des opportunit\u00e9s accrues de collaboration et de perfectionnement pour les enseignants, et serviront de cadre propice aux projets ambitieux \u00e0 dimension continentale pour les chercheurs.<\/p>\n\n\n\n<figure class=\"wp-block-image\"><img decoding=\"async\" src=\"https:\/\/univ-lome.tg\/wp-content\/uploads\/2025\/04\/441A7056-1024x714.jpg\" alt=\"Les Universit\u00e9s publiques du Togo et le CAMES dessinent l'avenir d\u2019un enseignement sup\u00e9rieur africain int\u00e9gr\u00e9\" class=\"wp-image-30716\"\/><\/figure>\n\n\n\n<p>Cette rencontre du 28 avril 2025 ne se limite pas \u00e0 un simple \u00e9change protocolaire. Elle repr\u00e9sente une \u00e9tape cruciale dans la mat\u00e9rialisation d\u2019une vision ambitieuse : faire de l\u2019espace CAMES un p\u00f4le d\u2019excellence acad\u00e9mique mondialement reconnu.&nbsp;<\/p>\n\n\n\n<p>Les Universit\u00e9s publiques du Togo, fortes de leur leadership r\u00e9gional et de leur expertise reconnue, se positionnent comme des acteurs cl\u00e9s de cette transformation aux c\u00f4t\u00e9s du CAMES. Les projets discut\u00e9s, notamment l\u2019Acad\u00e9mie virtuelle et les grandes instances du CAMES, ouvrent la voie \u00e0 une nouvelle \u00e8re pour l\u2019enseignement sup\u00e9rieur africain plus connect\u00e9, plus innovant et plus impactant.<\/p>\n\n\n\n<p><strong><em>Jules T\u00e9t\u00e9 <\/em><\/strong><\/p>\n\n\n\n<p><\/p>\n","protected":false},"excerpt":{"rendered":"<p>Les pr\u00e9sidents des universit\u00e9s publiques du Togo ont eu, ce lundi 28 avril 2025, une s\u00e9ance de travail avec une<\/p>\n","protected":false},"author":2,"featured_media":4274,"comment_status":"open","ping_status":"closed","sticky":false,"template":"","format":"standard","meta":{"footnotes":""},"categories":[1],"tags":[],"class_list":["post-4273","post","type-post","status-publish","format-standard","has-post-thumbnail","hentry","category-societe"],"yoast_head":"<!-- This site is optimized with the Yoast SEO plugin v23.9 - https:\/\/yoast.com\/wordpress\/plugins\/seo\/ -->\n<title>Les Universit\u00e9s Publiques du Togo et CAMES consolident leurs liens -<\/title>\n<meta name=\"robots\" content=\"index, follow, max-snippet:-1, max-image-preview:large, max-video-preview:-1\" \/>\n<link rel=\"canonical\" href=\"https:\/\/lepoint-actu.tg\/index.php\/2025\/04\/28\/les-universites-publiques-du-togo-et-cames-consolident-leurs-liens\/\" \/>\n<meta property=\"og:locale\" content=\"fr_FR\" \/>\n<meta property=\"og:type\" content=\"article\" \/>\n<meta property=\"og:title\" content=\"Les Universit\u00e9s Publiques du Togo et CAMES consolident leurs liens -\" \/>\n<meta property=\"og:description\" content=\"Les pr\u00e9sidents des universit\u00e9s publiques du Togo ont eu, ce lundi 28 avril 2025, une s\u00e9ance de travail avec une\" \/>\n<meta property=\"og:url\" content=\"https:\/\/lepoint-actu.tg\/index.php\/2025\/04\/28\/les-universites-publiques-du-togo-et-cames-consolident-leurs-liens\/\" \/>\n<meta property=\"article:published_time\" content=\"2025-04-28T22:39:00+00:00\" \/>\n<meta property=\"article:modified_time\" content=\"2025-05-22T22:44:03+00:00\" \/>\n<meta property=\"og:image\" content=\"https:\/\/lepoint-actu.tg\/wp-content\/uploads\/2025\/05\/441A7089-768x625-1.jpg\" \/>\n\t<meta property=\"og:image:width\" content=\"768\" \/>\n\t<meta property=\"og:image:height\" content=\"625\" \/>\n\t<meta property=\"og:image:type\" content=\"image\/jpeg\" \/>\n<meta name=\"author\" content=\"La Redaction\" \/>\n<meta name=\"twitter:card\" content=\"summary_large_image\" \/>\n<meta name=\"twitter:label1\" content=\"\u00c9crit par\" \/>\n\t<meta name=\"twitter:data1\" content=\"La Redaction\" \/>\n\t<meta name=\"twitter:label2\" content=\"Dur\u00e9e de lecture estim\u00e9e\" \/>\n\t<meta name=\"twitter:data2\" content=\"4 minutes\" \/>\n<script type=\"application\/ld+json\" class=\"yoast-schema-graph\">{\"@context\":\"https:\/\/schema.org\",\"@graph\":[{\"@type\":\"WebPage\",\"@id\":\"https:\/\/lepoint-actu.tg\/index.php\/2025\/04\/28\/les-universites-publiques-du-togo-et-cames-consolident-leurs-liens\/\",\"url\":\"https:\/\/lepoint-actu.tg\/index.php\/2025\/04\/28\/les-universites-publiques-du-togo-et-cames-consolident-leurs-liens\/\",\"name\":\"Les Universit\u00e9s Publiques du Togo et CAMES consolident leurs liens -\",\"isPartOf\":{\"@id\":\"https:\/\/lepoint-actu.tg\/#website\"},\"primaryImageOfPage\":{\"@id\":\"https:\/\/lepoint-actu.tg\/index.php\/2025\/04\/28\/les-universites-publiques-du-togo-et-cames-consolident-leurs-liens\/#primaryimage\"},\"image\":{\"@id\":\"https:\/\/lepoint-actu.tg\/index.php\/2025\/04\/28\/les-universites-publiques-du-togo-et-cames-consolident-leurs-liens\/#primaryimage\"},\"thumbnailUrl\":\"https:\/\/lepoint-actu.tg\/wp-content\/uploads\/2025\/05\/441A7089-768x625-1.jpg\",\"datePublished\":\"2025-04-28T22:39:00+00:00\",\"dateModified\":\"2025-05-22T22:44:03+00:00\",\"author\":{\"@id\":\"https:\/\/lepoint-actu.tg\/#\/schema\/person\/e4026d66cbdc205cab83e169ab7eaca1\"},\"breadcrumb\":{\"@id\":\"https:\/\/lepoint-actu.tg\/index.php\/2025\/04\/28\/les-universites-publiques-du-togo-et-cames-consolident-leurs-liens\/#breadcrumb\"},\"inLanguage\":\"fr-FR\",\"potentialAction\":[{\"@type\":\"ReadAction\",\"target\":[\"https:\/\/lepoint-actu.tg\/index.php\/2025\/04\/28\/les-universites-publiques-du-togo-et-cames-consolident-leurs-liens\/\"]}]},{\"@type\":\"ImageObject\",\"inLanguage\":\"fr-FR\",\"@id\":\"https:\/\/lepoint-actu.tg\/index.php\/2025\/04\/28\/les-universites-publiques-du-togo-et-cames-consolident-leurs-liens\/#primaryimage\",\"url\":\"https:\/\/lepoint-actu.tg\/wp-content\/uploads\/2025\/05\/441A7089-768x625-1.jpg\",\"contentUrl\":\"https:\/\/lepoint-actu.tg\/wp-content\/uploads\/2025\/05\/441A7089-768x625-1.jpg\",\"width\":768,\"height\":625},{\"@type\":\"BreadcrumbList\",\"@id\":\"https:\/\/lepoint-actu.tg\/index.php\/2025\/04\/28\/les-universites-publiques-du-togo-et-cames-consolident-leurs-liens\/#breadcrumb\",\"itemListElement\":[{\"@type\":\"ListItem\",\"position\":1,\"name\":\"Accueil\",\"item\":\"https:\/\/lepoint-actu.tg\/\"},{\"@type\":\"ListItem\",\"position\":2,\"name\":\"Les Universit\u00e9s Publiques du Togo et CAMES consolident leurs liens\"}]},{\"@type\":\"WebSite\",\"@id\":\"https:\/\/lepoint-actu.tg\/#website\",\"url\":\"https:\/\/lepoint-actu.tg\/\",\"name\":\"\",\"description\":\"R\u00e9c\u00e9piss\u00e9 N\u00b00022\/HAAC\/12-2020\/pL\/P, lepointactu07@gmail.com\",\"potentialAction\":[{\"@type\":\"SearchAction\",\"target\":{\"@type\":\"EntryPoint\",\"urlTemplate\":\"https:\/\/lepoint-actu.tg\/?s={search_term_string}\"},\"query-input\":{\"@type\":\"PropertyValueSpecification\",\"valueRequired\":true,\"valueName\":\"search_term_string\"}}],\"inLanguage\":\"fr-FR\"},{\"@type\":\"Person\",\"@id\":\"https:\/\/lepoint-actu.tg\/#\/schema\/person\/e4026d66cbdc205cab83e169ab7eaca1\",\"name\":\"La Redaction\",\"image\":{\"@type\":\"ImageObject\",\"inLanguage\":\"fr-FR\",\"@id\":\"https:\/\/lepoint-actu.tg\/#\/schema\/person\/image\/\",\"url\":\"https:\/\/secure.gravatar.com\/avatar\/1682a0ff7e2c36efa51c5d262eea092000ec1ce420118e6261440956730308c2?s=96&d=mm&r=g\",\"contentUrl\":\"https:\/\/secure.gravatar.com\/avatar\/1682a0ff7e2c36efa51c5d262eea092000ec1ce420118e6261440956730308c2?s=96&d=mm&r=g\",\"caption\":\"La Redaction\"},\"url\":\"https:\/\/lepoint-actu.tg\/index.php\/author\/raymondsama\/\"}]}<\/script>\n<!-- \/ Yoast SEO plugin. -->","yoast_head_json":{"title":"Les Universit\u00e9s Publiques du Togo et CAMES consolident leurs liens -","robots":{"index":"index","follow":"follow","max-snippet":"max-snippet:-1","max-image-preview":"max-image-preview:large","max-video-preview":"max-video-preview:-1"},"canonical":"https:\/\/lepoint-actu.tg\/index.php\/2025\/04\/28\/les-universites-publiques-du-togo-et-cames-consolident-leurs-liens\/","og_locale":"fr_FR","og_type":"article","og_title":"Les Universit\u00e9s Publiques du Togo et CAMES consolident leurs liens -","og_description":"Les pr\u00e9sidents des universit\u00e9s publiques du Togo ont eu, ce lundi 28 avril 2025, une s\u00e9ance de travail avec une","og_url":"https:\/\/lepoint-actu.tg\/index.php\/2025\/04\/28\/les-universites-publiques-du-togo-et-cames-consolident-leurs-liens\/","article_published_time":"2025-04-28T22:39:00+00:00","article_modified_time":"2025-05-22T22:44:03+00:00","og_image":[{"width":768,"height":625,"url":"https:\/\/lepoint-actu.tg\/wp-content\/uploads\/2025\/05\/441A7089-768x625-1.jpg","type":"image\/jpeg"}],"author":"La Redaction","twitter_card":"summary_large_image","twitter_misc":{"\u00c9crit par":"La Redaction","Dur\u00e9e de lecture estim\u00e9e":"4 minutes"},"schema":{"@context":"https:\/\/schema.org","@graph":[{"@type":"WebPage","@id":"https:\/\/lepoint-actu.tg\/index.php\/2025\/04\/28\/les-universites-publiques-du-togo-et-cames-consolident-leurs-liens\/","url":"https:\/\/lepoint-actu.tg\/index.php\/2025\/04\/28\/les-universites-publiques-du-togo-et-cames-consolident-leurs-liens\/","name":"Les Universit\u00e9s Publiques du Togo et CAMES consolident leurs liens -","isPartOf":{"@id":"https:\/\/lepoint-actu.tg\/#website"},"primaryImageOfPage":{"@id":"https:\/\/lepoint-actu.tg\/index.php\/2025\/04\/28\/les-universites-publiques-du-togo-et-cames-consolident-leurs-liens\/#primaryimage"},"image":{"@id":"https:\/\/lepoint-actu.tg\/index.php\/2025\/04\/28\/les-universites-publiques-du-togo-et-cames-consolident-leurs-liens\/#primaryimage"},"thumbnailUrl":"https:\/\/lepoint-actu.tg\/wp-content\/uploads\/2025\/05\/441A7089-768x625-1.jpg","datePublished":"2025-04-28T22:39:00+00:00","dateModified":"2025-05-22T22:44:03+00:00","author":{"@id":"https:\/\/lepoint-actu.tg\/#\/schema\/person\/e4026d66cbdc205cab83e169ab7eaca1"},"breadcrumb":{"@id":"https:\/\/lepoint-actu.tg\/index.php\/2025\/04\/28\/les-universites-publiques-du-togo-et-cames-consolident-leurs-liens\/#breadcrumb"},"inLanguage":"fr-FR","potentialAction":[{"@type":"ReadAction","target":["https:\/\/lepoint-actu.tg\/index.php\/2025\/04\/28\/les-universites-publiques-du-togo-et-cames-consolident-leurs-liens\/"]}]},{"@type":"ImageObject","inLanguage":"fr-FR","@id":"https:\/\/lepoint-actu.tg\/index.php\/2025\/04\/28\/les-universites-publiques-du-togo-et-cames-consolident-leurs-liens\/#primaryimage","url":"https:\/\/lepoint-actu.tg\/wp-content\/uploads\/2025\/05\/441A7089-768x625-1.jpg","contentUrl":"https:\/\/lepoint-actu.tg\/wp-content\/uploads\/2025\/05\/441A7089-768x625-1.jpg","width":768,"height":625},{"@type":"BreadcrumbList","@id":"https:\/\/lepoint-actu.tg\/index.php\/2025\/04\/28\/les-universites-publiques-du-togo-et-cames-consolident-leurs-liens\/#breadcrumb","itemListElement":[{"@type":"ListItem","position":1,"name":"Accueil","item":"https:\/\/lepoint-actu.tg\/"},{"@type":"ListItem","position":2,"name":"Les Universit\u00e9s Publiques du Togo et CAMES consolident leurs liens"}]},{"@type":"WebSite","@id":"https:\/\/lepoint-actu.tg\/#website","url":"https:\/\/lepoint-actu.tg\/","name":"","description":"R\u00e9c\u00e9piss\u00e9 N\u00b00022\/HAAC\/12-2020\/pL\/P, lepointactu07@gmail.com","potentialAction":[{"@type":"SearchAction","target":{"@type":"EntryPoint","urlTemplate":"https:\/\/lepoint-actu.tg\/?s={search_term_string}"},"query-input":{"@type":"PropertyValueSpecification","valueRequired":true,"valueName":"search_term_string"}}],"inLanguage":"fr-FR"},{"@type":"Person","@id":"https:\/\/lepoint-actu.tg\/#\/schema\/person\/e4026d66cbdc205cab83e169ab7eaca1","name":"La Redaction","image":{"@type":"ImageObject","inLanguage":"fr-FR","@id":"https:\/\/lepoint-actu.tg\/#\/schema\/person\/image\/","url":"https:\/\/secure.gravatar.com\/avatar\/1682a0ff7e2c36efa51c5d262eea092000ec1ce420118e6261440956730308c2?s=96&d=mm&r=g","contentUrl":"https:\/\/secure.gravatar.com\/avatar\/1682a0ff7e2c36efa51c5d262eea092000ec1ce420118e6261440956730308c2?s=96&d=mm&r=g","caption":"La Redaction"},"url":"https:\/\/lepoint-actu.tg\/index.php\/author\/raymondsama\/"}]}},"_links":{"self":[{"href":"https:\/\/lepoint-actu.tg\/index.php\/wp-json\/wp\/v2\/posts\/4273","targetHints":{"allow":["GET"]}}],"collection":[{"href":"https:\/\/lepoint-actu.tg\/index.php\/wp-json\/wp\/v2\/posts"}],"about":[{"href":"https:\/\/lepoint-actu.tg\/index.php\/wp-json\/wp\/v2\/types\/post"}],"author":[{"embeddable":true,"href":"https:\/\/lepoint-actu.tg\/index.php\/wp-json\/wp\/v2\/users\/2"}],"replies":[{"embeddable":true,"href":"https:\/\/lepoint-actu.tg\/index.php\/wp-json\/wp\/v2\/comments?post=4273"}],"version-history":[{"count":1,"href":"https:\/\/lepoint-actu.tg\/index.php\/wp-json\/wp\/v2\/posts\/4273\/revisions"}],"predecessor-version":[{"id":4275,"href":"https:\/\/lepoint-actu.tg\/index.php\/wp-json\/wp\/v2\/posts\/4273\/revisions\/4275"}],"wp:featuredmedia":[{"embeddable":true,"href":"https:\/\/lepoint-actu.tg\/index.php\/wp-json\/wp\/v2\/media\/4274"}],"wp:attachment":[{"href":"https:\/\/lepoint-actu.tg\/index.php\/wp-json\/wp\/v2\/media?parent=4273"}],"wp:term":[{"taxonomy":"category","embeddable":true,"href":"https:\/\/lepoint-actu.tg\/index.php\/wp-json\/wp\/v2\/categories?post=4273"},{"taxonomy":"post_tag","embeddable":true,"href":"https:\/\/lepoint-actu.tg\/index.php\/wp-json\/wp\/v2\/tags?post=4273"}],"curies":[{"name":"wp","href":"https:\/\/api.w.org\/{rel}","templated":true}]}}