{"id":4279,"date":"2025-04-30T23:09:00","date_gmt":"2025-04-30T23:09:00","guid":{"rendered":"https:\/\/lepoint-actu.tg\/?p=4279"},"modified":"2025-05-22T23:13:40","modified_gmt":"2025-05-22T23:13:40","slug":"togo-le-miato-ferme-exceptionnellement-ce-30-avril-2025","status":"publish","type":"post","link":"https:\/\/lepoint-actu.tg\/index.php\/2025\/04\/30\/togo-le-miato-ferme-exceptionnellement-ce-30-avril-2025\/","title":{"rendered":"Togo\/Le MIATO ferm\u00e9 exceptionnellement ce 30 Avril 2025"},"content":{"rendered":"\n<h1 class=\"wp-block-heading\"><\/h1>\n\n\n\n<figure class=\"wp-block-image\"><img decoding=\"async\" src=\"https:\/\/launetogo.tg\/wp-content\/uploads\/2025\/04\/MIAT.jpg\" alt=\"\"\/><\/figure>\n\n\n\n<p><a href=\"https:\/\/www.facebook.com\/sharer\/sharer.php?u=https%3A%2F%2Flaunetogo.tg%2Ftogo-fermeture-exceptionnelle-du-miato-ce-30-avril-2025%2F\" rel=\"noreferrer noopener\" target=\"_blank\"><\/a><a href=\"https:\/\/twitter.com\/intent\/tweet?text=Togo%20%3A%20Fermeture%20Exceptionnelle%20du%20MIATO%20ce%2030%20Avril%202025&amp;url=https%3A%2F%2Flaunetogo.tg%2Ftogo-fermeture-exceptionnelle-du-miato-ce-30-avril-2025%2F\" rel=\"noreferrer noopener\" target=\"_blank\"><\/a><a href=\"https:\/\/api.whatsapp.com\/send?text=Togo%20%3A%20Fermeture%20Exceptionnelle%20du%20MIATO%20ce%2030%20Avril%202025%20https%3A%2F%2Flaunetogo.tg%2Ftogo-fermeture-exceptionnelle-du-miato-ce-30-avril-2025%2F\" rel=\"noreferrer noopener\" target=\"_blank\"><\/a><a href=\"https:\/\/launetogo.tg\/togo-fermeture-exceptionnelle-du-miato-ce-30-avril-2025\/\"><\/a><\/p>\n\n\n\n<p>Le Comit\u00e9 d\u2019Organisation du March\u00e9 International de l\u2019Artisanat du Togo (MIATO) annonce la fermeture exceptionnelle du march\u00e9 le mercredi 30 avril 2025. Cette d\u00e9cision, prise pour des raisons de s\u00e9curit\u00e9, fait suite \u00e0 un incident survenu dans la nuit du mardi 29 avril.<\/p>\n\n\n\n<p>Afin d\u2019assurer la s\u00e9curit\u00e9 de tous les visiteurs et exposants, une \u00e9valuation compl\u00e8te de la situation est en cours. Le MIATO rouvrira ses portes au public jeudi 1er mai 2025 \u00e0 9h00. Les activit\u00e9s reprendront alors normalement.<\/p>\n\n\n\n<p>Le Comit\u00e9 d\u2019Organisation du MIATO pr\u00e9sente ses excuses pour la g\u00eane occasionn\u00e9e et remercie le public pour sa compr\u00e9hension. Nous nous r\u00e9jouissons de vous accueillir nombreux d\u00e8s jeudi pour d\u00e9couvrir et appr\u00e9cier la richesse et la diversit\u00e9 de l\u2019artisanat togolais. Nous restons \u00e0 votre disposition pour toute question.<\/p>\n\n\n\n<p><strong><em>Marc Okuw\u00e9 <\/em><\/strong><\/p>\n","protected":false},"excerpt":{"rendered":"<p>Le Comit\u00e9 d\u2019Organisation du March\u00e9 International de l\u2019Artisanat du Togo (MIATO) annonce la fermeture exceptionnelle du march\u00e9 le mercredi 30<\/p>\n","protected":false},"author":2,"featured_media":4280,"comment_status":"open","ping_status":"closed","sticky":false,"template":"","format":"standard","meta":{"footnotes":""},"categories":[1],"tags":[],"class_list":["post-4279","post","type-post","status-publish","format-standard","has-post-thumbnail","hentry","category-societe"],"yoast_head":"<!-- This site is optimized with the Yoast SEO plugin v23.9 - https:\/\/yoast.com\/wordpress\/plugins\/seo\/ -->\n<title>Togo\/Le MIATO ferm\u00e9 exceptionnellement ce 30 Avril 2025 -<\/title>\n<meta name=\"robots\" content=\"index, follow, max-snippet:-1, max-image-preview:large, max-video-preview:-1\" \/>\n<link rel=\"canonical\" href=\"https:\/\/lepoint-actu.tg\/index.php\/2025\/04\/30\/togo-le-miato-ferme-exceptionnellement-ce-30-avril-2025\/\" \/>\n<meta property=\"og:locale\" content=\"fr_FR\" \/>\n<meta property=\"og:type\" content=\"article\" \/>\n<meta property=\"og:title\" content=\"Togo\/Le MIATO ferm\u00e9 exceptionnellement ce 30 Avril 2025 -\" \/>\n<meta property=\"og:description\" content=\"Le Comit\u00e9 d\u2019Organisation du March\u00e9 International de l\u2019Artisanat du Togo (MIATO) annonce la fermeture exceptionnelle du march\u00e9 le mercredi 30\" \/>\n<meta property=\"og:url\" content=\"https:\/\/lepoint-actu.tg\/index.php\/2025\/04\/30\/togo-le-miato-ferme-exceptionnellement-ce-30-avril-2025\/\" \/>\n<meta property=\"article:published_time\" content=\"2025-04-30T23:09:00+00:00\" \/>\n<meta property=\"article:modified_time\" content=\"2025-05-22T23:13:40+00:00\" \/>\n<meta property=\"og:image\" content=\"https:\/\/lepoint-actu.tg\/wp-content\/uploads\/2025\/05\/MIAT-768x448-1.jpg\" \/>\n\t<meta property=\"og:image:width\" content=\"768\" \/>\n\t<meta property=\"og:image:height\" content=\"448\" \/>\n\t<meta property=\"og:image:type\" content=\"image\/jpeg\" \/>\n<meta name=\"author\" content=\"La Redaction\" \/>\n<meta name=\"twitter:card\" content=\"summary_large_image\" \/>\n<meta name=\"twitter:label1\" content=\"\u00c9crit par\" \/>\n\t<meta name=\"twitter:data1\" content=\"La Redaction\" \/>\n\t<meta name=\"twitter:label2\" content=\"Dur\u00e9e de lecture estim\u00e9e\" \/>\n\t<meta name=\"twitter:data2\" content=\"2 minutes\" \/>\n<script type=\"application\/ld+json\" class=\"yoast-schema-graph\">{\"@context\":\"https:\/\/schema.org\",\"@graph\":[{\"@type\":\"WebPage\",\"@id\":\"https:\/\/lepoint-actu.tg\/index.php\/2025\/04\/30\/togo-le-miato-ferme-exceptionnellement-ce-30-avril-2025\/\",\"url\":\"https:\/\/lepoint-actu.tg\/index.php\/2025\/04\/30\/togo-le-miato-ferme-exceptionnellement-ce-30-avril-2025\/\",\"name\":\"Togo\/Le MIATO ferm\u00e9 exceptionnellement ce 30 Avril 2025 -\",\"isPartOf\":{\"@id\":\"https:\/\/lepoint-actu.tg\/#website\"},\"primaryImageOfPage\":{\"@id\":\"https:\/\/lepoint-actu.tg\/index.php\/2025\/04\/30\/togo-le-miato-ferme-exceptionnellement-ce-30-avril-2025\/#primaryimage\"},\"image\":{\"@id\":\"https:\/\/lepoint-actu.tg\/index.php\/2025\/04\/30\/togo-le-miato-ferme-exceptionnellement-ce-30-avril-2025\/#primaryimage\"},\"thumbnailUrl\":\"https:\/\/lepoint-actu.tg\/wp-content\/uploads\/2025\/05\/MIAT-768x448-1.jpg\",\"datePublished\":\"2025-04-30T23:09:00+00:00\",\"dateModified\":\"2025-05-22T23:13:40+00:00\",\"author\":{\"@id\":\"https:\/\/lepoint-actu.tg\/#\/schema\/person\/e4026d66cbdc205cab83e169ab7eaca1\"},\"breadcrumb\":{\"@id\":\"https:\/\/lepoint-actu.tg\/index.php\/2025\/04\/30\/togo-le-miato-ferme-exceptionnellement-ce-30-avril-2025\/#breadcrumb\"},\"inLanguage\":\"fr-FR\",\"potentialAction\":[{\"@type\":\"ReadAction\",\"target\":[\"https:\/\/lepoint-actu.tg\/index.php\/2025\/04\/30\/togo-le-miato-ferme-exceptionnellement-ce-30-avril-2025\/\"]}]},{\"@type\":\"ImageObject\",\"inLanguage\":\"fr-FR\",\"@id\":\"https:\/\/lepoint-actu.tg\/index.php\/2025\/04\/30\/togo-le-miato-ferme-exceptionnellement-ce-30-avril-2025\/#primaryimage\",\"url\":\"https:\/\/lepoint-actu.tg\/wp-content\/uploads\/2025\/05\/MIAT-768x448-1.jpg\",\"contentUrl\":\"https:\/\/lepoint-actu.tg\/wp-content\/uploads\/2025\/05\/MIAT-768x448-1.jpg\",\"width\":768,\"height\":448},{\"@type\":\"BreadcrumbList\",\"@id\":\"https:\/\/lepoint-actu.tg\/index.php\/2025\/04\/30\/togo-le-miato-ferme-exceptionnellement-ce-30-avril-2025\/#breadcrumb\",\"itemListElement\":[{\"@type\":\"ListItem\",\"position\":1,\"name\":\"Accueil\",\"item\":\"https:\/\/lepoint-actu.tg\/\"},{\"@type\":\"ListItem\",\"position\":2,\"name\":\"Togo\/Le MIATO ferm\u00e9 exceptionnellement ce 30 Avril 2025\"}]},{\"@type\":\"WebSite\",\"@id\":\"https:\/\/lepoint-actu.tg\/#website\",\"url\":\"https:\/\/lepoint-actu.tg\/\",\"name\":\"\",\"description\":\"R\u00e9c\u00e9piss\u00e9 N\u00b00022\/HAAC\/12-2020\/pL\/P, lepointactu07@gmail.com\",\"potentialAction\":[{\"@type\":\"SearchAction\",\"target\":{\"@type\":\"EntryPoint\",\"urlTemplate\":\"https:\/\/lepoint-actu.tg\/?s={search_term_string}\"},\"query-input\":{\"@type\":\"PropertyValueSpecification\",\"valueRequired\":true,\"valueName\":\"search_term_string\"}}],\"inLanguage\":\"fr-FR\"},{\"@type\":\"Person\",\"@id\":\"https:\/\/lepoint-actu.tg\/#\/schema\/person\/e4026d66cbdc205cab83e169ab7eaca1\",\"name\":\"La Redaction\",\"image\":{\"@type\":\"ImageObject\",\"inLanguage\":\"fr-FR\",\"@id\":\"https:\/\/lepoint-actu.tg\/#\/schema\/person\/image\/\",\"url\":\"https:\/\/secure.gravatar.com\/avatar\/1682a0ff7e2c36efa51c5d262eea092000ec1ce420118e6261440956730308c2?s=96&d=mm&r=g\",\"contentUrl\":\"https:\/\/secure.gravatar.com\/avatar\/1682a0ff7e2c36efa51c5d262eea092000ec1ce420118e6261440956730308c2?s=96&d=mm&r=g\",\"caption\":\"La Redaction\"},\"url\":\"https:\/\/lepoint-actu.tg\/index.php\/author\/raymondsama\/\"}]}<\/script>\n<!-- \/ Yoast SEO plugin. -->","yoast_head_json":{"title":"Togo\/Le MIATO ferm\u00e9 exceptionnellement ce 30 Avril 2025 -","robots":{"index":"index","follow":"follow","max-snippet":"max-snippet:-1","max-image-preview":"max-image-preview:large","max-video-preview":"max-video-preview:-1"},"canonical":"https:\/\/lepoint-actu.tg\/index.php\/2025\/04\/30\/togo-le-miato-ferme-exceptionnellement-ce-30-avril-2025\/","og_locale":"fr_FR","og_type":"article","og_title":"Togo\/Le MIATO ferm\u00e9 exceptionnellement ce 30 Avril 2025 -","og_description":"Le Comit\u00e9 d\u2019Organisation du March\u00e9 International de l\u2019Artisanat du Togo (MIATO) annonce la fermeture exceptionnelle du march\u00e9 le mercredi 30","og_url":"https:\/\/lepoint-actu.tg\/index.php\/2025\/04\/30\/togo-le-miato-ferme-exceptionnellement-ce-30-avril-2025\/","article_published_time":"2025-04-30T23:09:00+00:00","article_modified_time":"2025-05-22T23:13:40+00:00","og_image":[{"width":768,"height":448,"url":"https:\/\/lepoint-actu.tg\/wp-content\/uploads\/2025\/05\/MIAT-768x448-1.jpg","type":"image\/jpeg"}],"author":"La Redaction","twitter_card":"summary_large_image","twitter_misc":{"\u00c9crit par":"La Redaction","Dur\u00e9e de lecture estim\u00e9e":"2 minutes"},"schema":{"@context":"https:\/\/schema.org","@graph":[{"@type":"WebPage","@id":"https:\/\/lepoint-actu.tg\/index.php\/2025\/04\/30\/togo-le-miato-ferme-exceptionnellement-ce-30-avril-2025\/","url":"https:\/\/lepoint-actu.tg\/index.php\/2025\/04\/30\/togo-le-miato-ferme-exceptionnellement-ce-30-avril-2025\/","name":"Togo\/Le MIATO ferm\u00e9 exceptionnellement ce 30 Avril 2025 -","isPartOf":{"@id":"https:\/\/lepoint-actu.tg\/#website"},"primaryImageOfPage":{"@id":"https:\/\/lepoint-actu.tg\/index.php\/2025\/04\/30\/togo-le-miato-ferme-exceptionnellement-ce-30-avril-2025\/#primaryimage"},"image":{"@id":"https:\/\/lepoint-actu.tg\/index.php\/2025\/04\/30\/togo-le-miato-ferme-exceptionnellement-ce-30-avril-2025\/#primaryimage"},"thumbnailUrl":"https:\/\/lepoint-actu.tg\/wp-content\/uploads\/2025\/05\/MIAT-768x448-1.jpg","datePublished":"2025-04-30T23:09:00+00:00","dateModified":"2025-05-22T23:13:40+00:00","author":{"@id":"https:\/\/lepoint-actu.tg\/#\/schema\/person\/e4026d66cbdc205cab83e169ab7eaca1"},"breadcrumb":{"@id":"https:\/\/lepoint-actu.tg\/index.php\/2025\/04\/30\/togo-le-miato-ferme-exceptionnellement-ce-30-avril-2025\/#breadcrumb"},"inLanguage":"fr-FR","potentialAction":[{"@type":"ReadAction","target":["https:\/\/lepoint-actu.tg\/index.php\/2025\/04\/30\/togo-le-miato-ferme-exceptionnellement-ce-30-avril-2025\/"]}]},{"@type":"ImageObject","inLanguage":"fr-FR","@id":"https:\/\/lepoint-actu.tg\/index.php\/2025\/04\/30\/togo-le-miato-ferme-exceptionnellement-ce-30-avril-2025\/#primaryimage","url":"https:\/\/lepoint-actu.tg\/wp-content\/uploads\/2025\/05\/MIAT-768x448-1.jpg","contentUrl":"https:\/\/lepoint-actu.tg\/wp-content\/uploads\/2025\/05\/MIAT-768x448-1.jpg","width":768,"height":448},{"@type":"BreadcrumbList","@id":"https:\/\/lepoint-actu.tg\/index.php\/2025\/04\/30\/togo-le-miato-ferme-exceptionnellement-ce-30-avril-2025\/#breadcrumb","itemListElement":[{"@type":"ListItem","position":1,"name":"Accueil","item":"https:\/\/lepoint-actu.tg\/"},{"@type":"ListItem","position":2,"name":"Togo\/Le MIATO ferm\u00e9 exceptionnellement ce 30 Avril 2025"}]},{"@type":"WebSite","@id":"https:\/\/lepoint-actu.tg\/#website","url":"https:\/\/lepoint-actu.tg\/","name":"","description":"R\u00e9c\u00e9piss\u00e9 N\u00b00022\/HAAC\/12-2020\/pL\/P, lepointactu07@gmail.com","potentialAction":[{"@type":"SearchAction","target":{"@type":"EntryPoint","urlTemplate":"https:\/\/lepoint-actu.tg\/?s={search_term_string}"},"query-input":{"@type":"PropertyValueSpecification","valueRequired":true,"valueName":"search_term_string"}}],"inLanguage":"fr-FR"},{"@type":"Person","@id":"https:\/\/lepoint-actu.tg\/#\/schema\/person\/e4026d66cbdc205cab83e169ab7eaca1","name":"La Redaction","image":{"@type":"ImageObject","inLanguage":"fr-FR","@id":"https:\/\/lepoint-actu.tg\/#\/schema\/person\/image\/","url":"https:\/\/secure.gravatar.com\/avatar\/1682a0ff7e2c36efa51c5d262eea092000ec1ce420118e6261440956730308c2?s=96&d=mm&r=g","contentUrl":"https:\/\/secure.gravatar.com\/avatar\/1682a0ff7e2c36efa51c5d262eea092000ec1ce420118e6261440956730308c2?s=96&d=mm&r=g","caption":"La Redaction"},"url":"https:\/\/lepoint-actu.tg\/index.php\/author\/raymondsama\/"}]}},"_links":{"self":[{"href":"https:\/\/lepoint-actu.tg\/index.php\/wp-json\/wp\/v2\/posts\/4279","targetHints":{"allow":["GET"]}}],"collection":[{"href":"https:\/\/lepoint-actu.tg\/index.php\/wp-json\/wp\/v2\/posts"}],"about":[{"href":"https:\/\/lepoint-actu.tg\/index.php\/wp-json\/wp\/v2\/types\/post"}],"author":[{"embeddable":true,"href":"https:\/\/lepoint-actu.tg\/index.php\/wp-json\/wp\/v2\/users\/2"}],"replies":[{"embeddable":true,"href":"https:\/\/lepoint-actu.tg\/index.php\/wp-json\/wp\/v2\/comments?post=4279"}],"version-history":[{"count":1,"href":"https:\/\/lepoint-actu.tg\/index.php\/wp-json\/wp\/v2\/posts\/4279\/revisions"}],"predecessor-version":[{"id":4281,"href":"https:\/\/lepoint-actu.tg\/index.php\/wp-json\/wp\/v2\/posts\/4279\/revisions\/4281"}],"wp:featuredmedia":[{"embeddable":true,"href":"https:\/\/lepoint-actu.tg\/index.php\/wp-json\/wp\/v2\/media\/4280"}],"wp:attachment":[{"href":"https:\/\/lepoint-actu.tg\/index.php\/wp-json\/wp\/v2\/media?parent=4279"}],"wp:term":[{"taxonomy":"category","embeddable":true,"href":"https:\/\/lepoint-actu.tg\/index.php\/wp-json\/wp\/v2\/categories?post=4279"},{"taxonomy":"post_tag","embeddable":true,"href":"https:\/\/lepoint-actu.tg\/index.php\/wp-json\/wp\/v2\/tags?post=4279"}],"curies":[{"name":"wp","href":"https:\/\/api.w.org\/{rel}","templated":true}]}}