{"id":4293,"date":"2025-05-23T12:05:47","date_gmt":"2025-05-23T12:05:47","guid":{"rendered":"https:\/\/lepoint-actu.tg\/?p=4293"},"modified":"2025-05-24T12:31:08","modified_gmt":"2025-05-24T12:31:08","slug":"vers-une-meilleure-gestion-des-deniers-et-charges-publics","status":"publish","type":"post","link":"https:\/\/lepoint-actu.tg\/index.php\/2025\/05\/23\/vers-une-meilleure-gestion-des-deniers-et-charges-publics\/","title":{"rendered":"Vers une meilleure gestion des deniers et charges publics ?"},"content":{"rendered":"\n<h3 class=\"wp-block-heading\">Le gouvernement togolais compte mieux faire dans ses missions et ce pour la satisfaction de tous. Un communiqu\u00e9 du ministre de l&rsquo;\u00e9conomie et des finances dit tout comptant mettre fin \u00e0 certaines pratiques vieilles d&rsquo;une demie si\u00e8cle. En effet, selon ce communiqu\u00e9, d\u00e9sormais, les ministres comme tous citoyens ordinaires doivent payer leurs factures d\u2019eau et d\u2019\u00e9lectricit\u00e9. Selon le minist\u00e8re de l\u2019\u00e9conomie et des finances, l\u2019\u00c9tat ne prendra plus en charge les consommations domestiques des membres du gouvernement.<\/h3>\n\n\n\n<figure class=\"wp-block-image size-full\"><img loading=\"lazy\" decoding=\"async\" width=\"720\" height=\"935\" src=\"https:\/\/lepoint-actu.tg\/wp-content\/uploads\/2025\/05\/1000371507.jpg\" alt=\"\" class=\"wp-image-4299\" srcset=\"https:\/\/lepoint-actu.tg\/wp-content\/uploads\/2025\/05\/1000371507.jpg 720w, https:\/\/lepoint-actu.tg\/wp-content\/uploads\/2025\/05\/1000371507-231x300.jpg 231w\" sizes=\"auto, (max-width: 720px) 100vw, 720px\" \/><\/figure>\n\n\n\n<p>La mesure est en vigueur depuis le 15 mai 2025. D\u00e9but d&rsquo;un mieux faire pour l&rsquo;\u00e9quit\u00e9 sociale ? <\/p>\n\n\n\n<p>C&rsquo;est le wait and see!<\/p>\n\n\n\n<p><strong><em>Marc Okuw\u00e9 <\/em><\/strong><\/p>\n\n\n\n<p>Nous contacter pour tous besoins sur le (00228)90 21 30 91\/71 99 90 24\/98 86 65 70<\/p>\n","protected":false},"excerpt":{"rendered":"<p>Le gouvernement togolais compte mieux faire dans ses missions et ce pour la satisfaction de tous. Un communiqu\u00e9 du ministre<\/p>\n","protected":false},"author":2,"featured_media":4294,"comment_status":"open","ping_status":"closed","sticky":false,"template":"","format":"standard","meta":{"footnotes":""},"categories":[1],"tags":[],"class_list":["post-4293","post","type-post","status-publish","format-standard","has-post-thumbnail","hentry","category-societe"],"yoast_head":"<!-- This site is optimized with the Yoast SEO plugin v23.9 - https:\/\/yoast.com\/wordpress\/plugins\/seo\/ -->\n<title>Vers une meilleure gestion des deniers et charges publics ? -<\/title>\n<meta name=\"robots\" content=\"index, follow, max-snippet:-1, max-image-preview:large, max-video-preview:-1\" \/>\n<link rel=\"canonical\" href=\"https:\/\/lepoint-actu.tg\/index.php\/2025\/05\/23\/vers-une-meilleure-gestion-des-deniers-et-charges-publics\/\" \/>\n<meta property=\"og:locale\" content=\"fr_FR\" \/>\n<meta property=\"og:type\" content=\"article\" \/>\n<meta property=\"og:title\" content=\"Vers une meilleure gestion des deniers et charges publics ? -\" \/>\n<meta property=\"og:description\" content=\"Le gouvernement togolais compte mieux faire dans ses missions et ce pour la satisfaction de tous. Un communiqu\u00e9 du ministre\" \/>\n<meta property=\"og:url\" content=\"https:\/\/lepoint-actu.tg\/index.php\/2025\/05\/23\/vers-une-meilleure-gestion-des-deniers-et-charges-publics\/\" \/>\n<meta property=\"article:published_time\" content=\"2025-05-23T12:05:47+00:00\" \/>\n<meta property=\"article:modified_time\" content=\"2025-05-24T12:31:08+00:00\" \/>\n<meta property=\"og:image\" content=\"https:\/\/lepoint-actu.tg\/wp-content\/uploads\/2025\/05\/Screenshot_20250524-120315.jpg\" \/>\n\t<meta property=\"og:image:width\" content=\"349\" \/>\n\t<meta property=\"og:image:height\" content=\"196\" \/>\n\t<meta property=\"og:image:type\" content=\"image\/jpeg\" \/>\n<meta name=\"author\" content=\"La Redaction\" \/>\n<meta name=\"twitter:card\" content=\"summary_large_image\" \/>\n<meta name=\"twitter:label1\" content=\"\u00c9crit par\" \/>\n\t<meta name=\"twitter:data1\" content=\"La Redaction\" \/>\n\t<meta name=\"twitter:label2\" content=\"Dur\u00e9e de lecture estim\u00e9e\" \/>\n\t<meta name=\"twitter:data2\" content=\"2 minutes\" \/>\n<script type=\"application\/ld+json\" class=\"yoast-schema-graph\">{\"@context\":\"https:\/\/schema.org\",\"@graph\":[{\"@type\":\"WebPage\",\"@id\":\"https:\/\/lepoint-actu.tg\/index.php\/2025\/05\/23\/vers-une-meilleure-gestion-des-deniers-et-charges-publics\/\",\"url\":\"https:\/\/lepoint-actu.tg\/index.php\/2025\/05\/23\/vers-une-meilleure-gestion-des-deniers-et-charges-publics\/\",\"name\":\"Vers une meilleure gestion des deniers et charges publics ? -\",\"isPartOf\":{\"@id\":\"https:\/\/lepoint-actu.tg\/#website\"},\"primaryImageOfPage\":{\"@id\":\"https:\/\/lepoint-actu.tg\/index.php\/2025\/05\/23\/vers-une-meilleure-gestion-des-deniers-et-charges-publics\/#primaryimage\"},\"image\":{\"@id\":\"https:\/\/lepoint-actu.tg\/index.php\/2025\/05\/23\/vers-une-meilleure-gestion-des-deniers-et-charges-publics\/#primaryimage\"},\"thumbnailUrl\":\"https:\/\/lepoint-actu.tg\/wp-content\/uploads\/2025\/05\/Screenshot_20250524-120315.jpg\",\"datePublished\":\"2025-05-23T12:05:47+00:00\",\"dateModified\":\"2025-05-24T12:31:08+00:00\",\"author\":{\"@id\":\"https:\/\/lepoint-actu.tg\/#\/schema\/person\/e4026d66cbdc205cab83e169ab7eaca1\"},\"breadcrumb\":{\"@id\":\"https:\/\/lepoint-actu.tg\/index.php\/2025\/05\/23\/vers-une-meilleure-gestion-des-deniers-et-charges-publics\/#breadcrumb\"},\"inLanguage\":\"fr-FR\",\"potentialAction\":[{\"@type\":\"ReadAction\",\"target\":[\"https:\/\/lepoint-actu.tg\/index.php\/2025\/05\/23\/vers-une-meilleure-gestion-des-deniers-et-charges-publics\/\"]}]},{\"@type\":\"ImageObject\",\"inLanguage\":\"fr-FR\",\"@id\":\"https:\/\/lepoint-actu.tg\/index.php\/2025\/05\/23\/vers-une-meilleure-gestion-des-deniers-et-charges-publics\/#primaryimage\",\"url\":\"https:\/\/lepoint-actu.tg\/wp-content\/uploads\/2025\/05\/Screenshot_20250524-120315.jpg\",\"contentUrl\":\"https:\/\/lepoint-actu.tg\/wp-content\/uploads\/2025\/05\/Screenshot_20250524-120315.jpg\",\"width\":349,\"height\":196},{\"@type\":\"BreadcrumbList\",\"@id\":\"https:\/\/lepoint-actu.tg\/index.php\/2025\/05\/23\/vers-une-meilleure-gestion-des-deniers-et-charges-publics\/#breadcrumb\",\"itemListElement\":[{\"@type\":\"ListItem\",\"position\":1,\"name\":\"Accueil\",\"item\":\"https:\/\/lepoint-actu.tg\/\"},{\"@type\":\"ListItem\",\"position\":2,\"name\":\"Vers une meilleure gestion des deniers et charges publics ?\"}]},{\"@type\":\"WebSite\",\"@id\":\"https:\/\/lepoint-actu.tg\/#website\",\"url\":\"https:\/\/lepoint-actu.tg\/\",\"name\":\"\",\"description\":\"R\u00e9c\u00e9piss\u00e9 N\u00b00022\/HAAC\/12-2020\/pL\/P, lepointactu07@gmail.com\",\"potentialAction\":[{\"@type\":\"SearchAction\",\"target\":{\"@type\":\"EntryPoint\",\"urlTemplate\":\"https:\/\/lepoint-actu.tg\/?s={search_term_string}\"},\"query-input\":{\"@type\":\"PropertyValueSpecification\",\"valueRequired\":true,\"valueName\":\"search_term_string\"}}],\"inLanguage\":\"fr-FR\"},{\"@type\":\"Person\",\"@id\":\"https:\/\/lepoint-actu.tg\/#\/schema\/person\/e4026d66cbdc205cab83e169ab7eaca1\",\"name\":\"La Redaction\",\"image\":{\"@type\":\"ImageObject\",\"inLanguage\":\"fr-FR\",\"@id\":\"https:\/\/lepoint-actu.tg\/#\/schema\/person\/image\/\",\"url\":\"https:\/\/secure.gravatar.com\/avatar\/1682a0ff7e2c36efa51c5d262eea092000ec1ce420118e6261440956730308c2?s=96&d=mm&r=g\",\"contentUrl\":\"https:\/\/secure.gravatar.com\/avatar\/1682a0ff7e2c36efa51c5d262eea092000ec1ce420118e6261440956730308c2?s=96&d=mm&r=g\",\"caption\":\"La Redaction\"},\"url\":\"https:\/\/lepoint-actu.tg\/index.php\/author\/raymondsama\/\"}]}<\/script>\n<!-- \/ Yoast SEO plugin. -->","yoast_head_json":{"title":"Vers une meilleure gestion des deniers et charges publics ? -","robots":{"index":"index","follow":"follow","max-snippet":"max-snippet:-1","max-image-preview":"max-image-preview:large","max-video-preview":"max-video-preview:-1"},"canonical":"https:\/\/lepoint-actu.tg\/index.php\/2025\/05\/23\/vers-une-meilleure-gestion-des-deniers-et-charges-publics\/","og_locale":"fr_FR","og_type":"article","og_title":"Vers une meilleure gestion des deniers et charges publics ? -","og_description":"Le gouvernement togolais compte mieux faire dans ses missions et ce pour la satisfaction de tous. Un communiqu\u00e9 du ministre","og_url":"https:\/\/lepoint-actu.tg\/index.php\/2025\/05\/23\/vers-une-meilleure-gestion-des-deniers-et-charges-publics\/","article_published_time":"2025-05-23T12:05:47+00:00","article_modified_time":"2025-05-24T12:31:08+00:00","og_image":[{"width":349,"height":196,"url":"https:\/\/lepoint-actu.tg\/wp-content\/uploads\/2025\/05\/Screenshot_20250524-120315.jpg","type":"image\/jpeg"}],"author":"La Redaction","twitter_card":"summary_large_image","twitter_misc":{"\u00c9crit par":"La Redaction","Dur\u00e9e de lecture estim\u00e9e":"2 minutes"},"schema":{"@context":"https:\/\/schema.org","@graph":[{"@type":"WebPage","@id":"https:\/\/lepoint-actu.tg\/index.php\/2025\/05\/23\/vers-une-meilleure-gestion-des-deniers-et-charges-publics\/","url":"https:\/\/lepoint-actu.tg\/index.php\/2025\/05\/23\/vers-une-meilleure-gestion-des-deniers-et-charges-publics\/","name":"Vers une meilleure gestion des deniers et charges publics ? -","isPartOf":{"@id":"https:\/\/lepoint-actu.tg\/#website"},"primaryImageOfPage":{"@id":"https:\/\/lepoint-actu.tg\/index.php\/2025\/05\/23\/vers-une-meilleure-gestion-des-deniers-et-charges-publics\/#primaryimage"},"image":{"@id":"https:\/\/lepoint-actu.tg\/index.php\/2025\/05\/23\/vers-une-meilleure-gestion-des-deniers-et-charges-publics\/#primaryimage"},"thumbnailUrl":"https:\/\/lepoint-actu.tg\/wp-content\/uploads\/2025\/05\/Screenshot_20250524-120315.jpg","datePublished":"2025-05-23T12:05:47+00:00","dateModified":"2025-05-24T12:31:08+00:00","author":{"@id":"https:\/\/lepoint-actu.tg\/#\/schema\/person\/e4026d66cbdc205cab83e169ab7eaca1"},"breadcrumb":{"@id":"https:\/\/lepoint-actu.tg\/index.php\/2025\/05\/23\/vers-une-meilleure-gestion-des-deniers-et-charges-publics\/#breadcrumb"},"inLanguage":"fr-FR","potentialAction":[{"@type":"ReadAction","target":["https:\/\/lepoint-actu.tg\/index.php\/2025\/05\/23\/vers-une-meilleure-gestion-des-deniers-et-charges-publics\/"]}]},{"@type":"ImageObject","inLanguage":"fr-FR","@id":"https:\/\/lepoint-actu.tg\/index.php\/2025\/05\/23\/vers-une-meilleure-gestion-des-deniers-et-charges-publics\/#primaryimage","url":"https:\/\/lepoint-actu.tg\/wp-content\/uploads\/2025\/05\/Screenshot_20250524-120315.jpg","contentUrl":"https:\/\/lepoint-actu.tg\/wp-content\/uploads\/2025\/05\/Screenshot_20250524-120315.jpg","width":349,"height":196},{"@type":"BreadcrumbList","@id":"https:\/\/lepoint-actu.tg\/index.php\/2025\/05\/23\/vers-une-meilleure-gestion-des-deniers-et-charges-publics\/#breadcrumb","itemListElement":[{"@type":"ListItem","position":1,"name":"Accueil","item":"https:\/\/lepoint-actu.tg\/"},{"@type":"ListItem","position":2,"name":"Vers une meilleure gestion des deniers et charges publics ?"}]},{"@type":"WebSite","@id":"https:\/\/lepoint-actu.tg\/#website","url":"https:\/\/lepoint-actu.tg\/","name":"","description":"R\u00e9c\u00e9piss\u00e9 N\u00b00022\/HAAC\/12-2020\/pL\/P, lepointactu07@gmail.com","potentialAction":[{"@type":"SearchAction","target":{"@type":"EntryPoint","urlTemplate":"https:\/\/lepoint-actu.tg\/?s={search_term_string}"},"query-input":{"@type":"PropertyValueSpecification","valueRequired":true,"valueName":"search_term_string"}}],"inLanguage":"fr-FR"},{"@type":"Person","@id":"https:\/\/lepoint-actu.tg\/#\/schema\/person\/e4026d66cbdc205cab83e169ab7eaca1","name":"La Redaction","image":{"@type":"ImageObject","inLanguage":"fr-FR","@id":"https:\/\/lepoint-actu.tg\/#\/schema\/person\/image\/","url":"https:\/\/secure.gravatar.com\/avatar\/1682a0ff7e2c36efa51c5d262eea092000ec1ce420118e6261440956730308c2?s=96&d=mm&r=g","contentUrl":"https:\/\/secure.gravatar.com\/avatar\/1682a0ff7e2c36efa51c5d262eea092000ec1ce420118e6261440956730308c2?s=96&d=mm&r=g","caption":"La Redaction"},"url":"https:\/\/lepoint-actu.tg\/index.php\/author\/raymondsama\/"}]}},"_links":{"self":[{"href":"https:\/\/lepoint-actu.tg\/index.php\/wp-json\/wp\/v2\/posts\/4293","targetHints":{"allow":["GET"]}}],"collection":[{"href":"https:\/\/lepoint-actu.tg\/index.php\/wp-json\/wp\/v2\/posts"}],"about":[{"href":"https:\/\/lepoint-actu.tg\/index.php\/wp-json\/wp\/v2\/types\/post"}],"author":[{"embeddable":true,"href":"https:\/\/lepoint-actu.tg\/index.php\/wp-json\/wp\/v2\/users\/2"}],"replies":[{"embeddable":true,"href":"https:\/\/lepoint-actu.tg\/index.php\/wp-json\/wp\/v2\/comments?post=4293"}],"version-history":[{"count":3,"href":"https:\/\/lepoint-actu.tg\/index.php\/wp-json\/wp\/v2\/posts\/4293\/revisions"}],"predecessor-version":[{"id":4300,"href":"https:\/\/lepoint-actu.tg\/index.php\/wp-json\/wp\/v2\/posts\/4293\/revisions\/4300"}],"wp:featuredmedia":[{"embeddable":true,"href":"https:\/\/lepoint-actu.tg\/index.php\/wp-json\/wp\/v2\/media\/4294"}],"wp:attachment":[{"href":"https:\/\/lepoint-actu.tg\/index.php\/wp-json\/wp\/v2\/media?parent=4293"}],"wp:term":[{"taxonomy":"category","embeddable":true,"href":"https:\/\/lepoint-actu.tg\/index.php\/wp-json\/wp\/v2\/categories?post=4293"},{"taxonomy":"post_tag","embeddable":true,"href":"https:\/\/lepoint-actu.tg\/index.php\/wp-json\/wp\/v2\/tags?post=4293"}],"curies":[{"name":"wp","href":"https:\/\/api.w.org\/{rel}","templated":true}]}}