{"id":4363,"date":"2025-07-06T12:59:27","date_gmt":"2025-07-06T12:59:27","guid":{"rendered":"https:\/\/lepoint-actu.tg\/?p=4363"},"modified":"2025-07-07T13:14:14","modified_gmt":"2025-07-07T13:14:14","slug":"sandra-johnson-et-jean-marie-tessi-en-soutien-aux-candidats-unir-lacs-1-pour-les-elections-municipales","status":"publish","type":"post","link":"https:\/\/lepoint-actu.tg\/index.php\/2025\/07\/06\/sandra-johnson-et-jean-marie-tessi-en-soutien-aux-candidats-unir-lacs-1-pour-les-elections-municipales\/","title":{"rendered":"Sandra Johnson et Jean-Marie Tessi en soutien aux candidats UNIR Lacs 1 pour les \u00e9lections municipales"},"content":{"rendered":"\n<p>Au Togo, la campagne \u00e9lectorale en vue des \u00e9lections municipales du 17 juillet 2025 se poursuit. Samedi \u00e0 An\u00e9ho, le parti Union pour la R\u00e9publique (UNIR), parri au pouvoir, a mobilis\u00e9 des milliers de militants et sympathisants dans une ambiance des grands jours. La manifestation a \u00e9t\u00e9 rehauss\u00e9e par la pr\u00e9sence du ministre Sandra Ablamba Johnson et son coll\u00e8gue Jean-Marie Tessi tous du parti UNIR, tous fils du milieu, aux c\u00f4t\u00e9s du maire sortant Me Alexis Aquereburu, \u00e9galement t\u00eate de liste de la commune des Lacs 1.<\/p>\n\n\n\n<p>Un programme de soci\u00e9t\u00e9 ax\u00e9 sur la continuit\u00e9 et l\u2019innovation a \u00e9t\u00e9 pr\u00e9sent\u00e9 par les candidats \u00e0 cette occasion d&rsquo;envergure.<\/p>\n\n\n\n<p>L&rsquo;assistance a salu\u00e9 les messages port\u00e9s par les intervenants, traduisant un attachement profond au programme du parti\u00a0et \u00e0 sa vision pour le d\u00e9veloppement local.<\/p>\n\n\n\n<p>\u00abHier, nous avons dans un esprit de consolidation eu des \u00e9changes riches et fraternels avec les femmes b\u00e9n\u00e9ficiaires de divers projets r\u00e9alis\u00e9s ces cinq derni\u00e8res ann\u00e9es par le gouvernement et la municipalit\u00e9\u00a0\u00bb, a post\u00e9 Sandra Johnson sur comptes sociaux.<\/p>\n\n\n\n<p>Selon les informations, dans la commune des Lacs 1, cinq listes de diff\u00e9rents partis politiques dont UNIR et de groupes d\u2019ind\u00e9pendants sont en course pour les 11 si\u00e8ges de conseillers municipaux \u00e0 pourvoir.<\/p>\n\n\n\n<p>Pour nombre d&rsquo;observateurs et m\u00eame des candidats du parti au pouvoir, l\u2019exp\u00e9rience et l\u2019expertise feront la diff\u00e9rence.<\/p>\n\n\n\n<p><strong><em>Jules T\u00e9t\u00e9 <\/em><\/strong><\/p>\n","protected":false},"excerpt":{"rendered":"<p>Au Togo, la campagne \u00e9lectorale en vue des \u00e9lections municipales du 17 juillet 2025 se poursuit. Samedi \u00e0 An\u00e9ho, le<\/p>\n","protected":false},"author":2,"featured_media":4364,"comment_status":"open","ping_status":"closed","sticky":false,"template":"","format":"standard","meta":{"footnotes":""},"categories":[1],"tags":[],"class_list":["post-4363","post","type-post","status-publish","format-standard","has-post-thumbnail","hentry","category-societe"],"yoast_head":"<!-- This site is optimized with the Yoast SEO plugin v23.9 - https:\/\/yoast.com\/wordpress\/plugins\/seo\/ -->\n<title>Sandra Johnson et Jean-Marie Tessi en soutien aux candidats UNIR Lacs 1 pour les \u00e9lections municipales -<\/title>\n<meta name=\"robots\" content=\"index, follow, max-snippet:-1, max-image-preview:large, max-video-preview:-1\" \/>\n<link rel=\"canonical\" href=\"https:\/\/lepoint-actu.tg\/index.php\/2025\/07\/06\/sandra-johnson-et-jean-marie-tessi-en-soutien-aux-candidats-unir-lacs-1-pour-les-elections-municipales\/\" \/>\n<meta property=\"og:locale\" content=\"fr_FR\" \/>\n<meta property=\"og:type\" content=\"article\" \/>\n<meta property=\"og:title\" content=\"Sandra Johnson et Jean-Marie Tessi en soutien aux candidats UNIR Lacs 1 pour les \u00e9lections municipales -\" \/>\n<meta property=\"og:description\" content=\"Au Togo, la campagne \u00e9lectorale en vue des \u00e9lections municipales du 17 juillet 2025 se poursuit. Samedi \u00e0 An\u00e9ho, le\" \/>\n<meta property=\"og:url\" content=\"https:\/\/lepoint-actu.tg\/index.php\/2025\/07\/06\/sandra-johnson-et-jean-marie-tessi-en-soutien-aux-candidats-unir-lacs-1-pour-les-elections-municipales\/\" \/>\n<meta property=\"article:published_time\" content=\"2025-07-06T12:59:27+00:00\" \/>\n<meta property=\"article:modified_time\" content=\"2025-07-07T13:14:14+00:00\" \/>\n<meta property=\"og:image\" content=\"https:\/\/lepoint-actu.tg\/wp-content\/uploads\/2025\/07\/1751793057746.jpg\" \/>\n\t<meta property=\"og:image:width\" content=\"720\" \/>\n\t<meta property=\"og:image:height\" content=\"489\" \/>\n\t<meta property=\"og:image:type\" content=\"image\/jpeg\" \/>\n<meta name=\"author\" content=\"La Redaction\" \/>\n<meta name=\"twitter:card\" content=\"summary_large_image\" \/>\n<meta name=\"twitter:label1\" content=\"\u00c9crit par\" \/>\n\t<meta name=\"twitter:data1\" content=\"La Redaction\" \/>\n\t<meta name=\"twitter:label2\" content=\"Dur\u00e9e de lecture estim\u00e9e\" \/>\n\t<meta name=\"twitter:data2\" content=\"2 minutes\" \/>\n<script type=\"application\/ld+json\" class=\"yoast-schema-graph\">{\"@context\":\"https:\/\/schema.org\",\"@graph\":[{\"@type\":\"WebPage\",\"@id\":\"https:\/\/lepoint-actu.tg\/index.php\/2025\/07\/06\/sandra-johnson-et-jean-marie-tessi-en-soutien-aux-candidats-unir-lacs-1-pour-les-elections-municipales\/\",\"url\":\"https:\/\/lepoint-actu.tg\/index.php\/2025\/07\/06\/sandra-johnson-et-jean-marie-tessi-en-soutien-aux-candidats-unir-lacs-1-pour-les-elections-municipales\/\",\"name\":\"Sandra Johnson et Jean-Marie Tessi en soutien aux candidats UNIR Lacs 1 pour les \u00e9lections municipales -\",\"isPartOf\":{\"@id\":\"https:\/\/lepoint-actu.tg\/#website\"},\"primaryImageOfPage\":{\"@id\":\"https:\/\/lepoint-actu.tg\/index.php\/2025\/07\/06\/sandra-johnson-et-jean-marie-tessi-en-soutien-aux-candidats-unir-lacs-1-pour-les-elections-municipales\/#primaryimage\"},\"image\":{\"@id\":\"https:\/\/lepoint-actu.tg\/index.php\/2025\/07\/06\/sandra-johnson-et-jean-marie-tessi-en-soutien-aux-candidats-unir-lacs-1-pour-les-elections-municipales\/#primaryimage\"},\"thumbnailUrl\":\"https:\/\/lepoint-actu.tg\/wp-content\/uploads\/2025\/07\/1751793057746.jpg\",\"datePublished\":\"2025-07-06T12:59:27+00:00\",\"dateModified\":\"2025-07-07T13:14:14+00:00\",\"author\":{\"@id\":\"https:\/\/lepoint-actu.tg\/#\/schema\/person\/e4026d66cbdc205cab83e169ab7eaca1\"},\"breadcrumb\":{\"@id\":\"https:\/\/lepoint-actu.tg\/index.php\/2025\/07\/06\/sandra-johnson-et-jean-marie-tessi-en-soutien-aux-candidats-unir-lacs-1-pour-les-elections-municipales\/#breadcrumb\"},\"inLanguage\":\"fr-FR\",\"potentialAction\":[{\"@type\":\"ReadAction\",\"target\":[\"https:\/\/lepoint-actu.tg\/index.php\/2025\/07\/06\/sandra-johnson-et-jean-marie-tessi-en-soutien-aux-candidats-unir-lacs-1-pour-les-elections-municipales\/\"]}]},{\"@type\":\"ImageObject\",\"inLanguage\":\"fr-FR\",\"@id\":\"https:\/\/lepoint-actu.tg\/index.php\/2025\/07\/06\/sandra-johnson-et-jean-marie-tessi-en-soutien-aux-candidats-unir-lacs-1-pour-les-elections-municipales\/#primaryimage\",\"url\":\"https:\/\/lepoint-actu.tg\/wp-content\/uploads\/2025\/07\/1751793057746.jpg\",\"contentUrl\":\"https:\/\/lepoint-actu.tg\/wp-content\/uploads\/2025\/07\/1751793057746.jpg\",\"width\":720,\"height\":489},{\"@type\":\"BreadcrumbList\",\"@id\":\"https:\/\/lepoint-actu.tg\/index.php\/2025\/07\/06\/sandra-johnson-et-jean-marie-tessi-en-soutien-aux-candidats-unir-lacs-1-pour-les-elections-municipales\/#breadcrumb\",\"itemListElement\":[{\"@type\":\"ListItem\",\"position\":1,\"name\":\"Accueil\",\"item\":\"https:\/\/lepoint-actu.tg\/\"},{\"@type\":\"ListItem\",\"position\":2,\"name\":\"Sandra Johnson et Jean-Marie Tessi en soutien aux candidats UNIR Lacs 1 pour les \u00e9lections municipales\"}]},{\"@type\":\"WebSite\",\"@id\":\"https:\/\/lepoint-actu.tg\/#website\",\"url\":\"https:\/\/lepoint-actu.tg\/\",\"name\":\"\",\"description\":\"R\u00e9c\u00e9piss\u00e9 N\u00b00022\/HAAC\/12-2020\/pL\/P, lepointactu07@gmail.com\",\"potentialAction\":[{\"@type\":\"SearchAction\",\"target\":{\"@type\":\"EntryPoint\",\"urlTemplate\":\"https:\/\/lepoint-actu.tg\/?s={search_term_string}\"},\"query-input\":{\"@type\":\"PropertyValueSpecification\",\"valueRequired\":true,\"valueName\":\"search_term_string\"}}],\"inLanguage\":\"fr-FR\"},{\"@type\":\"Person\",\"@id\":\"https:\/\/lepoint-actu.tg\/#\/schema\/person\/e4026d66cbdc205cab83e169ab7eaca1\",\"name\":\"La Redaction\",\"image\":{\"@type\":\"ImageObject\",\"inLanguage\":\"fr-FR\",\"@id\":\"https:\/\/lepoint-actu.tg\/#\/schema\/person\/image\/\",\"url\":\"https:\/\/secure.gravatar.com\/avatar\/1682a0ff7e2c36efa51c5d262eea092000ec1ce420118e6261440956730308c2?s=96&d=mm&r=g\",\"contentUrl\":\"https:\/\/secure.gravatar.com\/avatar\/1682a0ff7e2c36efa51c5d262eea092000ec1ce420118e6261440956730308c2?s=96&d=mm&r=g\",\"caption\":\"La Redaction\"},\"url\":\"https:\/\/lepoint-actu.tg\/index.php\/author\/raymondsama\/\"}]}<\/script>\n<!-- \/ Yoast SEO plugin. -->","yoast_head_json":{"title":"Sandra Johnson et Jean-Marie Tessi en soutien aux candidats UNIR Lacs 1 pour les \u00e9lections municipales -","robots":{"index":"index","follow":"follow","max-snippet":"max-snippet:-1","max-image-preview":"max-image-preview:large","max-video-preview":"max-video-preview:-1"},"canonical":"https:\/\/lepoint-actu.tg\/index.php\/2025\/07\/06\/sandra-johnson-et-jean-marie-tessi-en-soutien-aux-candidats-unir-lacs-1-pour-les-elections-municipales\/","og_locale":"fr_FR","og_type":"article","og_title":"Sandra Johnson et Jean-Marie Tessi en soutien aux candidats UNIR Lacs 1 pour les \u00e9lections municipales -","og_description":"Au Togo, la campagne \u00e9lectorale en vue des \u00e9lections municipales du 17 juillet 2025 se poursuit. Samedi \u00e0 An\u00e9ho, le","og_url":"https:\/\/lepoint-actu.tg\/index.php\/2025\/07\/06\/sandra-johnson-et-jean-marie-tessi-en-soutien-aux-candidats-unir-lacs-1-pour-les-elections-municipales\/","article_published_time":"2025-07-06T12:59:27+00:00","article_modified_time":"2025-07-07T13:14:14+00:00","og_image":[{"width":720,"height":489,"url":"https:\/\/lepoint-actu.tg\/wp-content\/uploads\/2025\/07\/1751793057746.jpg","type":"image\/jpeg"}],"author":"La Redaction","twitter_card":"summary_large_image","twitter_misc":{"\u00c9crit par":"La Redaction","Dur\u00e9e de lecture estim\u00e9e":"2 minutes"},"schema":{"@context":"https:\/\/schema.org","@graph":[{"@type":"WebPage","@id":"https:\/\/lepoint-actu.tg\/index.php\/2025\/07\/06\/sandra-johnson-et-jean-marie-tessi-en-soutien-aux-candidats-unir-lacs-1-pour-les-elections-municipales\/","url":"https:\/\/lepoint-actu.tg\/index.php\/2025\/07\/06\/sandra-johnson-et-jean-marie-tessi-en-soutien-aux-candidats-unir-lacs-1-pour-les-elections-municipales\/","name":"Sandra Johnson et Jean-Marie Tessi en soutien aux candidats UNIR Lacs 1 pour les \u00e9lections municipales -","isPartOf":{"@id":"https:\/\/lepoint-actu.tg\/#website"},"primaryImageOfPage":{"@id":"https:\/\/lepoint-actu.tg\/index.php\/2025\/07\/06\/sandra-johnson-et-jean-marie-tessi-en-soutien-aux-candidats-unir-lacs-1-pour-les-elections-municipales\/#primaryimage"},"image":{"@id":"https:\/\/lepoint-actu.tg\/index.php\/2025\/07\/06\/sandra-johnson-et-jean-marie-tessi-en-soutien-aux-candidats-unir-lacs-1-pour-les-elections-municipales\/#primaryimage"},"thumbnailUrl":"https:\/\/lepoint-actu.tg\/wp-content\/uploads\/2025\/07\/1751793057746.jpg","datePublished":"2025-07-06T12:59:27+00:00","dateModified":"2025-07-07T13:14:14+00:00","author":{"@id":"https:\/\/lepoint-actu.tg\/#\/schema\/person\/e4026d66cbdc205cab83e169ab7eaca1"},"breadcrumb":{"@id":"https:\/\/lepoint-actu.tg\/index.php\/2025\/07\/06\/sandra-johnson-et-jean-marie-tessi-en-soutien-aux-candidats-unir-lacs-1-pour-les-elections-municipales\/#breadcrumb"},"inLanguage":"fr-FR","potentialAction":[{"@type":"ReadAction","target":["https:\/\/lepoint-actu.tg\/index.php\/2025\/07\/06\/sandra-johnson-et-jean-marie-tessi-en-soutien-aux-candidats-unir-lacs-1-pour-les-elections-municipales\/"]}]},{"@type":"ImageObject","inLanguage":"fr-FR","@id":"https:\/\/lepoint-actu.tg\/index.php\/2025\/07\/06\/sandra-johnson-et-jean-marie-tessi-en-soutien-aux-candidats-unir-lacs-1-pour-les-elections-municipales\/#primaryimage","url":"https:\/\/lepoint-actu.tg\/wp-content\/uploads\/2025\/07\/1751793057746.jpg","contentUrl":"https:\/\/lepoint-actu.tg\/wp-content\/uploads\/2025\/07\/1751793057746.jpg","width":720,"height":489},{"@type":"BreadcrumbList","@id":"https:\/\/lepoint-actu.tg\/index.php\/2025\/07\/06\/sandra-johnson-et-jean-marie-tessi-en-soutien-aux-candidats-unir-lacs-1-pour-les-elections-municipales\/#breadcrumb","itemListElement":[{"@type":"ListItem","position":1,"name":"Accueil","item":"https:\/\/lepoint-actu.tg\/"},{"@type":"ListItem","position":2,"name":"Sandra Johnson et Jean-Marie Tessi en soutien aux candidats UNIR Lacs 1 pour les \u00e9lections municipales"}]},{"@type":"WebSite","@id":"https:\/\/lepoint-actu.tg\/#website","url":"https:\/\/lepoint-actu.tg\/","name":"","description":"R\u00e9c\u00e9piss\u00e9 N\u00b00022\/HAAC\/12-2020\/pL\/P, lepointactu07@gmail.com","potentialAction":[{"@type":"SearchAction","target":{"@type":"EntryPoint","urlTemplate":"https:\/\/lepoint-actu.tg\/?s={search_term_string}"},"query-input":{"@type":"PropertyValueSpecification","valueRequired":true,"valueName":"search_term_string"}}],"inLanguage":"fr-FR"},{"@type":"Person","@id":"https:\/\/lepoint-actu.tg\/#\/schema\/person\/e4026d66cbdc205cab83e169ab7eaca1","name":"La Redaction","image":{"@type":"ImageObject","inLanguage":"fr-FR","@id":"https:\/\/lepoint-actu.tg\/#\/schema\/person\/image\/","url":"https:\/\/secure.gravatar.com\/avatar\/1682a0ff7e2c36efa51c5d262eea092000ec1ce420118e6261440956730308c2?s=96&d=mm&r=g","contentUrl":"https:\/\/secure.gravatar.com\/avatar\/1682a0ff7e2c36efa51c5d262eea092000ec1ce420118e6261440956730308c2?s=96&d=mm&r=g","caption":"La Redaction"},"url":"https:\/\/lepoint-actu.tg\/index.php\/author\/raymondsama\/"}]}},"_links":{"self":[{"href":"https:\/\/lepoint-actu.tg\/index.php\/wp-json\/wp\/v2\/posts\/4363","targetHints":{"allow":["GET"]}}],"collection":[{"href":"https:\/\/lepoint-actu.tg\/index.php\/wp-json\/wp\/v2\/posts"}],"about":[{"href":"https:\/\/lepoint-actu.tg\/index.php\/wp-json\/wp\/v2\/types\/post"}],"author":[{"embeddable":true,"href":"https:\/\/lepoint-actu.tg\/index.php\/wp-json\/wp\/v2\/users\/2"}],"replies":[{"embeddable":true,"href":"https:\/\/lepoint-actu.tg\/index.php\/wp-json\/wp\/v2\/comments?post=4363"}],"version-history":[{"count":1,"href":"https:\/\/lepoint-actu.tg\/index.php\/wp-json\/wp\/v2\/posts\/4363\/revisions"}],"predecessor-version":[{"id":4365,"href":"https:\/\/lepoint-actu.tg\/index.php\/wp-json\/wp\/v2\/posts\/4363\/revisions\/4365"}],"wp:featuredmedia":[{"embeddable":true,"href":"https:\/\/lepoint-actu.tg\/index.php\/wp-json\/wp\/v2\/media\/4364"}],"wp:attachment":[{"href":"https:\/\/lepoint-actu.tg\/index.php\/wp-json\/wp\/v2\/media?parent=4363"}],"wp:term":[{"taxonomy":"category","embeddable":true,"href":"https:\/\/lepoint-actu.tg\/index.php\/wp-json\/wp\/v2\/categories?post=4363"},{"taxonomy":"post_tag","embeddable":true,"href":"https:\/\/lepoint-actu.tg\/index.php\/wp-json\/wp\/v2\/tags?post=4363"}],"curies":[{"name":"wp","href":"https:\/\/api.w.org\/{rel}","templated":true}]}}